{"id":48150,"date":"2020-09-28T21:15:24","date_gmt":"2020-09-29T00:15:24","guid":{"rendered":"https:\/\/www.gaveanews.com\/?p=48150"},"modified":"2020-09-28T21:15:25","modified_gmt":"2020-09-29T00:15:25","slug":"presidente-do-sport-confirma-interesse-em-rodrigo-muniz","status":"publish","type":"post","link":"https:\/\/www.gaveanews.com\/index.php\/2020\/09\/28\/presidente-do-sport-confirma-interesse-em-rodrigo-muniz\/","title":{"rendered":"Presidente do Sport confirma interesse em Rodrigo Muniz"},"content":{"rendered":"\n<p>O Sport est\u00e1 no mercado em busca de refor\u00e7os e tenta a contrata\u00e7\u00e3o do atacante Rodrigo Muniz, jovem promessa do Flamengo, para o seu elenco profissional. O nome do jogador rubro-negro carioca foi uma indica\u00e7\u00e3o do t\u00e9cnico Jair Ventura. Em contato com a reportagem do Jornal O Dia, o presidente do Le\u00e3o, Milton Bivar, confirmou o desejo de ter a promessa do time carioca, mas deixou claro que tem pressa para resolver essa situa\u00e7\u00e3o.<\/p>\n\n\n\n<p>&#8220;Verdade (ao ser questionado sobre o interesse). Mas precisamos resolver o quanto antes. Caso a gente n\u00e3o acerte essa semana, eu vou desistir&#8221;.<\/p>\n\n\n\n<p>O interesse do Sport \u00e9 contratar Rodrigo Muniz por empr\u00e9stimo at\u00e9 o fim do Campeonato Brasileiro 2020, em fevereiro de 2021, sem valor de op\u00e7\u00e3o de compra estipulado em contrato, al\u00e9m de assumir o sal\u00e1rio do centroavante de forma integral. Segundo apurou a reportagem com a diretoria do Le\u00e3o, o diretor Bruno Spindel \u00e9 quem est\u00e1 no comando das tratativas pelo lado dos cariocas.<\/p>\n\n\n\n<p>Rodrigo Muniz \u00e9 um dos principais jogadores do time Sub-20 do Flamengo e \u00e9 tratado como joia desde quando chegou ao clube, em 2018, ap\u00f3s se destacar pelo Desportivo Brasil. Com bom porte f\u00edsico e apontaria afiada, Muniz ostenta \u00f3timos n\u00fameros pelo Rubro-Negro carioca: em 72 jogos, entre Sub-17, Sub-18, Sub-20 e profissional, marcou 34 gols.<\/p>\n\n\n\n<p>Neste ano, foi um dos destaques da edi\u00e7\u00e3o de 2020 da Libertadores Sub-20. Fez quatro gols em quatro partidas, al\u00e9m de ser o artilheiro da categoria do Flamengo na temporada 2019 pelo Sub-20, com 28 gols, mesmo sendo nascido em 2001.<\/p>\n\n\n\n<p>O contrato de Rodrigo Muniz com o Flamengo vai at\u00e9 abril de 2024.<\/p>\n\n\n\n<p>Retirado de: O Dia<\/p>\n","protected":false},"excerpt":{"rendered":"<p>O Sport est\u00e1 no mercado em busca de refor\u00e7os e tenta a contrata\u00e7\u00e3o do atacante Rodrigo Muniz, jovem promessa do Flamengo, para o seu elenco profissional. O nome do jogador rubro-negro carioca foi uma indica\u00e7\u00e3o do t\u00e9cnico Jair Ventura. Em contato com a reportagem do Jornal O Dia, o presidente do Le\u00e3o, Milton Bivar, confirmou [&hellip;]<\/p>\n","protected":false},"author":1,"featured_media":20905,"comment_status":"open","ping_status":"closed","sticky":false,"template":"","format":"standard","meta":{"footnotes":""},"categories":[1],"tags":[],"class_list":["post-48150","post","type-post","status-publish","format-standard","has-post-thumbnail","hentry","category-flamengo"],"yoast_head":"<!-- This site is optimized with the Yoast SEO Premium plugin v24.2 (Yoast SEO v26.9) - https:\/\/yoast.com\/product\/yoast-seo-premium-wordpress\/ -->\n<title>Presidente do Sport confirma interesse em Rodrigo Muniz<\/title>\n<meta name=\"description\" content=\"O contrato do joven atacante Rodrigo Muniz com o time do Flamengo vai at\u00e9 o m\u00eas de abril da temporada de 2024.\" \/>\n<meta name=\"robots\" content=\"index, follow, max-snippet:-1, max-image-preview:large, max-video-preview:-1\" \/>\n<link rel=\"canonical\" href=\"https:\/\/www.gaveanews.com\/index.php\/2020\/09\/28\/presidente-do-sport-confirma-interesse-em-rodrigo-muniz\/\" \/>\n<meta property=\"og:locale\" content=\"pt_BR\" \/>\n<meta property=\"og:type\" content=\"article\" \/>\n<meta property=\"og:title\" content=\"Presidente do Sport confirma interesse em Rodrigo Muniz\" \/>\n<meta property=\"og:description\" content=\"O contrato do joven atacante Rodrigo Muniz com o time do Flamengo vai at\u00e9 o m\u00eas de abril da temporada de 2024.\" \/>\n<meta property=\"og:url\" content=\"https:\/\/www.gaveanews.com\/index.php\/2020\/09\/28\/presidente-do-sport-confirma-interesse-em-rodrigo-muniz\/\" \/>\n<meta property=\"og:site_name\" content=\"G\u00e1vea News\" \/>\n<meta property=\"article:publisher\" content=\"https:\/\/facebook.com\/gaveaNews\/\" \/>\n<meta property=\"article:published_time\" content=\"2020-09-29T00:15:24+00:00\" \/>\n<meta property=\"article:modified_time\" content=\"2020-09-29T00:15:25+00:00\" \/>\n<meta property=\"og:image\" content=\"https:\/\/www.gaveanews.com\/wp-content\/uploads\/2019\/05\/Rodrigo-Muniz-em-acao-pelo-Flamengo.webp\" \/>\n\t<meta property=\"og:image:width\" content=\"1\" \/>\n\t<meta property=\"og:image:height\" content=\"1\" \/>\n\t<meta property=\"og:image:type\" content=\"image\/jpeg\" \/>\n<meta name=\"author\" content=\"Equipe G\u00e1vea News\" \/>\n<meta name=\"twitter:card\" content=\"summary_large_image\" \/>\n<meta name=\"twitter:label1\" content=\"Escrito por\" \/>\n\t<meta name=\"twitter:data1\" content=\"Equipe G\u00e1vea News\" \/>\n\t<meta name=\"twitter:label2\" content=\"Est. tempo de leitura\" \/>\n\t<meta name=\"twitter:data2\" content=\"1 minuto\" \/>\n<script type=\"application\/ld+json\" class=\"yoast-schema-graph\">{\"@context\":\"https:\/\/schema.org\",\"@graph\":[{\"@type\":\"NewsArticle\",\"@id\":\"https:\/\/www.gaveanews.com\/index.php\/2020\/09\/28\/presidente-do-sport-confirma-interesse-em-rodrigo-muniz\/#article\",\"isPartOf\":{\"@id\":\"https:\/\/www.gaveanews.com\/index.php\/2020\/09\/28\/presidente-do-sport-confirma-interesse-em-rodrigo-muniz\/\"},\"author\":{\"name\":\"Equipe G\u00e1vea News\",\"@id\":\"https:\/\/www.gaveanews.com\/#\/schema\/person\/2ec14f73fb96be2caf28f91afb14749d\"},\"headline\":\"Presidente do Sport confirma interesse em Rodrigo Muniz\",\"datePublished\":\"2020-09-29T00:15:24+00:00\",\"dateModified\":\"2020-09-29T00:15:25+00:00\",\"mainEntityOfPage\":{\"@id\":\"https:\/\/www.gaveanews.com\/index.php\/2020\/09\/28\/presidente-do-sport-confirma-interesse-em-rodrigo-muniz\/\"},\"wordCount\":286,\"commentCount\":1,\"image\":{\"@id\":\"https:\/\/www.gaveanews.com\/index.php\/2020\/09\/28\/presidente-do-sport-confirma-interesse-em-rodrigo-muniz\/#primaryimage\"},\"thumbnailUrl\":\"https:\/\/www.gaveanews.com\/wp-content\/uploads\/2019\/05\/Rodrigo-Muniz-em-acao-pelo-Flamengo.webp\",\"articleSection\":[\"Flamengo\"],\"inLanguage\":\"pt-BR\",\"potentialAction\":[{\"@type\":\"CommentAction\",\"name\":\"Comment\",\"target\":[\"https:\/\/www.gaveanews.com\/index.php\/2020\/09\/28\/presidente-do-sport-confirma-interesse-em-rodrigo-muniz\/#respond\"]}],\"copyrightYear\":\"2020\",\"copyrightHolder\":{\"@id\":\"https:\/\/www.gaveanews.com\/#organization\"}},{\"@type\":\"WebPage\",\"@id\":\"https:\/\/www.gaveanews.com\/index.php\/2020\/09\/28\/presidente-do-sport-confirma-interesse-em-rodrigo-muniz\/\",\"url\":\"https:\/\/www.gaveanews.com\/index.php\/2020\/09\/28\/presidente-do-sport-confirma-interesse-em-rodrigo-muniz\/\",\"name\":\"Presidente do Sport confirma interesse em Rodrigo Muniz\",\"isPartOf\":{\"@id\":\"https:\/\/www.gaveanews.com\/#website\"},\"primaryImageOfPage\":{\"@id\":\"https:\/\/www.gaveanews.com\/index.php\/2020\/09\/28\/presidente-do-sport-confirma-interesse-em-rodrigo-muniz\/#primaryimage\"},\"image\":{\"@id\":\"https:\/\/www.gaveanews.com\/index.php\/2020\/09\/28\/presidente-do-sport-confirma-interesse-em-rodrigo-muniz\/#primaryimage\"},\"thumbnailUrl\":\"https:\/\/www.gaveanews.com\/wp-content\/uploads\/2019\/05\/Rodrigo-Muniz-em-acao-pelo-Flamengo.webp\",\"datePublished\":\"2020-09-29T00:15:24+00:00\",\"dateModified\":\"2020-09-29T00:15:25+00:00\",\"author\":{\"@id\":\"https:\/\/www.gaveanews.com\/#\/schema\/person\/2ec14f73fb96be2caf28f91afb14749d\"},\"description\":\"O contrato do joven atacante Rodrigo Muniz com o time do Flamengo vai at\u00e9 o m\u00eas de abril da temporada de 2024.\",\"breadcrumb\":{\"@id\":\"https:\/\/www.gaveanews.com\/index.php\/2020\/09\/28\/presidente-do-sport-confirma-interesse-em-rodrigo-muniz\/#breadcrumb\"},\"inLanguage\":\"pt-BR\",\"potentialAction\":[{\"@type\":\"ReadAction\",\"target\":[\"https:\/\/www.gaveanews.com\/index.php\/2020\/09\/28\/presidente-do-sport-confirma-interesse-em-rodrigo-muniz\/\"]}]},{\"@type\":\"ImageObject\",\"inLanguage\":\"pt-BR\",\"@id\":\"https:\/\/www.gaveanews.com\/index.php\/2020\/09\/28\/presidente-do-sport-confirma-interesse-em-rodrigo-muniz\/#primaryimage\",\"url\":\"https:\/\/www.gaveanews.com\/wp-content\/uploads\/2019\/05\/Rodrigo-Muniz-em-acao-pelo-Flamengo.webp\",\"contentUrl\":\"https:\/\/www.gaveanews.com\/wp-content\/uploads\/2019\/05\/Rodrigo-Muniz-em-acao-pelo-Flamengo.webp\",\"caption\":\"Rodrigo Muniz em a\u00e7\u00e3o pelo Flamengo (Foto: Reprodu\u00e7\u00e3o\/Instagram)\"},{\"@type\":\"BreadcrumbList\",\"@id\":\"https:\/\/www.gaveanews.com\/index.php\/2020\/09\/28\/presidente-do-sport-confirma-interesse-em-rodrigo-muniz\/#breadcrumb\",\"itemListElement\":[{\"@type\":\"ListItem\",\"position\":1,\"name\":\"Home\",\"item\":\"https:\/\/www.gaveanews.com\/\"},{\"@type\":\"ListItem\",\"position\":2,\"name\":\"Presidente do Sport confirma interesse em Rodrigo Muniz\"}]},{\"@type\":\"WebSite\",\"@id\":\"https:\/\/www.gaveanews.com\/#website\",\"url\":\"https:\/\/www.gaveanews.com\/\",\"name\":\"G\u00e1vea News\",\"description\":\"Veja todas as not\u00edcias sobre o Flamengo: Contrata\u00e7\u00f5es, categorias de base, resultados das partidas, tabela de classifica\u00e7\u00e3o, pr\u00f3ximos jogos!\",\"potentialAction\":[{\"@type\":\"SearchAction\",\"target\":{\"@type\":\"EntryPoint\",\"urlTemplate\":\"https:\/\/www.gaveanews.com\/?s={search_term_string}\"},\"query-input\":{\"@type\":\"PropertyValueSpecification\",\"valueRequired\":true,\"valueName\":\"search_term_string\"}}],\"inLanguage\":\"pt-BR\"},{\"@type\":\"Person\",\"@id\":\"https:\/\/www.gaveanews.com\/#\/schema\/person\/2ec14f73fb96be2caf28f91afb14749d\",\"name\":\"Equipe G\u00e1vea News\",\"image\":{\"@type\":\"ImageObject\",\"inLanguage\":\"pt-BR\",\"@id\":\"https:\/\/www.gaveanews.com\/#\/schema\/person\/image\/\",\"url\":\"https:\/\/secure.gravatar.com\/avatar\/1e1956f1facbffd3f8fa53a326721950116b3b9dc9bd44939c01180fd4a745a9?s=96&d=mm&r=g\",\"contentUrl\":\"https:\/\/secure.gravatar.com\/avatar\/1e1956f1facbffd3f8fa53a326721950116b3b9dc9bd44939c01180fd4a745a9?s=96&d=mm&r=g\",\"caption\":\"Equipe G\u00e1vea News\"}}]}<\/script>\n<!-- \/ Yoast SEO Premium plugin. -->","yoast_head_json":{"title":"Presidente do Sport confirma interesse em Rodrigo Muniz","description":"O contrato do joven atacante Rodrigo Muniz com o time do Flamengo vai at\u00e9 o m\u00eas de abril da temporada de 2024.","robots":{"index":"index","follow":"follow","max-snippet":"max-snippet:-1","max-image-preview":"max-image-preview:large","max-video-preview":"max-video-preview:-1"},"canonical":"https:\/\/www.gaveanews.com\/index.php\/2020\/09\/28\/presidente-do-sport-confirma-interesse-em-rodrigo-muniz\/","og_locale":"pt_BR","og_type":"article","og_title":"Presidente do Sport confirma interesse em Rodrigo Muniz","og_description":"O contrato do joven atacante Rodrigo Muniz com o time do Flamengo vai at\u00e9 o m\u00eas de abril da temporada de 2024.","og_url":"https:\/\/www.gaveanews.com\/index.php\/2020\/09\/28\/presidente-do-sport-confirma-interesse-em-rodrigo-muniz\/","og_site_name":"G\u00e1vea News","article_publisher":"https:\/\/facebook.com\/gaveaNews\/","article_published_time":"2020-09-29T00:15:24+00:00","article_modified_time":"2020-09-29T00:15:25+00:00","og_image":[{"url":"https:\/\/www.gaveanews.com\/wp-content\/uploads\/2019\/05\/Rodrigo-Muniz-em-acao-pelo-Flamengo.webp","width":1,"height":1,"type":"image\/jpeg"}],"author":"Equipe G\u00e1vea News","twitter_card":"summary_large_image","twitter_misc":{"Escrito por":"Equipe G\u00e1vea News","Est. tempo de leitura":"1 minuto"},"schema":{"@context":"https:\/\/schema.org","@graph":[{"@type":"NewsArticle","@id":"https:\/\/www.gaveanews.com\/index.php\/2020\/09\/28\/presidente-do-sport-confirma-interesse-em-rodrigo-muniz\/#article","isPartOf":{"@id":"https:\/\/www.gaveanews.com\/index.php\/2020\/09\/28\/presidente-do-sport-confirma-interesse-em-rodrigo-muniz\/"},"author":{"name":"Equipe G\u00e1vea News","@id":"https:\/\/www.gaveanews.com\/#\/schema\/person\/2ec14f73fb96be2caf28f91afb14749d"},"headline":"Presidente do Sport confirma interesse em Rodrigo Muniz","datePublished":"2020-09-29T00:15:24+00:00","dateModified":"2020-09-29T00:15:25+00:00","mainEntityOfPage":{"@id":"https:\/\/www.gaveanews.com\/index.php\/2020\/09\/28\/presidente-do-sport-confirma-interesse-em-rodrigo-muniz\/"},"wordCount":286,"commentCount":1,"image":{"@id":"https:\/\/www.gaveanews.com\/index.php\/2020\/09\/28\/presidente-do-sport-confirma-interesse-em-rodrigo-muniz\/#primaryimage"},"thumbnailUrl":"https:\/\/www.gaveanews.com\/wp-content\/uploads\/2019\/05\/Rodrigo-Muniz-em-acao-pelo-Flamengo.webp","articleSection":["Flamengo"],"inLanguage":"pt-BR","potentialAction":[{"@type":"CommentAction","name":"Comment","target":["https:\/\/www.gaveanews.com\/index.php\/2020\/09\/28\/presidente-do-sport-confirma-interesse-em-rodrigo-muniz\/#respond"]}],"copyrightYear":"2020","copyrightHolder":{"@id":"https:\/\/www.gaveanews.com\/#organization"}},{"@type":"WebPage","@id":"https:\/\/www.gaveanews.com\/index.php\/2020\/09\/28\/presidente-do-sport-confirma-interesse-em-rodrigo-muniz\/","url":"https:\/\/www.gaveanews.com\/index.php\/2020\/09\/28\/presidente-do-sport-confirma-interesse-em-rodrigo-muniz\/","name":"Presidente do Sport confirma interesse em Rodrigo Muniz","isPartOf":{"@id":"https:\/\/www.gaveanews.com\/#website"},"primaryImageOfPage":{"@id":"https:\/\/www.gaveanews.com\/index.php\/2020\/09\/28\/presidente-do-sport-confirma-interesse-em-rodrigo-muniz\/#primaryimage"},"image":{"@id":"https:\/\/www.gaveanews.com\/index.php\/2020\/09\/28\/presidente-do-sport-confirma-interesse-em-rodrigo-muniz\/#primaryimage"},"thumbnailUrl":"https:\/\/www.gaveanews.com\/wp-content\/uploads\/2019\/05\/Rodrigo-Muniz-em-acao-pelo-Flamengo.webp","datePublished":"2020-09-29T00:15:24+00:00","dateModified":"2020-09-29T00:15:25+00:00","author":{"@id":"https:\/\/www.gaveanews.com\/#\/schema\/person\/2ec14f73fb96be2caf28f91afb14749d"},"description":"O contrato do joven atacante Rodrigo Muniz com o time do Flamengo vai at\u00e9 o m\u00eas de abril da temporada de 2024.","breadcrumb":{"@id":"https:\/\/www.gaveanews.com\/index.php\/2020\/09\/28\/presidente-do-sport-confirma-interesse-em-rodrigo-muniz\/#breadcrumb"},"inLanguage":"pt-BR","potentialAction":[{"@type":"ReadAction","target":["https:\/\/www.gaveanews.com\/index.php\/2020\/09\/28\/presidente-do-sport-confirma-interesse-em-rodrigo-muniz\/"]}]},{"@type":"ImageObject","inLanguage":"pt-BR","@id":"https:\/\/www.gaveanews.com\/index.php\/2020\/09\/28\/presidente-do-sport-confirma-interesse-em-rodrigo-muniz\/#primaryimage","url":"https:\/\/www.gaveanews.com\/wp-content\/uploads\/2019\/05\/Rodrigo-Muniz-em-acao-pelo-Flamengo.webp","contentUrl":"https:\/\/www.gaveanews.com\/wp-content\/uploads\/2019\/05\/Rodrigo-Muniz-em-acao-pelo-Flamengo.webp","caption":"Rodrigo Muniz em a\u00e7\u00e3o pelo Flamengo (Foto: Reprodu\u00e7\u00e3o\/Instagram)"},{"@type":"BreadcrumbList","@id":"https:\/\/www.gaveanews.com\/index.php\/2020\/09\/28\/presidente-do-sport-confirma-interesse-em-rodrigo-muniz\/#breadcrumb","itemListElement":[{"@type":"ListItem","position":1,"name":"Home","item":"https:\/\/www.gaveanews.com\/"},{"@type":"ListItem","position":2,"name":"Presidente do Sport confirma interesse em Rodrigo Muniz"}]},{"@type":"WebSite","@id":"https:\/\/www.gaveanews.com\/#website","url":"https:\/\/www.gaveanews.com\/","name":"G\u00e1vea News","description":"Veja todas as not\u00edcias sobre o Flamengo: Contrata\u00e7\u00f5es, categorias de base, resultados das partidas, tabela de classifica\u00e7\u00e3o, pr\u00f3ximos jogos!","potentialAction":[{"@type":"SearchAction","target":{"@type":"EntryPoint","urlTemplate":"https:\/\/www.gaveanews.com\/?s={search_term_string}"},"query-input":{"@type":"PropertyValueSpecification","valueRequired":true,"valueName":"search_term_string"}}],"inLanguage":"pt-BR"},{"@type":"Person","@id":"https:\/\/www.gaveanews.com\/#\/schema\/person\/2ec14f73fb96be2caf28f91afb14749d","name":"Equipe G\u00e1vea News","image":{"@type":"ImageObject","inLanguage":"pt-BR","@id":"https:\/\/www.gaveanews.com\/#\/schema\/person\/image\/","url":"https:\/\/secure.gravatar.com\/avatar\/1e1956f1facbffd3f8fa53a326721950116b3b9dc9bd44939c01180fd4a745a9?s=96&d=mm&r=g","contentUrl":"https:\/\/secure.gravatar.com\/avatar\/1e1956f1facbffd3f8fa53a326721950116b3b9dc9bd44939c01180fd4a745a9?s=96&d=mm&r=g","caption":"Equipe G\u00e1vea News"}}]}},"_links":{"self":[{"href":"https:\/\/www.gaveanews.com\/index.php\/wp-json\/wp\/v2\/posts\/48150","targetHints":{"allow":["GET"]}}],"collection":[{"href":"https:\/\/www.gaveanews.com\/index.php\/wp-json\/wp\/v2\/posts"}],"about":[{"href":"https:\/\/www.gaveanews.com\/index.php\/wp-json\/wp\/v2\/types\/post"}],"author":[{"embeddable":true,"href":"https:\/\/www.gaveanews.com\/index.php\/wp-json\/wp\/v2\/users\/1"}],"replies":[{"embeddable":true,"href":"https:\/\/www.gaveanews.com\/index.php\/wp-json\/wp\/v2\/comments?post=48150"}],"version-history":[{"count":0,"href":"https:\/\/www.gaveanews.com\/index.php\/wp-json\/wp\/v2\/posts\/48150\/revisions"}],"wp:featuredmedia":[{"embeddable":true,"href":"https:\/\/www.gaveanews.com\/index.php\/wp-json\/wp\/v2\/media\/20905"}],"wp:attachment":[{"href":"https:\/\/www.gaveanews.com\/index.php\/wp-json\/wp\/v2\/media?parent=48150"}],"wp:term":[{"taxonomy":"category","embeddable":true,"href":"https:\/\/www.gaveanews.com\/index.php\/wp-json\/wp\/v2\/categories?post=48150"},{"taxonomy":"post_tag","embeddable":true,"href":"https:\/\/www.gaveanews.com\/index.php\/wp-json\/wp\/v2\/tags?post=48150"}],"curies":[{"name":"wp","href":"https:\/\/api.w.org\/{rel}","templated":true}]}}