{"id":48170,"date":"2020-09-29T13:04:49","date_gmt":"2020-09-29T16:04:49","guid":{"rendered":"https:\/\/www.gaveanews.com\/?p=48170"},"modified":"2020-09-29T13:04:52","modified_gmt":"2020-09-29T16:04:52","slug":"flamengo-ira-receber-montante-milionario-com-a-venda-de-lucas-paqueta","status":"publish","type":"post","link":"https:\/\/www.gaveanews.com\/index.php\/2020\/09\/29\/flamengo-ira-receber-montante-milionario-com-a-venda-de-lucas-paqueta\/","title":{"rendered":"Flamengo ir\u00e1 receber montante milion\u00e1rio com a venda de Lucas Paquet\u00e1"},"content":{"rendered":"\n<p><strong>O Lyon acertou nesta ter\u00e7a-feira a contrata\u00e7\u00e3o do meia Lucas Paquet\u00e1 junto ao Milan<\/strong>. O ex-jogador do Flamengo, inclusive, j\u00e1 foi at\u00e9 o Centro de Treinamento de Milanello se despedir dos companheiros de elenco e pegar seus pertences no vesti\u00e1rio.<\/p>\n\n\n\n<p>Paquet\u00e1, que era um desejo antigo do Lyon, viaja ainda nesta ter\u00e7a \u00e0 Fran\u00e7a para realizar exames m\u00e9dicos. O neg\u00f3cio deve girar em torno de 20 milh\u00f5es de euros (cerca de R$ 131 milh\u00f5es) e o meia de 23 anos vai assinar um contrato at\u00e9 junho de 2025.<\/p>\n\n\n\n<p>Caso a transa\u00e7\u00e3o se confirme nesse valor, o Flamengo, clube que revelou Paquet\u00e1, receber\u00e1 cerca de 800 mil euros (aproximadamente R$ 5,3 milh\u00f5es) de acordo com o mecanismo de solidariedade.<\/p>\n\n\n\n<p>Lucas Paquet\u00e1 come\u00e7ou bem a temporada 2020\/21, com dois gols no amistoso contra o Novara, da terceira divis\u00e3o italiana.<\/p>\n\n\n\n<p>Por\u00e9m, o meia brasileiro n\u00e3o foi utilizado em nenhum dos quatro jogos oficiais do Milan at\u00e9 agora. N\u00e3o saiu do banco de reserva nas partidas contra Bologna e Crotone, pelo Campeonato Italiano, e n\u00e3o foi relacionado para os compromissos contra o Shamrock Glovers e o FK Bod\u00f8\/Glimt, pela Liga Europa.<\/p>\n\n\n\n<p>Em 2019\/20, Lucas Paquet\u00e1 disputou 27 jogos oficiais pelo Milan, sendo titular em 13 e reserva em 14, deu uma assist\u00eancia e n\u00e3o marcou gols.<\/p>\n\n\n\n<p>Retirado de: Globo Esporte<\/p>\n","protected":false},"excerpt":{"rendered":"<p>O Lyon acertou nesta ter\u00e7a-feira a contrata\u00e7\u00e3o do meia Lucas Paquet\u00e1 junto ao Milan. O ex-jogador do Flamengo, inclusive, j\u00e1 foi at\u00e9 o Centro de Treinamento de Milanello se despedir dos companheiros de elenco e pegar seus pertences no vesti\u00e1rio. Paquet\u00e1, que era um desejo antigo do Lyon, viaja ainda nesta ter\u00e7a \u00e0 Fran\u00e7a para [&hellip;]<\/p>\n","protected":false},"author":1,"featured_media":15155,"comment_status":"open","ping_status":"closed","sticky":false,"template":"","format":"standard","meta":{"footnotes":""},"categories":[47],"tags":[],"class_list":["post-48170","post","type-post","status-publish","format-standard","has-post-thumbnail","hentry","category-destaques"],"yoast_head":"<!-- This site is optimized with the Yoast SEO Premium plugin v24.2 (Yoast SEO v26.9) - https:\/\/yoast.com\/product\/yoast-seo-premium-wordpress\/ -->\n<title>Flamengo ir\u00e1 receber montante milion\u00e1rio com a venda de Lucas Paquet\u00e1<\/title>\n<meta name=\"robots\" content=\"index, follow, max-snippet:-1, max-image-preview:large, max-video-preview:-1\" \/>\n<link rel=\"canonical\" href=\"https:\/\/www.gaveanews.com\/index.php\/2020\/09\/29\/flamengo-ira-receber-montante-milionario-com-a-venda-de-lucas-paqueta\/\" \/>\n<meta property=\"og:locale\" content=\"pt_BR\" \/>\n<meta property=\"og:type\" content=\"article\" \/>\n<meta property=\"og:title\" content=\"Flamengo ir\u00e1 receber montante milion\u00e1rio com a venda de Lucas Paquet\u00e1\" \/>\n<meta property=\"og:description\" content=\"O Lyon acertou nesta ter\u00e7a-feira a contrata\u00e7\u00e3o do meia Lucas Paquet\u00e1 junto ao Milan. O ex-jogador do Flamengo, inclusive, j\u00e1 foi at\u00e9 o Centro de Treinamento de Milanello se despedir dos companheiros de elenco e pegar seus pertences no vesti\u00e1rio. Paquet\u00e1, que era um desejo antigo do Lyon, viaja ainda nesta ter\u00e7a \u00e0 Fran\u00e7a para [&hellip;]\" \/>\n<meta property=\"og:url\" content=\"https:\/\/www.gaveanews.com\/index.php\/2020\/09\/29\/flamengo-ira-receber-montante-milionario-com-a-venda-de-lucas-paqueta\/\" \/>\n<meta property=\"og:site_name\" content=\"G\u00e1vea News\" \/>\n<meta property=\"article:publisher\" content=\"https:\/\/facebook.com\/gaveaNews\/\" \/>\n<meta property=\"article:published_time\" content=\"2020-09-29T16:04:49+00:00\" \/>\n<meta property=\"article:modified_time\" content=\"2020-09-29T16:04:52+00:00\" \/>\n<meta property=\"og:image\" content=\"https:\/\/www.gaveanews.com\/wp-content\/uploads\/2019\/03\/Lucas-Paqueta-durante-treinamento-no-Ninho-do-Urubu.webp\" \/>\n\t<meta property=\"og:image:width\" content=\"1\" \/>\n\t<meta property=\"og:image:height\" content=\"1\" \/>\n\t<meta property=\"og:image:type\" content=\"image\/jpeg\" \/>\n<meta name=\"author\" content=\"Equipe G\u00e1vea News\" \/>\n<meta name=\"twitter:card\" content=\"summary_large_image\" \/>\n<meta name=\"twitter:label1\" content=\"Escrito por\" \/>\n\t<meta name=\"twitter:data1\" content=\"Equipe G\u00e1vea News\" \/>\n\t<meta name=\"twitter:label2\" content=\"Est. tempo de leitura\" \/>\n\t<meta name=\"twitter:data2\" content=\"1 minuto\" \/>\n<script type=\"application\/ld+json\" class=\"yoast-schema-graph\">{\"@context\":\"https:\/\/schema.org\",\"@graph\":[{\"@type\":\"NewsArticle\",\"@id\":\"https:\/\/www.gaveanews.com\/index.php\/2020\/09\/29\/flamengo-ira-receber-montante-milionario-com-a-venda-de-lucas-paqueta\/#article\",\"isPartOf\":{\"@id\":\"https:\/\/www.gaveanews.com\/index.php\/2020\/09\/29\/flamengo-ira-receber-montante-milionario-com-a-venda-de-lucas-paqueta\/\"},\"author\":{\"name\":\"Equipe G\u00e1vea News\",\"@id\":\"https:\/\/www.gaveanews.com\/#\/schema\/person\/2ec14f73fb96be2caf28f91afb14749d\"},\"headline\":\"Flamengo ir\u00e1 receber montante milion\u00e1rio com a venda de Lucas Paquet\u00e1\",\"datePublished\":\"2020-09-29T16:04:49+00:00\",\"dateModified\":\"2020-09-29T16:04:52+00:00\",\"mainEntityOfPage\":{\"@id\":\"https:\/\/www.gaveanews.com\/index.php\/2020\/09\/29\/flamengo-ira-receber-montante-milionario-com-a-venda-de-lucas-paqueta\/\"},\"wordCount\":236,\"commentCount\":1,\"image\":{\"@id\":\"https:\/\/www.gaveanews.com\/index.php\/2020\/09\/29\/flamengo-ira-receber-montante-milionario-com-a-venda-de-lucas-paqueta\/#primaryimage\"},\"thumbnailUrl\":\"https:\/\/www.gaveanews.com\/wp-content\/uploads\/2019\/03\/Lucas-Paqueta-durante-treinamento-no-Ninho-do-Urubu.webp\",\"articleSection\":[\"Destaques\"],\"inLanguage\":\"pt-BR\",\"potentialAction\":[{\"@type\":\"CommentAction\",\"name\":\"Comment\",\"target\":[\"https:\/\/www.gaveanews.com\/index.php\/2020\/09\/29\/flamengo-ira-receber-montante-milionario-com-a-venda-de-lucas-paqueta\/#respond\"]}],\"copyrightYear\":\"2020\",\"copyrightHolder\":{\"@id\":\"https:\/\/www.gaveanews.com\/#organization\"}},{\"@type\":\"WebPage\",\"@id\":\"https:\/\/www.gaveanews.com\/index.php\/2020\/09\/29\/flamengo-ira-receber-montante-milionario-com-a-venda-de-lucas-paqueta\/\",\"url\":\"https:\/\/www.gaveanews.com\/index.php\/2020\/09\/29\/flamengo-ira-receber-montante-milionario-com-a-venda-de-lucas-paqueta\/\",\"name\":\"Flamengo ir\u00e1 receber montante milion\u00e1rio com a venda de Lucas Paquet\u00e1\",\"isPartOf\":{\"@id\":\"https:\/\/www.gaveanews.com\/#website\"},\"primaryImageOfPage\":{\"@id\":\"https:\/\/www.gaveanews.com\/index.php\/2020\/09\/29\/flamengo-ira-receber-montante-milionario-com-a-venda-de-lucas-paqueta\/#primaryimage\"},\"image\":{\"@id\":\"https:\/\/www.gaveanews.com\/index.php\/2020\/09\/29\/flamengo-ira-receber-montante-milionario-com-a-venda-de-lucas-paqueta\/#primaryimage\"},\"thumbnailUrl\":\"https:\/\/www.gaveanews.com\/wp-content\/uploads\/2019\/03\/Lucas-Paqueta-durante-treinamento-no-Ninho-do-Urubu.webp\",\"datePublished\":\"2020-09-29T16:04:49+00:00\",\"dateModified\":\"2020-09-29T16:04:52+00:00\",\"author\":{\"@id\":\"https:\/\/www.gaveanews.com\/#\/schema\/person\/2ec14f73fb96be2caf28f91afb14749d\"},\"breadcrumb\":{\"@id\":\"https:\/\/www.gaveanews.com\/index.php\/2020\/09\/29\/flamengo-ira-receber-montante-milionario-com-a-venda-de-lucas-paqueta\/#breadcrumb\"},\"inLanguage\":\"pt-BR\",\"potentialAction\":[{\"@type\":\"ReadAction\",\"target\":[\"https:\/\/www.gaveanews.com\/index.php\/2020\/09\/29\/flamengo-ira-receber-montante-milionario-com-a-venda-de-lucas-paqueta\/\"]}]},{\"@type\":\"ImageObject\",\"inLanguage\":\"pt-BR\",\"@id\":\"https:\/\/www.gaveanews.com\/index.php\/2020\/09\/29\/flamengo-ira-receber-montante-milionario-com-a-venda-de-lucas-paqueta\/#primaryimage\",\"url\":\"https:\/\/www.gaveanews.com\/wp-content\/uploads\/2019\/03\/Lucas-Paqueta-durante-treinamento-no-Ninho-do-Urubu.webp\",\"contentUrl\":\"https:\/\/www.gaveanews.com\/wp-content\/uploads\/2019\/03\/Lucas-Paqueta-durante-treinamento-no-Ninho-do-Urubu.webp\",\"width\":880,\"height\":586,\"caption\":\"Lucas Paquet\u00e1 durante treinamento no Ninho do Urubu (Foto: Gilvan de Souza\/Flamengo)\"},{\"@type\":\"BreadcrumbList\",\"@id\":\"https:\/\/www.gaveanews.com\/index.php\/2020\/09\/29\/flamengo-ira-receber-montante-milionario-com-a-venda-de-lucas-paqueta\/#breadcrumb\",\"itemListElement\":[{\"@type\":\"ListItem\",\"position\":1,\"name\":\"Home\",\"item\":\"https:\/\/www.gaveanews.com\/\"},{\"@type\":\"ListItem\",\"position\":2,\"name\":\"Flamengo ir\u00e1 receber montante milion\u00e1rio com a venda de Lucas Paquet\u00e1\"}]},{\"@type\":\"WebSite\",\"@id\":\"https:\/\/www.gaveanews.com\/#website\",\"url\":\"https:\/\/www.gaveanews.com\/\",\"name\":\"G\u00e1vea News\",\"description\":\"Veja todas as not\u00edcias sobre o Flamengo: Contrata\u00e7\u00f5es, categorias de base, resultados das partidas, tabela de classifica\u00e7\u00e3o, pr\u00f3ximos jogos!\",\"potentialAction\":[{\"@type\":\"SearchAction\",\"target\":{\"@type\":\"EntryPoint\",\"urlTemplate\":\"https:\/\/www.gaveanews.com\/?s={search_term_string}\"},\"query-input\":{\"@type\":\"PropertyValueSpecification\",\"valueRequired\":true,\"valueName\":\"search_term_string\"}}],\"inLanguage\":\"pt-BR\"},{\"@type\":\"Person\",\"@id\":\"https:\/\/www.gaveanews.com\/#\/schema\/person\/2ec14f73fb96be2caf28f91afb14749d\",\"name\":\"Equipe G\u00e1vea News\",\"image\":{\"@type\":\"ImageObject\",\"inLanguage\":\"pt-BR\",\"@id\":\"https:\/\/www.gaveanews.com\/#\/schema\/person\/image\/\",\"url\":\"https:\/\/secure.gravatar.com\/avatar\/1e1956f1facbffd3f8fa53a326721950116b3b9dc9bd44939c01180fd4a745a9?s=96&d=mm&r=g\",\"contentUrl\":\"https:\/\/secure.gravatar.com\/avatar\/1e1956f1facbffd3f8fa53a326721950116b3b9dc9bd44939c01180fd4a745a9?s=96&d=mm&r=g\",\"caption\":\"Equipe G\u00e1vea News\"}}]}<\/script>\n<!-- \/ Yoast SEO Premium plugin. -->","yoast_head_json":{"title":"Flamengo ir\u00e1 receber montante milion\u00e1rio com a venda de Lucas Paquet\u00e1","robots":{"index":"index","follow":"follow","max-snippet":"max-snippet:-1","max-image-preview":"max-image-preview:large","max-video-preview":"max-video-preview:-1"},"canonical":"https:\/\/www.gaveanews.com\/index.php\/2020\/09\/29\/flamengo-ira-receber-montante-milionario-com-a-venda-de-lucas-paqueta\/","og_locale":"pt_BR","og_type":"article","og_title":"Flamengo ir\u00e1 receber montante milion\u00e1rio com a venda de Lucas Paquet\u00e1","og_description":"O Lyon acertou nesta ter\u00e7a-feira a contrata\u00e7\u00e3o do meia Lucas Paquet\u00e1 junto ao Milan. O ex-jogador do Flamengo, inclusive, j\u00e1 foi at\u00e9 o Centro de Treinamento de Milanello se despedir dos companheiros de elenco e pegar seus pertences no vesti\u00e1rio. Paquet\u00e1, que era um desejo antigo do Lyon, viaja ainda nesta ter\u00e7a \u00e0 Fran\u00e7a para [&hellip;]","og_url":"https:\/\/www.gaveanews.com\/index.php\/2020\/09\/29\/flamengo-ira-receber-montante-milionario-com-a-venda-de-lucas-paqueta\/","og_site_name":"G\u00e1vea News","article_publisher":"https:\/\/facebook.com\/gaveaNews\/","article_published_time":"2020-09-29T16:04:49+00:00","article_modified_time":"2020-09-29T16:04:52+00:00","og_image":[{"url":"https:\/\/www.gaveanews.com\/wp-content\/uploads\/2019\/03\/Lucas-Paqueta-durante-treinamento-no-Ninho-do-Urubu.webp","width":1,"height":1,"type":"image\/jpeg"}],"author":"Equipe G\u00e1vea News","twitter_card":"summary_large_image","twitter_misc":{"Escrito por":"Equipe G\u00e1vea News","Est. tempo de leitura":"1 minuto"},"schema":{"@context":"https:\/\/schema.org","@graph":[{"@type":"NewsArticle","@id":"https:\/\/www.gaveanews.com\/index.php\/2020\/09\/29\/flamengo-ira-receber-montante-milionario-com-a-venda-de-lucas-paqueta\/#article","isPartOf":{"@id":"https:\/\/www.gaveanews.com\/index.php\/2020\/09\/29\/flamengo-ira-receber-montante-milionario-com-a-venda-de-lucas-paqueta\/"},"author":{"name":"Equipe G\u00e1vea News","@id":"https:\/\/www.gaveanews.com\/#\/schema\/person\/2ec14f73fb96be2caf28f91afb14749d"},"headline":"Flamengo ir\u00e1 receber montante milion\u00e1rio com a venda de Lucas Paquet\u00e1","datePublished":"2020-09-29T16:04:49+00:00","dateModified":"2020-09-29T16:04:52+00:00","mainEntityOfPage":{"@id":"https:\/\/www.gaveanews.com\/index.php\/2020\/09\/29\/flamengo-ira-receber-montante-milionario-com-a-venda-de-lucas-paqueta\/"},"wordCount":236,"commentCount":1,"image":{"@id":"https:\/\/www.gaveanews.com\/index.php\/2020\/09\/29\/flamengo-ira-receber-montante-milionario-com-a-venda-de-lucas-paqueta\/#primaryimage"},"thumbnailUrl":"https:\/\/www.gaveanews.com\/wp-content\/uploads\/2019\/03\/Lucas-Paqueta-durante-treinamento-no-Ninho-do-Urubu.webp","articleSection":["Destaques"],"inLanguage":"pt-BR","potentialAction":[{"@type":"CommentAction","name":"Comment","target":["https:\/\/www.gaveanews.com\/index.php\/2020\/09\/29\/flamengo-ira-receber-montante-milionario-com-a-venda-de-lucas-paqueta\/#respond"]}],"copyrightYear":"2020","copyrightHolder":{"@id":"https:\/\/www.gaveanews.com\/#organization"}},{"@type":"WebPage","@id":"https:\/\/www.gaveanews.com\/index.php\/2020\/09\/29\/flamengo-ira-receber-montante-milionario-com-a-venda-de-lucas-paqueta\/","url":"https:\/\/www.gaveanews.com\/index.php\/2020\/09\/29\/flamengo-ira-receber-montante-milionario-com-a-venda-de-lucas-paqueta\/","name":"Flamengo ir\u00e1 receber montante milion\u00e1rio com a venda de Lucas Paquet\u00e1","isPartOf":{"@id":"https:\/\/www.gaveanews.com\/#website"},"primaryImageOfPage":{"@id":"https:\/\/www.gaveanews.com\/index.php\/2020\/09\/29\/flamengo-ira-receber-montante-milionario-com-a-venda-de-lucas-paqueta\/#primaryimage"},"image":{"@id":"https:\/\/www.gaveanews.com\/index.php\/2020\/09\/29\/flamengo-ira-receber-montante-milionario-com-a-venda-de-lucas-paqueta\/#primaryimage"},"thumbnailUrl":"https:\/\/www.gaveanews.com\/wp-content\/uploads\/2019\/03\/Lucas-Paqueta-durante-treinamento-no-Ninho-do-Urubu.webp","datePublished":"2020-09-29T16:04:49+00:00","dateModified":"2020-09-29T16:04:52+00:00","author":{"@id":"https:\/\/www.gaveanews.com\/#\/schema\/person\/2ec14f73fb96be2caf28f91afb14749d"},"breadcrumb":{"@id":"https:\/\/www.gaveanews.com\/index.php\/2020\/09\/29\/flamengo-ira-receber-montante-milionario-com-a-venda-de-lucas-paqueta\/#breadcrumb"},"inLanguage":"pt-BR","potentialAction":[{"@type":"ReadAction","target":["https:\/\/www.gaveanews.com\/index.php\/2020\/09\/29\/flamengo-ira-receber-montante-milionario-com-a-venda-de-lucas-paqueta\/"]}]},{"@type":"ImageObject","inLanguage":"pt-BR","@id":"https:\/\/www.gaveanews.com\/index.php\/2020\/09\/29\/flamengo-ira-receber-montante-milionario-com-a-venda-de-lucas-paqueta\/#primaryimage","url":"https:\/\/www.gaveanews.com\/wp-content\/uploads\/2019\/03\/Lucas-Paqueta-durante-treinamento-no-Ninho-do-Urubu.webp","contentUrl":"https:\/\/www.gaveanews.com\/wp-content\/uploads\/2019\/03\/Lucas-Paqueta-durante-treinamento-no-Ninho-do-Urubu.webp","width":880,"height":586,"caption":"Lucas Paquet\u00e1 durante treinamento no Ninho do Urubu (Foto: Gilvan de Souza\/Flamengo)"},{"@type":"BreadcrumbList","@id":"https:\/\/www.gaveanews.com\/index.php\/2020\/09\/29\/flamengo-ira-receber-montante-milionario-com-a-venda-de-lucas-paqueta\/#breadcrumb","itemListElement":[{"@type":"ListItem","position":1,"name":"Home","item":"https:\/\/www.gaveanews.com\/"},{"@type":"ListItem","position":2,"name":"Flamengo ir\u00e1 receber montante milion\u00e1rio com a venda de Lucas Paquet\u00e1"}]},{"@type":"WebSite","@id":"https:\/\/www.gaveanews.com\/#website","url":"https:\/\/www.gaveanews.com\/","name":"G\u00e1vea News","description":"Veja todas as not\u00edcias sobre o Flamengo: Contrata\u00e7\u00f5es, categorias de base, resultados das partidas, tabela de classifica\u00e7\u00e3o, pr\u00f3ximos jogos!","potentialAction":[{"@type":"SearchAction","target":{"@type":"EntryPoint","urlTemplate":"https:\/\/www.gaveanews.com\/?s={search_term_string}"},"query-input":{"@type":"PropertyValueSpecification","valueRequired":true,"valueName":"search_term_string"}}],"inLanguage":"pt-BR"},{"@type":"Person","@id":"https:\/\/www.gaveanews.com\/#\/schema\/person\/2ec14f73fb96be2caf28f91afb14749d","name":"Equipe G\u00e1vea News","image":{"@type":"ImageObject","inLanguage":"pt-BR","@id":"https:\/\/www.gaveanews.com\/#\/schema\/person\/image\/","url":"https:\/\/secure.gravatar.com\/avatar\/1e1956f1facbffd3f8fa53a326721950116b3b9dc9bd44939c01180fd4a745a9?s=96&d=mm&r=g","contentUrl":"https:\/\/secure.gravatar.com\/avatar\/1e1956f1facbffd3f8fa53a326721950116b3b9dc9bd44939c01180fd4a745a9?s=96&d=mm&r=g","caption":"Equipe G\u00e1vea News"}}]}},"_links":{"self":[{"href":"https:\/\/www.gaveanews.com\/index.php\/wp-json\/wp\/v2\/posts\/48170","targetHints":{"allow":["GET"]}}],"collection":[{"href":"https:\/\/www.gaveanews.com\/index.php\/wp-json\/wp\/v2\/posts"}],"about":[{"href":"https:\/\/www.gaveanews.com\/index.php\/wp-json\/wp\/v2\/types\/post"}],"author":[{"embeddable":true,"href":"https:\/\/www.gaveanews.com\/index.php\/wp-json\/wp\/v2\/users\/1"}],"replies":[{"embeddable":true,"href":"https:\/\/www.gaveanews.com\/index.php\/wp-json\/wp\/v2\/comments?post=48170"}],"version-history":[{"count":0,"href":"https:\/\/www.gaveanews.com\/index.php\/wp-json\/wp\/v2\/posts\/48170\/revisions"}],"wp:featuredmedia":[{"embeddable":true,"href":"https:\/\/www.gaveanews.com\/index.php\/wp-json\/wp\/v2\/media\/15155"}],"wp:attachment":[{"href":"https:\/\/www.gaveanews.com\/index.php\/wp-json\/wp\/v2\/media?parent=48170"}],"wp:term":[{"taxonomy":"category","embeddable":true,"href":"https:\/\/www.gaveanews.com\/index.php\/wp-json\/wp\/v2\/categories?post=48170"},{"taxonomy":"post_tag","embeddable":true,"href":"https:\/\/www.gaveanews.com\/index.php\/wp-json\/wp\/v2\/tags?post=48170"}],"curies":[{"name":"wp","href":"https:\/\/api.w.org\/{rel}","templated":true}]}}