{"id":48172,"date":"2020-09-29T14:08:17","date_gmt":"2020-09-29T17:08:17","guid":{"rendered":"https:\/\/www.gaveanews.com\/?p=48172"},"modified":"2020-09-29T14:08:39","modified_gmt":"2020-09-29T17:08:39","slug":"flamengo-tem-entrave-em-negociacao-para-ampliar-emprestimo-de-pedro-rocha","status":"publish","type":"post","link":"https:\/\/www.gaveanews.com\/index.php\/2020\/09\/29\/flamengo-tem-entrave-em-negociacao-para-ampliar-emprestimo-de-pedro-rocha\/","title":{"rendered":"Flamengo tem &#8216;entrave&#8217; em negocia\u00e7\u00e3o para ampliar empr\u00e9stimo de Pedro Rocha"},"content":{"rendered":"\n<p>O Flamengo j\u00e1 tem conversas em curso com o Spartak Moscou, da R\u00fassia, para tentar ampliar o prazo de empr\u00e9stimo de Pedro Rocha na G\u00e1vea. Mas segundo apura\u00e7\u00e3o do portal &#8216;ESPN&#8217;, o Rubro-Negro tem encontrado um &#8216;entrave&#8217; na negocia\u00e7\u00e3o: o per\u00edodo final do novo v\u00ednculo. O jogador est\u00e1 cedido pelo clube russo aos cariocas at\u00e9 o m\u00eas de dezembro, quando o Campeonato Brasileiro ainda estar\u00e1 em curso.<\/p>\n\n\n\n<p>O desejo do Flamengo \u00e9 estender o per\u00edodo de cess\u00e3o at\u00e9 o final do Brasileir\u00e3o, que ser\u00e1 estendido at\u00e9 24 de fevereiro de 2021 ap\u00f3s a paralisa\u00e7\u00e3o no calend\u00e1rio do futebol nacional por conta da pandemia da COVID-19. A data, no entanto, n\u00e3o agrada aos russos.<\/p>\n\n\n\n<p>A raz\u00e3o: com um eventual retorno de Pedro Rocha \u00e0 Europa em mar\u00e7o de 2021, o Spartak j\u00e1 n\u00e3o poderia inscrever atacante no elenco devido \u00e0 janela de transfer\u00eancias fechada. Com isso, os clubes conversam para encontrar um &#8216;denominador comum&#8217; no novo prazo de empr\u00e9stimo.<\/p>\n\n\n\n<p>N\u00e3o est\u00e1 descartada a possibilidade de que um novo v\u00ednculo de cess\u00e3o entre Flamengo e Spartak por Pedro Rocha aconte\u00e7a at\u00e9 julho ou agosto de 2021. As conversas entre os clubes est\u00e3o sendo intermediadas pelo staff do jogador. O atual acordo prev\u00ea um valor fixado em 8 milh\u00f5es de euros caso o Rubro-Negro opte pela compra de direitos econ\u00f4micos do atleta ap\u00f3s o per\u00edodo de empr\u00e9stimo.<\/p>\n\n\n\n<p>Anunciado pelo Flamengo em dezembro de 2019 como refor\u00e7o, Pedro Rocha tem sete jogos e um gol pelo Rubro-Negro. O atacante de 25 anos brigava pela titularidade no time de Jorge Jesus no in\u00edcio da temporada, quando o futebol no mundo foi suspenso por conta do coronav\u00edrus. O atacante est\u00e1 na reta final de tratamento de uma les\u00e3o na parte posterior da coxa esquerda sofrida no in\u00edcio de setembro.<\/p>\n\n\n\n<p>Retirado de: ESPN<\/p>\n","protected":false},"excerpt":{"rendered":"<p>O Flamengo j\u00e1 tem conversas em curso com o Spartak Moscou, da R\u00fassia, para tentar ampliar o prazo de empr\u00e9stimo de Pedro Rocha na G\u00e1vea. Mas segundo apura\u00e7\u00e3o do portal &#8216;ESPN&#8217;, o Rubro-Negro tem encontrado um &#8216;entrave&#8217; na negocia\u00e7\u00e3o: o per\u00edodo final do novo v\u00ednculo. O jogador est\u00e1 cedido pelo clube russo aos cariocas at\u00e9 [&hellip;]<\/p>\n","protected":false},"author":1,"featured_media":46917,"comment_status":"open","ping_status":"closed","sticky":false,"template":"","format":"standard","meta":{"footnotes":""},"categories":[1],"tags":[],"class_list":["post-48172","post","type-post","status-publish","format-standard","has-post-thumbnail","hentry","category-flamengo"],"yoast_head":"<!-- This site is optimized with the Yoast SEO Premium plugin v24.2 (Yoast SEO v26.9) - https:\/\/yoast.com\/product\/yoast-seo-premium-wordpress\/ -->\n<title>Flamengo tem &#039;entrave&#039; em negocia\u00e7\u00e3o para ampliar empr\u00e9stimo de Pedro Rocha<\/title>\n<meta name=\"robots\" content=\"index, follow, max-snippet:-1, max-image-preview:large, max-video-preview:-1\" \/>\n<link rel=\"canonical\" href=\"https:\/\/www.gaveanews.com\/index.php\/2020\/09\/29\/flamengo-tem-entrave-em-negociacao-para-ampliar-emprestimo-de-pedro-rocha\/\" \/>\n<meta property=\"og:locale\" content=\"pt_BR\" \/>\n<meta property=\"og:type\" content=\"article\" \/>\n<meta property=\"og:title\" content=\"Flamengo tem &#039;entrave&#039; em negocia\u00e7\u00e3o para ampliar empr\u00e9stimo de Pedro Rocha\" \/>\n<meta property=\"og:description\" content=\"O Flamengo j\u00e1 tem conversas em curso com o Spartak Moscou, da R\u00fassia, para tentar ampliar o prazo de empr\u00e9stimo de Pedro Rocha na G\u00e1vea. Mas segundo apura\u00e7\u00e3o do portal &#8216;ESPN&#8217;, o Rubro-Negro tem encontrado um &#8216;entrave&#8217; na negocia\u00e7\u00e3o: o per\u00edodo final do novo v\u00ednculo. O jogador est\u00e1 cedido pelo clube russo aos cariocas at\u00e9 [&hellip;]\" \/>\n<meta property=\"og:url\" content=\"https:\/\/www.gaveanews.com\/index.php\/2020\/09\/29\/flamengo-tem-entrave-em-negociacao-para-ampliar-emprestimo-de-pedro-rocha\/\" \/>\n<meta property=\"og:site_name\" content=\"G\u00e1vea News\" \/>\n<meta property=\"article:publisher\" content=\"https:\/\/facebook.com\/gaveaNews\/\" \/>\n<meta property=\"article:published_time\" content=\"2020-09-29T17:08:17+00:00\" \/>\n<meta property=\"article:modified_time\" content=\"2020-09-29T17:08:39+00:00\" \/>\n<meta property=\"og:image\" content=\"https:\/\/www.gaveanews.com\/wp-content\/uploads\/Pedro-Rocha-em-acao-pelo-Flamengo-no-classico-contra-o-Botafogo.webp\" \/>\n\t<meta property=\"og:image:width\" content=\"800\" \/>\n\t<meta property=\"og:image:height\" content=\"533\" \/>\n\t<meta property=\"og:image:type\" content=\"image\/jpeg\" \/>\n<meta name=\"author\" content=\"Equipe G\u00e1vea News\" \/>\n<meta name=\"twitter:card\" content=\"summary_large_image\" \/>\n<meta name=\"twitter:label1\" content=\"Escrito por\" \/>\n\t<meta name=\"twitter:data1\" content=\"Equipe G\u00e1vea News\" \/>\n\t<meta name=\"twitter:label2\" content=\"Est. tempo de leitura\" \/>\n\t<meta name=\"twitter:data2\" content=\"2 minutos\" \/>\n<script type=\"application\/ld+json\" class=\"yoast-schema-graph\">{\"@context\":\"https:\/\/schema.org\",\"@graph\":[{\"@type\":\"NewsArticle\",\"@id\":\"https:\/\/www.gaveanews.com\/index.php\/2020\/09\/29\/flamengo-tem-entrave-em-negociacao-para-ampliar-emprestimo-de-pedro-rocha\/#article\",\"isPartOf\":{\"@id\":\"https:\/\/www.gaveanews.com\/index.php\/2020\/09\/29\/flamengo-tem-entrave-em-negociacao-para-ampliar-emprestimo-de-pedro-rocha\/\"},\"author\":{\"name\":\"Equipe G\u00e1vea News\",\"@id\":\"https:\/\/www.gaveanews.com\/#\/schema\/person\/2ec14f73fb96be2caf28f91afb14749d\"},\"headline\":\"Flamengo tem &#8216;entrave&#8217; em negocia\u00e7\u00e3o para ampliar empr\u00e9stimo de Pedro Rocha\",\"datePublished\":\"2020-09-29T17:08:17+00:00\",\"dateModified\":\"2020-09-29T17:08:39+00:00\",\"mainEntityOfPage\":{\"@id\":\"https:\/\/www.gaveanews.com\/index.php\/2020\/09\/29\/flamengo-tem-entrave-em-negociacao-para-ampliar-emprestimo-de-pedro-rocha\/\"},\"wordCount\":334,\"commentCount\":3,\"image\":{\"@id\":\"https:\/\/www.gaveanews.com\/index.php\/2020\/09\/29\/flamengo-tem-entrave-em-negociacao-para-ampliar-emprestimo-de-pedro-rocha\/#primaryimage\"},\"thumbnailUrl\":\"https:\/\/www.gaveanews.com\/wp-content\/uploads\/Pedro-Rocha-em-acao-pelo-Flamengo-no-classico-contra-o-Botafogo.webp\",\"articleSection\":[\"Flamengo\"],\"inLanguage\":\"pt-BR\",\"potentialAction\":[{\"@type\":\"CommentAction\",\"name\":\"Comment\",\"target\":[\"https:\/\/www.gaveanews.com\/index.php\/2020\/09\/29\/flamengo-tem-entrave-em-negociacao-para-ampliar-emprestimo-de-pedro-rocha\/#respond\"]}],\"copyrightYear\":\"2020\",\"copyrightHolder\":{\"@id\":\"https:\/\/www.gaveanews.com\/#organization\"}},{\"@type\":\"WebPage\",\"@id\":\"https:\/\/www.gaveanews.com\/index.php\/2020\/09\/29\/flamengo-tem-entrave-em-negociacao-para-ampliar-emprestimo-de-pedro-rocha\/\",\"url\":\"https:\/\/www.gaveanews.com\/index.php\/2020\/09\/29\/flamengo-tem-entrave-em-negociacao-para-ampliar-emprestimo-de-pedro-rocha\/\",\"name\":\"Flamengo tem 'entrave' em negocia\u00e7\u00e3o para ampliar empr\u00e9stimo de Pedro Rocha\",\"isPartOf\":{\"@id\":\"https:\/\/www.gaveanews.com\/#website\"},\"primaryImageOfPage\":{\"@id\":\"https:\/\/www.gaveanews.com\/index.php\/2020\/09\/29\/flamengo-tem-entrave-em-negociacao-para-ampliar-emprestimo-de-pedro-rocha\/#primaryimage\"},\"image\":{\"@id\":\"https:\/\/www.gaveanews.com\/index.php\/2020\/09\/29\/flamengo-tem-entrave-em-negociacao-para-ampliar-emprestimo-de-pedro-rocha\/#primaryimage\"},\"thumbnailUrl\":\"https:\/\/www.gaveanews.com\/wp-content\/uploads\/Pedro-Rocha-em-acao-pelo-Flamengo-no-classico-contra-o-Botafogo.webp\",\"datePublished\":\"2020-09-29T17:08:17+00:00\",\"dateModified\":\"2020-09-29T17:08:39+00:00\",\"author\":{\"@id\":\"https:\/\/www.gaveanews.com\/#\/schema\/person\/2ec14f73fb96be2caf28f91afb14749d\"},\"breadcrumb\":{\"@id\":\"https:\/\/www.gaveanews.com\/index.php\/2020\/09\/29\/flamengo-tem-entrave-em-negociacao-para-ampliar-emprestimo-de-pedro-rocha\/#breadcrumb\"},\"inLanguage\":\"pt-BR\",\"potentialAction\":[{\"@type\":\"ReadAction\",\"target\":[\"https:\/\/www.gaveanews.com\/index.php\/2020\/09\/29\/flamengo-tem-entrave-em-negociacao-para-ampliar-emprestimo-de-pedro-rocha\/\"]}]},{\"@type\":\"ImageObject\",\"inLanguage\":\"pt-BR\",\"@id\":\"https:\/\/www.gaveanews.com\/index.php\/2020\/09\/29\/flamengo-tem-entrave-em-negociacao-para-ampliar-emprestimo-de-pedro-rocha\/#primaryimage\",\"url\":\"https:\/\/www.gaveanews.com\/wp-content\/uploads\/Pedro-Rocha-em-acao-pelo-Flamengo-no-classico-contra-o-Botafogo.webp\",\"contentUrl\":\"https:\/\/www.gaveanews.com\/wp-content\/uploads\/Pedro-Rocha-em-acao-pelo-Flamengo-no-classico-contra-o-Botafogo.webp\",\"width\":800,\"height\":533,\"caption\":\"Pedro Rocha em a\u00e7\u00e3o pelo Flamengo no cl\u00e1ssico contra o Botafogo (Foto: Alexandre Vidal\/Flamengo)\"},{\"@type\":\"BreadcrumbList\",\"@id\":\"https:\/\/www.gaveanews.com\/index.php\/2020\/09\/29\/flamengo-tem-entrave-em-negociacao-para-ampliar-emprestimo-de-pedro-rocha\/#breadcrumb\",\"itemListElement\":[{\"@type\":\"ListItem\",\"position\":1,\"name\":\"Home\",\"item\":\"https:\/\/www.gaveanews.com\/\"},{\"@type\":\"ListItem\",\"position\":2,\"name\":\"Flamengo tem &#8216;entrave&#8217; em negocia\u00e7\u00e3o para ampliar empr\u00e9stimo de Pedro Rocha\"}]},{\"@type\":\"WebSite\",\"@id\":\"https:\/\/www.gaveanews.com\/#website\",\"url\":\"https:\/\/www.gaveanews.com\/\",\"name\":\"G\u00e1vea News\",\"description\":\"Veja todas as not\u00edcias sobre o Flamengo: Contrata\u00e7\u00f5es, categorias de base, resultados das partidas, tabela de classifica\u00e7\u00e3o, pr\u00f3ximos jogos!\",\"potentialAction\":[{\"@type\":\"SearchAction\",\"target\":{\"@type\":\"EntryPoint\",\"urlTemplate\":\"https:\/\/www.gaveanews.com\/?s={search_term_string}\"},\"query-input\":{\"@type\":\"PropertyValueSpecification\",\"valueRequired\":true,\"valueName\":\"search_term_string\"}}],\"inLanguage\":\"pt-BR\"},{\"@type\":\"Person\",\"@id\":\"https:\/\/www.gaveanews.com\/#\/schema\/person\/2ec14f73fb96be2caf28f91afb14749d\",\"name\":\"Equipe G\u00e1vea News\",\"image\":{\"@type\":\"ImageObject\",\"inLanguage\":\"pt-BR\",\"@id\":\"https:\/\/www.gaveanews.com\/#\/schema\/person\/image\/\",\"url\":\"https:\/\/secure.gravatar.com\/avatar\/1e1956f1facbffd3f8fa53a326721950116b3b9dc9bd44939c01180fd4a745a9?s=96&d=mm&r=g\",\"contentUrl\":\"https:\/\/secure.gravatar.com\/avatar\/1e1956f1facbffd3f8fa53a326721950116b3b9dc9bd44939c01180fd4a745a9?s=96&d=mm&r=g\",\"caption\":\"Equipe G\u00e1vea News\"}}]}<\/script>\n<!-- \/ Yoast SEO Premium plugin. -->","yoast_head_json":{"title":"Flamengo tem 'entrave' em negocia\u00e7\u00e3o para ampliar empr\u00e9stimo de Pedro Rocha","robots":{"index":"index","follow":"follow","max-snippet":"max-snippet:-1","max-image-preview":"max-image-preview:large","max-video-preview":"max-video-preview:-1"},"canonical":"https:\/\/www.gaveanews.com\/index.php\/2020\/09\/29\/flamengo-tem-entrave-em-negociacao-para-ampliar-emprestimo-de-pedro-rocha\/","og_locale":"pt_BR","og_type":"article","og_title":"Flamengo tem 'entrave' em negocia\u00e7\u00e3o para ampliar empr\u00e9stimo de Pedro Rocha","og_description":"O Flamengo j\u00e1 tem conversas em curso com o Spartak Moscou, da R\u00fassia, para tentar ampliar o prazo de empr\u00e9stimo de Pedro Rocha na G\u00e1vea. Mas segundo apura\u00e7\u00e3o do portal &#8216;ESPN&#8217;, o Rubro-Negro tem encontrado um &#8216;entrave&#8217; na negocia\u00e7\u00e3o: o per\u00edodo final do novo v\u00ednculo. O jogador est\u00e1 cedido pelo clube russo aos cariocas at\u00e9 [&hellip;]","og_url":"https:\/\/www.gaveanews.com\/index.php\/2020\/09\/29\/flamengo-tem-entrave-em-negociacao-para-ampliar-emprestimo-de-pedro-rocha\/","og_site_name":"G\u00e1vea News","article_publisher":"https:\/\/facebook.com\/gaveaNews\/","article_published_time":"2020-09-29T17:08:17+00:00","article_modified_time":"2020-09-29T17:08:39+00:00","og_image":[{"width":800,"height":533,"url":"https:\/\/www.gaveanews.com\/wp-content\/uploads\/Pedro-Rocha-em-acao-pelo-Flamengo-no-classico-contra-o-Botafogo.webp","type":"image\/jpeg"}],"author":"Equipe G\u00e1vea News","twitter_card":"summary_large_image","twitter_misc":{"Escrito por":"Equipe G\u00e1vea News","Est. tempo de leitura":"2 minutos"},"schema":{"@context":"https:\/\/schema.org","@graph":[{"@type":"NewsArticle","@id":"https:\/\/www.gaveanews.com\/index.php\/2020\/09\/29\/flamengo-tem-entrave-em-negociacao-para-ampliar-emprestimo-de-pedro-rocha\/#article","isPartOf":{"@id":"https:\/\/www.gaveanews.com\/index.php\/2020\/09\/29\/flamengo-tem-entrave-em-negociacao-para-ampliar-emprestimo-de-pedro-rocha\/"},"author":{"name":"Equipe G\u00e1vea News","@id":"https:\/\/www.gaveanews.com\/#\/schema\/person\/2ec14f73fb96be2caf28f91afb14749d"},"headline":"Flamengo tem &#8216;entrave&#8217; em negocia\u00e7\u00e3o para ampliar empr\u00e9stimo de Pedro Rocha","datePublished":"2020-09-29T17:08:17+00:00","dateModified":"2020-09-29T17:08:39+00:00","mainEntityOfPage":{"@id":"https:\/\/www.gaveanews.com\/index.php\/2020\/09\/29\/flamengo-tem-entrave-em-negociacao-para-ampliar-emprestimo-de-pedro-rocha\/"},"wordCount":334,"commentCount":3,"image":{"@id":"https:\/\/www.gaveanews.com\/index.php\/2020\/09\/29\/flamengo-tem-entrave-em-negociacao-para-ampliar-emprestimo-de-pedro-rocha\/#primaryimage"},"thumbnailUrl":"https:\/\/www.gaveanews.com\/wp-content\/uploads\/Pedro-Rocha-em-acao-pelo-Flamengo-no-classico-contra-o-Botafogo.webp","articleSection":["Flamengo"],"inLanguage":"pt-BR","potentialAction":[{"@type":"CommentAction","name":"Comment","target":["https:\/\/www.gaveanews.com\/index.php\/2020\/09\/29\/flamengo-tem-entrave-em-negociacao-para-ampliar-emprestimo-de-pedro-rocha\/#respond"]}],"copyrightYear":"2020","copyrightHolder":{"@id":"https:\/\/www.gaveanews.com\/#organization"}},{"@type":"WebPage","@id":"https:\/\/www.gaveanews.com\/index.php\/2020\/09\/29\/flamengo-tem-entrave-em-negociacao-para-ampliar-emprestimo-de-pedro-rocha\/","url":"https:\/\/www.gaveanews.com\/index.php\/2020\/09\/29\/flamengo-tem-entrave-em-negociacao-para-ampliar-emprestimo-de-pedro-rocha\/","name":"Flamengo tem 'entrave' em negocia\u00e7\u00e3o para ampliar empr\u00e9stimo de Pedro Rocha","isPartOf":{"@id":"https:\/\/www.gaveanews.com\/#website"},"primaryImageOfPage":{"@id":"https:\/\/www.gaveanews.com\/index.php\/2020\/09\/29\/flamengo-tem-entrave-em-negociacao-para-ampliar-emprestimo-de-pedro-rocha\/#primaryimage"},"image":{"@id":"https:\/\/www.gaveanews.com\/index.php\/2020\/09\/29\/flamengo-tem-entrave-em-negociacao-para-ampliar-emprestimo-de-pedro-rocha\/#primaryimage"},"thumbnailUrl":"https:\/\/www.gaveanews.com\/wp-content\/uploads\/Pedro-Rocha-em-acao-pelo-Flamengo-no-classico-contra-o-Botafogo.webp","datePublished":"2020-09-29T17:08:17+00:00","dateModified":"2020-09-29T17:08:39+00:00","author":{"@id":"https:\/\/www.gaveanews.com\/#\/schema\/person\/2ec14f73fb96be2caf28f91afb14749d"},"breadcrumb":{"@id":"https:\/\/www.gaveanews.com\/index.php\/2020\/09\/29\/flamengo-tem-entrave-em-negociacao-para-ampliar-emprestimo-de-pedro-rocha\/#breadcrumb"},"inLanguage":"pt-BR","potentialAction":[{"@type":"ReadAction","target":["https:\/\/www.gaveanews.com\/index.php\/2020\/09\/29\/flamengo-tem-entrave-em-negociacao-para-ampliar-emprestimo-de-pedro-rocha\/"]}]},{"@type":"ImageObject","inLanguage":"pt-BR","@id":"https:\/\/www.gaveanews.com\/index.php\/2020\/09\/29\/flamengo-tem-entrave-em-negociacao-para-ampliar-emprestimo-de-pedro-rocha\/#primaryimage","url":"https:\/\/www.gaveanews.com\/wp-content\/uploads\/Pedro-Rocha-em-acao-pelo-Flamengo-no-classico-contra-o-Botafogo.webp","contentUrl":"https:\/\/www.gaveanews.com\/wp-content\/uploads\/Pedro-Rocha-em-acao-pelo-Flamengo-no-classico-contra-o-Botafogo.webp","width":800,"height":533,"caption":"Pedro Rocha em a\u00e7\u00e3o pelo Flamengo no cl\u00e1ssico contra o Botafogo (Foto: Alexandre Vidal\/Flamengo)"},{"@type":"BreadcrumbList","@id":"https:\/\/www.gaveanews.com\/index.php\/2020\/09\/29\/flamengo-tem-entrave-em-negociacao-para-ampliar-emprestimo-de-pedro-rocha\/#breadcrumb","itemListElement":[{"@type":"ListItem","position":1,"name":"Home","item":"https:\/\/www.gaveanews.com\/"},{"@type":"ListItem","position":2,"name":"Flamengo tem &#8216;entrave&#8217; em negocia\u00e7\u00e3o para ampliar empr\u00e9stimo de Pedro Rocha"}]},{"@type":"WebSite","@id":"https:\/\/www.gaveanews.com\/#website","url":"https:\/\/www.gaveanews.com\/","name":"G\u00e1vea News","description":"Veja todas as not\u00edcias sobre o Flamengo: Contrata\u00e7\u00f5es, categorias de base, resultados das partidas, tabela de classifica\u00e7\u00e3o, pr\u00f3ximos jogos!","potentialAction":[{"@type":"SearchAction","target":{"@type":"EntryPoint","urlTemplate":"https:\/\/www.gaveanews.com\/?s={search_term_string}"},"query-input":{"@type":"PropertyValueSpecification","valueRequired":true,"valueName":"search_term_string"}}],"inLanguage":"pt-BR"},{"@type":"Person","@id":"https:\/\/www.gaveanews.com\/#\/schema\/person\/2ec14f73fb96be2caf28f91afb14749d","name":"Equipe G\u00e1vea News","image":{"@type":"ImageObject","inLanguage":"pt-BR","@id":"https:\/\/www.gaveanews.com\/#\/schema\/person\/image\/","url":"https:\/\/secure.gravatar.com\/avatar\/1e1956f1facbffd3f8fa53a326721950116b3b9dc9bd44939c01180fd4a745a9?s=96&d=mm&r=g","contentUrl":"https:\/\/secure.gravatar.com\/avatar\/1e1956f1facbffd3f8fa53a326721950116b3b9dc9bd44939c01180fd4a745a9?s=96&d=mm&r=g","caption":"Equipe G\u00e1vea News"}}]}},"_links":{"self":[{"href":"https:\/\/www.gaveanews.com\/index.php\/wp-json\/wp\/v2\/posts\/48172","targetHints":{"allow":["GET"]}}],"collection":[{"href":"https:\/\/www.gaveanews.com\/index.php\/wp-json\/wp\/v2\/posts"}],"about":[{"href":"https:\/\/www.gaveanews.com\/index.php\/wp-json\/wp\/v2\/types\/post"}],"author":[{"embeddable":true,"href":"https:\/\/www.gaveanews.com\/index.php\/wp-json\/wp\/v2\/users\/1"}],"replies":[{"embeddable":true,"href":"https:\/\/www.gaveanews.com\/index.php\/wp-json\/wp\/v2\/comments?post=48172"}],"version-history":[{"count":0,"href":"https:\/\/www.gaveanews.com\/index.php\/wp-json\/wp\/v2\/posts\/48172\/revisions"}],"wp:featuredmedia":[{"embeddable":true,"href":"https:\/\/www.gaveanews.com\/index.php\/wp-json\/wp\/v2\/media\/46917"}],"wp:attachment":[{"href":"https:\/\/www.gaveanews.com\/index.php\/wp-json\/wp\/v2\/media?parent=48172"}],"wp:term":[{"taxonomy":"category","embeddable":true,"href":"https:\/\/www.gaveanews.com\/index.php\/wp-json\/wp\/v2\/categories?post=48172"},{"taxonomy":"post_tag","embeddable":true,"href":"https:\/\/www.gaveanews.com\/index.php\/wp-json\/wp\/v2\/tags?post=48172"}],"curies":[{"name":"wp","href":"https:\/\/api.w.org\/{rel}","templated":true}]}}