{"id":48174,"date":"2020-09-29T15:28:12","date_gmt":"2020-09-29T18:28:12","guid":{"rendered":"https:\/\/www.gaveanews.com\/?p=48174"},"modified":"2020-09-29T15:28:16","modified_gmt":"2020-09-29T18:28:16","slug":"del-valle-tera-varios-desfalques-contra-o-flamengo","status":"publish","type":"post","link":"https:\/\/www.gaveanews.com\/index.php\/2020\/09\/29\/del-valle-tera-varios-desfalques-contra-o-flamengo\/","title":{"rendered":"Del Valle ter\u00e1 v\u00e1rios desfalques contra o Flamengo"},"content":{"rendered":"\n<p>J\u00e1 s\u00e3o oito os desfalques do Independiente del Valle para enfrentar o Flamengo nesta quarta-feira, no Maracan\u00e3, pela Copa Libertadores. Al\u00e9m dos cinco casos positivos de coronav\u00edrus anunciados anteriormente, o clube equatoriano confirmou ter tido outro jogador com a doen\u00e7a ap\u00f3s um novo exame e mais dois atletas que apresentaram sintomas. Mesmo negativos, a dupla ficou fora da viagem para o Rio de Janeiro.<\/p>\n\n\n\n<p>O Del Valle afirmou ter feito na \u00faltima segunda-feira um exame adicional de PCR como precau\u00e7\u00e3o extra \u00e0s normas de sa\u00fade e ao protocolo da Conmebol. O jogador em quest\u00e3o est\u00e1 afastado em quarentena e seguir\u00e1 o mesmo procedimento dos outros, enquanto o clube acionou as autoridades.<\/p>\n\n\n\n<p>No dia 24, o Del Valle informou que um jogador havia testado positivo para o coronav\u00edrus. Este n\u00famero cresceu para cinco com as quatro novas infec\u00e7\u00f5es divulgadas na segunda-feira. E subiu para oito com as informa\u00e7\u00f5es divulgadas na ter\u00e7a.<\/p>\n\n\n\n<p>Flamengo e Independiente del Valle se enfrentam nesta quarta-feira, \u00e0s 21h30 (de Bras\u00edlia), no Maracan\u00e3. Os equatorianos lideram o Grupo A com os mesmos nove pontos do Rubro-Negro &#8211; a vantagem est\u00e1 no saldo de gols: 8 a 0. Junior Barranquilla (6 pontos) e Barcelona (0 ponto) duelam na Col\u00f4mbia no mesmo hor\u00e1rio.<\/p>\n\n\n\n<h2 class=\"wp-block-heading\">O caso<\/h2>\n\n\n\n<p>O an\u00fancio de casos positivos no Del Valle ocorre pouco mais de uma semana depois do confronto da equipe equatoriana contra o Flamengo, em Quito, quando os anfitri\u00f5es golearam por 5 a 0.<\/p>\n\n\n\n<p>No dia seguinte, o time brasileiro detectou o surgimento de um surto da Covid-19 em seu elenco. Inicialmente, sete jogadores testaram positivo, antes do jogo contra o Barcelona, em Guayaquil. E, ap\u00f3s o segundo confronto no Equador, o total de jogadores infectados chegou a 16.<\/p>\n\n\n\n<p>O surto no Flamengo acendeu o alerta no Del Valle e no Barcelona, que enfrentaram atletas que tiveram a infec\u00e7\u00e3o detectada no dia seguinte \u00e0s partidas. Entretanto, n\u00e3o houve casos positivos nos exames realizados nos times equatorianos logo ap\u00f3s os jogos da Libertadores. As duas equipes, coincidentemente, se enfrentaram no \u00faltimo s\u00e1bado pelo Campeonato Equatoriano.<\/p>\n\n\n\n<p>At\u00e9 o \u00faltimo domingo, o Barcelona de Guayaquil n\u00e3o teve nenhum caso de Covid-19 confirmado em seu elenco, apesar do confronto contra o Flamengo, na \u00faltima semana, quando o risco de cont\u00e1gio chegou a colocar a realiza\u00e7\u00e3o da partida em d\u00favida. O time deve apresentar resultado de novos exames antes da viagem \u00e0 Col\u00f4mbia para o duelo contra o Junior Barranquilla, tamb\u00e9m na quarta-feira.<\/p>\n\n\n\n<p>Retirado de: Globo Esporte<\/p>\n","protected":false},"excerpt":{"rendered":"<p>J\u00e1 s\u00e3o oito os desfalques do Independiente del Valle para enfrentar o Flamengo nesta quarta-feira, no Maracan\u00e3, pela Copa Libertadores. Al\u00e9m dos cinco casos positivos de coronav\u00edrus anunciados anteriormente, o clube equatoriano confirmou ter tido outro jogador com a doen\u00e7a ap\u00f3s um novo exame e mais dois atletas que apresentaram sintomas. Mesmo negativos, a dupla [&hellip;]<\/p>\n","protected":false},"author":1,"featured_media":14851,"comment_status":"open","ping_status":"closed","sticky":false,"template":"","format":"standard","meta":{"footnotes":""},"categories":[47],"tags":[],"class_list":["post-48174","post","type-post","status-publish","format-standard","has-post-thumbnail","hentry","category-destaques"],"yoast_head":"<!-- This site is optimized with the Yoast SEO Premium plugin v24.2 (Yoast SEO v26.9) - https:\/\/yoast.com\/product\/yoast-seo-premium-wordpress\/ -->\n<title>Del Valle ter\u00e1 v\u00e1rios desfalques contra o Flamengo<\/title>\n<meta name=\"robots\" content=\"index, follow, max-snippet:-1, max-image-preview:large, max-video-preview:-1\" \/>\n<link rel=\"canonical\" href=\"https:\/\/www.gaveanews.com\/index.php\/2020\/09\/29\/del-valle-tera-varios-desfalques-contra-o-flamengo\/\" \/>\n<meta property=\"og:locale\" content=\"pt_BR\" \/>\n<meta property=\"og:type\" content=\"article\" \/>\n<meta property=\"og:title\" content=\"Del Valle ter\u00e1 v\u00e1rios desfalques contra o Flamengo\" \/>\n<meta property=\"og:description\" content=\"J\u00e1 s\u00e3o oito os desfalques do Independiente del Valle para enfrentar o Flamengo nesta quarta-feira, no Maracan\u00e3, pela Copa Libertadores. Al\u00e9m dos cinco casos positivos de coronav\u00edrus anunciados anteriormente, o clube equatoriano confirmou ter tido outro jogador com a doen\u00e7a ap\u00f3s um novo exame e mais dois atletas que apresentaram sintomas. Mesmo negativos, a dupla [&hellip;]\" \/>\n<meta property=\"og:url\" content=\"https:\/\/www.gaveanews.com\/index.php\/2020\/09\/29\/del-valle-tera-varios-desfalques-contra-o-flamengo\/\" \/>\n<meta property=\"og:site_name\" content=\"G\u00e1vea News\" \/>\n<meta property=\"article:publisher\" content=\"https:\/\/facebook.com\/gaveaNews\/\" \/>\n<meta property=\"article:published_time\" content=\"2020-09-29T18:28:12+00:00\" \/>\n<meta property=\"article:modified_time\" content=\"2020-09-29T18:28:16+00:00\" \/>\n<meta property=\"og:image\" content=\"https:\/\/www.gaveanews.com\/wp-content\/uploads\/2019\/03\/Taca-da-Copa-Libertadores-da-America.webp\" \/>\n\t<meta property=\"og:image:width\" content=\"1\" \/>\n\t<meta property=\"og:image:height\" content=\"1\" \/>\n\t<meta property=\"og:image:type\" content=\"image\/jpeg\" \/>\n<meta name=\"author\" content=\"Equipe G\u00e1vea News\" \/>\n<meta name=\"twitter:card\" content=\"summary_large_image\" \/>\n<meta name=\"twitter:label1\" content=\"Escrito por\" \/>\n\t<meta name=\"twitter:data1\" content=\"Equipe G\u00e1vea News\" \/>\n\t<meta name=\"twitter:label2\" content=\"Est. tempo de leitura\" \/>\n\t<meta name=\"twitter:data2\" content=\"2 minutos\" \/>\n<script type=\"application\/ld+json\" class=\"yoast-schema-graph\">{\"@context\":\"https:\/\/schema.org\",\"@graph\":[{\"@type\":\"NewsArticle\",\"@id\":\"https:\/\/www.gaveanews.com\/index.php\/2020\/09\/29\/del-valle-tera-varios-desfalques-contra-o-flamengo\/#article\",\"isPartOf\":{\"@id\":\"https:\/\/www.gaveanews.com\/index.php\/2020\/09\/29\/del-valle-tera-varios-desfalques-contra-o-flamengo\/\"},\"author\":{\"name\":\"Equipe G\u00e1vea News\",\"@id\":\"https:\/\/www.gaveanews.com\/#\/schema\/person\/2ec14f73fb96be2caf28f91afb14749d\"},\"headline\":\"Del Valle ter\u00e1 v\u00e1rios desfalques contra o Flamengo\",\"datePublished\":\"2020-09-29T18:28:12+00:00\",\"dateModified\":\"2020-09-29T18:28:16+00:00\",\"mainEntityOfPage\":{\"@id\":\"https:\/\/www.gaveanews.com\/index.php\/2020\/09\/29\/del-valle-tera-varios-desfalques-contra-o-flamengo\/\"},\"wordCount\":435,\"commentCount\":0,\"image\":{\"@id\":\"https:\/\/www.gaveanews.com\/index.php\/2020\/09\/29\/del-valle-tera-varios-desfalques-contra-o-flamengo\/#primaryimage\"},\"thumbnailUrl\":\"https:\/\/www.gaveanews.com\/wp-content\/uploads\/2019\/03\/Taca-da-Copa-Libertadores-da-America.webp\",\"articleSection\":[\"Destaques\"],\"inLanguage\":\"pt-BR\",\"potentialAction\":[{\"@type\":\"CommentAction\",\"name\":\"Comment\",\"target\":[\"https:\/\/www.gaveanews.com\/index.php\/2020\/09\/29\/del-valle-tera-varios-desfalques-contra-o-flamengo\/#respond\"]}],\"copyrightYear\":\"2020\",\"copyrightHolder\":{\"@id\":\"https:\/\/www.gaveanews.com\/#organization\"}},{\"@type\":\"WebPage\",\"@id\":\"https:\/\/www.gaveanews.com\/index.php\/2020\/09\/29\/del-valle-tera-varios-desfalques-contra-o-flamengo\/\",\"url\":\"https:\/\/www.gaveanews.com\/index.php\/2020\/09\/29\/del-valle-tera-varios-desfalques-contra-o-flamengo\/\",\"name\":\"Del Valle ter\u00e1 v\u00e1rios desfalques contra o Flamengo\",\"isPartOf\":{\"@id\":\"https:\/\/www.gaveanews.com\/#website\"},\"primaryImageOfPage\":{\"@id\":\"https:\/\/www.gaveanews.com\/index.php\/2020\/09\/29\/del-valle-tera-varios-desfalques-contra-o-flamengo\/#primaryimage\"},\"image\":{\"@id\":\"https:\/\/www.gaveanews.com\/index.php\/2020\/09\/29\/del-valle-tera-varios-desfalques-contra-o-flamengo\/#primaryimage\"},\"thumbnailUrl\":\"https:\/\/www.gaveanews.com\/wp-content\/uploads\/2019\/03\/Taca-da-Copa-Libertadores-da-America.webp\",\"datePublished\":\"2020-09-29T18:28:12+00:00\",\"dateModified\":\"2020-09-29T18:28:16+00:00\",\"author\":{\"@id\":\"https:\/\/www.gaveanews.com\/#\/schema\/person\/2ec14f73fb96be2caf28f91afb14749d\"},\"breadcrumb\":{\"@id\":\"https:\/\/www.gaveanews.com\/index.php\/2020\/09\/29\/del-valle-tera-varios-desfalques-contra-o-flamengo\/#breadcrumb\"},\"inLanguage\":\"pt-BR\",\"potentialAction\":[{\"@type\":\"ReadAction\",\"target\":[\"https:\/\/www.gaveanews.com\/index.php\/2020\/09\/29\/del-valle-tera-varios-desfalques-contra-o-flamengo\/\"]}]},{\"@type\":\"ImageObject\",\"inLanguage\":\"pt-BR\",\"@id\":\"https:\/\/www.gaveanews.com\/index.php\/2020\/09\/29\/del-valle-tera-varios-desfalques-contra-o-flamengo\/#primaryimage\",\"url\":\"https:\/\/www.gaveanews.com\/wp-content\/uploads\/2019\/03\/Taca-da-Copa-Libertadores-da-America.webp\",\"contentUrl\":\"https:\/\/www.gaveanews.com\/wp-content\/uploads\/2019\/03\/Taca-da-Copa-Libertadores-da-America.webp\",\"caption\":\"Ta\u00e7a da Copa Libertadores da Am\u00e9rica (Foto: Divulga\u00e7\u00e3o\/Conmebol)\"},{\"@type\":\"BreadcrumbList\",\"@id\":\"https:\/\/www.gaveanews.com\/index.php\/2020\/09\/29\/del-valle-tera-varios-desfalques-contra-o-flamengo\/#breadcrumb\",\"itemListElement\":[{\"@type\":\"ListItem\",\"position\":1,\"name\":\"Home\",\"item\":\"https:\/\/www.gaveanews.com\/\"},{\"@type\":\"ListItem\",\"position\":2,\"name\":\"Del Valle ter\u00e1 v\u00e1rios desfalques contra o Flamengo\"}]},{\"@type\":\"WebSite\",\"@id\":\"https:\/\/www.gaveanews.com\/#website\",\"url\":\"https:\/\/www.gaveanews.com\/\",\"name\":\"G\u00e1vea News\",\"description\":\"Veja todas as not\u00edcias sobre o Flamengo: Contrata\u00e7\u00f5es, categorias de base, resultados das partidas, tabela de classifica\u00e7\u00e3o, pr\u00f3ximos jogos!\",\"potentialAction\":[{\"@type\":\"SearchAction\",\"target\":{\"@type\":\"EntryPoint\",\"urlTemplate\":\"https:\/\/www.gaveanews.com\/?s={search_term_string}\"},\"query-input\":{\"@type\":\"PropertyValueSpecification\",\"valueRequired\":true,\"valueName\":\"search_term_string\"}}],\"inLanguage\":\"pt-BR\"},{\"@type\":\"Person\",\"@id\":\"https:\/\/www.gaveanews.com\/#\/schema\/person\/2ec14f73fb96be2caf28f91afb14749d\",\"name\":\"Equipe G\u00e1vea News\",\"image\":{\"@type\":\"ImageObject\",\"inLanguage\":\"pt-BR\",\"@id\":\"https:\/\/www.gaveanews.com\/#\/schema\/person\/image\/\",\"url\":\"https:\/\/secure.gravatar.com\/avatar\/1e1956f1facbffd3f8fa53a326721950116b3b9dc9bd44939c01180fd4a745a9?s=96&d=mm&r=g\",\"contentUrl\":\"https:\/\/secure.gravatar.com\/avatar\/1e1956f1facbffd3f8fa53a326721950116b3b9dc9bd44939c01180fd4a745a9?s=96&d=mm&r=g\",\"caption\":\"Equipe G\u00e1vea News\"}}]}<\/script>\n<!-- \/ Yoast SEO Premium plugin. -->","yoast_head_json":{"title":"Del Valle ter\u00e1 v\u00e1rios desfalques contra o Flamengo","robots":{"index":"index","follow":"follow","max-snippet":"max-snippet:-1","max-image-preview":"max-image-preview:large","max-video-preview":"max-video-preview:-1"},"canonical":"https:\/\/www.gaveanews.com\/index.php\/2020\/09\/29\/del-valle-tera-varios-desfalques-contra-o-flamengo\/","og_locale":"pt_BR","og_type":"article","og_title":"Del Valle ter\u00e1 v\u00e1rios desfalques contra o Flamengo","og_description":"J\u00e1 s\u00e3o oito os desfalques do Independiente del Valle para enfrentar o Flamengo nesta quarta-feira, no Maracan\u00e3, pela Copa Libertadores. Al\u00e9m dos cinco casos positivos de coronav\u00edrus anunciados anteriormente, o clube equatoriano confirmou ter tido outro jogador com a doen\u00e7a ap\u00f3s um novo exame e mais dois atletas que apresentaram sintomas. Mesmo negativos, a dupla [&hellip;]","og_url":"https:\/\/www.gaveanews.com\/index.php\/2020\/09\/29\/del-valle-tera-varios-desfalques-contra-o-flamengo\/","og_site_name":"G\u00e1vea News","article_publisher":"https:\/\/facebook.com\/gaveaNews\/","article_published_time":"2020-09-29T18:28:12+00:00","article_modified_time":"2020-09-29T18:28:16+00:00","og_image":[{"url":"https:\/\/www.gaveanews.com\/wp-content\/uploads\/2019\/03\/Taca-da-Copa-Libertadores-da-America.webp","width":1,"height":1,"type":"image\/jpeg"}],"author":"Equipe G\u00e1vea News","twitter_card":"summary_large_image","twitter_misc":{"Escrito por":"Equipe G\u00e1vea News","Est. tempo de leitura":"2 minutos"},"schema":{"@context":"https:\/\/schema.org","@graph":[{"@type":"NewsArticle","@id":"https:\/\/www.gaveanews.com\/index.php\/2020\/09\/29\/del-valle-tera-varios-desfalques-contra-o-flamengo\/#article","isPartOf":{"@id":"https:\/\/www.gaveanews.com\/index.php\/2020\/09\/29\/del-valle-tera-varios-desfalques-contra-o-flamengo\/"},"author":{"name":"Equipe G\u00e1vea News","@id":"https:\/\/www.gaveanews.com\/#\/schema\/person\/2ec14f73fb96be2caf28f91afb14749d"},"headline":"Del Valle ter\u00e1 v\u00e1rios desfalques contra o Flamengo","datePublished":"2020-09-29T18:28:12+00:00","dateModified":"2020-09-29T18:28:16+00:00","mainEntityOfPage":{"@id":"https:\/\/www.gaveanews.com\/index.php\/2020\/09\/29\/del-valle-tera-varios-desfalques-contra-o-flamengo\/"},"wordCount":435,"commentCount":0,"image":{"@id":"https:\/\/www.gaveanews.com\/index.php\/2020\/09\/29\/del-valle-tera-varios-desfalques-contra-o-flamengo\/#primaryimage"},"thumbnailUrl":"https:\/\/www.gaveanews.com\/wp-content\/uploads\/2019\/03\/Taca-da-Copa-Libertadores-da-America.webp","articleSection":["Destaques"],"inLanguage":"pt-BR","potentialAction":[{"@type":"CommentAction","name":"Comment","target":["https:\/\/www.gaveanews.com\/index.php\/2020\/09\/29\/del-valle-tera-varios-desfalques-contra-o-flamengo\/#respond"]}],"copyrightYear":"2020","copyrightHolder":{"@id":"https:\/\/www.gaveanews.com\/#organization"}},{"@type":"WebPage","@id":"https:\/\/www.gaveanews.com\/index.php\/2020\/09\/29\/del-valle-tera-varios-desfalques-contra-o-flamengo\/","url":"https:\/\/www.gaveanews.com\/index.php\/2020\/09\/29\/del-valle-tera-varios-desfalques-contra-o-flamengo\/","name":"Del Valle ter\u00e1 v\u00e1rios desfalques contra o Flamengo","isPartOf":{"@id":"https:\/\/www.gaveanews.com\/#website"},"primaryImageOfPage":{"@id":"https:\/\/www.gaveanews.com\/index.php\/2020\/09\/29\/del-valle-tera-varios-desfalques-contra-o-flamengo\/#primaryimage"},"image":{"@id":"https:\/\/www.gaveanews.com\/index.php\/2020\/09\/29\/del-valle-tera-varios-desfalques-contra-o-flamengo\/#primaryimage"},"thumbnailUrl":"https:\/\/www.gaveanews.com\/wp-content\/uploads\/2019\/03\/Taca-da-Copa-Libertadores-da-America.webp","datePublished":"2020-09-29T18:28:12+00:00","dateModified":"2020-09-29T18:28:16+00:00","author":{"@id":"https:\/\/www.gaveanews.com\/#\/schema\/person\/2ec14f73fb96be2caf28f91afb14749d"},"breadcrumb":{"@id":"https:\/\/www.gaveanews.com\/index.php\/2020\/09\/29\/del-valle-tera-varios-desfalques-contra-o-flamengo\/#breadcrumb"},"inLanguage":"pt-BR","potentialAction":[{"@type":"ReadAction","target":["https:\/\/www.gaveanews.com\/index.php\/2020\/09\/29\/del-valle-tera-varios-desfalques-contra-o-flamengo\/"]}]},{"@type":"ImageObject","inLanguage":"pt-BR","@id":"https:\/\/www.gaveanews.com\/index.php\/2020\/09\/29\/del-valle-tera-varios-desfalques-contra-o-flamengo\/#primaryimage","url":"https:\/\/www.gaveanews.com\/wp-content\/uploads\/2019\/03\/Taca-da-Copa-Libertadores-da-America.webp","contentUrl":"https:\/\/www.gaveanews.com\/wp-content\/uploads\/2019\/03\/Taca-da-Copa-Libertadores-da-America.webp","caption":"Ta\u00e7a da Copa Libertadores da Am\u00e9rica (Foto: Divulga\u00e7\u00e3o\/Conmebol)"},{"@type":"BreadcrumbList","@id":"https:\/\/www.gaveanews.com\/index.php\/2020\/09\/29\/del-valle-tera-varios-desfalques-contra-o-flamengo\/#breadcrumb","itemListElement":[{"@type":"ListItem","position":1,"name":"Home","item":"https:\/\/www.gaveanews.com\/"},{"@type":"ListItem","position":2,"name":"Del Valle ter\u00e1 v\u00e1rios desfalques contra o Flamengo"}]},{"@type":"WebSite","@id":"https:\/\/www.gaveanews.com\/#website","url":"https:\/\/www.gaveanews.com\/","name":"G\u00e1vea News","description":"Veja todas as not\u00edcias sobre o Flamengo: Contrata\u00e7\u00f5es, categorias de base, resultados das partidas, tabela de classifica\u00e7\u00e3o, pr\u00f3ximos jogos!","potentialAction":[{"@type":"SearchAction","target":{"@type":"EntryPoint","urlTemplate":"https:\/\/www.gaveanews.com\/?s={search_term_string}"},"query-input":{"@type":"PropertyValueSpecification","valueRequired":true,"valueName":"search_term_string"}}],"inLanguage":"pt-BR"},{"@type":"Person","@id":"https:\/\/www.gaveanews.com\/#\/schema\/person\/2ec14f73fb96be2caf28f91afb14749d","name":"Equipe G\u00e1vea News","image":{"@type":"ImageObject","inLanguage":"pt-BR","@id":"https:\/\/www.gaveanews.com\/#\/schema\/person\/image\/","url":"https:\/\/secure.gravatar.com\/avatar\/1e1956f1facbffd3f8fa53a326721950116b3b9dc9bd44939c01180fd4a745a9?s=96&d=mm&r=g","contentUrl":"https:\/\/secure.gravatar.com\/avatar\/1e1956f1facbffd3f8fa53a326721950116b3b9dc9bd44939c01180fd4a745a9?s=96&d=mm&r=g","caption":"Equipe G\u00e1vea News"}}]}},"_links":{"self":[{"href":"https:\/\/www.gaveanews.com\/index.php\/wp-json\/wp\/v2\/posts\/48174","targetHints":{"allow":["GET"]}}],"collection":[{"href":"https:\/\/www.gaveanews.com\/index.php\/wp-json\/wp\/v2\/posts"}],"about":[{"href":"https:\/\/www.gaveanews.com\/index.php\/wp-json\/wp\/v2\/types\/post"}],"author":[{"embeddable":true,"href":"https:\/\/www.gaveanews.com\/index.php\/wp-json\/wp\/v2\/users\/1"}],"replies":[{"embeddable":true,"href":"https:\/\/www.gaveanews.com\/index.php\/wp-json\/wp\/v2\/comments?post=48174"}],"version-history":[{"count":0,"href":"https:\/\/www.gaveanews.com\/index.php\/wp-json\/wp\/v2\/posts\/48174\/revisions"}],"wp:featuredmedia":[{"embeddable":true,"href":"https:\/\/www.gaveanews.com\/index.php\/wp-json\/wp\/v2\/media\/14851"}],"wp:attachment":[{"href":"https:\/\/www.gaveanews.com\/index.php\/wp-json\/wp\/v2\/media?parent=48174"}],"wp:term":[{"taxonomy":"category","embeddable":true,"href":"https:\/\/www.gaveanews.com\/index.php\/wp-json\/wp\/v2\/categories?post=48174"},{"taxonomy":"post_tag","embeddable":true,"href":"https:\/\/www.gaveanews.com\/index.php\/wp-json\/wp\/v2\/tags?post=48174"}],"curies":[{"name":"wp","href":"https:\/\/api.w.org\/{rel}","templated":true}]}}