{"id":48180,"date":"2020-09-29T16:06:33","date_gmt":"2020-09-29T19:06:33","guid":{"rendered":"https:\/\/www.gaveanews.com\/?p=48180"},"modified":"2020-09-29T16:06:36","modified_gmt":"2020-09-29T19:06:36","slug":"ex-zagueiro-do-flamengo-participara-da-transmissao-do-sbt","status":"publish","type":"post","link":"https:\/\/www.gaveanews.com\/index.php\/2020\/09\/29\/ex-zagueiro-do-flamengo-participara-da-transmissao-do-sbt\/","title":{"rendered":"Ex-zagueiro do Flamengo participar\u00e1 da transmiss\u00e3o do SBT"},"content":{"rendered":"\n<p>O SBT completou a equipe de transmiss\u00e3o para a partida entre Flamengo x Indepediente Del Valle (EQU) amanh\u00e3 (30), com transmiss\u00e3o come\u00e7ando \u00e0s 21h15, pela quinta rodada da Libertadores da Am\u00e9rica. Ap\u00f3s definir a narra\u00e7\u00e3o de Luiz Alano e Eug\u00eanio Leal, emprestado da Disney para os coment\u00e1rios, a emissora de Silvio Santos fechou com J\u00fanior Baiano, um dos mais importantes zagueiros revelados pelo Flamengo nos anos 90.<\/p>\n\n\n\n<p>Segundo apurou a reportagem do UOL Esporte, J\u00fanior Baiano acertou sua participa\u00e7\u00e3o na manh\u00e3 de hoje (29) e ser\u00e1 anunciado ao longo do dia, junto com a transmiss\u00e3o da partida. Ser\u00e1 a primeira experi\u00eancia do zagueiro como comentarista: antes, ele s\u00f3 tinha participado de programas esportivos como convidado. Nos \u00faltimos anos, participou com certa frequ\u00eancia de atra\u00e7\u00f5es do Fox Sports.<\/p>\n\n\n\n<p>J\u00fanior Baiano come\u00e7ou a jogar profissionalmente em 1989. Alto e r\u00e1pido, logo chamou a aten\u00e7\u00e3o. Foi para o S\u00e3o Paulo em 1994, para Alemanha em 1995 e voltou ao Fla em 1996, antes de chegar ao Palmeiras em 1998. Na Copa do Mundo da Fran\u00e7a, foi titular do time de Zagallo que chegou \u00e0 decis\u00e3o. Passou ainda por Vasco, Internacional, Brasiliense e Am\u00e9rica-RJ. Encerrou a carreira em 2009, no Miami FC, dos Estados Unidos.<\/p>\n\n\n\n<figure class=\"wp-block-image size-large\"><img decoding=\"async\" src=\"https:\/\/colunadofla.com\/wp-content\/uploads\/2018\/10\/baiano-620x381.webp\" alt=\"\"\/><figcaption>Junior Baiano em a\u00e7\u00e3o pelo Flamengo <\/figcaption><\/figure>\n\n\n\n<p>O jogo do Flamengo com J\u00fanior Baiano ser\u00e1 transmitido para todo Centro-Oeste e Norte do Brasil e Nordeste (exce\u00e7\u00e3o a Recife), al\u00e9m do Rio de Janeiro, Esp\u00edrito Santo, Santa Catarina e Paran\u00e1 (exce\u00e7\u00e3o a Curitiba e Maring\u00e1). Existe, na emissora, uma expectativa de audi\u00eancia muito grande em v\u00e1rias capitais. As demais regi\u00f5es, incluindo todo o estado de S\u00e3o Paulo, ver\u00e3o River Plate x S\u00e3o Paulo, com narra\u00e7\u00e3o de T\u00e9o Jos\u00e9.<\/p>\n\n\n\n<p>Al\u00e9m de esperar ir bem no Rio de Janeiro, o SBT entende que pode at\u00e9 liderar a audi\u00eancia em Bras\u00edlia e Manaus, cidades onde h\u00e1 grande n\u00famero de torcedores do Flamengo. No mesmo hor\u00e1rio, a Globo vai exibir jogos do Campeonato Brasileiro: Botafogo x Bahia, para boa parte da rede, e Corinthians x Atl\u00e9tico-GO para S\u00e3o Paulo.<\/p>\n\n\n\n<p>Nas duas primeiras semanas em que mostrou a Libertadores, com jogos do Palmeiras e com o cl\u00e1ssico Gre-Nal, o SBT n\u00e3o passou de 9 pontos de m\u00e9dia no PNT, que compreende as 15 principais metr\u00f3poles do pa\u00eds que t\u00eam medi\u00e7\u00e3o do Ibope e formam a audi\u00eancia nacional da televis\u00e3o.<\/p>\n\n\n\n<p>Estes 9 pontos significam que o SBT conseguiu ficar \u00e0 frente da Record, que transmite o reality show &#8220;A Fazenda&#8221;, mas n\u00e3o conseguiu incomodar a l\u00edder Globo \u2014 no entanto, aumentou a m\u00e9dia que tinha no hor\u00e1rio no mesmo dia em compara\u00e7\u00e3o \u00e0s semanas que n\u00e3o transmitia futebol.<\/p>\n\n\n\n<p>Retirado de: UOL<\/p>\n","protected":false},"excerpt":{"rendered":"<p>O SBT completou a equipe de transmiss\u00e3o para a partida entre Flamengo x Indepediente Del Valle (EQU) amanh\u00e3 (30), com transmiss\u00e3o come\u00e7ando \u00e0s 21h15, pela quinta rodada da Libertadores da Am\u00e9rica. Ap\u00f3s definir a narra\u00e7\u00e3o de Luiz Alano e Eug\u00eanio Leal, emprestado da Disney para os coment\u00e1rios, a emissora de Silvio Santos fechou com J\u00fanior [&hellip;]<\/p>\n","protected":false},"author":1,"featured_media":43396,"comment_status":"open","ping_status":"closed","sticky":false,"template":"","format":"standard","meta":{"footnotes":""},"categories":[1],"tags":[],"class_list":["post-48180","post","type-post","status-publish","format-standard","has-post-thumbnail","hentry","category-flamengo"],"yoast_head":"<!-- This site is optimized with the Yoast SEO Premium plugin v24.2 (Yoast SEO v26.9) - https:\/\/yoast.com\/product\/yoast-seo-premium-wordpress\/ -->\n<title>Ex-zagueiro do Flamengo participar\u00e1 da transmiss\u00e3o do SBT<\/title>\n<meta name=\"robots\" content=\"index, follow, max-snippet:-1, max-image-preview:large, max-video-preview:-1\" \/>\n<link rel=\"canonical\" href=\"https:\/\/www.gaveanews.com\/index.php\/2020\/09\/29\/ex-zagueiro-do-flamengo-participara-da-transmissao-do-sbt\/\" \/>\n<meta property=\"og:locale\" content=\"pt_BR\" \/>\n<meta property=\"og:type\" content=\"article\" \/>\n<meta property=\"og:title\" content=\"Ex-zagueiro do Flamengo participar\u00e1 da transmiss\u00e3o do SBT\" \/>\n<meta property=\"og:description\" content=\"O SBT completou a equipe de transmiss\u00e3o para a partida entre Flamengo x Indepediente Del Valle (EQU) amanh\u00e3 (30), com transmiss\u00e3o come\u00e7ando \u00e0s 21h15, pela quinta rodada da Libertadores da Am\u00e9rica. Ap\u00f3s definir a narra\u00e7\u00e3o de Luiz Alano e Eug\u00eanio Leal, emprestado da Disney para os coment\u00e1rios, a emissora de Silvio Santos fechou com J\u00fanior [&hellip;]\" \/>\n<meta property=\"og:url\" content=\"https:\/\/www.gaveanews.com\/index.php\/2020\/09\/29\/ex-zagueiro-do-flamengo-participara-da-transmissao-do-sbt\/\" \/>\n<meta property=\"og:site_name\" content=\"G\u00e1vea News\" \/>\n<meta property=\"article:publisher\" content=\"https:\/\/facebook.com\/gaveaNews\/\" \/>\n<meta property=\"article:published_time\" content=\"2020-09-29T19:06:33+00:00\" \/>\n<meta property=\"article:modified_time\" content=\"2020-09-29T19:06:36+00:00\" \/>\n<meta property=\"og:image\" content=\"https:\/\/www.gaveanews.com\/wp-content\/uploads\/20200712-flamengo-sbt.webp\" \/>\n\t<meta property=\"og:image:width\" content=\"1200\" \/>\n\t<meta property=\"og:image:height\" content=\"600\" \/>\n\t<meta property=\"og:image:type\" content=\"image\/png\" \/>\n<meta name=\"author\" content=\"Equipe G\u00e1vea News\" \/>\n<meta name=\"twitter:card\" content=\"summary_large_image\" \/>\n<meta name=\"twitter:label1\" content=\"Escrito por\" \/>\n\t<meta name=\"twitter:data1\" content=\"Equipe G\u00e1vea News\" \/>\n\t<meta name=\"twitter:label2\" content=\"Est. tempo de leitura\" \/>\n\t<meta name=\"twitter:data2\" content=\"2 minutos\" \/>\n<script type=\"application\/ld+json\" class=\"yoast-schema-graph\">{\"@context\":\"https:\/\/schema.org\",\"@graph\":[{\"@type\":\"NewsArticle\",\"@id\":\"https:\/\/www.gaveanews.com\/index.php\/2020\/09\/29\/ex-zagueiro-do-flamengo-participara-da-transmissao-do-sbt\/#article\",\"isPartOf\":{\"@id\":\"https:\/\/www.gaveanews.com\/index.php\/2020\/09\/29\/ex-zagueiro-do-flamengo-participara-da-transmissao-do-sbt\/\"},\"author\":{\"name\":\"Equipe G\u00e1vea News\",\"@id\":\"https:\/\/www.gaveanews.com\/#\/schema\/person\/2ec14f73fb96be2caf28f91afb14749d\"},\"headline\":\"Ex-zagueiro do Flamengo participar\u00e1 da transmiss\u00e3o do SBT\",\"datePublished\":\"2020-09-29T19:06:33+00:00\",\"dateModified\":\"2020-09-29T19:06:36+00:00\",\"mainEntityOfPage\":{\"@id\":\"https:\/\/www.gaveanews.com\/index.php\/2020\/09\/29\/ex-zagueiro-do-flamengo-participara-da-transmissao-do-sbt\/\"},\"wordCount\":487,\"commentCount\":3,\"image\":{\"@id\":\"https:\/\/www.gaveanews.com\/index.php\/2020\/09\/29\/ex-zagueiro-do-flamengo-participara-da-transmissao-do-sbt\/#primaryimage\"},\"thumbnailUrl\":\"https:\/\/www.gaveanews.com\/wp-content\/uploads\/20200712-flamengo-sbt.webp\",\"articleSection\":[\"Flamengo\"],\"inLanguage\":\"pt-BR\",\"potentialAction\":[{\"@type\":\"CommentAction\",\"name\":\"Comment\",\"target\":[\"https:\/\/www.gaveanews.com\/index.php\/2020\/09\/29\/ex-zagueiro-do-flamengo-participara-da-transmissao-do-sbt\/#respond\"]}],\"copyrightYear\":\"2020\",\"copyrightHolder\":{\"@id\":\"https:\/\/www.gaveanews.com\/#organization\"}},{\"@type\":\"WebPage\",\"@id\":\"https:\/\/www.gaveanews.com\/index.php\/2020\/09\/29\/ex-zagueiro-do-flamengo-participara-da-transmissao-do-sbt\/\",\"url\":\"https:\/\/www.gaveanews.com\/index.php\/2020\/09\/29\/ex-zagueiro-do-flamengo-participara-da-transmissao-do-sbt\/\",\"name\":\"Ex-zagueiro do Flamengo participar\u00e1 da transmiss\u00e3o do SBT\",\"isPartOf\":{\"@id\":\"https:\/\/www.gaveanews.com\/#website\"},\"primaryImageOfPage\":{\"@id\":\"https:\/\/www.gaveanews.com\/index.php\/2020\/09\/29\/ex-zagueiro-do-flamengo-participara-da-transmissao-do-sbt\/#primaryimage\"},\"image\":{\"@id\":\"https:\/\/www.gaveanews.com\/index.php\/2020\/09\/29\/ex-zagueiro-do-flamengo-participara-da-transmissao-do-sbt\/#primaryimage\"},\"thumbnailUrl\":\"https:\/\/www.gaveanews.com\/wp-content\/uploads\/20200712-flamengo-sbt.webp\",\"datePublished\":\"2020-09-29T19:06:33+00:00\",\"dateModified\":\"2020-09-29T19:06:36+00:00\",\"author\":{\"@id\":\"https:\/\/www.gaveanews.com\/#\/schema\/person\/2ec14f73fb96be2caf28f91afb14749d\"},\"breadcrumb\":{\"@id\":\"https:\/\/www.gaveanews.com\/index.php\/2020\/09\/29\/ex-zagueiro-do-flamengo-participara-da-transmissao-do-sbt\/#breadcrumb\"},\"inLanguage\":\"pt-BR\",\"potentialAction\":[{\"@type\":\"ReadAction\",\"target\":[\"https:\/\/www.gaveanews.com\/index.php\/2020\/09\/29\/ex-zagueiro-do-flamengo-participara-da-transmissao-do-sbt\/\"]}]},{\"@type\":\"ImageObject\",\"inLanguage\":\"pt-BR\",\"@id\":\"https:\/\/www.gaveanews.com\/index.php\/2020\/09\/29\/ex-zagueiro-do-flamengo-participara-da-transmissao-do-sbt\/#primaryimage\",\"url\":\"https:\/\/www.gaveanews.com\/wp-content\/uploads\/20200712-flamengo-sbt.webp\",\"contentUrl\":\"https:\/\/www.gaveanews.com\/wp-content\/uploads\/20200712-flamengo-sbt.webp\",\"width\":1200,\"height\":600},{\"@type\":\"BreadcrumbList\",\"@id\":\"https:\/\/www.gaveanews.com\/index.php\/2020\/09\/29\/ex-zagueiro-do-flamengo-participara-da-transmissao-do-sbt\/#breadcrumb\",\"itemListElement\":[{\"@type\":\"ListItem\",\"position\":1,\"name\":\"Home\",\"item\":\"https:\/\/www.gaveanews.com\/\"},{\"@type\":\"ListItem\",\"position\":2,\"name\":\"Ex-zagueiro do Flamengo participar\u00e1 da transmiss\u00e3o do SBT\"}]},{\"@type\":\"WebSite\",\"@id\":\"https:\/\/www.gaveanews.com\/#website\",\"url\":\"https:\/\/www.gaveanews.com\/\",\"name\":\"G\u00e1vea News\",\"description\":\"Veja todas as not\u00edcias sobre o Flamengo: Contrata\u00e7\u00f5es, categorias de base, resultados das partidas, tabela de classifica\u00e7\u00e3o, pr\u00f3ximos jogos!\",\"potentialAction\":[{\"@type\":\"SearchAction\",\"target\":{\"@type\":\"EntryPoint\",\"urlTemplate\":\"https:\/\/www.gaveanews.com\/?s={search_term_string}\"},\"query-input\":{\"@type\":\"PropertyValueSpecification\",\"valueRequired\":true,\"valueName\":\"search_term_string\"}}],\"inLanguage\":\"pt-BR\"},{\"@type\":\"Person\",\"@id\":\"https:\/\/www.gaveanews.com\/#\/schema\/person\/2ec14f73fb96be2caf28f91afb14749d\",\"name\":\"Equipe G\u00e1vea News\",\"image\":{\"@type\":\"ImageObject\",\"inLanguage\":\"pt-BR\",\"@id\":\"https:\/\/www.gaveanews.com\/#\/schema\/person\/image\/\",\"url\":\"https:\/\/secure.gravatar.com\/avatar\/1e1956f1facbffd3f8fa53a326721950116b3b9dc9bd44939c01180fd4a745a9?s=96&d=mm&r=g\",\"contentUrl\":\"https:\/\/secure.gravatar.com\/avatar\/1e1956f1facbffd3f8fa53a326721950116b3b9dc9bd44939c01180fd4a745a9?s=96&d=mm&r=g\",\"caption\":\"Equipe G\u00e1vea News\"}}]}<\/script>\n<!-- \/ Yoast SEO Premium plugin. -->","yoast_head_json":{"title":"Ex-zagueiro do Flamengo participar\u00e1 da transmiss\u00e3o do SBT","robots":{"index":"index","follow":"follow","max-snippet":"max-snippet:-1","max-image-preview":"max-image-preview:large","max-video-preview":"max-video-preview:-1"},"canonical":"https:\/\/www.gaveanews.com\/index.php\/2020\/09\/29\/ex-zagueiro-do-flamengo-participara-da-transmissao-do-sbt\/","og_locale":"pt_BR","og_type":"article","og_title":"Ex-zagueiro do Flamengo participar\u00e1 da transmiss\u00e3o do SBT","og_description":"O SBT completou a equipe de transmiss\u00e3o para a partida entre Flamengo x Indepediente Del Valle (EQU) amanh\u00e3 (30), com transmiss\u00e3o come\u00e7ando \u00e0s 21h15, pela quinta rodada da Libertadores da Am\u00e9rica. Ap\u00f3s definir a narra\u00e7\u00e3o de Luiz Alano e Eug\u00eanio Leal, emprestado da Disney para os coment\u00e1rios, a emissora de Silvio Santos fechou com J\u00fanior [&hellip;]","og_url":"https:\/\/www.gaveanews.com\/index.php\/2020\/09\/29\/ex-zagueiro-do-flamengo-participara-da-transmissao-do-sbt\/","og_site_name":"G\u00e1vea News","article_publisher":"https:\/\/facebook.com\/gaveaNews\/","article_published_time":"2020-09-29T19:06:33+00:00","article_modified_time":"2020-09-29T19:06:36+00:00","og_image":[{"width":1200,"height":600,"url":"https:\/\/www.gaveanews.com\/wp-content\/uploads\/20200712-flamengo-sbt.webp","type":"image\/png"}],"author":"Equipe G\u00e1vea News","twitter_card":"summary_large_image","twitter_misc":{"Escrito por":"Equipe G\u00e1vea News","Est. tempo de leitura":"2 minutos"},"schema":{"@context":"https:\/\/schema.org","@graph":[{"@type":"NewsArticle","@id":"https:\/\/www.gaveanews.com\/index.php\/2020\/09\/29\/ex-zagueiro-do-flamengo-participara-da-transmissao-do-sbt\/#article","isPartOf":{"@id":"https:\/\/www.gaveanews.com\/index.php\/2020\/09\/29\/ex-zagueiro-do-flamengo-participara-da-transmissao-do-sbt\/"},"author":{"name":"Equipe G\u00e1vea News","@id":"https:\/\/www.gaveanews.com\/#\/schema\/person\/2ec14f73fb96be2caf28f91afb14749d"},"headline":"Ex-zagueiro do Flamengo participar\u00e1 da transmiss\u00e3o do SBT","datePublished":"2020-09-29T19:06:33+00:00","dateModified":"2020-09-29T19:06:36+00:00","mainEntityOfPage":{"@id":"https:\/\/www.gaveanews.com\/index.php\/2020\/09\/29\/ex-zagueiro-do-flamengo-participara-da-transmissao-do-sbt\/"},"wordCount":487,"commentCount":3,"image":{"@id":"https:\/\/www.gaveanews.com\/index.php\/2020\/09\/29\/ex-zagueiro-do-flamengo-participara-da-transmissao-do-sbt\/#primaryimage"},"thumbnailUrl":"https:\/\/www.gaveanews.com\/wp-content\/uploads\/20200712-flamengo-sbt.webp","articleSection":["Flamengo"],"inLanguage":"pt-BR","potentialAction":[{"@type":"CommentAction","name":"Comment","target":["https:\/\/www.gaveanews.com\/index.php\/2020\/09\/29\/ex-zagueiro-do-flamengo-participara-da-transmissao-do-sbt\/#respond"]}],"copyrightYear":"2020","copyrightHolder":{"@id":"https:\/\/www.gaveanews.com\/#organization"}},{"@type":"WebPage","@id":"https:\/\/www.gaveanews.com\/index.php\/2020\/09\/29\/ex-zagueiro-do-flamengo-participara-da-transmissao-do-sbt\/","url":"https:\/\/www.gaveanews.com\/index.php\/2020\/09\/29\/ex-zagueiro-do-flamengo-participara-da-transmissao-do-sbt\/","name":"Ex-zagueiro do Flamengo participar\u00e1 da transmiss\u00e3o do SBT","isPartOf":{"@id":"https:\/\/www.gaveanews.com\/#website"},"primaryImageOfPage":{"@id":"https:\/\/www.gaveanews.com\/index.php\/2020\/09\/29\/ex-zagueiro-do-flamengo-participara-da-transmissao-do-sbt\/#primaryimage"},"image":{"@id":"https:\/\/www.gaveanews.com\/index.php\/2020\/09\/29\/ex-zagueiro-do-flamengo-participara-da-transmissao-do-sbt\/#primaryimage"},"thumbnailUrl":"https:\/\/www.gaveanews.com\/wp-content\/uploads\/20200712-flamengo-sbt.webp","datePublished":"2020-09-29T19:06:33+00:00","dateModified":"2020-09-29T19:06:36+00:00","author":{"@id":"https:\/\/www.gaveanews.com\/#\/schema\/person\/2ec14f73fb96be2caf28f91afb14749d"},"breadcrumb":{"@id":"https:\/\/www.gaveanews.com\/index.php\/2020\/09\/29\/ex-zagueiro-do-flamengo-participara-da-transmissao-do-sbt\/#breadcrumb"},"inLanguage":"pt-BR","potentialAction":[{"@type":"ReadAction","target":["https:\/\/www.gaveanews.com\/index.php\/2020\/09\/29\/ex-zagueiro-do-flamengo-participara-da-transmissao-do-sbt\/"]}]},{"@type":"ImageObject","inLanguage":"pt-BR","@id":"https:\/\/www.gaveanews.com\/index.php\/2020\/09\/29\/ex-zagueiro-do-flamengo-participara-da-transmissao-do-sbt\/#primaryimage","url":"https:\/\/www.gaveanews.com\/wp-content\/uploads\/20200712-flamengo-sbt.webp","contentUrl":"https:\/\/www.gaveanews.com\/wp-content\/uploads\/20200712-flamengo-sbt.webp","width":1200,"height":600},{"@type":"BreadcrumbList","@id":"https:\/\/www.gaveanews.com\/index.php\/2020\/09\/29\/ex-zagueiro-do-flamengo-participara-da-transmissao-do-sbt\/#breadcrumb","itemListElement":[{"@type":"ListItem","position":1,"name":"Home","item":"https:\/\/www.gaveanews.com\/"},{"@type":"ListItem","position":2,"name":"Ex-zagueiro do Flamengo participar\u00e1 da transmiss\u00e3o do SBT"}]},{"@type":"WebSite","@id":"https:\/\/www.gaveanews.com\/#website","url":"https:\/\/www.gaveanews.com\/","name":"G\u00e1vea News","description":"Veja todas as not\u00edcias sobre o Flamengo: Contrata\u00e7\u00f5es, categorias de base, resultados das partidas, tabela de classifica\u00e7\u00e3o, pr\u00f3ximos jogos!","potentialAction":[{"@type":"SearchAction","target":{"@type":"EntryPoint","urlTemplate":"https:\/\/www.gaveanews.com\/?s={search_term_string}"},"query-input":{"@type":"PropertyValueSpecification","valueRequired":true,"valueName":"search_term_string"}}],"inLanguage":"pt-BR"},{"@type":"Person","@id":"https:\/\/www.gaveanews.com\/#\/schema\/person\/2ec14f73fb96be2caf28f91afb14749d","name":"Equipe G\u00e1vea News","image":{"@type":"ImageObject","inLanguage":"pt-BR","@id":"https:\/\/www.gaveanews.com\/#\/schema\/person\/image\/","url":"https:\/\/secure.gravatar.com\/avatar\/1e1956f1facbffd3f8fa53a326721950116b3b9dc9bd44939c01180fd4a745a9?s=96&d=mm&r=g","contentUrl":"https:\/\/secure.gravatar.com\/avatar\/1e1956f1facbffd3f8fa53a326721950116b3b9dc9bd44939c01180fd4a745a9?s=96&d=mm&r=g","caption":"Equipe G\u00e1vea News"}}]}},"_links":{"self":[{"href":"https:\/\/www.gaveanews.com\/index.php\/wp-json\/wp\/v2\/posts\/48180","targetHints":{"allow":["GET"]}}],"collection":[{"href":"https:\/\/www.gaveanews.com\/index.php\/wp-json\/wp\/v2\/posts"}],"about":[{"href":"https:\/\/www.gaveanews.com\/index.php\/wp-json\/wp\/v2\/types\/post"}],"author":[{"embeddable":true,"href":"https:\/\/www.gaveanews.com\/index.php\/wp-json\/wp\/v2\/users\/1"}],"replies":[{"embeddable":true,"href":"https:\/\/www.gaveanews.com\/index.php\/wp-json\/wp\/v2\/comments?post=48180"}],"version-history":[{"count":0,"href":"https:\/\/www.gaveanews.com\/index.php\/wp-json\/wp\/v2\/posts\/48180\/revisions"}],"wp:featuredmedia":[{"embeddable":true,"href":"https:\/\/www.gaveanews.com\/index.php\/wp-json\/wp\/v2\/media\/43396"}],"wp:attachment":[{"href":"https:\/\/www.gaveanews.com\/index.php\/wp-json\/wp\/v2\/media?parent=48180"}],"wp:term":[{"taxonomy":"category","embeddable":true,"href":"https:\/\/www.gaveanews.com\/index.php\/wp-json\/wp\/v2\/categories?post=48180"},{"taxonomy":"post_tag","embeddable":true,"href":"https:\/\/www.gaveanews.com\/index.php\/wp-json\/wp\/v2\/tags?post=48180"}],"curies":[{"name":"wp","href":"https:\/\/api.w.org\/{rel}","templated":true}]}}