{"id":48197,"date":"2020-09-29T21:41:37","date_gmt":"2020-09-30T00:41:37","guid":{"rendered":"https:\/\/www.gaveanews.com\/?p=48197"},"modified":"2020-09-29T21:41:41","modified_gmt":"2020-09-30T00:41:41","slug":"comentarista-contesta-titularidade-de-bruno-henrique-e-gabigol-no-flamengo-ate-quando-o-pedro-sera-reserva","status":"publish","type":"post","link":"https:\/\/www.gaveanews.com\/index.php\/2020\/09\/29\/comentarista-contesta-titularidade-de-bruno-henrique-e-gabigol-no-flamengo-ate-quando-o-pedro-sera-reserva\/","title":{"rendered":"Comentarista contesta titularidade de Bruno Henrique e Gabigol no Flamengo: &#8216;At\u00e9 quando o Pedro ser\u00e1 reserva?&#8217;"},"content":{"rendered":"\n<p>O bom momento de Pedro no Flamengo come\u00e7a a fazer com que alguns jornalistas passem a pedir a sua titularidade na equipe de Dom\u00e8nec Torrent. O comentarista do SporTV, Arnaldo Ribeiro, afirmou que o jogador j\u00e1 merece uma vaga entre os titulares da equipe.<\/p>\n\n\n\n<p>&#8220;Agora voc\u00ea pode perguntar assim: quando tiver Gabigol, Bruno Henrique, que n\u00e3o jogou bem esse ano at\u00e9 agora, e Pedro, faz sentido ainda manter a dupla Gabigol e Bruno Henrique? Porque o Pedro \u00e9 dos grandes atacantes do futebol brasileiro, o Pedro seria titular em todos os outros 19 times das S\u00e9rie A, inclusive no Galo, que lidera o campeonato&#8221;, afirmou em participa\u00e7\u00e3o no podscast &#8220;Posse de Bola&#8221;.<\/p>\n\n\n\n<p>Arnaldo ainda relembrou que Gabigol n\u00e3o gostou muito de fazer parte do rod\u00edzio de Dome, por\u00e9m, dentro de campo, quando entra Pedro tem ido bem.<\/p>\n\n\n\n<p>&#8220;Pedro passou a ser aquele cara que o Mauro vinha falando para mim &#8221;olha, o Gabigol vai fazer biquinho&#8217;, agora, depois de o Gabigol n\u00e3o poder jogar essas partidas \u00e9picas do Flamengo tanto em Guayaquil quanto no Allianz Parque deu conta do recado, o Pedro deu a resposta&#8221;, disse.<\/p>\n\n\n\n<p>Retirado de: O Dia<\/p>\n","protected":false},"excerpt":{"rendered":"<p>O bom momento de Pedro no Flamengo come\u00e7a a fazer com que alguns jornalistas passem a pedir a sua titularidade na equipe de Dom\u00e8nec Torrent. O comentarista do SporTV, Arnaldo Ribeiro, afirmou que o jogador j\u00e1 merece uma vaga entre os titulares da equipe. &#8220;Agora voc\u00ea pode perguntar assim: quando tiver Gabigol, Bruno Henrique, que [&hellip;]<\/p>\n","protected":false},"author":1,"featured_media":48068,"comment_status":"open","ping_status":"closed","sticky":false,"template":"","format":"standard","meta":{"footnotes":""},"categories":[47],"tags":[],"class_list":["post-48197","post","type-post","status-publish","format-standard","has-post-thumbnail","hentry","category-destaques"],"yoast_head":"<!-- This site is optimized with the Yoast SEO Premium plugin v24.2 (Yoast SEO v26.9) - https:\/\/yoast.com\/product\/yoast-seo-premium-wordpress\/ -->\n<title>Comentarista contesta titularidade de Bruno H. e Gabigol no Flamengo<\/title>\n<meta name=\"description\" content=\"&quot;O Pedro \u00e9 dos grandes atacantes do futebol brasileiro, o Pedro seria titular em todos os outros 19 times das S\u00e9rie A&quot;.\" \/>\n<meta name=\"robots\" content=\"index, follow, max-snippet:-1, max-image-preview:large, max-video-preview:-1\" \/>\n<link rel=\"canonical\" href=\"https:\/\/www.gaveanews.com\/index.php\/2020\/09\/29\/comentarista-contesta-titularidade-de-bruno-henrique-e-gabigol-no-flamengo-ate-quando-o-pedro-sera-reserva\/\" \/>\n<meta property=\"og:locale\" content=\"pt_BR\" \/>\n<meta property=\"og:type\" content=\"article\" \/>\n<meta property=\"og:title\" content=\"Comentarista contesta titularidade de Bruno Henrique e Gabigol no Flamengo: &#039;At\u00e9 quando o Pedro ser\u00e1 reserva?&#039;\" \/>\n<meta property=\"og:description\" content=\"&quot;O Pedro \u00e9 dos grandes atacantes do futebol brasileiro, o Pedro seria titular em todos os outros 19 times das S\u00e9rie A&quot;.\" \/>\n<meta property=\"og:url\" content=\"https:\/\/www.gaveanews.com\/index.php\/2020\/09\/29\/comentarista-contesta-titularidade-de-bruno-henrique-e-gabigol-no-flamengo-ate-quando-o-pedro-sera-reserva\/\" \/>\n<meta property=\"og:site_name\" content=\"G\u00e1vea News\" \/>\n<meta property=\"article:publisher\" content=\"https:\/\/facebook.com\/gaveaNews\/\" \/>\n<meta property=\"article:published_time\" content=\"2020-09-30T00:41:37+00:00\" \/>\n<meta property=\"article:modified_time\" content=\"2020-09-30T00:41:41+00:00\" \/>\n<meta property=\"og:image\" content=\"https:\/\/www.gaveanews.com\/wp-content\/uploads\/Pedro-comemora-apos-marcar-contra-o-Palmeiras-no-Campeonato-Brasileiro-de-2020.webp\" \/>\n\t<meta property=\"og:image:width\" content=\"1080\" \/>\n\t<meta property=\"og:image:height\" content=\"718\" \/>\n\t<meta property=\"og:image:type\" content=\"image\/jpeg\" \/>\n<meta name=\"author\" content=\"Equipe G\u00e1vea News\" \/>\n<meta name=\"twitter:card\" content=\"summary_large_image\" \/>\n<meta name=\"twitter:label1\" content=\"Escrito por\" \/>\n\t<meta name=\"twitter:data1\" content=\"Equipe G\u00e1vea News\" \/>\n\t<meta name=\"twitter:label2\" content=\"Est. tempo de leitura\" \/>\n\t<meta name=\"twitter:data2\" content=\"1 minuto\" \/>\n<script type=\"application\/ld+json\" class=\"yoast-schema-graph\">{\"@context\":\"https:\/\/schema.org\",\"@graph\":[{\"@type\":\"NewsArticle\",\"@id\":\"https:\/\/www.gaveanews.com\/index.php\/2020\/09\/29\/comentarista-contesta-titularidade-de-bruno-henrique-e-gabigol-no-flamengo-ate-quando-o-pedro-sera-reserva\/#article\",\"isPartOf\":{\"@id\":\"https:\/\/www.gaveanews.com\/index.php\/2020\/09\/29\/comentarista-contesta-titularidade-de-bruno-henrique-e-gabigol-no-flamengo-ate-quando-o-pedro-sera-reserva\/\"},\"author\":{\"name\":\"Equipe G\u00e1vea News\",\"@id\":\"https:\/\/www.gaveanews.com\/#\/schema\/person\/2ec14f73fb96be2caf28f91afb14749d\"},\"headline\":\"Comentarista contesta titularidade de Bruno Henrique e Gabigol no Flamengo: &#8216;At\u00e9 quando o Pedro ser\u00e1 reserva?&#8217;\",\"datePublished\":\"2020-09-30T00:41:37+00:00\",\"dateModified\":\"2020-09-30T00:41:41+00:00\",\"mainEntityOfPage\":{\"@id\":\"https:\/\/www.gaveanews.com\/index.php\/2020\/09\/29\/comentarista-contesta-titularidade-de-bruno-henrique-e-gabigol-no-flamengo-ate-quando-o-pedro-sera-reserva\/\"},\"wordCount\":213,\"commentCount\":3,\"image\":{\"@id\":\"https:\/\/www.gaveanews.com\/index.php\/2020\/09\/29\/comentarista-contesta-titularidade-de-bruno-henrique-e-gabigol-no-flamengo-ate-quando-o-pedro-sera-reserva\/#primaryimage\"},\"thumbnailUrl\":\"https:\/\/www.gaveanews.com\/wp-content\/uploads\/Pedro-comemora-apos-marcar-contra-o-Palmeiras-no-Campeonato-Brasileiro-de-2020.webp\",\"articleSection\":[\"Destaques\"],\"inLanguage\":\"pt-BR\",\"potentialAction\":[{\"@type\":\"CommentAction\",\"name\":\"Comment\",\"target\":[\"https:\/\/www.gaveanews.com\/index.php\/2020\/09\/29\/comentarista-contesta-titularidade-de-bruno-henrique-e-gabigol-no-flamengo-ate-quando-o-pedro-sera-reserva\/#respond\"]}],\"copyrightYear\":\"2020\",\"copyrightHolder\":{\"@id\":\"https:\/\/www.gaveanews.com\/#organization\"}},{\"@type\":\"WebPage\",\"@id\":\"https:\/\/www.gaveanews.com\/index.php\/2020\/09\/29\/comentarista-contesta-titularidade-de-bruno-henrique-e-gabigol-no-flamengo-ate-quando-o-pedro-sera-reserva\/\",\"url\":\"https:\/\/www.gaveanews.com\/index.php\/2020\/09\/29\/comentarista-contesta-titularidade-de-bruno-henrique-e-gabigol-no-flamengo-ate-quando-o-pedro-sera-reserva\/\",\"name\":\"Comentarista contesta titularidade de Bruno H. e Gabigol no Flamengo\",\"isPartOf\":{\"@id\":\"https:\/\/www.gaveanews.com\/#website\"},\"primaryImageOfPage\":{\"@id\":\"https:\/\/www.gaveanews.com\/index.php\/2020\/09\/29\/comentarista-contesta-titularidade-de-bruno-henrique-e-gabigol-no-flamengo-ate-quando-o-pedro-sera-reserva\/#primaryimage\"},\"image\":{\"@id\":\"https:\/\/www.gaveanews.com\/index.php\/2020\/09\/29\/comentarista-contesta-titularidade-de-bruno-henrique-e-gabigol-no-flamengo-ate-quando-o-pedro-sera-reserva\/#primaryimage\"},\"thumbnailUrl\":\"https:\/\/www.gaveanews.com\/wp-content\/uploads\/Pedro-comemora-apos-marcar-contra-o-Palmeiras-no-Campeonato-Brasileiro-de-2020.webp\",\"datePublished\":\"2020-09-30T00:41:37+00:00\",\"dateModified\":\"2020-09-30T00:41:41+00:00\",\"author\":{\"@id\":\"https:\/\/www.gaveanews.com\/#\/schema\/person\/2ec14f73fb96be2caf28f91afb14749d\"},\"description\":\"\\\"O Pedro \u00e9 dos grandes atacantes do futebol brasileiro, o Pedro seria titular em todos os outros 19 times das S\u00e9rie A\\\".\",\"breadcrumb\":{\"@id\":\"https:\/\/www.gaveanews.com\/index.php\/2020\/09\/29\/comentarista-contesta-titularidade-de-bruno-henrique-e-gabigol-no-flamengo-ate-quando-o-pedro-sera-reserva\/#breadcrumb\"},\"inLanguage\":\"pt-BR\",\"potentialAction\":[{\"@type\":\"ReadAction\",\"target\":[\"https:\/\/www.gaveanews.com\/index.php\/2020\/09\/29\/comentarista-contesta-titularidade-de-bruno-henrique-e-gabigol-no-flamengo-ate-quando-o-pedro-sera-reserva\/\"]}]},{\"@type\":\"ImageObject\",\"inLanguage\":\"pt-BR\",\"@id\":\"https:\/\/www.gaveanews.com\/index.php\/2020\/09\/29\/comentarista-contesta-titularidade-de-bruno-henrique-e-gabigol-no-flamengo-ate-quando-o-pedro-sera-reserva\/#primaryimage\",\"url\":\"https:\/\/www.gaveanews.com\/wp-content\/uploads\/Pedro-comemora-apos-marcar-contra-o-Palmeiras-no-Campeonato-Brasileiro-de-2020.webp\",\"contentUrl\":\"https:\/\/www.gaveanews.com\/wp-content\/uploads\/Pedro-comemora-apos-marcar-contra-o-Palmeiras-no-Campeonato-Brasileiro-de-2020.webp\",\"width\":1080,\"height\":718,\"caption\":\"Pedro comemora ap\u00f3s marcar contra o Palmeiras no Campeonato Brasileiro de 2020 (Foto: Alexandre Vidal\/Flamengo)\"},{\"@type\":\"BreadcrumbList\",\"@id\":\"https:\/\/www.gaveanews.com\/index.php\/2020\/09\/29\/comentarista-contesta-titularidade-de-bruno-henrique-e-gabigol-no-flamengo-ate-quando-o-pedro-sera-reserva\/#breadcrumb\",\"itemListElement\":[{\"@type\":\"ListItem\",\"position\":1,\"name\":\"Home\",\"item\":\"https:\/\/www.gaveanews.com\/\"},{\"@type\":\"ListItem\",\"position\":2,\"name\":\"Comentarista contesta titularidade de Bruno Henrique e Gabigol no Flamengo: &#8216;At\u00e9 quando o Pedro ser\u00e1 reserva?&#8217;\"}]},{\"@type\":\"WebSite\",\"@id\":\"https:\/\/www.gaveanews.com\/#website\",\"url\":\"https:\/\/www.gaveanews.com\/\",\"name\":\"G\u00e1vea News\",\"description\":\"Veja todas as not\u00edcias sobre o Flamengo: Contrata\u00e7\u00f5es, categorias de base, resultados das partidas, tabela de classifica\u00e7\u00e3o, pr\u00f3ximos jogos!\",\"potentialAction\":[{\"@type\":\"SearchAction\",\"target\":{\"@type\":\"EntryPoint\",\"urlTemplate\":\"https:\/\/www.gaveanews.com\/?s={search_term_string}\"},\"query-input\":{\"@type\":\"PropertyValueSpecification\",\"valueRequired\":true,\"valueName\":\"search_term_string\"}}],\"inLanguage\":\"pt-BR\"},{\"@type\":\"Person\",\"@id\":\"https:\/\/www.gaveanews.com\/#\/schema\/person\/2ec14f73fb96be2caf28f91afb14749d\",\"name\":\"Equipe G\u00e1vea News\",\"image\":{\"@type\":\"ImageObject\",\"inLanguage\":\"pt-BR\",\"@id\":\"https:\/\/www.gaveanews.com\/#\/schema\/person\/image\/\",\"url\":\"https:\/\/secure.gravatar.com\/avatar\/1e1956f1facbffd3f8fa53a326721950116b3b9dc9bd44939c01180fd4a745a9?s=96&d=mm&r=g\",\"contentUrl\":\"https:\/\/secure.gravatar.com\/avatar\/1e1956f1facbffd3f8fa53a326721950116b3b9dc9bd44939c01180fd4a745a9?s=96&d=mm&r=g\",\"caption\":\"Equipe G\u00e1vea News\"}}]}<\/script>\n<!-- \/ Yoast SEO Premium plugin. -->","yoast_head_json":{"title":"Comentarista contesta titularidade de Bruno H. e Gabigol no Flamengo","description":"\"O Pedro \u00e9 dos grandes atacantes do futebol brasileiro, o Pedro seria titular em todos os outros 19 times das S\u00e9rie A\".","robots":{"index":"index","follow":"follow","max-snippet":"max-snippet:-1","max-image-preview":"max-image-preview:large","max-video-preview":"max-video-preview:-1"},"canonical":"https:\/\/www.gaveanews.com\/index.php\/2020\/09\/29\/comentarista-contesta-titularidade-de-bruno-henrique-e-gabigol-no-flamengo-ate-quando-o-pedro-sera-reserva\/","og_locale":"pt_BR","og_type":"article","og_title":"Comentarista contesta titularidade de Bruno Henrique e Gabigol no Flamengo: 'At\u00e9 quando o Pedro ser\u00e1 reserva?'","og_description":"\"O Pedro \u00e9 dos grandes atacantes do futebol brasileiro, o Pedro seria titular em todos os outros 19 times das S\u00e9rie A\".","og_url":"https:\/\/www.gaveanews.com\/index.php\/2020\/09\/29\/comentarista-contesta-titularidade-de-bruno-henrique-e-gabigol-no-flamengo-ate-quando-o-pedro-sera-reserva\/","og_site_name":"G\u00e1vea News","article_publisher":"https:\/\/facebook.com\/gaveaNews\/","article_published_time":"2020-09-30T00:41:37+00:00","article_modified_time":"2020-09-30T00:41:41+00:00","og_image":[{"width":1080,"height":718,"url":"https:\/\/www.gaveanews.com\/wp-content\/uploads\/Pedro-comemora-apos-marcar-contra-o-Palmeiras-no-Campeonato-Brasileiro-de-2020.webp","type":"image\/jpeg"}],"author":"Equipe G\u00e1vea News","twitter_card":"summary_large_image","twitter_misc":{"Escrito por":"Equipe G\u00e1vea News","Est. tempo de leitura":"1 minuto"},"schema":{"@context":"https:\/\/schema.org","@graph":[{"@type":"NewsArticle","@id":"https:\/\/www.gaveanews.com\/index.php\/2020\/09\/29\/comentarista-contesta-titularidade-de-bruno-henrique-e-gabigol-no-flamengo-ate-quando-o-pedro-sera-reserva\/#article","isPartOf":{"@id":"https:\/\/www.gaveanews.com\/index.php\/2020\/09\/29\/comentarista-contesta-titularidade-de-bruno-henrique-e-gabigol-no-flamengo-ate-quando-o-pedro-sera-reserva\/"},"author":{"name":"Equipe G\u00e1vea News","@id":"https:\/\/www.gaveanews.com\/#\/schema\/person\/2ec14f73fb96be2caf28f91afb14749d"},"headline":"Comentarista contesta titularidade de Bruno Henrique e Gabigol no Flamengo: &#8216;At\u00e9 quando o Pedro ser\u00e1 reserva?&#8217;","datePublished":"2020-09-30T00:41:37+00:00","dateModified":"2020-09-30T00:41:41+00:00","mainEntityOfPage":{"@id":"https:\/\/www.gaveanews.com\/index.php\/2020\/09\/29\/comentarista-contesta-titularidade-de-bruno-henrique-e-gabigol-no-flamengo-ate-quando-o-pedro-sera-reserva\/"},"wordCount":213,"commentCount":3,"image":{"@id":"https:\/\/www.gaveanews.com\/index.php\/2020\/09\/29\/comentarista-contesta-titularidade-de-bruno-henrique-e-gabigol-no-flamengo-ate-quando-o-pedro-sera-reserva\/#primaryimage"},"thumbnailUrl":"https:\/\/www.gaveanews.com\/wp-content\/uploads\/Pedro-comemora-apos-marcar-contra-o-Palmeiras-no-Campeonato-Brasileiro-de-2020.webp","articleSection":["Destaques"],"inLanguage":"pt-BR","potentialAction":[{"@type":"CommentAction","name":"Comment","target":["https:\/\/www.gaveanews.com\/index.php\/2020\/09\/29\/comentarista-contesta-titularidade-de-bruno-henrique-e-gabigol-no-flamengo-ate-quando-o-pedro-sera-reserva\/#respond"]}],"copyrightYear":"2020","copyrightHolder":{"@id":"https:\/\/www.gaveanews.com\/#organization"}},{"@type":"WebPage","@id":"https:\/\/www.gaveanews.com\/index.php\/2020\/09\/29\/comentarista-contesta-titularidade-de-bruno-henrique-e-gabigol-no-flamengo-ate-quando-o-pedro-sera-reserva\/","url":"https:\/\/www.gaveanews.com\/index.php\/2020\/09\/29\/comentarista-contesta-titularidade-de-bruno-henrique-e-gabigol-no-flamengo-ate-quando-o-pedro-sera-reserva\/","name":"Comentarista contesta titularidade de Bruno H. e Gabigol no Flamengo","isPartOf":{"@id":"https:\/\/www.gaveanews.com\/#website"},"primaryImageOfPage":{"@id":"https:\/\/www.gaveanews.com\/index.php\/2020\/09\/29\/comentarista-contesta-titularidade-de-bruno-henrique-e-gabigol-no-flamengo-ate-quando-o-pedro-sera-reserva\/#primaryimage"},"image":{"@id":"https:\/\/www.gaveanews.com\/index.php\/2020\/09\/29\/comentarista-contesta-titularidade-de-bruno-henrique-e-gabigol-no-flamengo-ate-quando-o-pedro-sera-reserva\/#primaryimage"},"thumbnailUrl":"https:\/\/www.gaveanews.com\/wp-content\/uploads\/Pedro-comemora-apos-marcar-contra-o-Palmeiras-no-Campeonato-Brasileiro-de-2020.webp","datePublished":"2020-09-30T00:41:37+00:00","dateModified":"2020-09-30T00:41:41+00:00","author":{"@id":"https:\/\/www.gaveanews.com\/#\/schema\/person\/2ec14f73fb96be2caf28f91afb14749d"},"description":"\"O Pedro \u00e9 dos grandes atacantes do futebol brasileiro, o Pedro seria titular em todos os outros 19 times das S\u00e9rie A\".","breadcrumb":{"@id":"https:\/\/www.gaveanews.com\/index.php\/2020\/09\/29\/comentarista-contesta-titularidade-de-bruno-henrique-e-gabigol-no-flamengo-ate-quando-o-pedro-sera-reserva\/#breadcrumb"},"inLanguage":"pt-BR","potentialAction":[{"@type":"ReadAction","target":["https:\/\/www.gaveanews.com\/index.php\/2020\/09\/29\/comentarista-contesta-titularidade-de-bruno-henrique-e-gabigol-no-flamengo-ate-quando-o-pedro-sera-reserva\/"]}]},{"@type":"ImageObject","inLanguage":"pt-BR","@id":"https:\/\/www.gaveanews.com\/index.php\/2020\/09\/29\/comentarista-contesta-titularidade-de-bruno-henrique-e-gabigol-no-flamengo-ate-quando-o-pedro-sera-reserva\/#primaryimage","url":"https:\/\/www.gaveanews.com\/wp-content\/uploads\/Pedro-comemora-apos-marcar-contra-o-Palmeiras-no-Campeonato-Brasileiro-de-2020.webp","contentUrl":"https:\/\/www.gaveanews.com\/wp-content\/uploads\/Pedro-comemora-apos-marcar-contra-o-Palmeiras-no-Campeonato-Brasileiro-de-2020.webp","width":1080,"height":718,"caption":"Pedro comemora ap\u00f3s marcar contra o Palmeiras no Campeonato Brasileiro de 2020 (Foto: Alexandre Vidal\/Flamengo)"},{"@type":"BreadcrumbList","@id":"https:\/\/www.gaveanews.com\/index.php\/2020\/09\/29\/comentarista-contesta-titularidade-de-bruno-henrique-e-gabigol-no-flamengo-ate-quando-o-pedro-sera-reserva\/#breadcrumb","itemListElement":[{"@type":"ListItem","position":1,"name":"Home","item":"https:\/\/www.gaveanews.com\/"},{"@type":"ListItem","position":2,"name":"Comentarista contesta titularidade de Bruno Henrique e Gabigol no Flamengo: &#8216;At\u00e9 quando o Pedro ser\u00e1 reserva?&#8217;"}]},{"@type":"WebSite","@id":"https:\/\/www.gaveanews.com\/#website","url":"https:\/\/www.gaveanews.com\/","name":"G\u00e1vea News","description":"Veja todas as not\u00edcias sobre o Flamengo: Contrata\u00e7\u00f5es, categorias de base, resultados das partidas, tabela de classifica\u00e7\u00e3o, pr\u00f3ximos jogos!","potentialAction":[{"@type":"SearchAction","target":{"@type":"EntryPoint","urlTemplate":"https:\/\/www.gaveanews.com\/?s={search_term_string}"},"query-input":{"@type":"PropertyValueSpecification","valueRequired":true,"valueName":"search_term_string"}}],"inLanguage":"pt-BR"},{"@type":"Person","@id":"https:\/\/www.gaveanews.com\/#\/schema\/person\/2ec14f73fb96be2caf28f91afb14749d","name":"Equipe G\u00e1vea News","image":{"@type":"ImageObject","inLanguage":"pt-BR","@id":"https:\/\/www.gaveanews.com\/#\/schema\/person\/image\/","url":"https:\/\/secure.gravatar.com\/avatar\/1e1956f1facbffd3f8fa53a326721950116b3b9dc9bd44939c01180fd4a745a9?s=96&d=mm&r=g","contentUrl":"https:\/\/secure.gravatar.com\/avatar\/1e1956f1facbffd3f8fa53a326721950116b3b9dc9bd44939c01180fd4a745a9?s=96&d=mm&r=g","caption":"Equipe G\u00e1vea News"}}]}},"_links":{"self":[{"href":"https:\/\/www.gaveanews.com\/index.php\/wp-json\/wp\/v2\/posts\/48197","targetHints":{"allow":["GET"]}}],"collection":[{"href":"https:\/\/www.gaveanews.com\/index.php\/wp-json\/wp\/v2\/posts"}],"about":[{"href":"https:\/\/www.gaveanews.com\/index.php\/wp-json\/wp\/v2\/types\/post"}],"author":[{"embeddable":true,"href":"https:\/\/www.gaveanews.com\/index.php\/wp-json\/wp\/v2\/users\/1"}],"replies":[{"embeddable":true,"href":"https:\/\/www.gaveanews.com\/index.php\/wp-json\/wp\/v2\/comments?post=48197"}],"version-history":[{"count":0,"href":"https:\/\/www.gaveanews.com\/index.php\/wp-json\/wp\/v2\/posts\/48197\/revisions"}],"wp:featuredmedia":[{"embeddable":true,"href":"https:\/\/www.gaveanews.com\/index.php\/wp-json\/wp\/v2\/media\/48068"}],"wp:attachment":[{"href":"https:\/\/www.gaveanews.com\/index.php\/wp-json\/wp\/v2\/media?parent=48197"}],"wp:term":[{"taxonomy":"category","embeddable":true,"href":"https:\/\/www.gaveanews.com\/index.php\/wp-json\/wp\/v2\/categories?post=48197"},{"taxonomy":"post_tag","embeddable":true,"href":"https:\/\/www.gaveanews.com\/index.php\/wp-json\/wp\/v2\/tags?post=48197"}],"curies":[{"name":"wp","href":"https:\/\/api.w.org\/{rel}","templated":true}]}}