{"id":48207,"date":"2020-09-30T00:25:40","date_gmt":"2020-09-30T03:25:40","guid":{"rendered":"https:\/\/www.gaveanews.com\/?p=48207"},"modified":"2020-09-30T00:25:42","modified_gmt":"2020-09-30T03:25:42","slug":"palmeiras-recua-e-nao-deve-liderar-movimento-contra-o-flamengo","status":"publish","type":"post","link":"https:\/\/www.gaveanews.com\/index.php\/2020\/09\/30\/palmeiras-recua-e-nao-deve-liderar-movimento-contra-o-flamengo\/","title":{"rendered":"Palmeiras recua e n\u00e3o deve liderar movimento contra o Flamengo"},"content":{"rendered":"\n<p>A postura do Flamengo antes do jogo de domingo (27) revoltou praticamente todas as outras equipes da S\u00e9rie A do Brasileir\u00e3o, em especial o Palmeiras. Ainda que a diretoria alviverde tenha ficado irritada com a forma como atuou a c\u00fapula rubro-negra, o time paulista n\u00e3o deve \u201cjogar gasolina\u201d na crise envolvendo o clube carioca.<\/p>\n\n\n\n<p>A tentativa de adiamento da partida por liminares foi vista por algumas pessoas no Palmeiras como um \u201catentado ao futebol\u201d. Presidentes de outras equipes se manifestaram publicamente contr\u00e1rios ao Fla, mas a realiza\u00e7\u00e3o da partida fez o tumulto diminuir.<\/p>\n\n\n\n<p>Considera-se que o caso ainda poder\u00e1 ter repercuss\u00f5es no futebol brasileiro, uma vez que o Rubro-Negro ficou sozinho ao tentar mudar a data do jogo devido ao surto de Covid-19 em seu elenco, mesmo ap\u00f3s recusas da CBF e do Superior Tribunal de Justi\u00e7a Desportiva (STJD). A vis\u00e3o de que o time \u201ccruzou a linha\u201d \u00e9 compartilhada por mais equipes brasileiras.<\/p>\n\n\n\n<p>Maur\u00edcio Galiotte, ainda que bastante incomodado com o ato, n\u00e3o deve fazer fazer articula\u00e7\u00f5es nos bastidores contra o rival. Pessoas ligadas \u00e0 diretoria consideram que a discuss\u00e3o envolveu muito mais o conceito do protocolo dos clubes do que uma disputa direta com o Flamengo. Tanto que nem houve novo posicionamento depois de o presidente falar na paralisa\u00e7\u00e3o do campeonato, s\u00e1bado (26).<\/p>\n\n\n\n<p>Outro tema em que as diretorias de Palmeiras e Flamengo divergem \u00e9 sobre a volta do p\u00fablico aos est\u00e1dios. At\u00e9 antes destes problemas, a rela\u00e7\u00e3o entre as partes n\u00e3o era ruim nos bastidores. Os clubes, inclusive, est\u00e3o entre os principais articulares da Medida Provis\u00f3ria 984, que d\u00e1 ao mandante de uma partida de futebol no pa\u00eds o direito de transmiss\u00e3o do jogo.<\/p>\n\n\n\n<p>O entendimento \u00e9 de que o caso n\u00e3o pode atrapalhar o trabalho em favor da MP, que ir\u00e1 caducar e deixar\u00e1 de valer se n\u00e3o for votada no Congresso em duas semanas. A tend\u00eancia \u00e9 de que isto ocorra.<\/p>\n\n\n\n<p>Retirado de: UOL<\/p>\n","protected":false},"excerpt":{"rendered":"<p>A postura do Flamengo antes do jogo de domingo (27) revoltou praticamente todas as outras equipes da S\u00e9rie A do Brasileir\u00e3o, em especial o Palmeiras. Ainda que a diretoria alviverde tenha ficado irritada com a forma como atuou a c\u00fapula rubro-negra, o time paulista n\u00e3o deve \u201cjogar gasolina\u201d na crise envolvendo o clube carioca. A [&hellip;]<\/p>\n","protected":false},"author":1,"featured_media":48136,"comment_status":"open","ping_status":"closed","sticky":false,"template":"","format":"standard","meta":{"footnotes":""},"categories":[1],"tags":[],"class_list":["post-48207","post","type-post","status-publish","format-standard","has-post-thumbnail","hentry","category-flamengo"],"yoast_head":"<!-- This site is optimized with the Yoast SEO Premium plugin v24.2 (Yoast SEO v26.9) - https:\/\/yoast.com\/product\/yoast-seo-premium-wordpress\/ -->\n<title>Palmeiras recua e n\u00e3o deve liderar movimento contra o Flamengo<\/title>\n<meta name=\"robots\" content=\"index, follow, max-snippet:-1, max-image-preview:large, max-video-preview:-1\" \/>\n<link rel=\"canonical\" href=\"https:\/\/www.gaveanews.com\/index.php\/2020\/09\/30\/palmeiras-recua-e-nao-deve-liderar-movimento-contra-o-flamengo\/\" \/>\n<meta property=\"og:locale\" content=\"pt_BR\" \/>\n<meta property=\"og:type\" content=\"article\" \/>\n<meta property=\"og:title\" content=\"Palmeiras recua e n\u00e3o deve liderar movimento contra o Flamengo\" \/>\n<meta property=\"og:description\" content=\"A postura do Flamengo antes do jogo de domingo (27) revoltou praticamente todas as outras equipes da S\u00e9rie A do Brasileir\u00e3o, em especial o Palmeiras. Ainda que a diretoria alviverde tenha ficado irritada com a forma como atuou a c\u00fapula rubro-negra, o time paulista n\u00e3o deve \u201cjogar gasolina\u201d na crise envolvendo o clube carioca. A [&hellip;]\" \/>\n<meta property=\"og:url\" content=\"https:\/\/www.gaveanews.com\/index.php\/2020\/09\/30\/palmeiras-recua-e-nao-deve-liderar-movimento-contra-o-flamengo\/\" \/>\n<meta property=\"og:site_name\" content=\"G\u00e1vea News\" \/>\n<meta property=\"article:publisher\" content=\"https:\/\/facebook.com\/gaveaNews\/\" \/>\n<meta property=\"article:published_time\" content=\"2020-09-30T03:25:40+00:00\" \/>\n<meta property=\"article:modified_time\" content=\"2020-09-30T03:25:42+00:00\" \/>\n<meta property=\"og:image\" content=\"https:\/\/www.gaveanews.com\/wp-content\/uploads\/Felipe-Melo-e-Gerson-disputam-a-bola-durante-a-partida-entre-Flamengo-e-Palmeiras-disputada-no-dia-27-de-setembro-de-2020.webp\" \/>\n\t<meta property=\"og:image:width\" content=\"799\" \/>\n\t<meta property=\"og:image:height\" content=\"532\" \/>\n\t<meta property=\"og:image:type\" content=\"image\/jpeg\" \/>\n<meta name=\"author\" content=\"Equipe G\u00e1vea News\" \/>\n<meta name=\"twitter:card\" content=\"summary_large_image\" \/>\n<meta name=\"twitter:label1\" content=\"Escrito por\" \/>\n\t<meta name=\"twitter:data1\" content=\"Equipe G\u00e1vea News\" \/>\n\t<meta name=\"twitter:label2\" content=\"Est. tempo de leitura\" \/>\n\t<meta name=\"twitter:data2\" content=\"2 minutos\" \/>\n<script type=\"application\/ld+json\" class=\"yoast-schema-graph\">{\"@context\":\"https:\/\/schema.org\",\"@graph\":[{\"@type\":\"NewsArticle\",\"@id\":\"https:\/\/www.gaveanews.com\/index.php\/2020\/09\/30\/palmeiras-recua-e-nao-deve-liderar-movimento-contra-o-flamengo\/#article\",\"isPartOf\":{\"@id\":\"https:\/\/www.gaveanews.com\/index.php\/2020\/09\/30\/palmeiras-recua-e-nao-deve-liderar-movimento-contra-o-flamengo\/\"},\"author\":{\"name\":\"Equipe G\u00e1vea News\",\"@id\":\"https:\/\/www.gaveanews.com\/#\/schema\/person\/2ec14f73fb96be2caf28f91afb14749d\"},\"headline\":\"Palmeiras recua e n\u00e3o deve liderar movimento contra o Flamengo\",\"datePublished\":\"2020-09-30T03:25:40+00:00\",\"dateModified\":\"2020-09-30T03:25:42+00:00\",\"mainEntityOfPage\":{\"@id\":\"https:\/\/www.gaveanews.com\/index.php\/2020\/09\/30\/palmeiras-recua-e-nao-deve-liderar-movimento-contra-o-flamengo\/\"},\"wordCount\":349,\"commentCount\":7,\"image\":{\"@id\":\"https:\/\/www.gaveanews.com\/index.php\/2020\/09\/30\/palmeiras-recua-e-nao-deve-liderar-movimento-contra-o-flamengo\/#primaryimage\"},\"thumbnailUrl\":\"https:\/\/www.gaveanews.com\/wp-content\/uploads\/Felipe-Melo-e-Gerson-disputam-a-bola-durante-a-partida-entre-Flamengo-e-Palmeiras-disputada-no-dia-27-de-setembro-de-2020.webp\",\"articleSection\":[\"Flamengo\"],\"inLanguage\":\"pt-BR\",\"potentialAction\":[{\"@type\":\"CommentAction\",\"name\":\"Comment\",\"target\":[\"https:\/\/www.gaveanews.com\/index.php\/2020\/09\/30\/palmeiras-recua-e-nao-deve-liderar-movimento-contra-o-flamengo\/#respond\"]}],\"copyrightYear\":\"2020\",\"copyrightHolder\":{\"@id\":\"https:\/\/www.gaveanews.com\/#organization\"}},{\"@type\":\"WebPage\",\"@id\":\"https:\/\/www.gaveanews.com\/index.php\/2020\/09\/30\/palmeiras-recua-e-nao-deve-liderar-movimento-contra-o-flamengo\/\",\"url\":\"https:\/\/www.gaveanews.com\/index.php\/2020\/09\/30\/palmeiras-recua-e-nao-deve-liderar-movimento-contra-o-flamengo\/\",\"name\":\"Palmeiras recua e n\u00e3o deve liderar movimento contra o Flamengo\",\"isPartOf\":{\"@id\":\"https:\/\/www.gaveanews.com\/#website\"},\"primaryImageOfPage\":{\"@id\":\"https:\/\/www.gaveanews.com\/index.php\/2020\/09\/30\/palmeiras-recua-e-nao-deve-liderar-movimento-contra-o-flamengo\/#primaryimage\"},\"image\":{\"@id\":\"https:\/\/www.gaveanews.com\/index.php\/2020\/09\/30\/palmeiras-recua-e-nao-deve-liderar-movimento-contra-o-flamengo\/#primaryimage\"},\"thumbnailUrl\":\"https:\/\/www.gaveanews.com\/wp-content\/uploads\/Felipe-Melo-e-Gerson-disputam-a-bola-durante-a-partida-entre-Flamengo-e-Palmeiras-disputada-no-dia-27-de-setembro-de-2020.webp\",\"datePublished\":\"2020-09-30T03:25:40+00:00\",\"dateModified\":\"2020-09-30T03:25:42+00:00\",\"author\":{\"@id\":\"https:\/\/www.gaveanews.com\/#\/schema\/person\/2ec14f73fb96be2caf28f91afb14749d\"},\"breadcrumb\":{\"@id\":\"https:\/\/www.gaveanews.com\/index.php\/2020\/09\/30\/palmeiras-recua-e-nao-deve-liderar-movimento-contra-o-flamengo\/#breadcrumb\"},\"inLanguage\":\"pt-BR\",\"potentialAction\":[{\"@type\":\"ReadAction\",\"target\":[\"https:\/\/www.gaveanews.com\/index.php\/2020\/09\/30\/palmeiras-recua-e-nao-deve-liderar-movimento-contra-o-flamengo\/\"]}]},{\"@type\":\"ImageObject\",\"inLanguage\":\"pt-BR\",\"@id\":\"https:\/\/www.gaveanews.com\/index.php\/2020\/09\/30\/palmeiras-recua-e-nao-deve-liderar-movimento-contra-o-flamengo\/#primaryimage\",\"url\":\"https:\/\/www.gaveanews.com\/wp-content\/uploads\/Felipe-Melo-e-Gerson-disputam-a-bola-durante-a-partida-entre-Flamengo-e-Palmeiras-disputada-no-dia-27-de-setembro-de-2020.webp\",\"contentUrl\":\"https:\/\/www.gaveanews.com\/wp-content\/uploads\/Felipe-Melo-e-Gerson-disputam-a-bola-durante-a-partida-entre-Flamengo-e-Palmeiras-disputada-no-dia-27-de-setembro-de-2020.webp\",\"width\":799,\"height\":532,\"caption\":\"Felipe Melo e Gerson disputam a bola durante a partida entre Flamengo e Palmeiras disputada no dia 27 de setembro de 2020 (Foto: Alexandre Vidal\/Flamengo)\"},{\"@type\":\"BreadcrumbList\",\"@id\":\"https:\/\/www.gaveanews.com\/index.php\/2020\/09\/30\/palmeiras-recua-e-nao-deve-liderar-movimento-contra-o-flamengo\/#breadcrumb\",\"itemListElement\":[{\"@type\":\"ListItem\",\"position\":1,\"name\":\"Home\",\"item\":\"https:\/\/www.gaveanews.com\/\"},{\"@type\":\"ListItem\",\"position\":2,\"name\":\"Palmeiras recua e n\u00e3o deve liderar movimento contra o Flamengo\"}]},{\"@type\":\"WebSite\",\"@id\":\"https:\/\/www.gaveanews.com\/#website\",\"url\":\"https:\/\/www.gaveanews.com\/\",\"name\":\"G\u00e1vea News\",\"description\":\"Veja todas as not\u00edcias sobre o Flamengo: Contrata\u00e7\u00f5es, categorias de base, resultados das partidas, tabela de classifica\u00e7\u00e3o, pr\u00f3ximos jogos!\",\"potentialAction\":[{\"@type\":\"SearchAction\",\"target\":{\"@type\":\"EntryPoint\",\"urlTemplate\":\"https:\/\/www.gaveanews.com\/?s={search_term_string}\"},\"query-input\":{\"@type\":\"PropertyValueSpecification\",\"valueRequired\":true,\"valueName\":\"search_term_string\"}}],\"inLanguage\":\"pt-BR\"},{\"@type\":\"Person\",\"@id\":\"https:\/\/www.gaveanews.com\/#\/schema\/person\/2ec14f73fb96be2caf28f91afb14749d\",\"name\":\"Equipe G\u00e1vea News\",\"image\":{\"@type\":\"ImageObject\",\"inLanguage\":\"pt-BR\",\"@id\":\"https:\/\/www.gaveanews.com\/#\/schema\/person\/image\/\",\"url\":\"https:\/\/secure.gravatar.com\/avatar\/1e1956f1facbffd3f8fa53a326721950116b3b9dc9bd44939c01180fd4a745a9?s=96&d=mm&r=g\",\"contentUrl\":\"https:\/\/secure.gravatar.com\/avatar\/1e1956f1facbffd3f8fa53a326721950116b3b9dc9bd44939c01180fd4a745a9?s=96&d=mm&r=g\",\"caption\":\"Equipe G\u00e1vea News\"}}]}<\/script>\n<!-- \/ Yoast SEO Premium plugin. -->","yoast_head_json":{"title":"Palmeiras recua e n\u00e3o deve liderar movimento contra o Flamengo","robots":{"index":"index","follow":"follow","max-snippet":"max-snippet:-1","max-image-preview":"max-image-preview:large","max-video-preview":"max-video-preview:-1"},"canonical":"https:\/\/www.gaveanews.com\/index.php\/2020\/09\/30\/palmeiras-recua-e-nao-deve-liderar-movimento-contra-o-flamengo\/","og_locale":"pt_BR","og_type":"article","og_title":"Palmeiras recua e n\u00e3o deve liderar movimento contra o Flamengo","og_description":"A postura do Flamengo antes do jogo de domingo (27) revoltou praticamente todas as outras equipes da S\u00e9rie A do Brasileir\u00e3o, em especial o Palmeiras. Ainda que a diretoria alviverde tenha ficado irritada com a forma como atuou a c\u00fapula rubro-negra, o time paulista n\u00e3o deve \u201cjogar gasolina\u201d na crise envolvendo o clube carioca. A [&hellip;]","og_url":"https:\/\/www.gaveanews.com\/index.php\/2020\/09\/30\/palmeiras-recua-e-nao-deve-liderar-movimento-contra-o-flamengo\/","og_site_name":"G\u00e1vea News","article_publisher":"https:\/\/facebook.com\/gaveaNews\/","article_published_time":"2020-09-30T03:25:40+00:00","article_modified_time":"2020-09-30T03:25:42+00:00","og_image":[{"width":799,"height":532,"url":"https:\/\/www.gaveanews.com\/wp-content\/uploads\/Felipe-Melo-e-Gerson-disputam-a-bola-durante-a-partida-entre-Flamengo-e-Palmeiras-disputada-no-dia-27-de-setembro-de-2020.webp","type":"image\/jpeg"}],"author":"Equipe G\u00e1vea News","twitter_card":"summary_large_image","twitter_misc":{"Escrito por":"Equipe G\u00e1vea News","Est. tempo de leitura":"2 minutos"},"schema":{"@context":"https:\/\/schema.org","@graph":[{"@type":"NewsArticle","@id":"https:\/\/www.gaveanews.com\/index.php\/2020\/09\/30\/palmeiras-recua-e-nao-deve-liderar-movimento-contra-o-flamengo\/#article","isPartOf":{"@id":"https:\/\/www.gaveanews.com\/index.php\/2020\/09\/30\/palmeiras-recua-e-nao-deve-liderar-movimento-contra-o-flamengo\/"},"author":{"name":"Equipe G\u00e1vea News","@id":"https:\/\/www.gaveanews.com\/#\/schema\/person\/2ec14f73fb96be2caf28f91afb14749d"},"headline":"Palmeiras recua e n\u00e3o deve liderar movimento contra o Flamengo","datePublished":"2020-09-30T03:25:40+00:00","dateModified":"2020-09-30T03:25:42+00:00","mainEntityOfPage":{"@id":"https:\/\/www.gaveanews.com\/index.php\/2020\/09\/30\/palmeiras-recua-e-nao-deve-liderar-movimento-contra-o-flamengo\/"},"wordCount":349,"commentCount":7,"image":{"@id":"https:\/\/www.gaveanews.com\/index.php\/2020\/09\/30\/palmeiras-recua-e-nao-deve-liderar-movimento-contra-o-flamengo\/#primaryimage"},"thumbnailUrl":"https:\/\/www.gaveanews.com\/wp-content\/uploads\/Felipe-Melo-e-Gerson-disputam-a-bola-durante-a-partida-entre-Flamengo-e-Palmeiras-disputada-no-dia-27-de-setembro-de-2020.webp","articleSection":["Flamengo"],"inLanguage":"pt-BR","potentialAction":[{"@type":"CommentAction","name":"Comment","target":["https:\/\/www.gaveanews.com\/index.php\/2020\/09\/30\/palmeiras-recua-e-nao-deve-liderar-movimento-contra-o-flamengo\/#respond"]}],"copyrightYear":"2020","copyrightHolder":{"@id":"https:\/\/www.gaveanews.com\/#organization"}},{"@type":"WebPage","@id":"https:\/\/www.gaveanews.com\/index.php\/2020\/09\/30\/palmeiras-recua-e-nao-deve-liderar-movimento-contra-o-flamengo\/","url":"https:\/\/www.gaveanews.com\/index.php\/2020\/09\/30\/palmeiras-recua-e-nao-deve-liderar-movimento-contra-o-flamengo\/","name":"Palmeiras recua e n\u00e3o deve liderar movimento contra o Flamengo","isPartOf":{"@id":"https:\/\/www.gaveanews.com\/#website"},"primaryImageOfPage":{"@id":"https:\/\/www.gaveanews.com\/index.php\/2020\/09\/30\/palmeiras-recua-e-nao-deve-liderar-movimento-contra-o-flamengo\/#primaryimage"},"image":{"@id":"https:\/\/www.gaveanews.com\/index.php\/2020\/09\/30\/palmeiras-recua-e-nao-deve-liderar-movimento-contra-o-flamengo\/#primaryimage"},"thumbnailUrl":"https:\/\/www.gaveanews.com\/wp-content\/uploads\/Felipe-Melo-e-Gerson-disputam-a-bola-durante-a-partida-entre-Flamengo-e-Palmeiras-disputada-no-dia-27-de-setembro-de-2020.webp","datePublished":"2020-09-30T03:25:40+00:00","dateModified":"2020-09-30T03:25:42+00:00","author":{"@id":"https:\/\/www.gaveanews.com\/#\/schema\/person\/2ec14f73fb96be2caf28f91afb14749d"},"breadcrumb":{"@id":"https:\/\/www.gaveanews.com\/index.php\/2020\/09\/30\/palmeiras-recua-e-nao-deve-liderar-movimento-contra-o-flamengo\/#breadcrumb"},"inLanguage":"pt-BR","potentialAction":[{"@type":"ReadAction","target":["https:\/\/www.gaveanews.com\/index.php\/2020\/09\/30\/palmeiras-recua-e-nao-deve-liderar-movimento-contra-o-flamengo\/"]}]},{"@type":"ImageObject","inLanguage":"pt-BR","@id":"https:\/\/www.gaveanews.com\/index.php\/2020\/09\/30\/palmeiras-recua-e-nao-deve-liderar-movimento-contra-o-flamengo\/#primaryimage","url":"https:\/\/www.gaveanews.com\/wp-content\/uploads\/Felipe-Melo-e-Gerson-disputam-a-bola-durante-a-partida-entre-Flamengo-e-Palmeiras-disputada-no-dia-27-de-setembro-de-2020.webp","contentUrl":"https:\/\/www.gaveanews.com\/wp-content\/uploads\/Felipe-Melo-e-Gerson-disputam-a-bola-durante-a-partida-entre-Flamengo-e-Palmeiras-disputada-no-dia-27-de-setembro-de-2020.webp","width":799,"height":532,"caption":"Felipe Melo e Gerson disputam a bola durante a partida entre Flamengo e Palmeiras disputada no dia 27 de setembro de 2020 (Foto: Alexandre Vidal\/Flamengo)"},{"@type":"BreadcrumbList","@id":"https:\/\/www.gaveanews.com\/index.php\/2020\/09\/30\/palmeiras-recua-e-nao-deve-liderar-movimento-contra-o-flamengo\/#breadcrumb","itemListElement":[{"@type":"ListItem","position":1,"name":"Home","item":"https:\/\/www.gaveanews.com\/"},{"@type":"ListItem","position":2,"name":"Palmeiras recua e n\u00e3o deve liderar movimento contra o Flamengo"}]},{"@type":"WebSite","@id":"https:\/\/www.gaveanews.com\/#website","url":"https:\/\/www.gaveanews.com\/","name":"G\u00e1vea News","description":"Veja todas as not\u00edcias sobre o Flamengo: Contrata\u00e7\u00f5es, categorias de base, resultados das partidas, tabela de classifica\u00e7\u00e3o, pr\u00f3ximos jogos!","potentialAction":[{"@type":"SearchAction","target":{"@type":"EntryPoint","urlTemplate":"https:\/\/www.gaveanews.com\/?s={search_term_string}"},"query-input":{"@type":"PropertyValueSpecification","valueRequired":true,"valueName":"search_term_string"}}],"inLanguage":"pt-BR"},{"@type":"Person","@id":"https:\/\/www.gaveanews.com\/#\/schema\/person\/2ec14f73fb96be2caf28f91afb14749d","name":"Equipe G\u00e1vea News","image":{"@type":"ImageObject","inLanguage":"pt-BR","@id":"https:\/\/www.gaveanews.com\/#\/schema\/person\/image\/","url":"https:\/\/secure.gravatar.com\/avatar\/1e1956f1facbffd3f8fa53a326721950116b3b9dc9bd44939c01180fd4a745a9?s=96&d=mm&r=g","contentUrl":"https:\/\/secure.gravatar.com\/avatar\/1e1956f1facbffd3f8fa53a326721950116b3b9dc9bd44939c01180fd4a745a9?s=96&d=mm&r=g","caption":"Equipe G\u00e1vea News"}}]}},"_links":{"self":[{"href":"https:\/\/www.gaveanews.com\/index.php\/wp-json\/wp\/v2\/posts\/48207","targetHints":{"allow":["GET"]}}],"collection":[{"href":"https:\/\/www.gaveanews.com\/index.php\/wp-json\/wp\/v2\/posts"}],"about":[{"href":"https:\/\/www.gaveanews.com\/index.php\/wp-json\/wp\/v2\/types\/post"}],"author":[{"embeddable":true,"href":"https:\/\/www.gaveanews.com\/index.php\/wp-json\/wp\/v2\/users\/1"}],"replies":[{"embeddable":true,"href":"https:\/\/www.gaveanews.com\/index.php\/wp-json\/wp\/v2\/comments?post=48207"}],"version-history":[{"count":0,"href":"https:\/\/www.gaveanews.com\/index.php\/wp-json\/wp\/v2\/posts\/48207\/revisions"}],"wp:featuredmedia":[{"embeddable":true,"href":"https:\/\/www.gaveanews.com\/index.php\/wp-json\/wp\/v2\/media\/48136"}],"wp:attachment":[{"href":"https:\/\/www.gaveanews.com\/index.php\/wp-json\/wp\/v2\/media?parent=48207"}],"wp:term":[{"taxonomy":"category","embeddable":true,"href":"https:\/\/www.gaveanews.com\/index.php\/wp-json\/wp\/v2\/categories?post=48207"},{"taxonomy":"post_tag","embeddable":true,"href":"https:\/\/www.gaveanews.com\/index.php\/wp-json\/wp\/v2\/tags?post=48207"}],"curies":[{"name":"wp","href":"https:\/\/api.w.org\/{rel}","templated":true}]}}