{"id":48211,"date":"2020-09-30T07:09:48","date_gmt":"2020-09-30T10:09:48","guid":{"rendered":"https:\/\/www.gaveanews.com\/?p=48211"},"modified":"2020-09-30T07:34:02","modified_gmt":"2020-09-30T10:34:02","slug":"luto-idolo-do-flamengo-morre-no-rio-de-janeiro","status":"publish","type":"post","link":"https:\/\/www.gaveanews.com\/index.php\/2020\/09\/30\/luto-idolo-do-flamengo-morre-no-rio-de-janeiro\/","title":{"rendered":"Luto! \u00cddolo do Flamengo morre no Rio de Janeiro"},"content":{"rendered":"\n<p>O futebol brasileiro est\u00e1 de luto. Faleceu na noite desta ter\u00e7a-feira o ex-atacante Silva \u201cBatuta\u201d. \u00cddolo do Flamengo, e com excelentes passagens principalmente por Corinthians, Vasco e Racing-ARG, o antigo &#8220;ponta de lan\u00e7a&#8221; estava internado do Hospital Pr\u00f3-Card\u00edaco em Botafogo, Zona Sul do Rio de Janeiro. Segundo informa\u00e7\u00e3o do jornalista Pedro Ivo Almeida, Silva estava com Covid-19, mas a causa da morte ainda n\u00e3o foi revelada.<\/p>\n\n\n\n<p>Utilizando sua conta oficial no Twitter, o Flamengo postou homenagem ao grande atacante que teve duas \u00f3timas passagens pela G\u00e1vea (1965 a 1966, e 1968 a 1969), quando assinalou 70 gols em 132 partidas disputadas e conquistou o Carioca de 1965.<\/p>\n\n\n\n<figure class=\"wp-block-embed-twitter wp-block-embed is-type-rich is-provider-twitter\"><div class=\"wp-block-embed__wrapper\">\n<blockquote class=\"twitter-tweet\" data-width=\"550\" data-dnt=\"true\"><p lang=\"pt\" dir=\"ltr\">Ele marcou \u00e9poca com o Manto Sagrado na d\u00e9cada de 60. Foram 70 gols em 132 jogos pelo Mais Querido e os t\u00edtulos do Campeonato Carioca (1965) e do Torneio Internacional do Marrocos (1968) conquistados.<br><br>Obrigado por tudo, Silva! Voc\u00ea estar\u00e1 para sempre em nossos cora\u00e7\u00f5es! \u2764\ufe0f\ud83d\udda4\ud83d\ude4f<\/p>&mdash; Flamengo (@Flamengo) <a href=\"https:\/\/twitter.com\/Flamengo\/status\/1311156453516939264?ref_src=twsrc%5Etfw\">September 30, 2020<\/a><\/blockquote><script async src=\"https:\/\/platform.twitter.com\/widgets.js\" charset=\"utf-8\"><\/script>\n<\/div><\/figure>\n\n\n\n<p>Avante t\u00e9cnico, oportunista e inteligente, Walter Machado da Silva era paulista de Ribeir\u00e3o Preto. Iniciou sua trajet\u00f3ria no S\u00e3o Paulo na segunda metade dos anos 1950. Ap\u00f3s passagens por Batatais e Botafogo-SP, chegou ao Corinthians em 1961 para se tornar uma refer\u00eancia no ataque e um dos principais nomes do futebol do estado. Depois de quatro anos de muitos gols pelo Tim\u00e3o, foi contratado pelo Flamengo, clube que tornaria sua paix\u00e3o. Como jogador rubro-negro, foi convocado para a Copa de 1966, formando o ataque com Pel\u00e9 e Jairzinho na derrota por 3 a 1 para Portugal. Ao todo, fez 6 jogos e anotou 2 gols pela Sele\u00e7\u00e3o.<\/p>\n\n\n\n<p>Ap\u00f3s o Mundial da Inglaterra, Silva partiu para sua primeira aventura internacional. Por curto per\u00edodo, vestiu a camisa do Barcelona (foram apenas partidas amistosas, 15 no total, e 8 gols) e retornou no ano seguinte para defender o Santos e ser campe\u00e3o paulista da temporada. Em 1968 voltou \u00e0 G\u00e1vea e de l\u00e1 partiu para a Argentina. At\u00e9 hoje ainda \u00e9 o \u00fanico brasileiro goleador m\u00e1ximo no pa\u00eds platino, liderando o Metropolitano de 1969 com 14 gols (em 23 jogos) pelo Racing.<\/p>\n\n\n\n<p>O Batuta retornou ao Rio a fim de ajudar o Vasco a conquistar o Carioca de 1970, quando o Gigante da Colina encerrou um jejum de 12 anos. Emprestado ao Botafogo, chegou ao triangular final do Brasileiro no ano seguinte (vencido pelo Atl\u00e9tico-MG). J\u00e1 veterano, jogou tamb\u00e9m pelo amazonense Rio Negro, J\u00fanior Barranquilla-COL e Tiquire Flores-VEN, encerrando a carreira em 1975 aos 35 anos. Crias da base, dois de seus filhos, Waltinho e Wallace, foram jogadores do Flamengo nos anos 1980.<\/p>\n\n\n\n<p>Retirado de: Globo Esporte<\/p>\n","protected":false},"excerpt":{"rendered":"<p>O futebol brasileiro est\u00e1 de luto. Faleceu na noite desta ter\u00e7a-feira o ex-atacante Silva \u201cBatuta\u201d. \u00cddolo do Flamengo, e com excelentes passagens principalmente por Corinthians, Vasco e Racing-ARG, o antigo &#8220;ponta de lan\u00e7a&#8221; estava internado do Hospital Pr\u00f3-Card\u00edaco em Botafogo, Zona Sul do Rio de Janeiro. Segundo informa\u00e7\u00e3o do jornalista Pedro Ivo Almeida, Silva estava [&hellip;]<\/p>\n","protected":false},"author":1,"featured_media":31951,"comment_status":"open","ping_status":"closed","sticky":false,"template":"","format":"standard","meta":{"footnotes":""},"categories":[47],"tags":[],"class_list":["post-48211","post","type-post","status-publish","format-standard","has-post-thumbnail","hentry","category-destaques"],"yoast_head":"<!-- This site is optimized with the Yoast SEO Premium plugin v24.2 (Yoast SEO v26.9) - https:\/\/yoast.com\/product\/yoast-seo-premium-wordpress\/ -->\n<title>Luto! \u00cddolo do Flamengo morre no Rio de Janeiro<\/title>\n<meta name=\"description\" content=\"Utilizando sua conta oficial no Twitter, o Flamengo postou homenagem ao grande atacante que teve duas \u00f3timas passagens pela G\u00e1vea.\" \/>\n<meta name=\"robots\" content=\"index, follow, max-snippet:-1, max-image-preview:large, max-video-preview:-1\" \/>\n<link rel=\"canonical\" href=\"https:\/\/www.gaveanews.com\/index.php\/2020\/09\/30\/luto-idolo-do-flamengo-morre-no-rio-de-janeiro\/\" \/>\n<meta property=\"og:locale\" content=\"pt_BR\" \/>\n<meta property=\"og:type\" content=\"article\" \/>\n<meta property=\"og:title\" content=\"Luto! \u00cddolo do Flamengo morre no Rio de Janeiro\" \/>\n<meta property=\"og:description\" content=\"Utilizando sua conta oficial no Twitter, o Flamengo postou homenagem ao grande atacante que teve duas \u00f3timas passagens pela G\u00e1vea.\" \/>\n<meta property=\"og:url\" content=\"https:\/\/www.gaveanews.com\/index.php\/2020\/09\/30\/luto-idolo-do-flamengo-morre-no-rio-de-janeiro\/\" \/>\n<meta property=\"og:site_name\" content=\"G\u00e1vea News\" \/>\n<meta property=\"article:publisher\" content=\"https:\/\/facebook.com\/gaveaNews\/\" \/>\n<meta property=\"article:published_time\" content=\"2020-09-30T10:09:48+00:00\" \/>\n<meta property=\"article:modified_time\" content=\"2020-09-30T10:34:02+00:00\" \/>\n<meta property=\"og:image\" content=\"https:\/\/www.gaveanews.com\/wp-content\/uploads\/luto-o-que-e.webp\" \/>\n\t<meta property=\"og:image:width\" content=\"640\" \/>\n\t<meta property=\"og:image:height\" content=\"424\" \/>\n\t<meta property=\"og:image:type\" content=\"image\/jpeg\" \/>\n<meta name=\"author\" content=\"Equipe G\u00e1vea News\" \/>\n<meta name=\"twitter:card\" content=\"summary_large_image\" \/>\n<meta name=\"twitter:label1\" content=\"Escrito por\" \/>\n\t<meta name=\"twitter:data1\" content=\"Equipe G\u00e1vea News\" \/>\n\t<meta name=\"twitter:label2\" content=\"Est. tempo de leitura\" \/>\n\t<meta name=\"twitter:data2\" content=\"2 minutos\" \/>\n<script type=\"application\/ld+json\" class=\"yoast-schema-graph\">{\"@context\":\"https:\/\/schema.org\",\"@graph\":[{\"@type\":\"NewsArticle\",\"@id\":\"https:\/\/www.gaveanews.com\/index.php\/2020\/09\/30\/luto-idolo-do-flamengo-morre-no-rio-de-janeiro\/#article\",\"isPartOf\":{\"@id\":\"https:\/\/www.gaveanews.com\/index.php\/2020\/09\/30\/luto-idolo-do-flamengo-morre-no-rio-de-janeiro\/\"},\"author\":{\"name\":\"Equipe G\u00e1vea News\",\"@id\":\"https:\/\/www.gaveanews.com\/#\/schema\/person\/2ec14f73fb96be2caf28f91afb14749d\"},\"headline\":\"Luto! \u00cddolo do Flamengo morre no Rio de Janeiro\",\"datePublished\":\"2020-09-30T10:09:48+00:00\",\"dateModified\":\"2020-09-30T10:34:02+00:00\",\"mainEntityOfPage\":{\"@id\":\"https:\/\/www.gaveanews.com\/index.php\/2020\/09\/30\/luto-idolo-do-flamengo-morre-no-rio-de-janeiro\/\"},\"wordCount\":393,\"commentCount\":3,\"image\":{\"@id\":\"https:\/\/www.gaveanews.com\/index.php\/2020\/09\/30\/luto-idolo-do-flamengo-morre-no-rio-de-janeiro\/#primaryimage\"},\"thumbnailUrl\":\"https:\/\/www.gaveanews.com\/wp-content\/uploads\/luto-o-que-e.webp\",\"articleSection\":[\"Destaques\"],\"inLanguage\":\"pt-BR\",\"potentialAction\":[{\"@type\":\"CommentAction\",\"name\":\"Comment\",\"target\":[\"https:\/\/www.gaveanews.com\/index.php\/2020\/09\/30\/luto-idolo-do-flamengo-morre-no-rio-de-janeiro\/#respond\"]}],\"copyrightYear\":\"2020\",\"copyrightHolder\":{\"@id\":\"https:\/\/www.gaveanews.com\/#organization\"}},{\"@type\":\"WebPage\",\"@id\":\"https:\/\/www.gaveanews.com\/index.php\/2020\/09\/30\/luto-idolo-do-flamengo-morre-no-rio-de-janeiro\/\",\"url\":\"https:\/\/www.gaveanews.com\/index.php\/2020\/09\/30\/luto-idolo-do-flamengo-morre-no-rio-de-janeiro\/\",\"name\":\"Luto! \u00cddolo do Flamengo morre no Rio de Janeiro\",\"isPartOf\":{\"@id\":\"https:\/\/www.gaveanews.com\/#website\"},\"primaryImageOfPage\":{\"@id\":\"https:\/\/www.gaveanews.com\/index.php\/2020\/09\/30\/luto-idolo-do-flamengo-morre-no-rio-de-janeiro\/#primaryimage\"},\"image\":{\"@id\":\"https:\/\/www.gaveanews.com\/index.php\/2020\/09\/30\/luto-idolo-do-flamengo-morre-no-rio-de-janeiro\/#primaryimage\"},\"thumbnailUrl\":\"https:\/\/www.gaveanews.com\/wp-content\/uploads\/luto-o-que-e.webp\",\"datePublished\":\"2020-09-30T10:09:48+00:00\",\"dateModified\":\"2020-09-30T10:34:02+00:00\",\"author\":{\"@id\":\"https:\/\/www.gaveanews.com\/#\/schema\/person\/2ec14f73fb96be2caf28f91afb14749d\"},\"description\":\"Utilizando sua conta oficial no Twitter, o Flamengo postou homenagem ao grande atacante que teve duas \u00f3timas passagens pela G\u00e1vea.\",\"breadcrumb\":{\"@id\":\"https:\/\/www.gaveanews.com\/index.php\/2020\/09\/30\/luto-idolo-do-flamengo-morre-no-rio-de-janeiro\/#breadcrumb\"},\"inLanguage\":\"pt-BR\",\"potentialAction\":[{\"@type\":\"ReadAction\",\"target\":[\"https:\/\/www.gaveanews.com\/index.php\/2020\/09\/30\/luto-idolo-do-flamengo-morre-no-rio-de-janeiro\/\"]}]},{\"@type\":\"ImageObject\",\"inLanguage\":\"pt-BR\",\"@id\":\"https:\/\/www.gaveanews.com\/index.php\/2020\/09\/30\/luto-idolo-do-flamengo-morre-no-rio-de-janeiro\/#primaryimage\",\"url\":\"https:\/\/www.gaveanews.com\/wp-content\/uploads\/luto-o-que-e.webp\",\"contentUrl\":\"https:\/\/www.gaveanews.com\/wp-content\/uploads\/luto-o-que-e.webp\",\"width\":640,\"height\":424},{\"@type\":\"BreadcrumbList\",\"@id\":\"https:\/\/www.gaveanews.com\/index.php\/2020\/09\/30\/luto-idolo-do-flamengo-morre-no-rio-de-janeiro\/#breadcrumb\",\"itemListElement\":[{\"@type\":\"ListItem\",\"position\":1,\"name\":\"Home\",\"item\":\"https:\/\/www.gaveanews.com\/\"},{\"@type\":\"ListItem\",\"position\":2,\"name\":\"Luto! \u00cddolo do Flamengo morre no Rio de Janeiro\"}]},{\"@type\":\"WebSite\",\"@id\":\"https:\/\/www.gaveanews.com\/#website\",\"url\":\"https:\/\/www.gaveanews.com\/\",\"name\":\"G\u00e1vea News\",\"description\":\"Veja todas as not\u00edcias sobre o Flamengo: Contrata\u00e7\u00f5es, categorias de base, resultados das partidas, tabela de classifica\u00e7\u00e3o, pr\u00f3ximos jogos!\",\"potentialAction\":[{\"@type\":\"SearchAction\",\"target\":{\"@type\":\"EntryPoint\",\"urlTemplate\":\"https:\/\/www.gaveanews.com\/?s={search_term_string}\"},\"query-input\":{\"@type\":\"PropertyValueSpecification\",\"valueRequired\":true,\"valueName\":\"search_term_string\"}}],\"inLanguage\":\"pt-BR\"},{\"@type\":\"Person\",\"@id\":\"https:\/\/www.gaveanews.com\/#\/schema\/person\/2ec14f73fb96be2caf28f91afb14749d\",\"name\":\"Equipe G\u00e1vea News\",\"image\":{\"@type\":\"ImageObject\",\"inLanguage\":\"pt-BR\",\"@id\":\"https:\/\/www.gaveanews.com\/#\/schema\/person\/image\/\",\"url\":\"https:\/\/secure.gravatar.com\/avatar\/1e1956f1facbffd3f8fa53a326721950116b3b9dc9bd44939c01180fd4a745a9?s=96&d=mm&r=g\",\"contentUrl\":\"https:\/\/secure.gravatar.com\/avatar\/1e1956f1facbffd3f8fa53a326721950116b3b9dc9bd44939c01180fd4a745a9?s=96&d=mm&r=g\",\"caption\":\"Equipe G\u00e1vea News\"}}]}<\/script>\n<!-- \/ Yoast SEO Premium plugin. -->","yoast_head_json":{"title":"Luto! \u00cddolo do Flamengo morre no Rio de Janeiro","description":"Utilizando sua conta oficial no Twitter, o Flamengo postou homenagem ao grande atacante que teve duas \u00f3timas passagens pela G\u00e1vea.","robots":{"index":"index","follow":"follow","max-snippet":"max-snippet:-1","max-image-preview":"max-image-preview:large","max-video-preview":"max-video-preview:-1"},"canonical":"https:\/\/www.gaveanews.com\/index.php\/2020\/09\/30\/luto-idolo-do-flamengo-morre-no-rio-de-janeiro\/","og_locale":"pt_BR","og_type":"article","og_title":"Luto! \u00cddolo do Flamengo morre no Rio de Janeiro","og_description":"Utilizando sua conta oficial no Twitter, o Flamengo postou homenagem ao grande atacante que teve duas \u00f3timas passagens pela G\u00e1vea.","og_url":"https:\/\/www.gaveanews.com\/index.php\/2020\/09\/30\/luto-idolo-do-flamengo-morre-no-rio-de-janeiro\/","og_site_name":"G\u00e1vea News","article_publisher":"https:\/\/facebook.com\/gaveaNews\/","article_published_time":"2020-09-30T10:09:48+00:00","article_modified_time":"2020-09-30T10:34:02+00:00","og_image":[{"width":640,"height":424,"url":"https:\/\/www.gaveanews.com\/wp-content\/uploads\/luto-o-que-e.webp","type":"image\/jpeg"}],"author":"Equipe G\u00e1vea News","twitter_card":"summary_large_image","twitter_misc":{"Escrito por":"Equipe G\u00e1vea News","Est. tempo de leitura":"2 minutos"},"schema":{"@context":"https:\/\/schema.org","@graph":[{"@type":"NewsArticle","@id":"https:\/\/www.gaveanews.com\/index.php\/2020\/09\/30\/luto-idolo-do-flamengo-morre-no-rio-de-janeiro\/#article","isPartOf":{"@id":"https:\/\/www.gaveanews.com\/index.php\/2020\/09\/30\/luto-idolo-do-flamengo-morre-no-rio-de-janeiro\/"},"author":{"name":"Equipe G\u00e1vea News","@id":"https:\/\/www.gaveanews.com\/#\/schema\/person\/2ec14f73fb96be2caf28f91afb14749d"},"headline":"Luto! \u00cddolo do Flamengo morre no Rio de Janeiro","datePublished":"2020-09-30T10:09:48+00:00","dateModified":"2020-09-30T10:34:02+00:00","mainEntityOfPage":{"@id":"https:\/\/www.gaveanews.com\/index.php\/2020\/09\/30\/luto-idolo-do-flamengo-morre-no-rio-de-janeiro\/"},"wordCount":393,"commentCount":3,"image":{"@id":"https:\/\/www.gaveanews.com\/index.php\/2020\/09\/30\/luto-idolo-do-flamengo-morre-no-rio-de-janeiro\/#primaryimage"},"thumbnailUrl":"https:\/\/www.gaveanews.com\/wp-content\/uploads\/luto-o-que-e.webp","articleSection":["Destaques"],"inLanguage":"pt-BR","potentialAction":[{"@type":"CommentAction","name":"Comment","target":["https:\/\/www.gaveanews.com\/index.php\/2020\/09\/30\/luto-idolo-do-flamengo-morre-no-rio-de-janeiro\/#respond"]}],"copyrightYear":"2020","copyrightHolder":{"@id":"https:\/\/www.gaveanews.com\/#organization"}},{"@type":"WebPage","@id":"https:\/\/www.gaveanews.com\/index.php\/2020\/09\/30\/luto-idolo-do-flamengo-morre-no-rio-de-janeiro\/","url":"https:\/\/www.gaveanews.com\/index.php\/2020\/09\/30\/luto-idolo-do-flamengo-morre-no-rio-de-janeiro\/","name":"Luto! \u00cddolo do Flamengo morre no Rio de Janeiro","isPartOf":{"@id":"https:\/\/www.gaveanews.com\/#website"},"primaryImageOfPage":{"@id":"https:\/\/www.gaveanews.com\/index.php\/2020\/09\/30\/luto-idolo-do-flamengo-morre-no-rio-de-janeiro\/#primaryimage"},"image":{"@id":"https:\/\/www.gaveanews.com\/index.php\/2020\/09\/30\/luto-idolo-do-flamengo-morre-no-rio-de-janeiro\/#primaryimage"},"thumbnailUrl":"https:\/\/www.gaveanews.com\/wp-content\/uploads\/luto-o-que-e.webp","datePublished":"2020-09-30T10:09:48+00:00","dateModified":"2020-09-30T10:34:02+00:00","author":{"@id":"https:\/\/www.gaveanews.com\/#\/schema\/person\/2ec14f73fb96be2caf28f91afb14749d"},"description":"Utilizando sua conta oficial no Twitter, o Flamengo postou homenagem ao grande atacante que teve duas \u00f3timas passagens pela G\u00e1vea.","breadcrumb":{"@id":"https:\/\/www.gaveanews.com\/index.php\/2020\/09\/30\/luto-idolo-do-flamengo-morre-no-rio-de-janeiro\/#breadcrumb"},"inLanguage":"pt-BR","potentialAction":[{"@type":"ReadAction","target":["https:\/\/www.gaveanews.com\/index.php\/2020\/09\/30\/luto-idolo-do-flamengo-morre-no-rio-de-janeiro\/"]}]},{"@type":"ImageObject","inLanguage":"pt-BR","@id":"https:\/\/www.gaveanews.com\/index.php\/2020\/09\/30\/luto-idolo-do-flamengo-morre-no-rio-de-janeiro\/#primaryimage","url":"https:\/\/www.gaveanews.com\/wp-content\/uploads\/luto-o-que-e.webp","contentUrl":"https:\/\/www.gaveanews.com\/wp-content\/uploads\/luto-o-que-e.webp","width":640,"height":424},{"@type":"BreadcrumbList","@id":"https:\/\/www.gaveanews.com\/index.php\/2020\/09\/30\/luto-idolo-do-flamengo-morre-no-rio-de-janeiro\/#breadcrumb","itemListElement":[{"@type":"ListItem","position":1,"name":"Home","item":"https:\/\/www.gaveanews.com\/"},{"@type":"ListItem","position":2,"name":"Luto! \u00cddolo do Flamengo morre no Rio de Janeiro"}]},{"@type":"WebSite","@id":"https:\/\/www.gaveanews.com\/#website","url":"https:\/\/www.gaveanews.com\/","name":"G\u00e1vea News","description":"Veja todas as not\u00edcias sobre o Flamengo: Contrata\u00e7\u00f5es, categorias de base, resultados das partidas, tabela de classifica\u00e7\u00e3o, pr\u00f3ximos jogos!","potentialAction":[{"@type":"SearchAction","target":{"@type":"EntryPoint","urlTemplate":"https:\/\/www.gaveanews.com\/?s={search_term_string}"},"query-input":{"@type":"PropertyValueSpecification","valueRequired":true,"valueName":"search_term_string"}}],"inLanguage":"pt-BR"},{"@type":"Person","@id":"https:\/\/www.gaveanews.com\/#\/schema\/person\/2ec14f73fb96be2caf28f91afb14749d","name":"Equipe G\u00e1vea News","image":{"@type":"ImageObject","inLanguage":"pt-BR","@id":"https:\/\/www.gaveanews.com\/#\/schema\/person\/image\/","url":"https:\/\/secure.gravatar.com\/avatar\/1e1956f1facbffd3f8fa53a326721950116b3b9dc9bd44939c01180fd4a745a9?s=96&d=mm&r=g","contentUrl":"https:\/\/secure.gravatar.com\/avatar\/1e1956f1facbffd3f8fa53a326721950116b3b9dc9bd44939c01180fd4a745a9?s=96&d=mm&r=g","caption":"Equipe G\u00e1vea News"}}]}},"_links":{"self":[{"href":"https:\/\/www.gaveanews.com\/index.php\/wp-json\/wp\/v2\/posts\/48211","targetHints":{"allow":["GET"]}}],"collection":[{"href":"https:\/\/www.gaveanews.com\/index.php\/wp-json\/wp\/v2\/posts"}],"about":[{"href":"https:\/\/www.gaveanews.com\/index.php\/wp-json\/wp\/v2\/types\/post"}],"author":[{"embeddable":true,"href":"https:\/\/www.gaveanews.com\/index.php\/wp-json\/wp\/v2\/users\/1"}],"replies":[{"embeddable":true,"href":"https:\/\/www.gaveanews.com\/index.php\/wp-json\/wp\/v2\/comments?post=48211"}],"version-history":[{"count":0,"href":"https:\/\/www.gaveanews.com\/index.php\/wp-json\/wp\/v2\/posts\/48211\/revisions"}],"wp:featuredmedia":[{"embeddable":true,"href":"https:\/\/www.gaveanews.com\/index.php\/wp-json\/wp\/v2\/media\/31951"}],"wp:attachment":[{"href":"https:\/\/www.gaveanews.com\/index.php\/wp-json\/wp\/v2\/media?parent=48211"}],"wp:term":[{"taxonomy":"category","embeddable":true,"href":"https:\/\/www.gaveanews.com\/index.php\/wp-json\/wp\/v2\/categories?post=48211"},{"taxonomy":"post_tag","embeddable":true,"href":"https:\/\/www.gaveanews.com\/index.php\/wp-json\/wp\/v2\/tags?post=48211"}],"curies":[{"name":"wp","href":"https:\/\/api.w.org\/{rel}","templated":true}]}}