{"id":48218,"date":"2020-09-30T08:47:02","date_gmt":"2020-09-30T11:47:02","guid":{"rendered":"https:\/\/www.gaveanews.com\/?p=48218"},"modified":"2020-09-30T08:47:06","modified_gmt":"2020-09-30T11:47:06","slug":"liberacao-de-atletas-a-selecao-gera-discussao-entre-fifa-e-clubes-por-covid","status":"publish","type":"post","link":"https:\/\/www.gaveanews.com\/index.php\/2020\/09\/30\/liberacao-de-atletas-a-selecao-gera-discussao-entre-fifa-e-clubes-por-covid\/","title":{"rendered":"Libera\u00e7\u00e3o de atletas \u00e0 sele\u00e7\u00e3o gera discuss\u00e3o entre Fifa e clubes por Covid"},"content":{"rendered":"\n<p>A libera\u00e7\u00e3o de jogadores para sele\u00e7\u00f5es para eliminat\u00f3rias sul-americanas da Copa tem gerado questionamentos por parte de grandes clubes europeus. Fazem press\u00e3o sobre a Fifa por temer perder jogadores por infec\u00e7\u00e3o por coronav\u00edrus. A entidade m\u00e1xima do futebol, no entanto, recha\u00e7a a press\u00e3o e refor\u00e7a que vai liberar os atletas desde cumpridas r\u00edgidas medidas sanit\u00e1rias. Amistosos, no entanto, n\u00e3o est\u00e3o garantidos.<\/p>\n\n\n\n<p>A sele\u00e7\u00e3o brasileira ter\u00e1 seu primeiro jogo das eliminat\u00f3rias diante da Bol\u00edvia, no dia de 9 de outubro. O presidente da Fifa, Gianni Infantino, confirmou as partidas na Am\u00e9rica do Sul no congresso da entidade. E o t\u00e9cnico Tite j\u00e1 fez a convoca\u00e7\u00e3o com um grupo com maioria de europeus.<\/p>\n\n\n\n<p>A\u00ed come\u00e7aram os questionados dos times do velho continente e do sindicato mundial de jogadores, como relatou primeiro o &#8220;New York Times&#8221;. N\u00e3o houve pedido para n\u00e3o liberar os jogadores, mas press\u00e3o sobre perdas financeiras caso os jogadores n\u00e3o possam atuar na volta por infec\u00e7\u00f5es ou quarentena. Um documento do ECA (entidade dos grandes clubes europeus) relatou preocupa\u00e7\u00e3o com a sa\u00fade dos atletas e fala em compensa\u00e7\u00f5es financeiras em caso de infec\u00e7\u00e3o, segundo o jornal.<\/p>\n\n\n\n<p>Pois bem, a Fifa entende que os questionamentos dos clubes n\u00e3o fazem sentido ao se levar em conta que tamb\u00e9m h\u00e1 infec\u00e7\u00f5es de Covid na Europa e os campeonatos est\u00e3o liberados. Um argumento \u00e9 de que j\u00e1 houve jogos de sele\u00e7\u00f5es na Europa ap\u00f3s a volta do futebol, e vetar na Am\u00e9rica do Sul seria discrimina\u00e7\u00e3o.<\/p>\n\n\n\n<p>Ao saber dos questionamentos, a Conmebol enviou uma carta na semana passada para garantir junto \u00e0 Fifa a libera\u00e7\u00e3o dos jogadores, isto \u00e9, exercer uma press\u00e3o oposta a dos clubes. At\u00e9 agora, a MLS (liga norte-americana) foi a \u00fanica que informou se recusar a liberar atletas para as eliminat\u00f3rias &#8211; h\u00e1 atletas do Paraguai, Equador e Venezuela nos EUA.<\/p>\n\n\n\n<p>H\u00e1 negocia\u00e7\u00f5es internas antes de sair o regulamento da Fifa para libera\u00e7\u00e3o desses jogadores para as sele\u00e7\u00f5es. \u00c9 certo que ser\u00e3o determinadas regras de protocolos sanit\u00e1rias a serem atendidas pelas federa\u00e7\u00f5es nacionais para garantir a sa\u00fade dos jogadores e minimizar infec\u00e7\u00f5es. A Fifa negociou com os pa\u00edses onde atuam os atletas para derrubar quarentenas na volta deles e n\u00e3o causar desfalques nos clubes. Dos 21 pa\u00edses, 19 toparam.<\/p>\n\n\n\n<p>Uma possibilidade real \u00e9 que n\u00e3o sejam inclu\u00eddas nas libera\u00e7\u00f5es obrigat\u00f3rias os amistosos das sele\u00e7\u00f5es. Assim, s\u00f3 seria imposto aos clubes que os jogadores fossem para os jogos de eliminat\u00f3rias que s\u00e3o oficiais. Pela regra anterior \u00e0 pandemia, convoca\u00e7\u00f5es em datas-Fifa eram todas obrigat\u00f3rias.<\/p>\n\n\n\n<p>No cen\u00e1rio atual, a libera\u00e7\u00e3o dos atletas deve acontecer. Mas \u00e9 certo que a press\u00e3o de clubes europeus para n\u00e3o perder seus jogadores se acentuou no meio da pandemia de Covid.<\/p>\n\n\n\n<p>Retirado de: UOL<\/p>\n","protected":false},"excerpt":{"rendered":"<p>A libera\u00e7\u00e3o de jogadores para sele\u00e7\u00f5es para eliminat\u00f3rias sul-americanas da Copa tem gerado questionamentos por parte de grandes clubes europeus. Fazem press\u00e3o sobre a Fifa por temer perder jogadores por infec\u00e7\u00e3o por coronav\u00edrus. A entidade m\u00e1xima do futebol, no entanto, recha\u00e7a a press\u00e3o e refor\u00e7a que vai liberar os atletas desde cumpridas r\u00edgidas medidas sanit\u00e1rias. [&hellip;]<\/p>\n","protected":false},"author":1,"featured_media":23781,"comment_status":"open","ping_status":"closed","sticky":false,"template":"","format":"standard","meta":{"footnotes":""},"categories":[1],"tags":[],"class_list":["post-48218","post","type-post","status-publish","format-standard","has-post-thumbnail","hentry","category-flamengo"],"yoast_head":"<!-- This site is optimized with the Yoast SEO Premium plugin v24.2 (Yoast SEO v26.9) - https:\/\/yoast.com\/product\/yoast-seo-premium-wordpress\/ -->\n<title>Libera\u00e7\u00e3o de atletas \u00e0 sele\u00e7\u00e3o gera discuss\u00e3o entre Fifa e clubes por Covid<\/title>\n<meta name=\"robots\" content=\"index, follow, max-snippet:-1, max-image-preview:large, max-video-preview:-1\" \/>\n<link rel=\"canonical\" href=\"https:\/\/www.gaveanews.com\/index.php\/2020\/09\/30\/liberacao-de-atletas-a-selecao-gera-discussao-entre-fifa-e-clubes-por-covid\/\" \/>\n<meta property=\"og:locale\" content=\"pt_BR\" \/>\n<meta property=\"og:type\" content=\"article\" \/>\n<meta property=\"og:title\" content=\"Libera\u00e7\u00e3o de atletas \u00e0 sele\u00e7\u00e3o gera discuss\u00e3o entre Fifa e clubes por Covid\" \/>\n<meta property=\"og:description\" content=\"A libera\u00e7\u00e3o de jogadores para sele\u00e7\u00f5es para eliminat\u00f3rias sul-americanas da Copa tem gerado questionamentos por parte de grandes clubes europeus. Fazem press\u00e3o sobre a Fifa por temer perder jogadores por infec\u00e7\u00e3o por coronav\u00edrus. A entidade m\u00e1xima do futebol, no entanto, recha\u00e7a a press\u00e3o e refor\u00e7a que vai liberar os atletas desde cumpridas r\u00edgidas medidas sanit\u00e1rias. [&hellip;]\" \/>\n<meta property=\"og:url\" content=\"https:\/\/www.gaveanews.com\/index.php\/2020\/09\/30\/liberacao-de-atletas-a-selecao-gera-discussao-entre-fifa-e-clubes-por-covid\/\" \/>\n<meta property=\"og:site_name\" content=\"G\u00e1vea News\" \/>\n<meta property=\"article:publisher\" content=\"https:\/\/facebook.com\/gaveaNews\/\" \/>\n<meta property=\"article:published_time\" content=\"2020-09-30T11:47:02+00:00\" \/>\n<meta property=\"article:modified_time\" content=\"2020-09-30T11:47:06+00:00\" \/>\n<meta property=\"og:image\" content=\"https:\/\/www.gaveanews.com\/wp-content\/uploads\/2019\/07\/Tite-durante-coletiva-de-imprensa-do-Brasil.webp\" \/>\n\t<meta property=\"og:image:width\" content=\"960\" \/>\n\t<meta property=\"og:image:height\" content=\"639\" \/>\n\t<meta property=\"og:image:type\" content=\"image\/jpeg\" \/>\n<meta name=\"author\" content=\"Equipe G\u00e1vea News\" \/>\n<meta name=\"twitter:card\" content=\"summary_large_image\" \/>\n<meta name=\"twitter:label1\" content=\"Escrito por\" \/>\n\t<meta name=\"twitter:data1\" content=\"Equipe G\u00e1vea News\" \/>\n\t<meta name=\"twitter:label2\" content=\"Est. tempo de leitura\" \/>\n\t<meta name=\"twitter:data2\" content=\"3 minutos\" \/>\n<script type=\"application\/ld+json\" class=\"yoast-schema-graph\">{\"@context\":\"https:\/\/schema.org\",\"@graph\":[{\"@type\":\"NewsArticle\",\"@id\":\"https:\/\/www.gaveanews.com\/index.php\/2020\/09\/30\/liberacao-de-atletas-a-selecao-gera-discussao-entre-fifa-e-clubes-por-covid\/#article\",\"isPartOf\":{\"@id\":\"https:\/\/www.gaveanews.com\/index.php\/2020\/09\/30\/liberacao-de-atletas-a-selecao-gera-discussao-entre-fifa-e-clubes-por-covid\/\"},\"author\":{\"name\":\"Equipe G\u00e1vea News\",\"@id\":\"https:\/\/www.gaveanews.com\/#\/schema\/person\/2ec14f73fb96be2caf28f91afb14749d\"},\"headline\":\"Libera\u00e7\u00e3o de atletas \u00e0 sele\u00e7\u00e3o gera discuss\u00e3o entre Fifa e clubes por Covid\",\"datePublished\":\"2020-09-30T11:47:02+00:00\",\"dateModified\":\"2020-09-30T11:47:06+00:00\",\"mainEntityOfPage\":{\"@id\":\"https:\/\/www.gaveanews.com\/index.php\/2020\/09\/30\/liberacao-de-atletas-a-selecao-gera-discussao-entre-fifa-e-clubes-por-covid\/\"},\"wordCount\":517,\"commentCount\":0,\"image\":{\"@id\":\"https:\/\/www.gaveanews.com\/index.php\/2020\/09\/30\/liberacao-de-atletas-a-selecao-gera-discussao-entre-fifa-e-clubes-por-covid\/#primaryimage\"},\"thumbnailUrl\":\"https:\/\/www.gaveanews.com\/wp-content\/uploads\/2019\/07\/Tite-durante-coletiva-de-imprensa-do-Brasil.webp\",\"articleSection\":[\"Flamengo\"],\"inLanguage\":\"pt-BR\",\"potentialAction\":[{\"@type\":\"CommentAction\",\"name\":\"Comment\",\"target\":[\"https:\/\/www.gaveanews.com\/index.php\/2020\/09\/30\/liberacao-de-atletas-a-selecao-gera-discussao-entre-fifa-e-clubes-por-covid\/#respond\"]}],\"copyrightYear\":\"2020\",\"copyrightHolder\":{\"@id\":\"https:\/\/www.gaveanews.com\/#organization\"}},{\"@type\":\"WebPage\",\"@id\":\"https:\/\/www.gaveanews.com\/index.php\/2020\/09\/30\/liberacao-de-atletas-a-selecao-gera-discussao-entre-fifa-e-clubes-por-covid\/\",\"url\":\"https:\/\/www.gaveanews.com\/index.php\/2020\/09\/30\/liberacao-de-atletas-a-selecao-gera-discussao-entre-fifa-e-clubes-por-covid\/\",\"name\":\"Libera\u00e7\u00e3o de atletas \u00e0 sele\u00e7\u00e3o gera discuss\u00e3o entre Fifa e clubes por Covid\",\"isPartOf\":{\"@id\":\"https:\/\/www.gaveanews.com\/#website\"},\"primaryImageOfPage\":{\"@id\":\"https:\/\/www.gaveanews.com\/index.php\/2020\/09\/30\/liberacao-de-atletas-a-selecao-gera-discussao-entre-fifa-e-clubes-por-covid\/#primaryimage\"},\"image\":{\"@id\":\"https:\/\/www.gaveanews.com\/index.php\/2020\/09\/30\/liberacao-de-atletas-a-selecao-gera-discussao-entre-fifa-e-clubes-por-covid\/#primaryimage\"},\"thumbnailUrl\":\"https:\/\/www.gaveanews.com\/wp-content\/uploads\/2019\/07\/Tite-durante-coletiva-de-imprensa-do-Brasil.webp\",\"datePublished\":\"2020-09-30T11:47:02+00:00\",\"dateModified\":\"2020-09-30T11:47:06+00:00\",\"author\":{\"@id\":\"https:\/\/www.gaveanews.com\/#\/schema\/person\/2ec14f73fb96be2caf28f91afb14749d\"},\"breadcrumb\":{\"@id\":\"https:\/\/www.gaveanews.com\/index.php\/2020\/09\/30\/liberacao-de-atletas-a-selecao-gera-discussao-entre-fifa-e-clubes-por-covid\/#breadcrumb\"},\"inLanguage\":\"pt-BR\",\"potentialAction\":[{\"@type\":\"ReadAction\",\"target\":[\"https:\/\/www.gaveanews.com\/index.php\/2020\/09\/30\/liberacao-de-atletas-a-selecao-gera-discussao-entre-fifa-e-clubes-por-covid\/\"]}]},{\"@type\":\"ImageObject\",\"inLanguage\":\"pt-BR\",\"@id\":\"https:\/\/www.gaveanews.com\/index.php\/2020\/09\/30\/liberacao-de-atletas-a-selecao-gera-discussao-entre-fifa-e-clubes-por-covid\/#primaryimage\",\"url\":\"https:\/\/www.gaveanews.com\/wp-content\/uploads\/2019\/07\/Tite-durante-coletiva-de-imprensa-do-Brasil.webp\",\"contentUrl\":\"https:\/\/www.gaveanews.com\/wp-content\/uploads\/2019\/07\/Tite-durante-coletiva-de-imprensa-do-Brasil.webp\",\"width\":960,\"height\":639,\"caption\":\"Tite durante coletiva de imprensa do Brasil (Foto: Lucas Figueiredo\/CBF)\"},{\"@type\":\"BreadcrumbList\",\"@id\":\"https:\/\/www.gaveanews.com\/index.php\/2020\/09\/30\/liberacao-de-atletas-a-selecao-gera-discussao-entre-fifa-e-clubes-por-covid\/#breadcrumb\",\"itemListElement\":[{\"@type\":\"ListItem\",\"position\":1,\"name\":\"Home\",\"item\":\"https:\/\/www.gaveanews.com\/\"},{\"@type\":\"ListItem\",\"position\":2,\"name\":\"Libera\u00e7\u00e3o de atletas \u00e0 sele\u00e7\u00e3o gera discuss\u00e3o entre Fifa e clubes por Covid\"}]},{\"@type\":\"WebSite\",\"@id\":\"https:\/\/www.gaveanews.com\/#website\",\"url\":\"https:\/\/www.gaveanews.com\/\",\"name\":\"G\u00e1vea News\",\"description\":\"Veja todas as not\u00edcias sobre o Flamengo: Contrata\u00e7\u00f5es, categorias de base, resultados das partidas, tabela de classifica\u00e7\u00e3o, pr\u00f3ximos jogos!\",\"potentialAction\":[{\"@type\":\"SearchAction\",\"target\":{\"@type\":\"EntryPoint\",\"urlTemplate\":\"https:\/\/www.gaveanews.com\/?s={search_term_string}\"},\"query-input\":{\"@type\":\"PropertyValueSpecification\",\"valueRequired\":true,\"valueName\":\"search_term_string\"}}],\"inLanguage\":\"pt-BR\"},{\"@type\":\"Person\",\"@id\":\"https:\/\/www.gaveanews.com\/#\/schema\/person\/2ec14f73fb96be2caf28f91afb14749d\",\"name\":\"Equipe G\u00e1vea News\",\"image\":{\"@type\":\"ImageObject\",\"inLanguage\":\"pt-BR\",\"@id\":\"https:\/\/www.gaveanews.com\/#\/schema\/person\/image\/\",\"url\":\"https:\/\/secure.gravatar.com\/avatar\/1e1956f1facbffd3f8fa53a326721950116b3b9dc9bd44939c01180fd4a745a9?s=96&d=mm&r=g\",\"contentUrl\":\"https:\/\/secure.gravatar.com\/avatar\/1e1956f1facbffd3f8fa53a326721950116b3b9dc9bd44939c01180fd4a745a9?s=96&d=mm&r=g\",\"caption\":\"Equipe G\u00e1vea News\"}}]}<\/script>\n<!-- \/ Yoast SEO Premium plugin. -->","yoast_head_json":{"title":"Libera\u00e7\u00e3o de atletas \u00e0 sele\u00e7\u00e3o gera discuss\u00e3o entre Fifa e clubes por Covid","robots":{"index":"index","follow":"follow","max-snippet":"max-snippet:-1","max-image-preview":"max-image-preview:large","max-video-preview":"max-video-preview:-1"},"canonical":"https:\/\/www.gaveanews.com\/index.php\/2020\/09\/30\/liberacao-de-atletas-a-selecao-gera-discussao-entre-fifa-e-clubes-por-covid\/","og_locale":"pt_BR","og_type":"article","og_title":"Libera\u00e7\u00e3o de atletas \u00e0 sele\u00e7\u00e3o gera discuss\u00e3o entre Fifa e clubes por Covid","og_description":"A libera\u00e7\u00e3o de jogadores para sele\u00e7\u00f5es para eliminat\u00f3rias sul-americanas da Copa tem gerado questionamentos por parte de grandes clubes europeus. Fazem press\u00e3o sobre a Fifa por temer perder jogadores por infec\u00e7\u00e3o por coronav\u00edrus. A entidade m\u00e1xima do futebol, no entanto, recha\u00e7a a press\u00e3o e refor\u00e7a que vai liberar os atletas desde cumpridas r\u00edgidas medidas sanit\u00e1rias. [&hellip;]","og_url":"https:\/\/www.gaveanews.com\/index.php\/2020\/09\/30\/liberacao-de-atletas-a-selecao-gera-discussao-entre-fifa-e-clubes-por-covid\/","og_site_name":"G\u00e1vea News","article_publisher":"https:\/\/facebook.com\/gaveaNews\/","article_published_time":"2020-09-30T11:47:02+00:00","article_modified_time":"2020-09-30T11:47:06+00:00","og_image":[{"width":960,"height":639,"url":"https:\/\/www.gaveanews.com\/wp-content\/uploads\/2019\/07\/Tite-durante-coletiva-de-imprensa-do-Brasil.webp","type":"image\/jpeg"}],"author":"Equipe G\u00e1vea News","twitter_card":"summary_large_image","twitter_misc":{"Escrito por":"Equipe G\u00e1vea News","Est. tempo de leitura":"3 minutos"},"schema":{"@context":"https:\/\/schema.org","@graph":[{"@type":"NewsArticle","@id":"https:\/\/www.gaveanews.com\/index.php\/2020\/09\/30\/liberacao-de-atletas-a-selecao-gera-discussao-entre-fifa-e-clubes-por-covid\/#article","isPartOf":{"@id":"https:\/\/www.gaveanews.com\/index.php\/2020\/09\/30\/liberacao-de-atletas-a-selecao-gera-discussao-entre-fifa-e-clubes-por-covid\/"},"author":{"name":"Equipe G\u00e1vea News","@id":"https:\/\/www.gaveanews.com\/#\/schema\/person\/2ec14f73fb96be2caf28f91afb14749d"},"headline":"Libera\u00e7\u00e3o de atletas \u00e0 sele\u00e7\u00e3o gera discuss\u00e3o entre Fifa e clubes por Covid","datePublished":"2020-09-30T11:47:02+00:00","dateModified":"2020-09-30T11:47:06+00:00","mainEntityOfPage":{"@id":"https:\/\/www.gaveanews.com\/index.php\/2020\/09\/30\/liberacao-de-atletas-a-selecao-gera-discussao-entre-fifa-e-clubes-por-covid\/"},"wordCount":517,"commentCount":0,"image":{"@id":"https:\/\/www.gaveanews.com\/index.php\/2020\/09\/30\/liberacao-de-atletas-a-selecao-gera-discussao-entre-fifa-e-clubes-por-covid\/#primaryimage"},"thumbnailUrl":"https:\/\/www.gaveanews.com\/wp-content\/uploads\/2019\/07\/Tite-durante-coletiva-de-imprensa-do-Brasil.webp","articleSection":["Flamengo"],"inLanguage":"pt-BR","potentialAction":[{"@type":"CommentAction","name":"Comment","target":["https:\/\/www.gaveanews.com\/index.php\/2020\/09\/30\/liberacao-de-atletas-a-selecao-gera-discussao-entre-fifa-e-clubes-por-covid\/#respond"]}],"copyrightYear":"2020","copyrightHolder":{"@id":"https:\/\/www.gaveanews.com\/#organization"}},{"@type":"WebPage","@id":"https:\/\/www.gaveanews.com\/index.php\/2020\/09\/30\/liberacao-de-atletas-a-selecao-gera-discussao-entre-fifa-e-clubes-por-covid\/","url":"https:\/\/www.gaveanews.com\/index.php\/2020\/09\/30\/liberacao-de-atletas-a-selecao-gera-discussao-entre-fifa-e-clubes-por-covid\/","name":"Libera\u00e7\u00e3o de atletas \u00e0 sele\u00e7\u00e3o gera discuss\u00e3o entre Fifa e clubes por Covid","isPartOf":{"@id":"https:\/\/www.gaveanews.com\/#website"},"primaryImageOfPage":{"@id":"https:\/\/www.gaveanews.com\/index.php\/2020\/09\/30\/liberacao-de-atletas-a-selecao-gera-discussao-entre-fifa-e-clubes-por-covid\/#primaryimage"},"image":{"@id":"https:\/\/www.gaveanews.com\/index.php\/2020\/09\/30\/liberacao-de-atletas-a-selecao-gera-discussao-entre-fifa-e-clubes-por-covid\/#primaryimage"},"thumbnailUrl":"https:\/\/www.gaveanews.com\/wp-content\/uploads\/2019\/07\/Tite-durante-coletiva-de-imprensa-do-Brasil.webp","datePublished":"2020-09-30T11:47:02+00:00","dateModified":"2020-09-30T11:47:06+00:00","author":{"@id":"https:\/\/www.gaveanews.com\/#\/schema\/person\/2ec14f73fb96be2caf28f91afb14749d"},"breadcrumb":{"@id":"https:\/\/www.gaveanews.com\/index.php\/2020\/09\/30\/liberacao-de-atletas-a-selecao-gera-discussao-entre-fifa-e-clubes-por-covid\/#breadcrumb"},"inLanguage":"pt-BR","potentialAction":[{"@type":"ReadAction","target":["https:\/\/www.gaveanews.com\/index.php\/2020\/09\/30\/liberacao-de-atletas-a-selecao-gera-discussao-entre-fifa-e-clubes-por-covid\/"]}]},{"@type":"ImageObject","inLanguage":"pt-BR","@id":"https:\/\/www.gaveanews.com\/index.php\/2020\/09\/30\/liberacao-de-atletas-a-selecao-gera-discussao-entre-fifa-e-clubes-por-covid\/#primaryimage","url":"https:\/\/www.gaveanews.com\/wp-content\/uploads\/2019\/07\/Tite-durante-coletiva-de-imprensa-do-Brasil.webp","contentUrl":"https:\/\/www.gaveanews.com\/wp-content\/uploads\/2019\/07\/Tite-durante-coletiva-de-imprensa-do-Brasil.webp","width":960,"height":639,"caption":"Tite durante coletiva de imprensa do Brasil (Foto: Lucas Figueiredo\/CBF)"},{"@type":"BreadcrumbList","@id":"https:\/\/www.gaveanews.com\/index.php\/2020\/09\/30\/liberacao-de-atletas-a-selecao-gera-discussao-entre-fifa-e-clubes-por-covid\/#breadcrumb","itemListElement":[{"@type":"ListItem","position":1,"name":"Home","item":"https:\/\/www.gaveanews.com\/"},{"@type":"ListItem","position":2,"name":"Libera\u00e7\u00e3o de atletas \u00e0 sele\u00e7\u00e3o gera discuss\u00e3o entre Fifa e clubes por Covid"}]},{"@type":"WebSite","@id":"https:\/\/www.gaveanews.com\/#website","url":"https:\/\/www.gaveanews.com\/","name":"G\u00e1vea News","description":"Veja todas as not\u00edcias sobre o Flamengo: Contrata\u00e7\u00f5es, categorias de base, resultados das partidas, tabela de classifica\u00e7\u00e3o, pr\u00f3ximos jogos!","potentialAction":[{"@type":"SearchAction","target":{"@type":"EntryPoint","urlTemplate":"https:\/\/www.gaveanews.com\/?s={search_term_string}"},"query-input":{"@type":"PropertyValueSpecification","valueRequired":true,"valueName":"search_term_string"}}],"inLanguage":"pt-BR"},{"@type":"Person","@id":"https:\/\/www.gaveanews.com\/#\/schema\/person\/2ec14f73fb96be2caf28f91afb14749d","name":"Equipe G\u00e1vea News","image":{"@type":"ImageObject","inLanguage":"pt-BR","@id":"https:\/\/www.gaveanews.com\/#\/schema\/person\/image\/","url":"https:\/\/secure.gravatar.com\/avatar\/1e1956f1facbffd3f8fa53a326721950116b3b9dc9bd44939c01180fd4a745a9?s=96&d=mm&r=g","contentUrl":"https:\/\/secure.gravatar.com\/avatar\/1e1956f1facbffd3f8fa53a326721950116b3b9dc9bd44939c01180fd4a745a9?s=96&d=mm&r=g","caption":"Equipe G\u00e1vea News"}}]}},"_links":{"self":[{"href":"https:\/\/www.gaveanews.com\/index.php\/wp-json\/wp\/v2\/posts\/48218","targetHints":{"allow":["GET"]}}],"collection":[{"href":"https:\/\/www.gaveanews.com\/index.php\/wp-json\/wp\/v2\/posts"}],"about":[{"href":"https:\/\/www.gaveanews.com\/index.php\/wp-json\/wp\/v2\/types\/post"}],"author":[{"embeddable":true,"href":"https:\/\/www.gaveanews.com\/index.php\/wp-json\/wp\/v2\/users\/1"}],"replies":[{"embeddable":true,"href":"https:\/\/www.gaveanews.com\/index.php\/wp-json\/wp\/v2\/comments?post=48218"}],"version-history":[{"count":0,"href":"https:\/\/www.gaveanews.com\/index.php\/wp-json\/wp\/v2\/posts\/48218\/revisions"}],"wp:featuredmedia":[{"embeddable":true,"href":"https:\/\/www.gaveanews.com\/index.php\/wp-json\/wp\/v2\/media\/23781"}],"wp:attachment":[{"href":"https:\/\/www.gaveanews.com\/index.php\/wp-json\/wp\/v2\/media?parent=48218"}],"wp:term":[{"taxonomy":"category","embeddable":true,"href":"https:\/\/www.gaveanews.com\/index.php\/wp-json\/wp\/v2\/categories?post=48218"},{"taxonomy":"post_tag","embeddable":true,"href":"https:\/\/www.gaveanews.com\/index.php\/wp-json\/wp\/v2\/tags?post=48218"}],"curies":[{"name":"wp","href":"https:\/\/api.w.org\/{rel}","templated":true}]}}