{"id":48228,"date":"2020-09-30T14:11:05","date_gmt":"2020-09-30T17:11:05","guid":{"rendered":"https:\/\/www.gaveanews.com\/?p=48228"},"modified":"2020-09-30T14:11:09","modified_gmt":"2020-09-30T17:11:09","slug":"ex-treinador-ironiza-parece-que-o-virus-afetou-mais-o-palmeiras-que-o-flamengo","status":"publish","type":"post","link":"https:\/\/www.gaveanews.com\/index.php\/2020\/09\/30\/ex-treinador-ironiza-parece-que-o-virus-afetou-mais-o-palmeiras-que-o-flamengo\/","title":{"rendered":"Ex-treinador ironiza: &#8220;Parece que o v\u00edrus afetou mais o Palmeiras que o Flamengo&#8221;"},"content":{"rendered":"\n<p>O ex-treinador Muricy Ramalho afirmou que o Palmeiras parecia mais afetado pelo Coronav\u00edrus que o Flamengo no jogo do \u00faltimo domingo (27) pelo Campeonato Brasileiro. Apesar do surto de covid-19 que atingiu o time carioca, obrigando a equipe a colocar v\u00e1rios jogadores das categorias de base em campo, a partida terminou empatada em 1 a 1.<\/p>\n\n\n\n<p>&#8220;Eu acho que o Palmeiras tem que jogar mais. O Vanderlei sabe disso tamb\u00e9m. Est\u00e1 dif\u00edcil de ver o Palmeiras jogar. A gente falava do Corinthians, mas agora \u00e9 dif\u00edcil ver o Palmeiras. Esse \u00faltimo jogo contra o Flamengo foi brincadeira. Os caras estavam devagar demais. O v\u00edrus parece que afetou o Palmeiras e n\u00e3o o Flamengo. O Vanderlei tem que dar um jeito. N\u00e3o acho um super elenco, mas tem op\u00e7\u00f5es, tem que jogar melhor&#8221;, disse Muricy Ramalho em participa\u00e7\u00e3o no Sele\u00e7\u00e3o SporTV, hoje.<\/p>\n\n\n\n<p>Na opini\u00e3o de Muricy, o elenco palmeirense \u00e9 superestimado. Ele ainda afirmou que faltam jogadores diferentes e que o time titular n\u00e3o \u00e9 melhor que o dos concorrentes.<\/p>\n\n\n\n<p>&#8220;A turma fala muito do Palmeiras porque investiu muito em um passado recente. Na minha forma de ver, tem um bom plantel, mas n\u00e3o tem um time titular melhor que os principais concorrentes. Tem um bom plantel, com bons jogadores s\u00f3, mas sem jogadores diferentes, e por isso est\u00e1 sofrendo&#8221;, completou o hoje comentarista do Grupo Globo.<\/p>\n\n\n\n<p>Retirado de: UOL<\/p>\n","protected":false},"excerpt":{"rendered":"<p>O ex-treinador Muricy Ramalho afirmou que o Palmeiras parecia mais afetado pelo Coronav\u00edrus que o Flamengo no jogo do \u00faltimo domingo (27) pelo Campeonato Brasileiro. Apesar do surto de covid-19 que atingiu o time carioca, obrigando a equipe a colocar v\u00e1rios jogadores das categorias de base em campo, a partida terminou empatada em 1 a [&hellip;]<\/p>\n","protected":false},"author":1,"featured_media":48136,"comment_status":"open","ping_status":"closed","sticky":false,"template":"","format":"standard","meta":{"footnotes":""},"categories":[1],"tags":[],"class_list":["post-48228","post","type-post","status-publish","format-standard","has-post-thumbnail","hentry","category-flamengo"],"yoast_head":"<!-- This site is optimized with the Yoast SEO Premium plugin v24.2 (Yoast SEO v26.9) - https:\/\/yoast.com\/product\/yoast-seo-premium-wordpress\/ -->\n<title>Ex-treinador ironiza: &quot;Parece que o v\u00edrus afetou mais o Palmeiras que o Flamengo&quot;<\/title>\n<meta name=\"description\" content=\"&quot;Esse \u00faltimo jogo contra o Flamengo foi brincadeira. Os caras estavam devagar demais. O v\u00edrus parece que afetou o Palmeiras e n\u00e3o o Flamengo&quot;\" \/>\n<meta name=\"robots\" content=\"index, follow, max-snippet:-1, max-image-preview:large, max-video-preview:-1\" \/>\n<link rel=\"canonical\" href=\"https:\/\/www.gaveanews.com\/index.php\/2020\/09\/30\/ex-treinador-ironiza-parece-que-o-virus-afetou-mais-o-palmeiras-que-o-flamengo\/\" \/>\n<meta property=\"og:locale\" content=\"pt_BR\" \/>\n<meta property=\"og:type\" content=\"article\" \/>\n<meta property=\"og:title\" content=\"Ex-treinador ironiza: &quot;Parece que o v\u00edrus afetou mais o Palmeiras que o Flamengo&quot;\" \/>\n<meta property=\"og:description\" content=\"&quot;Esse \u00faltimo jogo contra o Flamengo foi brincadeira. Os caras estavam devagar demais. O v\u00edrus parece que afetou o Palmeiras e n\u00e3o o Flamengo&quot;\" \/>\n<meta property=\"og:url\" content=\"https:\/\/www.gaveanews.com\/index.php\/2020\/09\/30\/ex-treinador-ironiza-parece-que-o-virus-afetou-mais-o-palmeiras-que-o-flamengo\/\" \/>\n<meta property=\"og:site_name\" content=\"G\u00e1vea News\" \/>\n<meta property=\"article:publisher\" content=\"https:\/\/facebook.com\/gaveaNews\/\" \/>\n<meta property=\"article:published_time\" content=\"2020-09-30T17:11:05+00:00\" \/>\n<meta property=\"article:modified_time\" content=\"2020-09-30T17:11:09+00:00\" \/>\n<meta property=\"og:image\" content=\"https:\/\/www.gaveanews.com\/wp-content\/uploads\/Felipe-Melo-e-Gerson-disputam-a-bola-durante-a-partida-entre-Flamengo-e-Palmeiras-disputada-no-dia-27-de-setembro-de-2020.webp\" \/>\n\t<meta property=\"og:image:width\" content=\"799\" \/>\n\t<meta property=\"og:image:height\" content=\"532\" \/>\n\t<meta property=\"og:image:type\" content=\"image\/jpeg\" \/>\n<meta name=\"author\" content=\"Equipe G\u00e1vea News\" \/>\n<meta name=\"twitter:card\" content=\"summary_large_image\" \/>\n<meta name=\"twitter:label1\" content=\"Escrito por\" \/>\n\t<meta name=\"twitter:data1\" content=\"Equipe G\u00e1vea News\" \/>\n\t<meta name=\"twitter:label2\" content=\"Est. tempo de leitura\" \/>\n\t<meta name=\"twitter:data2\" content=\"1 minuto\" \/>\n<script type=\"application\/ld+json\" class=\"yoast-schema-graph\">{\"@context\":\"https:\/\/schema.org\",\"@graph\":[{\"@type\":\"NewsArticle\",\"@id\":\"https:\/\/www.gaveanews.com\/index.php\/2020\/09\/30\/ex-treinador-ironiza-parece-que-o-virus-afetou-mais-o-palmeiras-que-o-flamengo\/#article\",\"isPartOf\":{\"@id\":\"https:\/\/www.gaveanews.com\/index.php\/2020\/09\/30\/ex-treinador-ironiza-parece-que-o-virus-afetou-mais-o-palmeiras-que-o-flamengo\/\"},\"author\":{\"name\":\"Equipe G\u00e1vea News\",\"@id\":\"https:\/\/www.gaveanews.com\/#\/schema\/person\/2ec14f73fb96be2caf28f91afb14749d\"},\"headline\":\"Ex-treinador ironiza: &#8220;Parece que o v\u00edrus afetou mais o Palmeiras que o Flamengo&#8221;\",\"datePublished\":\"2020-09-30T17:11:05+00:00\",\"dateModified\":\"2020-09-30T17:11:09+00:00\",\"mainEntityOfPage\":{\"@id\":\"https:\/\/www.gaveanews.com\/index.php\/2020\/09\/30\/ex-treinador-ironiza-parece-que-o-virus-afetou-mais-o-palmeiras-que-o-flamengo\/\"},\"wordCount\":251,\"commentCount\":0,\"image\":{\"@id\":\"https:\/\/www.gaveanews.com\/index.php\/2020\/09\/30\/ex-treinador-ironiza-parece-que-o-virus-afetou-mais-o-palmeiras-que-o-flamengo\/#primaryimage\"},\"thumbnailUrl\":\"https:\/\/www.gaveanews.com\/wp-content\/uploads\/Felipe-Melo-e-Gerson-disputam-a-bola-durante-a-partida-entre-Flamengo-e-Palmeiras-disputada-no-dia-27-de-setembro-de-2020.webp\",\"articleSection\":[\"Flamengo\"],\"inLanguage\":\"pt-BR\",\"potentialAction\":[{\"@type\":\"CommentAction\",\"name\":\"Comment\",\"target\":[\"https:\/\/www.gaveanews.com\/index.php\/2020\/09\/30\/ex-treinador-ironiza-parece-que-o-virus-afetou-mais-o-palmeiras-que-o-flamengo\/#respond\"]}],\"copyrightYear\":\"2020\",\"copyrightHolder\":{\"@id\":\"https:\/\/www.gaveanews.com\/#organization\"}},{\"@type\":\"WebPage\",\"@id\":\"https:\/\/www.gaveanews.com\/index.php\/2020\/09\/30\/ex-treinador-ironiza-parece-que-o-virus-afetou-mais-o-palmeiras-que-o-flamengo\/\",\"url\":\"https:\/\/www.gaveanews.com\/index.php\/2020\/09\/30\/ex-treinador-ironiza-parece-que-o-virus-afetou-mais-o-palmeiras-que-o-flamengo\/\",\"name\":\"Ex-treinador ironiza: \\\"Parece que o v\u00edrus afetou mais o Palmeiras que o Flamengo\\\"\",\"isPartOf\":{\"@id\":\"https:\/\/www.gaveanews.com\/#website\"},\"primaryImageOfPage\":{\"@id\":\"https:\/\/www.gaveanews.com\/index.php\/2020\/09\/30\/ex-treinador-ironiza-parece-que-o-virus-afetou-mais-o-palmeiras-que-o-flamengo\/#primaryimage\"},\"image\":{\"@id\":\"https:\/\/www.gaveanews.com\/index.php\/2020\/09\/30\/ex-treinador-ironiza-parece-que-o-virus-afetou-mais-o-palmeiras-que-o-flamengo\/#primaryimage\"},\"thumbnailUrl\":\"https:\/\/www.gaveanews.com\/wp-content\/uploads\/Felipe-Melo-e-Gerson-disputam-a-bola-durante-a-partida-entre-Flamengo-e-Palmeiras-disputada-no-dia-27-de-setembro-de-2020.webp\",\"datePublished\":\"2020-09-30T17:11:05+00:00\",\"dateModified\":\"2020-09-30T17:11:09+00:00\",\"author\":{\"@id\":\"https:\/\/www.gaveanews.com\/#\/schema\/person\/2ec14f73fb96be2caf28f91afb14749d\"},\"description\":\"\\\"Esse \u00faltimo jogo contra o Flamengo foi brincadeira. Os caras estavam devagar demais. O v\u00edrus parece que afetou o Palmeiras e n\u00e3o o Flamengo\\\"\",\"breadcrumb\":{\"@id\":\"https:\/\/www.gaveanews.com\/index.php\/2020\/09\/30\/ex-treinador-ironiza-parece-que-o-virus-afetou-mais-o-palmeiras-que-o-flamengo\/#breadcrumb\"},\"inLanguage\":\"pt-BR\",\"potentialAction\":[{\"@type\":\"ReadAction\",\"target\":[\"https:\/\/www.gaveanews.com\/index.php\/2020\/09\/30\/ex-treinador-ironiza-parece-que-o-virus-afetou-mais-o-palmeiras-que-o-flamengo\/\"]}]},{\"@type\":\"ImageObject\",\"inLanguage\":\"pt-BR\",\"@id\":\"https:\/\/www.gaveanews.com\/index.php\/2020\/09\/30\/ex-treinador-ironiza-parece-que-o-virus-afetou-mais-o-palmeiras-que-o-flamengo\/#primaryimage\",\"url\":\"https:\/\/www.gaveanews.com\/wp-content\/uploads\/Felipe-Melo-e-Gerson-disputam-a-bola-durante-a-partida-entre-Flamengo-e-Palmeiras-disputada-no-dia-27-de-setembro-de-2020.webp\",\"contentUrl\":\"https:\/\/www.gaveanews.com\/wp-content\/uploads\/Felipe-Melo-e-Gerson-disputam-a-bola-durante-a-partida-entre-Flamengo-e-Palmeiras-disputada-no-dia-27-de-setembro-de-2020.webp\",\"width\":799,\"height\":532,\"caption\":\"Felipe Melo e Gerson disputam a bola durante a partida entre Flamengo e Palmeiras disputada no dia 27 de setembro de 2020 (Foto: Alexandre Vidal\/Flamengo)\"},{\"@type\":\"BreadcrumbList\",\"@id\":\"https:\/\/www.gaveanews.com\/index.php\/2020\/09\/30\/ex-treinador-ironiza-parece-que-o-virus-afetou-mais-o-palmeiras-que-o-flamengo\/#breadcrumb\",\"itemListElement\":[{\"@type\":\"ListItem\",\"position\":1,\"name\":\"Home\",\"item\":\"https:\/\/www.gaveanews.com\/\"},{\"@type\":\"ListItem\",\"position\":2,\"name\":\"Ex-treinador ironiza: &#8220;Parece que o v\u00edrus afetou mais o Palmeiras que o Flamengo&#8221;\"}]},{\"@type\":\"WebSite\",\"@id\":\"https:\/\/www.gaveanews.com\/#website\",\"url\":\"https:\/\/www.gaveanews.com\/\",\"name\":\"G\u00e1vea News\",\"description\":\"Veja todas as not\u00edcias sobre o Flamengo: Contrata\u00e7\u00f5es, categorias de base, resultados das partidas, tabela de classifica\u00e7\u00e3o, pr\u00f3ximos jogos!\",\"potentialAction\":[{\"@type\":\"SearchAction\",\"target\":{\"@type\":\"EntryPoint\",\"urlTemplate\":\"https:\/\/www.gaveanews.com\/?s={search_term_string}\"},\"query-input\":{\"@type\":\"PropertyValueSpecification\",\"valueRequired\":true,\"valueName\":\"search_term_string\"}}],\"inLanguage\":\"pt-BR\"},{\"@type\":\"Person\",\"@id\":\"https:\/\/www.gaveanews.com\/#\/schema\/person\/2ec14f73fb96be2caf28f91afb14749d\",\"name\":\"Equipe G\u00e1vea News\",\"image\":{\"@type\":\"ImageObject\",\"inLanguage\":\"pt-BR\",\"@id\":\"https:\/\/www.gaveanews.com\/#\/schema\/person\/image\/\",\"url\":\"https:\/\/secure.gravatar.com\/avatar\/1e1956f1facbffd3f8fa53a326721950116b3b9dc9bd44939c01180fd4a745a9?s=96&d=mm&r=g\",\"contentUrl\":\"https:\/\/secure.gravatar.com\/avatar\/1e1956f1facbffd3f8fa53a326721950116b3b9dc9bd44939c01180fd4a745a9?s=96&d=mm&r=g\",\"caption\":\"Equipe G\u00e1vea News\"}}]}<\/script>\n<!-- \/ Yoast SEO Premium plugin. -->","yoast_head_json":{"title":"Ex-treinador ironiza: \"Parece que o v\u00edrus afetou mais o Palmeiras que o Flamengo\"","description":"\"Esse \u00faltimo jogo contra o Flamengo foi brincadeira. Os caras estavam devagar demais. O v\u00edrus parece que afetou o Palmeiras e n\u00e3o o Flamengo\"","robots":{"index":"index","follow":"follow","max-snippet":"max-snippet:-1","max-image-preview":"max-image-preview:large","max-video-preview":"max-video-preview:-1"},"canonical":"https:\/\/www.gaveanews.com\/index.php\/2020\/09\/30\/ex-treinador-ironiza-parece-que-o-virus-afetou-mais-o-palmeiras-que-o-flamengo\/","og_locale":"pt_BR","og_type":"article","og_title":"Ex-treinador ironiza: \"Parece que o v\u00edrus afetou mais o Palmeiras que o Flamengo\"","og_description":"\"Esse \u00faltimo jogo contra o Flamengo foi brincadeira. Os caras estavam devagar demais. O v\u00edrus parece que afetou o Palmeiras e n\u00e3o o Flamengo\"","og_url":"https:\/\/www.gaveanews.com\/index.php\/2020\/09\/30\/ex-treinador-ironiza-parece-que-o-virus-afetou-mais-o-palmeiras-que-o-flamengo\/","og_site_name":"G\u00e1vea News","article_publisher":"https:\/\/facebook.com\/gaveaNews\/","article_published_time":"2020-09-30T17:11:05+00:00","article_modified_time":"2020-09-30T17:11:09+00:00","og_image":[{"width":799,"height":532,"url":"https:\/\/www.gaveanews.com\/wp-content\/uploads\/Felipe-Melo-e-Gerson-disputam-a-bola-durante-a-partida-entre-Flamengo-e-Palmeiras-disputada-no-dia-27-de-setembro-de-2020.webp","type":"image\/jpeg"}],"author":"Equipe G\u00e1vea News","twitter_card":"summary_large_image","twitter_misc":{"Escrito por":"Equipe G\u00e1vea News","Est. tempo de leitura":"1 minuto"},"schema":{"@context":"https:\/\/schema.org","@graph":[{"@type":"NewsArticle","@id":"https:\/\/www.gaveanews.com\/index.php\/2020\/09\/30\/ex-treinador-ironiza-parece-que-o-virus-afetou-mais-o-palmeiras-que-o-flamengo\/#article","isPartOf":{"@id":"https:\/\/www.gaveanews.com\/index.php\/2020\/09\/30\/ex-treinador-ironiza-parece-que-o-virus-afetou-mais-o-palmeiras-que-o-flamengo\/"},"author":{"name":"Equipe G\u00e1vea News","@id":"https:\/\/www.gaveanews.com\/#\/schema\/person\/2ec14f73fb96be2caf28f91afb14749d"},"headline":"Ex-treinador ironiza: &#8220;Parece que o v\u00edrus afetou mais o Palmeiras que o Flamengo&#8221;","datePublished":"2020-09-30T17:11:05+00:00","dateModified":"2020-09-30T17:11:09+00:00","mainEntityOfPage":{"@id":"https:\/\/www.gaveanews.com\/index.php\/2020\/09\/30\/ex-treinador-ironiza-parece-que-o-virus-afetou-mais-o-palmeiras-que-o-flamengo\/"},"wordCount":251,"commentCount":0,"image":{"@id":"https:\/\/www.gaveanews.com\/index.php\/2020\/09\/30\/ex-treinador-ironiza-parece-que-o-virus-afetou-mais-o-palmeiras-que-o-flamengo\/#primaryimage"},"thumbnailUrl":"https:\/\/www.gaveanews.com\/wp-content\/uploads\/Felipe-Melo-e-Gerson-disputam-a-bola-durante-a-partida-entre-Flamengo-e-Palmeiras-disputada-no-dia-27-de-setembro-de-2020.webp","articleSection":["Flamengo"],"inLanguage":"pt-BR","potentialAction":[{"@type":"CommentAction","name":"Comment","target":["https:\/\/www.gaveanews.com\/index.php\/2020\/09\/30\/ex-treinador-ironiza-parece-que-o-virus-afetou-mais-o-palmeiras-que-o-flamengo\/#respond"]}],"copyrightYear":"2020","copyrightHolder":{"@id":"https:\/\/www.gaveanews.com\/#organization"}},{"@type":"WebPage","@id":"https:\/\/www.gaveanews.com\/index.php\/2020\/09\/30\/ex-treinador-ironiza-parece-que-o-virus-afetou-mais-o-palmeiras-que-o-flamengo\/","url":"https:\/\/www.gaveanews.com\/index.php\/2020\/09\/30\/ex-treinador-ironiza-parece-que-o-virus-afetou-mais-o-palmeiras-que-o-flamengo\/","name":"Ex-treinador ironiza: \"Parece que o v\u00edrus afetou mais o Palmeiras que o Flamengo\"","isPartOf":{"@id":"https:\/\/www.gaveanews.com\/#website"},"primaryImageOfPage":{"@id":"https:\/\/www.gaveanews.com\/index.php\/2020\/09\/30\/ex-treinador-ironiza-parece-que-o-virus-afetou-mais-o-palmeiras-que-o-flamengo\/#primaryimage"},"image":{"@id":"https:\/\/www.gaveanews.com\/index.php\/2020\/09\/30\/ex-treinador-ironiza-parece-que-o-virus-afetou-mais-o-palmeiras-que-o-flamengo\/#primaryimage"},"thumbnailUrl":"https:\/\/www.gaveanews.com\/wp-content\/uploads\/Felipe-Melo-e-Gerson-disputam-a-bola-durante-a-partida-entre-Flamengo-e-Palmeiras-disputada-no-dia-27-de-setembro-de-2020.webp","datePublished":"2020-09-30T17:11:05+00:00","dateModified":"2020-09-30T17:11:09+00:00","author":{"@id":"https:\/\/www.gaveanews.com\/#\/schema\/person\/2ec14f73fb96be2caf28f91afb14749d"},"description":"\"Esse \u00faltimo jogo contra o Flamengo foi brincadeira. Os caras estavam devagar demais. O v\u00edrus parece que afetou o Palmeiras e n\u00e3o o Flamengo\"","breadcrumb":{"@id":"https:\/\/www.gaveanews.com\/index.php\/2020\/09\/30\/ex-treinador-ironiza-parece-que-o-virus-afetou-mais-o-palmeiras-que-o-flamengo\/#breadcrumb"},"inLanguage":"pt-BR","potentialAction":[{"@type":"ReadAction","target":["https:\/\/www.gaveanews.com\/index.php\/2020\/09\/30\/ex-treinador-ironiza-parece-que-o-virus-afetou-mais-o-palmeiras-que-o-flamengo\/"]}]},{"@type":"ImageObject","inLanguage":"pt-BR","@id":"https:\/\/www.gaveanews.com\/index.php\/2020\/09\/30\/ex-treinador-ironiza-parece-que-o-virus-afetou-mais-o-palmeiras-que-o-flamengo\/#primaryimage","url":"https:\/\/www.gaveanews.com\/wp-content\/uploads\/Felipe-Melo-e-Gerson-disputam-a-bola-durante-a-partida-entre-Flamengo-e-Palmeiras-disputada-no-dia-27-de-setembro-de-2020.webp","contentUrl":"https:\/\/www.gaveanews.com\/wp-content\/uploads\/Felipe-Melo-e-Gerson-disputam-a-bola-durante-a-partida-entre-Flamengo-e-Palmeiras-disputada-no-dia-27-de-setembro-de-2020.webp","width":799,"height":532,"caption":"Felipe Melo e Gerson disputam a bola durante a partida entre Flamengo e Palmeiras disputada no dia 27 de setembro de 2020 (Foto: Alexandre Vidal\/Flamengo)"},{"@type":"BreadcrumbList","@id":"https:\/\/www.gaveanews.com\/index.php\/2020\/09\/30\/ex-treinador-ironiza-parece-que-o-virus-afetou-mais-o-palmeiras-que-o-flamengo\/#breadcrumb","itemListElement":[{"@type":"ListItem","position":1,"name":"Home","item":"https:\/\/www.gaveanews.com\/"},{"@type":"ListItem","position":2,"name":"Ex-treinador ironiza: &#8220;Parece que o v\u00edrus afetou mais o Palmeiras que o Flamengo&#8221;"}]},{"@type":"WebSite","@id":"https:\/\/www.gaveanews.com\/#website","url":"https:\/\/www.gaveanews.com\/","name":"G\u00e1vea News","description":"Veja todas as not\u00edcias sobre o Flamengo: Contrata\u00e7\u00f5es, categorias de base, resultados das partidas, tabela de classifica\u00e7\u00e3o, pr\u00f3ximos jogos!","potentialAction":[{"@type":"SearchAction","target":{"@type":"EntryPoint","urlTemplate":"https:\/\/www.gaveanews.com\/?s={search_term_string}"},"query-input":{"@type":"PropertyValueSpecification","valueRequired":true,"valueName":"search_term_string"}}],"inLanguage":"pt-BR"},{"@type":"Person","@id":"https:\/\/www.gaveanews.com\/#\/schema\/person\/2ec14f73fb96be2caf28f91afb14749d","name":"Equipe G\u00e1vea News","image":{"@type":"ImageObject","inLanguage":"pt-BR","@id":"https:\/\/www.gaveanews.com\/#\/schema\/person\/image\/","url":"https:\/\/secure.gravatar.com\/avatar\/1e1956f1facbffd3f8fa53a326721950116b3b9dc9bd44939c01180fd4a745a9?s=96&d=mm&r=g","contentUrl":"https:\/\/secure.gravatar.com\/avatar\/1e1956f1facbffd3f8fa53a326721950116b3b9dc9bd44939c01180fd4a745a9?s=96&d=mm&r=g","caption":"Equipe G\u00e1vea News"}}]}},"_links":{"self":[{"href":"https:\/\/www.gaveanews.com\/index.php\/wp-json\/wp\/v2\/posts\/48228","targetHints":{"allow":["GET"]}}],"collection":[{"href":"https:\/\/www.gaveanews.com\/index.php\/wp-json\/wp\/v2\/posts"}],"about":[{"href":"https:\/\/www.gaveanews.com\/index.php\/wp-json\/wp\/v2\/types\/post"}],"author":[{"embeddable":true,"href":"https:\/\/www.gaveanews.com\/index.php\/wp-json\/wp\/v2\/users\/1"}],"replies":[{"embeddable":true,"href":"https:\/\/www.gaveanews.com\/index.php\/wp-json\/wp\/v2\/comments?post=48228"}],"version-history":[{"count":0,"href":"https:\/\/www.gaveanews.com\/index.php\/wp-json\/wp\/v2\/posts\/48228\/revisions"}],"wp:featuredmedia":[{"embeddable":true,"href":"https:\/\/www.gaveanews.com\/index.php\/wp-json\/wp\/v2\/media\/48136"}],"wp:attachment":[{"href":"https:\/\/www.gaveanews.com\/index.php\/wp-json\/wp\/v2\/media?parent=48228"}],"wp:term":[{"taxonomy":"category","embeddable":true,"href":"https:\/\/www.gaveanews.com\/index.php\/wp-json\/wp\/v2\/categories?post=48228"},{"taxonomy":"post_tag","embeddable":true,"href":"https:\/\/www.gaveanews.com\/index.php\/wp-json\/wp\/v2\/tags?post=48228"}],"curies":[{"name":"wp","href":"https:\/\/api.w.org\/{rel}","templated":true}]}}