{"id":48231,"date":"2020-09-30T14:27:04","date_gmt":"2020-09-30T17:27:04","guid":{"rendered":"https:\/\/www.gaveanews.com\/?p=48231"},"modified":"2020-09-30T14:27:06","modified_gmt":"2020-09-30T17:27:06","slug":"grana-confirmada-para-o-flamengo-lucas-paqueta-e-anunciado-pelo-lyon","status":"publish","type":"post","link":"https:\/\/www.gaveanews.com\/index.php\/2020\/09\/30\/grana-confirmada-para-o-flamengo-lucas-paqueta-e-anunciado-pelo-lyon\/","title":{"rendered":"Grana confirmada para o Flamengo! Lucas Paquet\u00e1 \u00e9 anunciado pelo Lyon"},"content":{"rendered":"\n<p>Lucas Paquet\u00e1 n\u00e3o \u00e9 mais jogador do Milan. Nesta quarta-feira, o meio-campista brasileiro foi anunciado oficialmente pelo Lyon, da Fran\u00e7a. O contrato do brasileiro com o clube franc\u00eas ir\u00e1 at\u00e9 2025.<\/p>\n\n\n\n<p>A negocia\u00e7\u00e3o de Paquet\u00e1 custar\u00e1 em torno dos 20 milh\u00f5es de euros (cerca de R$ 132 milh\u00f5es). O presidente do clube, Jean-Michel Aulas, revelou a felicidade em poder contar com o meio-campista. O Flamengo, por sua vez, embolsar\u00e1, cerca de 800 mil euros (aproximadamente 5 milh\u00f5es e 300 mil reais).<\/p>\n\n\n\n<p>\u2014 A negocia\u00e7\u00e3o de Paquet\u00e1 custar\u00e1 em torno dos 20 milh\u00f5es de euros (cerca de R$ 132 milh\u00f5es). O presidente do clube, Jean-Michel Aulas, revelou a felicidade em poder contar com o meio-campista.<\/p>\n\n\n\n<figure class=\"wp-block-embed-twitter wp-block-embed is-type-rich is-provider-twitter\"><div class=\"wp-block-embed__wrapper\">\n<blockquote class=\"twitter-tweet\" data-width=\"550\" data-dnt=\"true\"><p lang=\"pt\" dir=\"ltr\">Bem-vindo Lucas Paquet\u00e1 ! \ud83d\udd34\ud83d\udd35<a href=\"https:\/\/twitter.com\/hashtag\/Paqueta2025?src=hash&amp;ref_src=twsrc%5Etfw\">#Paqueta2025<\/a> <a href=\"https:\/\/t.co\/Sqxk3ttQO3\">pic.twitter.com\/Sqxk3ttQO3<\/a><\/p>&mdash; Olympique Lyonnais (@OL) <a href=\"https:\/\/twitter.com\/OL\/status\/1311343839513280512?ref_src=twsrc%5Etfw\">September 30, 2020<\/a><\/blockquote><script async src=\"https:\/\/platform.twitter.com\/widgets.js\" charset=\"utf-8\"><\/script>\n<\/div><\/figure>\n\n\n\n<p>Retirado de: Lance<\/p>\n","protected":false},"excerpt":{"rendered":"<p>Lucas Paquet\u00e1 n\u00e3o \u00e9 mais jogador do Milan. Nesta quarta-feira, o meio-campista brasileiro foi anunciado oficialmente pelo Lyon, da Fran\u00e7a. O contrato do brasileiro com o clube franc\u00eas ir\u00e1 at\u00e9 2025. A negocia\u00e7\u00e3o de Paquet\u00e1 custar\u00e1 em torno dos 20 milh\u00f5es de euros (cerca de R$ 132 milh\u00f5es). O presidente do clube, Jean-Michel Aulas, revelou [&hellip;]<\/p>\n","protected":false},"author":1,"featured_media":15155,"comment_status":"open","ping_status":"closed","sticky":false,"template":"","format":"standard","meta":{"footnotes":""},"categories":[1],"tags":[],"class_list":["post-48231","post","type-post","status-publish","format-standard","has-post-thumbnail","hentry","category-flamengo"],"yoast_head":"<!-- This site is optimized with the Yoast SEO Premium plugin v24.2 (Yoast SEO v26.9) - https:\/\/yoast.com\/product\/yoast-seo-premium-wordpress\/ -->\n<title>Grana confirmada para o Flamengo! Lucas Paquet\u00e1 \u00e9 anunciado pelo Lyon<\/title>\n<meta name=\"description\" content=\"Nesta quarta-feira (30 de setembro), o meio-campista brasileiro foi anunciado oficialmente pelo Lyon, da Fran\u00e7a.\" \/>\n<meta name=\"robots\" content=\"index, follow, max-snippet:-1, max-image-preview:large, max-video-preview:-1\" \/>\n<link rel=\"canonical\" href=\"https:\/\/www.gaveanews.com\/index.php\/2020\/09\/30\/grana-confirmada-para-o-flamengo-lucas-paqueta-e-anunciado-pelo-lyon\/\" \/>\n<meta property=\"og:locale\" content=\"pt_BR\" \/>\n<meta property=\"og:type\" content=\"article\" \/>\n<meta property=\"og:title\" content=\"Grana confirmada para o Flamengo! Lucas Paquet\u00e1 \u00e9 anunciado pelo Lyon\" \/>\n<meta property=\"og:description\" content=\"Nesta quarta-feira (30 de setembro), o meio-campista brasileiro foi anunciado oficialmente pelo Lyon, da Fran\u00e7a.\" \/>\n<meta property=\"og:url\" content=\"https:\/\/www.gaveanews.com\/index.php\/2020\/09\/30\/grana-confirmada-para-o-flamengo-lucas-paqueta-e-anunciado-pelo-lyon\/\" \/>\n<meta property=\"og:site_name\" content=\"G\u00e1vea News\" \/>\n<meta property=\"article:publisher\" content=\"https:\/\/facebook.com\/gaveaNews\/\" \/>\n<meta property=\"article:published_time\" content=\"2020-09-30T17:27:04+00:00\" \/>\n<meta property=\"article:modified_time\" content=\"2020-09-30T17:27:06+00:00\" \/>\n<meta property=\"og:image\" content=\"https:\/\/www.gaveanews.com\/wp-content\/uploads\/2019\/03\/Lucas-Paqueta-durante-treinamento-no-Ninho-do-Urubu.webp\" \/>\n\t<meta property=\"og:image:width\" content=\"1\" \/>\n\t<meta property=\"og:image:height\" content=\"1\" \/>\n\t<meta property=\"og:image:type\" content=\"image\/jpeg\" \/>\n<meta name=\"author\" content=\"Equipe G\u00e1vea News\" \/>\n<meta name=\"twitter:card\" content=\"summary_large_image\" \/>\n<meta name=\"twitter:label1\" content=\"Escrito por\" \/>\n\t<meta name=\"twitter:data1\" content=\"Equipe G\u00e1vea News\" \/>\n\t<meta name=\"twitter:label2\" content=\"Est. tempo de leitura\" \/>\n\t<meta name=\"twitter:data2\" content=\"1 minuto\" \/>\n<script type=\"application\/ld+json\" class=\"yoast-schema-graph\">{\"@context\":\"https:\/\/schema.org\",\"@graph\":[{\"@type\":\"NewsArticle\",\"@id\":\"https:\/\/www.gaveanews.com\/index.php\/2020\/09\/30\/grana-confirmada-para-o-flamengo-lucas-paqueta-e-anunciado-pelo-lyon\/#article\",\"isPartOf\":{\"@id\":\"https:\/\/www.gaveanews.com\/index.php\/2020\/09\/30\/grana-confirmada-para-o-flamengo-lucas-paqueta-e-anunciado-pelo-lyon\/\"},\"author\":{\"name\":\"Equipe G\u00e1vea News\",\"@id\":\"https:\/\/www.gaveanews.com\/#\/schema\/person\/2ec14f73fb96be2caf28f91afb14749d\"},\"headline\":\"Grana confirmada para o Flamengo! Lucas Paquet\u00e1 \u00e9 anunciado pelo Lyon\",\"datePublished\":\"2020-09-30T17:27:04+00:00\",\"dateModified\":\"2020-09-30T17:27:06+00:00\",\"mainEntityOfPage\":{\"@id\":\"https:\/\/www.gaveanews.com\/index.php\/2020\/09\/30\/grana-confirmada-para-o-flamengo-lucas-paqueta-e-anunciado-pelo-lyon\/\"},\"wordCount\":161,\"commentCount\":0,\"image\":{\"@id\":\"https:\/\/www.gaveanews.com\/index.php\/2020\/09\/30\/grana-confirmada-para-o-flamengo-lucas-paqueta-e-anunciado-pelo-lyon\/#primaryimage\"},\"thumbnailUrl\":\"https:\/\/www.gaveanews.com\/wp-content\/uploads\/2019\/03\/Lucas-Paqueta-durante-treinamento-no-Ninho-do-Urubu.webp\",\"articleSection\":[\"Flamengo\"],\"inLanguage\":\"pt-BR\",\"potentialAction\":[{\"@type\":\"CommentAction\",\"name\":\"Comment\",\"target\":[\"https:\/\/www.gaveanews.com\/index.php\/2020\/09\/30\/grana-confirmada-para-o-flamengo-lucas-paqueta-e-anunciado-pelo-lyon\/#respond\"]}],\"copyrightYear\":\"2020\",\"copyrightHolder\":{\"@id\":\"https:\/\/www.gaveanews.com\/#organization\"}},{\"@type\":\"WebPage\",\"@id\":\"https:\/\/www.gaveanews.com\/index.php\/2020\/09\/30\/grana-confirmada-para-o-flamengo-lucas-paqueta-e-anunciado-pelo-lyon\/\",\"url\":\"https:\/\/www.gaveanews.com\/index.php\/2020\/09\/30\/grana-confirmada-para-o-flamengo-lucas-paqueta-e-anunciado-pelo-lyon\/\",\"name\":\"Grana confirmada para o Flamengo! Lucas Paquet\u00e1 \u00e9 anunciado pelo Lyon\",\"isPartOf\":{\"@id\":\"https:\/\/www.gaveanews.com\/#website\"},\"primaryImageOfPage\":{\"@id\":\"https:\/\/www.gaveanews.com\/index.php\/2020\/09\/30\/grana-confirmada-para-o-flamengo-lucas-paqueta-e-anunciado-pelo-lyon\/#primaryimage\"},\"image\":{\"@id\":\"https:\/\/www.gaveanews.com\/index.php\/2020\/09\/30\/grana-confirmada-para-o-flamengo-lucas-paqueta-e-anunciado-pelo-lyon\/#primaryimage\"},\"thumbnailUrl\":\"https:\/\/www.gaveanews.com\/wp-content\/uploads\/2019\/03\/Lucas-Paqueta-durante-treinamento-no-Ninho-do-Urubu.webp\",\"datePublished\":\"2020-09-30T17:27:04+00:00\",\"dateModified\":\"2020-09-30T17:27:06+00:00\",\"author\":{\"@id\":\"https:\/\/www.gaveanews.com\/#\/schema\/person\/2ec14f73fb96be2caf28f91afb14749d\"},\"description\":\"Nesta quarta-feira (30 de setembro), o meio-campista brasileiro foi anunciado oficialmente pelo Lyon, da Fran\u00e7a.\",\"breadcrumb\":{\"@id\":\"https:\/\/www.gaveanews.com\/index.php\/2020\/09\/30\/grana-confirmada-para-o-flamengo-lucas-paqueta-e-anunciado-pelo-lyon\/#breadcrumb\"},\"inLanguage\":\"pt-BR\",\"potentialAction\":[{\"@type\":\"ReadAction\",\"target\":[\"https:\/\/www.gaveanews.com\/index.php\/2020\/09\/30\/grana-confirmada-para-o-flamengo-lucas-paqueta-e-anunciado-pelo-lyon\/\"]}]},{\"@type\":\"ImageObject\",\"inLanguage\":\"pt-BR\",\"@id\":\"https:\/\/www.gaveanews.com\/index.php\/2020\/09\/30\/grana-confirmada-para-o-flamengo-lucas-paqueta-e-anunciado-pelo-lyon\/#primaryimage\",\"url\":\"https:\/\/www.gaveanews.com\/wp-content\/uploads\/2019\/03\/Lucas-Paqueta-durante-treinamento-no-Ninho-do-Urubu.webp\",\"contentUrl\":\"https:\/\/www.gaveanews.com\/wp-content\/uploads\/2019\/03\/Lucas-Paqueta-durante-treinamento-no-Ninho-do-Urubu.webp\",\"width\":880,\"height\":586,\"caption\":\"Lucas Paquet\u00e1 durante treinamento no Ninho do Urubu (Foto: Gilvan de Souza\/Flamengo)\"},{\"@type\":\"BreadcrumbList\",\"@id\":\"https:\/\/www.gaveanews.com\/index.php\/2020\/09\/30\/grana-confirmada-para-o-flamengo-lucas-paqueta-e-anunciado-pelo-lyon\/#breadcrumb\",\"itemListElement\":[{\"@type\":\"ListItem\",\"position\":1,\"name\":\"Home\",\"item\":\"https:\/\/www.gaveanews.com\/\"},{\"@type\":\"ListItem\",\"position\":2,\"name\":\"Grana confirmada para o Flamengo! Lucas Paquet\u00e1 \u00e9 anunciado pelo Lyon\"}]},{\"@type\":\"WebSite\",\"@id\":\"https:\/\/www.gaveanews.com\/#website\",\"url\":\"https:\/\/www.gaveanews.com\/\",\"name\":\"G\u00e1vea News\",\"description\":\"Veja todas as not\u00edcias sobre o Flamengo: Contrata\u00e7\u00f5es, categorias de base, resultados das partidas, tabela de classifica\u00e7\u00e3o, pr\u00f3ximos jogos!\",\"potentialAction\":[{\"@type\":\"SearchAction\",\"target\":{\"@type\":\"EntryPoint\",\"urlTemplate\":\"https:\/\/www.gaveanews.com\/?s={search_term_string}\"},\"query-input\":{\"@type\":\"PropertyValueSpecification\",\"valueRequired\":true,\"valueName\":\"search_term_string\"}}],\"inLanguage\":\"pt-BR\"},{\"@type\":\"Person\",\"@id\":\"https:\/\/www.gaveanews.com\/#\/schema\/person\/2ec14f73fb96be2caf28f91afb14749d\",\"name\":\"Equipe G\u00e1vea News\",\"image\":{\"@type\":\"ImageObject\",\"inLanguage\":\"pt-BR\",\"@id\":\"https:\/\/www.gaveanews.com\/#\/schema\/person\/image\/\",\"url\":\"https:\/\/secure.gravatar.com\/avatar\/1e1956f1facbffd3f8fa53a326721950116b3b9dc9bd44939c01180fd4a745a9?s=96&d=mm&r=g\",\"contentUrl\":\"https:\/\/secure.gravatar.com\/avatar\/1e1956f1facbffd3f8fa53a326721950116b3b9dc9bd44939c01180fd4a745a9?s=96&d=mm&r=g\",\"caption\":\"Equipe G\u00e1vea News\"}}]}<\/script>\n<!-- \/ Yoast SEO Premium plugin. -->","yoast_head_json":{"title":"Grana confirmada para o Flamengo! Lucas Paquet\u00e1 \u00e9 anunciado pelo Lyon","description":"Nesta quarta-feira (30 de setembro), o meio-campista brasileiro foi anunciado oficialmente pelo Lyon, da Fran\u00e7a.","robots":{"index":"index","follow":"follow","max-snippet":"max-snippet:-1","max-image-preview":"max-image-preview:large","max-video-preview":"max-video-preview:-1"},"canonical":"https:\/\/www.gaveanews.com\/index.php\/2020\/09\/30\/grana-confirmada-para-o-flamengo-lucas-paqueta-e-anunciado-pelo-lyon\/","og_locale":"pt_BR","og_type":"article","og_title":"Grana confirmada para o Flamengo! Lucas Paquet\u00e1 \u00e9 anunciado pelo Lyon","og_description":"Nesta quarta-feira (30 de setembro), o meio-campista brasileiro foi anunciado oficialmente pelo Lyon, da Fran\u00e7a.","og_url":"https:\/\/www.gaveanews.com\/index.php\/2020\/09\/30\/grana-confirmada-para-o-flamengo-lucas-paqueta-e-anunciado-pelo-lyon\/","og_site_name":"G\u00e1vea News","article_publisher":"https:\/\/facebook.com\/gaveaNews\/","article_published_time":"2020-09-30T17:27:04+00:00","article_modified_time":"2020-09-30T17:27:06+00:00","og_image":[{"url":"https:\/\/www.gaveanews.com\/wp-content\/uploads\/2019\/03\/Lucas-Paqueta-durante-treinamento-no-Ninho-do-Urubu.webp","width":1,"height":1,"type":"image\/jpeg"}],"author":"Equipe G\u00e1vea News","twitter_card":"summary_large_image","twitter_misc":{"Escrito por":"Equipe G\u00e1vea News","Est. tempo de leitura":"1 minuto"},"schema":{"@context":"https:\/\/schema.org","@graph":[{"@type":"NewsArticle","@id":"https:\/\/www.gaveanews.com\/index.php\/2020\/09\/30\/grana-confirmada-para-o-flamengo-lucas-paqueta-e-anunciado-pelo-lyon\/#article","isPartOf":{"@id":"https:\/\/www.gaveanews.com\/index.php\/2020\/09\/30\/grana-confirmada-para-o-flamengo-lucas-paqueta-e-anunciado-pelo-lyon\/"},"author":{"name":"Equipe G\u00e1vea News","@id":"https:\/\/www.gaveanews.com\/#\/schema\/person\/2ec14f73fb96be2caf28f91afb14749d"},"headline":"Grana confirmada para o Flamengo! Lucas Paquet\u00e1 \u00e9 anunciado pelo Lyon","datePublished":"2020-09-30T17:27:04+00:00","dateModified":"2020-09-30T17:27:06+00:00","mainEntityOfPage":{"@id":"https:\/\/www.gaveanews.com\/index.php\/2020\/09\/30\/grana-confirmada-para-o-flamengo-lucas-paqueta-e-anunciado-pelo-lyon\/"},"wordCount":161,"commentCount":0,"image":{"@id":"https:\/\/www.gaveanews.com\/index.php\/2020\/09\/30\/grana-confirmada-para-o-flamengo-lucas-paqueta-e-anunciado-pelo-lyon\/#primaryimage"},"thumbnailUrl":"https:\/\/www.gaveanews.com\/wp-content\/uploads\/2019\/03\/Lucas-Paqueta-durante-treinamento-no-Ninho-do-Urubu.webp","articleSection":["Flamengo"],"inLanguage":"pt-BR","potentialAction":[{"@type":"CommentAction","name":"Comment","target":["https:\/\/www.gaveanews.com\/index.php\/2020\/09\/30\/grana-confirmada-para-o-flamengo-lucas-paqueta-e-anunciado-pelo-lyon\/#respond"]}],"copyrightYear":"2020","copyrightHolder":{"@id":"https:\/\/www.gaveanews.com\/#organization"}},{"@type":"WebPage","@id":"https:\/\/www.gaveanews.com\/index.php\/2020\/09\/30\/grana-confirmada-para-o-flamengo-lucas-paqueta-e-anunciado-pelo-lyon\/","url":"https:\/\/www.gaveanews.com\/index.php\/2020\/09\/30\/grana-confirmada-para-o-flamengo-lucas-paqueta-e-anunciado-pelo-lyon\/","name":"Grana confirmada para o Flamengo! Lucas Paquet\u00e1 \u00e9 anunciado pelo Lyon","isPartOf":{"@id":"https:\/\/www.gaveanews.com\/#website"},"primaryImageOfPage":{"@id":"https:\/\/www.gaveanews.com\/index.php\/2020\/09\/30\/grana-confirmada-para-o-flamengo-lucas-paqueta-e-anunciado-pelo-lyon\/#primaryimage"},"image":{"@id":"https:\/\/www.gaveanews.com\/index.php\/2020\/09\/30\/grana-confirmada-para-o-flamengo-lucas-paqueta-e-anunciado-pelo-lyon\/#primaryimage"},"thumbnailUrl":"https:\/\/www.gaveanews.com\/wp-content\/uploads\/2019\/03\/Lucas-Paqueta-durante-treinamento-no-Ninho-do-Urubu.webp","datePublished":"2020-09-30T17:27:04+00:00","dateModified":"2020-09-30T17:27:06+00:00","author":{"@id":"https:\/\/www.gaveanews.com\/#\/schema\/person\/2ec14f73fb96be2caf28f91afb14749d"},"description":"Nesta quarta-feira (30 de setembro), o meio-campista brasileiro foi anunciado oficialmente pelo Lyon, da Fran\u00e7a.","breadcrumb":{"@id":"https:\/\/www.gaveanews.com\/index.php\/2020\/09\/30\/grana-confirmada-para-o-flamengo-lucas-paqueta-e-anunciado-pelo-lyon\/#breadcrumb"},"inLanguage":"pt-BR","potentialAction":[{"@type":"ReadAction","target":["https:\/\/www.gaveanews.com\/index.php\/2020\/09\/30\/grana-confirmada-para-o-flamengo-lucas-paqueta-e-anunciado-pelo-lyon\/"]}]},{"@type":"ImageObject","inLanguage":"pt-BR","@id":"https:\/\/www.gaveanews.com\/index.php\/2020\/09\/30\/grana-confirmada-para-o-flamengo-lucas-paqueta-e-anunciado-pelo-lyon\/#primaryimage","url":"https:\/\/www.gaveanews.com\/wp-content\/uploads\/2019\/03\/Lucas-Paqueta-durante-treinamento-no-Ninho-do-Urubu.webp","contentUrl":"https:\/\/www.gaveanews.com\/wp-content\/uploads\/2019\/03\/Lucas-Paqueta-durante-treinamento-no-Ninho-do-Urubu.webp","width":880,"height":586,"caption":"Lucas Paquet\u00e1 durante treinamento no Ninho do Urubu (Foto: Gilvan de Souza\/Flamengo)"},{"@type":"BreadcrumbList","@id":"https:\/\/www.gaveanews.com\/index.php\/2020\/09\/30\/grana-confirmada-para-o-flamengo-lucas-paqueta-e-anunciado-pelo-lyon\/#breadcrumb","itemListElement":[{"@type":"ListItem","position":1,"name":"Home","item":"https:\/\/www.gaveanews.com\/"},{"@type":"ListItem","position":2,"name":"Grana confirmada para o Flamengo! Lucas Paquet\u00e1 \u00e9 anunciado pelo Lyon"}]},{"@type":"WebSite","@id":"https:\/\/www.gaveanews.com\/#website","url":"https:\/\/www.gaveanews.com\/","name":"G\u00e1vea News","description":"Veja todas as not\u00edcias sobre o Flamengo: Contrata\u00e7\u00f5es, categorias de base, resultados das partidas, tabela de classifica\u00e7\u00e3o, pr\u00f3ximos jogos!","potentialAction":[{"@type":"SearchAction","target":{"@type":"EntryPoint","urlTemplate":"https:\/\/www.gaveanews.com\/?s={search_term_string}"},"query-input":{"@type":"PropertyValueSpecification","valueRequired":true,"valueName":"search_term_string"}}],"inLanguage":"pt-BR"},{"@type":"Person","@id":"https:\/\/www.gaveanews.com\/#\/schema\/person\/2ec14f73fb96be2caf28f91afb14749d","name":"Equipe G\u00e1vea News","image":{"@type":"ImageObject","inLanguage":"pt-BR","@id":"https:\/\/www.gaveanews.com\/#\/schema\/person\/image\/","url":"https:\/\/secure.gravatar.com\/avatar\/1e1956f1facbffd3f8fa53a326721950116b3b9dc9bd44939c01180fd4a745a9?s=96&d=mm&r=g","contentUrl":"https:\/\/secure.gravatar.com\/avatar\/1e1956f1facbffd3f8fa53a326721950116b3b9dc9bd44939c01180fd4a745a9?s=96&d=mm&r=g","caption":"Equipe G\u00e1vea News"}}]}},"_links":{"self":[{"href":"https:\/\/www.gaveanews.com\/index.php\/wp-json\/wp\/v2\/posts\/48231","targetHints":{"allow":["GET"]}}],"collection":[{"href":"https:\/\/www.gaveanews.com\/index.php\/wp-json\/wp\/v2\/posts"}],"about":[{"href":"https:\/\/www.gaveanews.com\/index.php\/wp-json\/wp\/v2\/types\/post"}],"author":[{"embeddable":true,"href":"https:\/\/www.gaveanews.com\/index.php\/wp-json\/wp\/v2\/users\/1"}],"replies":[{"embeddable":true,"href":"https:\/\/www.gaveanews.com\/index.php\/wp-json\/wp\/v2\/comments?post=48231"}],"version-history":[{"count":0,"href":"https:\/\/www.gaveanews.com\/index.php\/wp-json\/wp\/v2\/posts\/48231\/revisions"}],"wp:featuredmedia":[{"embeddable":true,"href":"https:\/\/www.gaveanews.com\/index.php\/wp-json\/wp\/v2\/media\/15155"}],"wp:attachment":[{"href":"https:\/\/www.gaveanews.com\/index.php\/wp-json\/wp\/v2\/media?parent=48231"}],"wp:term":[{"taxonomy":"category","embeddable":true,"href":"https:\/\/www.gaveanews.com\/index.php\/wp-json\/wp\/v2\/categories?post=48231"},{"taxonomy":"post_tag","embeddable":true,"href":"https:\/\/www.gaveanews.com\/index.php\/wp-json\/wp\/v2\/tags?post=48231"}],"curies":[{"name":"wp","href":"https:\/\/api.w.org\/{rel}","templated":true}]}}