{"id":48553,"date":"2020-10-05T11:26:35","date_gmt":"2020-10-05T14:26:35","guid":{"rendered":"https:\/\/www.gaveanews.com\/?p=48553"},"modified":"2020-10-05T11:26:39","modified_gmt":"2020-10-05T14:26:39","slug":"tem-vaga-pros-dois-pedro-vive-fase-artilheira-e-acirra-disputa-com-gabigol","status":"publish","type":"post","link":"https:\/\/www.gaveanews.com\/index.php\/2020\/10\/05\/tem-vaga-pros-dois-pedro-vive-fase-artilheira-e-acirra-disputa-com-gabigol\/","title":{"rendered":"Tem vaga pros dois? Pedro vive fase artilheira e acirra disputa com Gabigol"},"content":{"rendered":"\n<p>O Flamengo fez um grande investimento pensando n\u00e3o somente em ter reservas de qualidade, mas tamb\u00e9m para que em v\u00e1rios momentos da temporada, houvesse disputas pela titularidade. E isto est\u00e1 acontecendo sobretudo na posi\u00e7\u00e3o de centroavante, onde Gabigol e Pedro est\u00e3o em grande fase.<\/p>\n\n\n\n<p>Autor dos dois gols na final da Libertadores de 2019, Gabigol n\u00e3o via sua vaga ser amea\u00e7ada, mas com o alto rendimento de Pedro, a disputa come\u00e7ou a ficar acirrada.<\/p>\n\n\n\n<p>Gabigol se machucou no jogo contra o Independiente del Valle no Maracan\u00e3 h\u00e1 uma semana, na goleada por 4 a 0. Ao mesmo tempo, Pedro aproveitou as chances que teve antes, durante e depois deste jogo, sempre marcando gols.<\/p>\n\n\n\n<p>O camisa 21 marcou quatro gols nos \u00faltimos quatro jogos. Al\u00e9m do faro artilheiro, ele tamb\u00e9m mostrou outras qualidades ao longo das partidas, n\u00e3o sendo somente o atacante que empurra a bola para o gol. Assim, o grau de confian\u00e7a da torcida aumentou e sua confian\u00e7a tamb\u00e9m.<\/p>\n\n\n\n<p>Desta forma, quando Gabigol voltar a ficar \u00e0 disposi\u00e7\u00e3o de Dom\u00e8nec, o treinador espanhol ter\u00e1 uma dor de cabe\u00e7a: escalar ambos ou colocar apenas um como titular e o outro ficar no banco de reservas?<\/p>\n\n\n\n<p>Caso opte por escalar ambos, outro jogador do ataque dever\u00e1 ser sacado, como pode acontecer com Bruno Henrique, que tamb\u00e9m vive bom momento.<\/p>\n\n\n\n<p>O Fla n\u00e3o divulgou o tempo de recupera\u00e7\u00e3o que ser\u00e1 necess\u00e1rio para que Gabigol retorne. Enquanto isso n\u00e3o acontece, ao que tudo indica, Pedro e Bruno Henrique seguir\u00e3o formando a dupla titular do Rubro-Negro.<\/p>\n\n\n\n<p>O pr\u00f3ximo jogo do Flamengo est\u00e1 marcado para a pr\u00f3xima quarta-feira (pr\u00f3ximo dia 7) contra o Sport pelo Campeonato Brasileiro, no Maracan\u00e3. O jogo est\u00e1 marcado para come\u00e7ar \u00e0s 19h15, pelo hor\u00e1rio de Bras\u00edlia.<\/p>\n\n\n\n<p>Retirado de: Hashtag Rubro-Negro <\/p>\n","protected":false},"excerpt":{"rendered":"<p>O Flamengo fez um grande investimento pensando n\u00e3o somente em ter reservas de qualidade, mas tamb\u00e9m para que em v\u00e1rios momentos da temporada, houvesse disputas pela titularidade. E isto est\u00e1 acontecendo sobretudo na posi\u00e7\u00e3o de centroavante, onde Gabigol e Pedro est\u00e3o em grande fase. Autor dos dois gols na final da Libertadores de 2019, Gabigol [&hellip;]<\/p>\n","protected":false},"author":1,"featured_media":48068,"comment_status":"open","ping_status":"closed","sticky":false,"template":"","format":"standard","meta":{"footnotes":""},"categories":[1],"tags":[],"class_list":["post-48553","post","type-post","status-publish","format-standard","has-post-thumbnail","hentry","category-flamengo"],"yoast_head":"<!-- This site is optimized with the Yoast SEO Premium plugin v24.2 (Yoast SEO v26.9) - https:\/\/yoast.com\/product\/yoast-seo-premium-wordpress\/ -->\n<title>Tem vaga pros dois? Pedro vive fase artilheira e acirra disputa com Gabigol<\/title>\n<meta name=\"robots\" content=\"index, follow, max-snippet:-1, max-image-preview:large, max-video-preview:-1\" \/>\n<link rel=\"canonical\" href=\"https:\/\/www.gaveanews.com\/index.php\/2020\/10\/05\/tem-vaga-pros-dois-pedro-vive-fase-artilheira-e-acirra-disputa-com-gabigol\/\" \/>\n<meta property=\"og:locale\" content=\"pt_BR\" \/>\n<meta property=\"og:type\" content=\"article\" \/>\n<meta property=\"og:title\" content=\"Tem vaga pros dois? Pedro vive fase artilheira e acirra disputa com Gabigol\" \/>\n<meta property=\"og:description\" content=\"O Flamengo fez um grande investimento pensando n\u00e3o somente em ter reservas de qualidade, mas tamb\u00e9m para que em v\u00e1rios momentos da temporada, houvesse disputas pela titularidade. E isto est\u00e1 acontecendo sobretudo na posi\u00e7\u00e3o de centroavante, onde Gabigol e Pedro est\u00e3o em grande fase. Autor dos dois gols na final da Libertadores de 2019, Gabigol [&hellip;]\" \/>\n<meta property=\"og:url\" content=\"https:\/\/www.gaveanews.com\/index.php\/2020\/10\/05\/tem-vaga-pros-dois-pedro-vive-fase-artilheira-e-acirra-disputa-com-gabigol\/\" \/>\n<meta property=\"og:site_name\" content=\"G\u00e1vea News\" \/>\n<meta property=\"article:publisher\" content=\"https:\/\/facebook.com\/gaveaNews\/\" \/>\n<meta property=\"article:published_time\" content=\"2020-10-05T14:26:35+00:00\" \/>\n<meta property=\"article:modified_time\" content=\"2020-10-05T14:26:39+00:00\" \/>\n<meta property=\"og:image\" content=\"https:\/\/www.gaveanews.com\/wp-content\/uploads\/Pedro-comemora-apos-marcar-contra-o-Palmeiras-no-Campeonato-Brasileiro-de-2020.webp\" \/>\n\t<meta property=\"og:image:width\" content=\"1080\" \/>\n\t<meta property=\"og:image:height\" content=\"718\" \/>\n\t<meta property=\"og:image:type\" content=\"image\/jpeg\" \/>\n<meta name=\"author\" content=\"Equipe G\u00e1vea News\" \/>\n<meta name=\"twitter:card\" content=\"summary_large_image\" \/>\n<meta name=\"twitter:label1\" content=\"Escrito por\" \/>\n\t<meta name=\"twitter:data1\" content=\"Equipe G\u00e1vea News\" \/>\n\t<meta name=\"twitter:label2\" content=\"Est. tempo de leitura\" \/>\n\t<meta name=\"twitter:data2\" content=\"2 minutos\" \/>\n<script type=\"application\/ld+json\" class=\"yoast-schema-graph\">{\"@context\":\"https:\/\/schema.org\",\"@graph\":[{\"@type\":\"NewsArticle\",\"@id\":\"https:\/\/www.gaveanews.com\/index.php\/2020\/10\/05\/tem-vaga-pros-dois-pedro-vive-fase-artilheira-e-acirra-disputa-com-gabigol\/#article\",\"isPartOf\":{\"@id\":\"https:\/\/www.gaveanews.com\/index.php\/2020\/10\/05\/tem-vaga-pros-dois-pedro-vive-fase-artilheira-e-acirra-disputa-com-gabigol\/\"},\"author\":{\"name\":\"Equipe G\u00e1vea News\",\"@id\":\"https:\/\/www.gaveanews.com\/#\/schema\/person\/2ec14f73fb96be2caf28f91afb14749d\"},\"headline\":\"Tem vaga pros dois? Pedro vive fase artilheira e acirra disputa com Gabigol\",\"datePublished\":\"2020-10-05T14:26:35+00:00\",\"dateModified\":\"2020-10-05T14:26:39+00:00\",\"mainEntityOfPage\":{\"@id\":\"https:\/\/www.gaveanews.com\/index.php\/2020\/10\/05\/tem-vaga-pros-dois-pedro-vive-fase-artilheira-e-acirra-disputa-com-gabigol\/\"},\"wordCount\":326,\"commentCount\":1,\"image\":{\"@id\":\"https:\/\/www.gaveanews.com\/index.php\/2020\/10\/05\/tem-vaga-pros-dois-pedro-vive-fase-artilheira-e-acirra-disputa-com-gabigol\/#primaryimage\"},\"thumbnailUrl\":\"https:\/\/www.gaveanews.com\/wp-content\/uploads\/Pedro-comemora-apos-marcar-contra-o-Palmeiras-no-Campeonato-Brasileiro-de-2020.webp\",\"articleSection\":[\"Flamengo\"],\"inLanguage\":\"pt-BR\",\"potentialAction\":[{\"@type\":\"CommentAction\",\"name\":\"Comment\",\"target\":[\"https:\/\/www.gaveanews.com\/index.php\/2020\/10\/05\/tem-vaga-pros-dois-pedro-vive-fase-artilheira-e-acirra-disputa-com-gabigol\/#respond\"]}],\"copyrightYear\":\"2020\",\"copyrightHolder\":{\"@id\":\"https:\/\/www.gaveanews.com\/#organization\"}},{\"@type\":\"WebPage\",\"@id\":\"https:\/\/www.gaveanews.com\/index.php\/2020\/10\/05\/tem-vaga-pros-dois-pedro-vive-fase-artilheira-e-acirra-disputa-com-gabigol\/\",\"url\":\"https:\/\/www.gaveanews.com\/index.php\/2020\/10\/05\/tem-vaga-pros-dois-pedro-vive-fase-artilheira-e-acirra-disputa-com-gabigol\/\",\"name\":\"Tem vaga pros dois? Pedro vive fase artilheira e acirra disputa com Gabigol\",\"isPartOf\":{\"@id\":\"https:\/\/www.gaveanews.com\/#website\"},\"primaryImageOfPage\":{\"@id\":\"https:\/\/www.gaveanews.com\/index.php\/2020\/10\/05\/tem-vaga-pros-dois-pedro-vive-fase-artilheira-e-acirra-disputa-com-gabigol\/#primaryimage\"},\"image\":{\"@id\":\"https:\/\/www.gaveanews.com\/index.php\/2020\/10\/05\/tem-vaga-pros-dois-pedro-vive-fase-artilheira-e-acirra-disputa-com-gabigol\/#primaryimage\"},\"thumbnailUrl\":\"https:\/\/www.gaveanews.com\/wp-content\/uploads\/Pedro-comemora-apos-marcar-contra-o-Palmeiras-no-Campeonato-Brasileiro-de-2020.webp\",\"datePublished\":\"2020-10-05T14:26:35+00:00\",\"dateModified\":\"2020-10-05T14:26:39+00:00\",\"author\":{\"@id\":\"https:\/\/www.gaveanews.com\/#\/schema\/person\/2ec14f73fb96be2caf28f91afb14749d\"},\"breadcrumb\":{\"@id\":\"https:\/\/www.gaveanews.com\/index.php\/2020\/10\/05\/tem-vaga-pros-dois-pedro-vive-fase-artilheira-e-acirra-disputa-com-gabigol\/#breadcrumb\"},\"inLanguage\":\"pt-BR\",\"potentialAction\":[{\"@type\":\"ReadAction\",\"target\":[\"https:\/\/www.gaveanews.com\/index.php\/2020\/10\/05\/tem-vaga-pros-dois-pedro-vive-fase-artilheira-e-acirra-disputa-com-gabigol\/\"]}]},{\"@type\":\"ImageObject\",\"inLanguage\":\"pt-BR\",\"@id\":\"https:\/\/www.gaveanews.com\/index.php\/2020\/10\/05\/tem-vaga-pros-dois-pedro-vive-fase-artilheira-e-acirra-disputa-com-gabigol\/#primaryimage\",\"url\":\"https:\/\/www.gaveanews.com\/wp-content\/uploads\/Pedro-comemora-apos-marcar-contra-o-Palmeiras-no-Campeonato-Brasileiro-de-2020.webp\",\"contentUrl\":\"https:\/\/www.gaveanews.com\/wp-content\/uploads\/Pedro-comemora-apos-marcar-contra-o-Palmeiras-no-Campeonato-Brasileiro-de-2020.webp\",\"width\":1080,\"height\":718,\"caption\":\"Pedro comemora ap\u00f3s marcar contra o Palmeiras no Campeonato Brasileiro de 2020 (Foto: Alexandre Vidal\/Flamengo)\"},{\"@type\":\"BreadcrumbList\",\"@id\":\"https:\/\/www.gaveanews.com\/index.php\/2020\/10\/05\/tem-vaga-pros-dois-pedro-vive-fase-artilheira-e-acirra-disputa-com-gabigol\/#breadcrumb\",\"itemListElement\":[{\"@type\":\"ListItem\",\"position\":1,\"name\":\"Home\",\"item\":\"https:\/\/www.gaveanews.com\/\"},{\"@type\":\"ListItem\",\"position\":2,\"name\":\"Tem vaga pros dois? Pedro vive fase artilheira e acirra disputa com Gabigol\"}]},{\"@type\":\"WebSite\",\"@id\":\"https:\/\/www.gaveanews.com\/#website\",\"url\":\"https:\/\/www.gaveanews.com\/\",\"name\":\"G\u00e1vea News\",\"description\":\"Veja todas as not\u00edcias sobre o Flamengo: Contrata\u00e7\u00f5es, categorias de base, resultados das partidas, tabela de classifica\u00e7\u00e3o, pr\u00f3ximos jogos!\",\"potentialAction\":[{\"@type\":\"SearchAction\",\"target\":{\"@type\":\"EntryPoint\",\"urlTemplate\":\"https:\/\/www.gaveanews.com\/?s={search_term_string}\"},\"query-input\":{\"@type\":\"PropertyValueSpecification\",\"valueRequired\":true,\"valueName\":\"search_term_string\"}}],\"inLanguage\":\"pt-BR\"},{\"@type\":\"Person\",\"@id\":\"https:\/\/www.gaveanews.com\/#\/schema\/person\/2ec14f73fb96be2caf28f91afb14749d\",\"name\":\"Equipe G\u00e1vea News\",\"image\":{\"@type\":\"ImageObject\",\"inLanguage\":\"pt-BR\",\"@id\":\"https:\/\/www.gaveanews.com\/#\/schema\/person\/image\/\",\"url\":\"https:\/\/secure.gravatar.com\/avatar\/1e1956f1facbffd3f8fa53a326721950116b3b9dc9bd44939c01180fd4a745a9?s=96&d=mm&r=g\",\"contentUrl\":\"https:\/\/secure.gravatar.com\/avatar\/1e1956f1facbffd3f8fa53a326721950116b3b9dc9bd44939c01180fd4a745a9?s=96&d=mm&r=g\",\"caption\":\"Equipe G\u00e1vea News\"}}]}<\/script>\n<!-- \/ Yoast SEO Premium plugin. -->","yoast_head_json":{"title":"Tem vaga pros dois? Pedro vive fase artilheira e acirra disputa com Gabigol","robots":{"index":"index","follow":"follow","max-snippet":"max-snippet:-1","max-image-preview":"max-image-preview:large","max-video-preview":"max-video-preview:-1"},"canonical":"https:\/\/www.gaveanews.com\/index.php\/2020\/10\/05\/tem-vaga-pros-dois-pedro-vive-fase-artilheira-e-acirra-disputa-com-gabigol\/","og_locale":"pt_BR","og_type":"article","og_title":"Tem vaga pros dois? Pedro vive fase artilheira e acirra disputa com Gabigol","og_description":"O Flamengo fez um grande investimento pensando n\u00e3o somente em ter reservas de qualidade, mas tamb\u00e9m para que em v\u00e1rios momentos da temporada, houvesse disputas pela titularidade. E isto est\u00e1 acontecendo sobretudo na posi\u00e7\u00e3o de centroavante, onde Gabigol e Pedro est\u00e3o em grande fase. Autor dos dois gols na final da Libertadores de 2019, Gabigol [&hellip;]","og_url":"https:\/\/www.gaveanews.com\/index.php\/2020\/10\/05\/tem-vaga-pros-dois-pedro-vive-fase-artilheira-e-acirra-disputa-com-gabigol\/","og_site_name":"G\u00e1vea News","article_publisher":"https:\/\/facebook.com\/gaveaNews\/","article_published_time":"2020-10-05T14:26:35+00:00","article_modified_time":"2020-10-05T14:26:39+00:00","og_image":[{"width":1080,"height":718,"url":"https:\/\/www.gaveanews.com\/wp-content\/uploads\/Pedro-comemora-apos-marcar-contra-o-Palmeiras-no-Campeonato-Brasileiro-de-2020.webp","type":"image\/jpeg"}],"author":"Equipe G\u00e1vea News","twitter_card":"summary_large_image","twitter_misc":{"Escrito por":"Equipe G\u00e1vea News","Est. tempo de leitura":"2 minutos"},"schema":{"@context":"https:\/\/schema.org","@graph":[{"@type":"NewsArticle","@id":"https:\/\/www.gaveanews.com\/index.php\/2020\/10\/05\/tem-vaga-pros-dois-pedro-vive-fase-artilheira-e-acirra-disputa-com-gabigol\/#article","isPartOf":{"@id":"https:\/\/www.gaveanews.com\/index.php\/2020\/10\/05\/tem-vaga-pros-dois-pedro-vive-fase-artilheira-e-acirra-disputa-com-gabigol\/"},"author":{"name":"Equipe G\u00e1vea News","@id":"https:\/\/www.gaveanews.com\/#\/schema\/person\/2ec14f73fb96be2caf28f91afb14749d"},"headline":"Tem vaga pros dois? Pedro vive fase artilheira e acirra disputa com Gabigol","datePublished":"2020-10-05T14:26:35+00:00","dateModified":"2020-10-05T14:26:39+00:00","mainEntityOfPage":{"@id":"https:\/\/www.gaveanews.com\/index.php\/2020\/10\/05\/tem-vaga-pros-dois-pedro-vive-fase-artilheira-e-acirra-disputa-com-gabigol\/"},"wordCount":326,"commentCount":1,"image":{"@id":"https:\/\/www.gaveanews.com\/index.php\/2020\/10\/05\/tem-vaga-pros-dois-pedro-vive-fase-artilheira-e-acirra-disputa-com-gabigol\/#primaryimage"},"thumbnailUrl":"https:\/\/www.gaveanews.com\/wp-content\/uploads\/Pedro-comemora-apos-marcar-contra-o-Palmeiras-no-Campeonato-Brasileiro-de-2020.webp","articleSection":["Flamengo"],"inLanguage":"pt-BR","potentialAction":[{"@type":"CommentAction","name":"Comment","target":["https:\/\/www.gaveanews.com\/index.php\/2020\/10\/05\/tem-vaga-pros-dois-pedro-vive-fase-artilheira-e-acirra-disputa-com-gabigol\/#respond"]}],"copyrightYear":"2020","copyrightHolder":{"@id":"https:\/\/www.gaveanews.com\/#organization"}},{"@type":"WebPage","@id":"https:\/\/www.gaveanews.com\/index.php\/2020\/10\/05\/tem-vaga-pros-dois-pedro-vive-fase-artilheira-e-acirra-disputa-com-gabigol\/","url":"https:\/\/www.gaveanews.com\/index.php\/2020\/10\/05\/tem-vaga-pros-dois-pedro-vive-fase-artilheira-e-acirra-disputa-com-gabigol\/","name":"Tem vaga pros dois? Pedro vive fase artilheira e acirra disputa com Gabigol","isPartOf":{"@id":"https:\/\/www.gaveanews.com\/#website"},"primaryImageOfPage":{"@id":"https:\/\/www.gaveanews.com\/index.php\/2020\/10\/05\/tem-vaga-pros-dois-pedro-vive-fase-artilheira-e-acirra-disputa-com-gabigol\/#primaryimage"},"image":{"@id":"https:\/\/www.gaveanews.com\/index.php\/2020\/10\/05\/tem-vaga-pros-dois-pedro-vive-fase-artilheira-e-acirra-disputa-com-gabigol\/#primaryimage"},"thumbnailUrl":"https:\/\/www.gaveanews.com\/wp-content\/uploads\/Pedro-comemora-apos-marcar-contra-o-Palmeiras-no-Campeonato-Brasileiro-de-2020.webp","datePublished":"2020-10-05T14:26:35+00:00","dateModified":"2020-10-05T14:26:39+00:00","author":{"@id":"https:\/\/www.gaveanews.com\/#\/schema\/person\/2ec14f73fb96be2caf28f91afb14749d"},"breadcrumb":{"@id":"https:\/\/www.gaveanews.com\/index.php\/2020\/10\/05\/tem-vaga-pros-dois-pedro-vive-fase-artilheira-e-acirra-disputa-com-gabigol\/#breadcrumb"},"inLanguage":"pt-BR","potentialAction":[{"@type":"ReadAction","target":["https:\/\/www.gaveanews.com\/index.php\/2020\/10\/05\/tem-vaga-pros-dois-pedro-vive-fase-artilheira-e-acirra-disputa-com-gabigol\/"]}]},{"@type":"ImageObject","inLanguage":"pt-BR","@id":"https:\/\/www.gaveanews.com\/index.php\/2020\/10\/05\/tem-vaga-pros-dois-pedro-vive-fase-artilheira-e-acirra-disputa-com-gabigol\/#primaryimage","url":"https:\/\/www.gaveanews.com\/wp-content\/uploads\/Pedro-comemora-apos-marcar-contra-o-Palmeiras-no-Campeonato-Brasileiro-de-2020.webp","contentUrl":"https:\/\/www.gaveanews.com\/wp-content\/uploads\/Pedro-comemora-apos-marcar-contra-o-Palmeiras-no-Campeonato-Brasileiro-de-2020.webp","width":1080,"height":718,"caption":"Pedro comemora ap\u00f3s marcar contra o Palmeiras no Campeonato Brasileiro de 2020 (Foto: Alexandre Vidal\/Flamengo)"},{"@type":"BreadcrumbList","@id":"https:\/\/www.gaveanews.com\/index.php\/2020\/10\/05\/tem-vaga-pros-dois-pedro-vive-fase-artilheira-e-acirra-disputa-com-gabigol\/#breadcrumb","itemListElement":[{"@type":"ListItem","position":1,"name":"Home","item":"https:\/\/www.gaveanews.com\/"},{"@type":"ListItem","position":2,"name":"Tem vaga pros dois? Pedro vive fase artilheira e acirra disputa com Gabigol"}]},{"@type":"WebSite","@id":"https:\/\/www.gaveanews.com\/#website","url":"https:\/\/www.gaveanews.com\/","name":"G\u00e1vea News","description":"Veja todas as not\u00edcias sobre o Flamengo: Contrata\u00e7\u00f5es, categorias de base, resultados das partidas, tabela de classifica\u00e7\u00e3o, pr\u00f3ximos jogos!","potentialAction":[{"@type":"SearchAction","target":{"@type":"EntryPoint","urlTemplate":"https:\/\/www.gaveanews.com\/?s={search_term_string}"},"query-input":{"@type":"PropertyValueSpecification","valueRequired":true,"valueName":"search_term_string"}}],"inLanguage":"pt-BR"},{"@type":"Person","@id":"https:\/\/www.gaveanews.com\/#\/schema\/person\/2ec14f73fb96be2caf28f91afb14749d","name":"Equipe G\u00e1vea News","image":{"@type":"ImageObject","inLanguage":"pt-BR","@id":"https:\/\/www.gaveanews.com\/#\/schema\/person\/image\/","url":"https:\/\/secure.gravatar.com\/avatar\/1e1956f1facbffd3f8fa53a326721950116b3b9dc9bd44939c01180fd4a745a9?s=96&d=mm&r=g","contentUrl":"https:\/\/secure.gravatar.com\/avatar\/1e1956f1facbffd3f8fa53a326721950116b3b9dc9bd44939c01180fd4a745a9?s=96&d=mm&r=g","caption":"Equipe G\u00e1vea News"}}]}},"_links":{"self":[{"href":"https:\/\/www.gaveanews.com\/index.php\/wp-json\/wp\/v2\/posts\/48553","targetHints":{"allow":["GET"]}}],"collection":[{"href":"https:\/\/www.gaveanews.com\/index.php\/wp-json\/wp\/v2\/posts"}],"about":[{"href":"https:\/\/www.gaveanews.com\/index.php\/wp-json\/wp\/v2\/types\/post"}],"author":[{"embeddable":true,"href":"https:\/\/www.gaveanews.com\/index.php\/wp-json\/wp\/v2\/users\/1"}],"replies":[{"embeddable":true,"href":"https:\/\/www.gaveanews.com\/index.php\/wp-json\/wp\/v2\/comments?post=48553"}],"version-history":[{"count":0,"href":"https:\/\/www.gaveanews.com\/index.php\/wp-json\/wp\/v2\/posts\/48553\/revisions"}],"wp:featuredmedia":[{"embeddable":true,"href":"https:\/\/www.gaveanews.com\/index.php\/wp-json\/wp\/v2\/media\/48068"}],"wp:attachment":[{"href":"https:\/\/www.gaveanews.com\/index.php\/wp-json\/wp\/v2\/media?parent=48553"}],"wp:term":[{"taxonomy":"category","embeddable":true,"href":"https:\/\/www.gaveanews.com\/index.php\/wp-json\/wp\/v2\/categories?post=48553"},{"taxonomy":"post_tag","embeddable":true,"href":"https:\/\/www.gaveanews.com\/index.php\/wp-json\/wp\/v2\/tags?post=48553"}],"curies":[{"name":"wp","href":"https:\/\/api.w.org\/{rel}","templated":true}]}}