{"id":48570,"date":"2020-10-05T12:54:08","date_gmt":"2020-10-05T15:54:08","guid":{"rendered":"https:\/\/www.gaveanews.com\/?p=48570"},"modified":"2020-10-05T12:54:13","modified_gmt":"2020-10-05T15:54:13","slug":"comemoracao-do-filho-de-everton-em-gol-do-flamengo-viraliza-e-e-citada-pela-fifa","status":"publish","type":"post","link":"https:\/\/www.gaveanews.com\/index.php\/2020\/10\/05\/comemoracao-do-filho-de-everton-em-gol-do-flamengo-viraliza-e-e-citada-pela-fifa\/","title":{"rendered":"Comemora\u00e7\u00e3o do filho de Everton em gol do Flamengo viraliza e \u00e9 citada pela Fifa"},"content":{"rendered":"\n<p>O filho do atacante Everton Ribeiro do Flamengo &#8220;roubou a cena&#8221; nas web, no \u00faltimo domingo. Mascote da torcida rubro-negra, o Baby Guto foi gravado pela m\u00e3e, Marilia Nery, comemorando o gol do pai, durante transmiss\u00e3o na TV da partida em que o clube da G\u00e1vea derrotou o Athletico-PR, por 3 a 1, pelo Campeonato Brasileiro. O registro viralizou rapidamente e ganhou destaque at\u00e9 no perfil oficial da Fifa.<\/p>\n\n\n\n<p><strong>A entidade que comanda o futebol escreveu:<\/strong><\/p>\n\n\n\n<figure class=\"wp-block-embed-twitter wp-block-embed is-type-rich is-provider-twitter\"><div class=\"wp-block-embed__wrapper\">\n<blockquote class=\"twitter-tweet\" data-width=\"550\" data-dnt=\"true\"><p lang=\"en\" dir=\"ltr\">\ud83d\ude0d Watching your papa score a vital goal for <a href=\"https:\/\/twitter.com\/Flamengo?ref_src=twsrc%5Etfw\">@Flamengo<\/a> \u2764\ufe0f\ud83d\udda4<a href=\"https:\/\/twitter.com\/hashtag\/MondayMotivation?src=hash&amp;ref_src=twsrc%5Etfw\">#MondayMotivation<\/a> | <a href=\"https:\/\/twitter.com\/evertonri?ref_src=twsrc%5Etfw\">@Evertonri<\/a> | <a href=\"https:\/\/twitter.com\/marilia_nery?ref_src=twsrc%5Etfw\">@marilia_nery<\/a><a href=\"https:\/\/t.co\/fnwrvhfbG6\">pic.twitter.com\/fnwrvhfbG6<\/a><\/p>&mdash; FIFA (@FIFAcom) <a href=\"https:\/\/twitter.com\/FIFAcom\/status\/1313089805379661826?ref_src=twsrc%5Etfw\">October 5, 2020<\/a><\/blockquote><script async src=\"https:\/\/platform.twitter.com\/widgets.js\" charset=\"utf-8\"><\/script>\n<\/div><\/figure>\n\n\n\n<p>Augusto tem dois anos e \u00e9 o filho mais velho do camisa 7 do Fla. Desde que nasceu, \u00e9 considerado um &#8220;amuleto&#8221; pelos torcedores do clube.<\/p>\n\n\n\n<figure class=\"wp-block-embed-instagram wp-block-embed is-type-rich is-provider-instagram\"><div class=\"wp-block-embed__wrapper\">\nhttps:\/\/www.instagram.com\/p\/CFrjdpbHyYj\/?utm_source=ig_embed\n<\/div><\/figure>\n\n\n\n<p>Retirado de: Lance<\/p>\n","protected":false},"excerpt":{"rendered":"<p>O filho do atacante Everton Ribeiro do Flamengo &#8220;roubou a cena&#8221; nas web, no \u00faltimo domingo. Mascote da torcida rubro-negra, o Baby Guto foi gravado pela m\u00e3e, Marilia Nery, comemorando o gol do pai, durante transmiss\u00e3o na TV da partida em que o clube da G\u00e1vea derrotou o Athletico-PR, por 3 a 1, pelo Campeonato [&hellip;]<\/p>\n","protected":false},"author":1,"featured_media":47004,"comment_status":"open","ping_status":"closed","sticky":false,"template":"","format":"standard","meta":{"footnotes":""},"categories":[40],"tags":[],"class_list":["post-48570","post","type-post","status-publish","format-standard","has-post-thumbnail","hentry","category-video"],"yoast_head":"<!-- This site is optimized with the Yoast SEO Premium plugin v24.2 (Yoast SEO v26.9) - https:\/\/yoast.com\/product\/yoast-seo-premium-wordpress\/ -->\n<title>Comemora\u00e7\u00e3o do filho de Everton em gol do Flamengo viraliza e \u00e9 citada pela Fifa<\/title>\n<meta name=\"robots\" content=\"index, follow, max-snippet:-1, max-image-preview:large, max-video-preview:-1\" \/>\n<link rel=\"canonical\" href=\"https:\/\/www.gaveanews.com\/index.php\/2020\/10\/05\/comemoracao-do-filho-de-everton-em-gol-do-flamengo-viraliza-e-e-citada-pela-fifa\/\" \/>\n<meta property=\"og:locale\" content=\"pt_BR\" \/>\n<meta property=\"og:type\" content=\"article\" \/>\n<meta property=\"og:title\" content=\"Comemora\u00e7\u00e3o do filho de Everton em gol do Flamengo viraliza e \u00e9 citada pela Fifa\" \/>\n<meta property=\"og:description\" content=\"O filho do atacante Everton Ribeiro do Flamengo &#8220;roubou a cena&#8221; nas web, no \u00faltimo domingo. Mascote da torcida rubro-negra, o Baby Guto foi gravado pela m\u00e3e, Marilia Nery, comemorando o gol do pai, durante transmiss\u00e3o na TV da partida em que o clube da G\u00e1vea derrotou o Athletico-PR, por 3 a 1, pelo Campeonato [&hellip;]\" \/>\n<meta property=\"og:url\" content=\"https:\/\/www.gaveanews.com\/index.php\/2020\/10\/05\/comemoracao-do-filho-de-everton-em-gol-do-flamengo-viraliza-e-e-citada-pela-fifa\/\" \/>\n<meta property=\"og:site_name\" content=\"G\u00e1vea News\" \/>\n<meta property=\"article:publisher\" content=\"https:\/\/facebook.com\/gaveaNews\/\" \/>\n<meta property=\"article:published_time\" content=\"2020-10-05T15:54:08+00:00\" \/>\n<meta property=\"article:modified_time\" content=\"2020-10-05T15:54:13+00:00\" \/>\n<meta property=\"og:image\" content=\"https:\/\/www.gaveanews.com\/wp-content\/uploads\/Everton-Ribeiro-em-acao-pelo-Flamengo-na-partida-contra-o-Fortaleza.webp\" \/>\n\t<meta property=\"og:image:width\" content=\"800\" \/>\n\t<meta property=\"og:image:height\" content=\"533\" \/>\n\t<meta property=\"og:image:type\" content=\"image\/jpeg\" \/>\n<meta name=\"author\" content=\"Equipe G\u00e1vea News\" \/>\n<meta name=\"twitter:card\" content=\"summary_large_image\" \/>\n<meta name=\"twitter:label1\" content=\"Escrito por\" \/>\n\t<meta name=\"twitter:data1\" content=\"Equipe G\u00e1vea News\" \/>\n\t<meta name=\"twitter:label2\" content=\"Est. tempo de leitura\" \/>\n\t<meta name=\"twitter:data2\" content=\"1 minuto\" \/>\n<script type=\"application\/ld+json\" class=\"yoast-schema-graph\">{\"@context\":\"https:\/\/schema.org\",\"@graph\":[{\"@type\":\"NewsArticle\",\"@id\":\"https:\/\/www.gaveanews.com\/index.php\/2020\/10\/05\/comemoracao-do-filho-de-everton-em-gol-do-flamengo-viraliza-e-e-citada-pela-fifa\/#article\",\"isPartOf\":{\"@id\":\"https:\/\/www.gaveanews.com\/index.php\/2020\/10\/05\/comemoracao-do-filho-de-everton-em-gol-do-flamengo-viraliza-e-e-citada-pela-fifa\/\"},\"author\":{\"name\":\"Equipe G\u00e1vea News\",\"@id\":\"https:\/\/www.gaveanews.com\/#\/schema\/person\/2ec14f73fb96be2caf28f91afb14749d\"},\"headline\":\"Comemora\u00e7\u00e3o do filho de Everton em gol do Flamengo viraliza e \u00e9 citada pela Fifa\",\"datePublished\":\"2020-10-05T15:54:08+00:00\",\"dateModified\":\"2020-10-05T15:54:13+00:00\",\"mainEntityOfPage\":{\"@id\":\"https:\/\/www.gaveanews.com\/index.php\/2020\/10\/05\/comemoracao-do-filho-de-everton-em-gol-do-flamengo-viraliza-e-e-citada-pela-fifa\/\"},\"wordCount\":162,\"commentCount\":2,\"image\":{\"@id\":\"https:\/\/www.gaveanews.com\/index.php\/2020\/10\/05\/comemoracao-do-filho-de-everton-em-gol-do-flamengo-viraliza-e-e-citada-pela-fifa\/#primaryimage\"},\"thumbnailUrl\":\"https:\/\/www.gaveanews.com\/wp-content\/uploads\/Everton-Ribeiro-em-acao-pelo-Flamengo-na-partida-contra-o-Fortaleza.webp\",\"articleSection\":[\"V\u00eddeos\"],\"inLanguage\":\"pt-BR\",\"potentialAction\":[{\"@type\":\"CommentAction\",\"name\":\"Comment\",\"target\":[\"https:\/\/www.gaveanews.com\/index.php\/2020\/10\/05\/comemoracao-do-filho-de-everton-em-gol-do-flamengo-viraliza-e-e-citada-pela-fifa\/#respond\"]}],\"copyrightYear\":\"2020\",\"copyrightHolder\":{\"@id\":\"https:\/\/www.gaveanews.com\/#organization\"}},{\"@type\":\"WebPage\",\"@id\":\"https:\/\/www.gaveanews.com\/index.php\/2020\/10\/05\/comemoracao-do-filho-de-everton-em-gol-do-flamengo-viraliza-e-e-citada-pela-fifa\/\",\"url\":\"https:\/\/www.gaveanews.com\/index.php\/2020\/10\/05\/comemoracao-do-filho-de-everton-em-gol-do-flamengo-viraliza-e-e-citada-pela-fifa\/\",\"name\":\"Comemora\u00e7\u00e3o do filho de Everton em gol do Flamengo viraliza e \u00e9 citada pela Fifa\",\"isPartOf\":{\"@id\":\"https:\/\/www.gaveanews.com\/#website\"},\"primaryImageOfPage\":{\"@id\":\"https:\/\/www.gaveanews.com\/index.php\/2020\/10\/05\/comemoracao-do-filho-de-everton-em-gol-do-flamengo-viraliza-e-e-citada-pela-fifa\/#primaryimage\"},\"image\":{\"@id\":\"https:\/\/www.gaveanews.com\/index.php\/2020\/10\/05\/comemoracao-do-filho-de-everton-em-gol-do-flamengo-viraliza-e-e-citada-pela-fifa\/#primaryimage\"},\"thumbnailUrl\":\"https:\/\/www.gaveanews.com\/wp-content\/uploads\/Everton-Ribeiro-em-acao-pelo-Flamengo-na-partida-contra-o-Fortaleza.webp\",\"datePublished\":\"2020-10-05T15:54:08+00:00\",\"dateModified\":\"2020-10-05T15:54:13+00:00\",\"author\":{\"@id\":\"https:\/\/www.gaveanews.com\/#\/schema\/person\/2ec14f73fb96be2caf28f91afb14749d\"},\"breadcrumb\":{\"@id\":\"https:\/\/www.gaveanews.com\/index.php\/2020\/10\/05\/comemoracao-do-filho-de-everton-em-gol-do-flamengo-viraliza-e-e-citada-pela-fifa\/#breadcrumb\"},\"inLanguage\":\"pt-BR\",\"potentialAction\":[{\"@type\":\"ReadAction\",\"target\":[\"https:\/\/www.gaveanews.com\/index.php\/2020\/10\/05\/comemoracao-do-filho-de-everton-em-gol-do-flamengo-viraliza-e-e-citada-pela-fifa\/\"]}]},{\"@type\":\"ImageObject\",\"inLanguage\":\"pt-BR\",\"@id\":\"https:\/\/www.gaveanews.com\/index.php\/2020\/10\/05\/comemoracao-do-filho-de-everton-em-gol-do-flamengo-viraliza-e-e-citada-pela-fifa\/#primaryimage\",\"url\":\"https:\/\/www.gaveanews.com\/wp-content\/uploads\/Everton-Ribeiro-em-acao-pelo-Flamengo-na-partida-contra-o-Fortaleza.webp\",\"contentUrl\":\"https:\/\/www.gaveanews.com\/wp-content\/uploads\/Everton-Ribeiro-em-acao-pelo-Flamengo-na-partida-contra-o-Fortaleza.webp\",\"width\":800,\"height\":533,\"caption\":\"Everton Ribeiro em a\u00e7\u00e3o pelo Flamengo na partida contra o Fortaleza (Foto: Alexandre Vidal\/Flamengo)\"},{\"@type\":\"BreadcrumbList\",\"@id\":\"https:\/\/www.gaveanews.com\/index.php\/2020\/10\/05\/comemoracao-do-filho-de-everton-em-gol-do-flamengo-viraliza-e-e-citada-pela-fifa\/#breadcrumb\",\"itemListElement\":[{\"@type\":\"ListItem\",\"position\":1,\"name\":\"Home\",\"item\":\"https:\/\/www.gaveanews.com\/\"},{\"@type\":\"ListItem\",\"position\":2,\"name\":\"Comemora\u00e7\u00e3o do filho de Everton em gol do Flamengo viraliza e \u00e9 citada pela Fifa\"}]},{\"@type\":\"WebSite\",\"@id\":\"https:\/\/www.gaveanews.com\/#website\",\"url\":\"https:\/\/www.gaveanews.com\/\",\"name\":\"G\u00e1vea News\",\"description\":\"Veja todas as not\u00edcias sobre o Flamengo: Contrata\u00e7\u00f5es, categorias de base, resultados das partidas, tabela de classifica\u00e7\u00e3o, pr\u00f3ximos jogos!\",\"potentialAction\":[{\"@type\":\"SearchAction\",\"target\":{\"@type\":\"EntryPoint\",\"urlTemplate\":\"https:\/\/www.gaveanews.com\/?s={search_term_string}\"},\"query-input\":{\"@type\":\"PropertyValueSpecification\",\"valueRequired\":true,\"valueName\":\"search_term_string\"}}],\"inLanguage\":\"pt-BR\"},{\"@type\":\"Person\",\"@id\":\"https:\/\/www.gaveanews.com\/#\/schema\/person\/2ec14f73fb96be2caf28f91afb14749d\",\"name\":\"Equipe G\u00e1vea News\",\"image\":{\"@type\":\"ImageObject\",\"inLanguage\":\"pt-BR\",\"@id\":\"https:\/\/www.gaveanews.com\/#\/schema\/person\/image\/\",\"url\":\"https:\/\/secure.gravatar.com\/avatar\/1e1956f1facbffd3f8fa53a326721950116b3b9dc9bd44939c01180fd4a745a9?s=96&d=mm&r=g\",\"contentUrl\":\"https:\/\/secure.gravatar.com\/avatar\/1e1956f1facbffd3f8fa53a326721950116b3b9dc9bd44939c01180fd4a745a9?s=96&d=mm&r=g\",\"caption\":\"Equipe G\u00e1vea News\"}}]}<\/script>\n<!-- \/ Yoast SEO Premium plugin. -->","yoast_head_json":{"title":"Comemora\u00e7\u00e3o do filho de Everton em gol do Flamengo viraliza e \u00e9 citada pela Fifa","robots":{"index":"index","follow":"follow","max-snippet":"max-snippet:-1","max-image-preview":"max-image-preview:large","max-video-preview":"max-video-preview:-1"},"canonical":"https:\/\/www.gaveanews.com\/index.php\/2020\/10\/05\/comemoracao-do-filho-de-everton-em-gol-do-flamengo-viraliza-e-e-citada-pela-fifa\/","og_locale":"pt_BR","og_type":"article","og_title":"Comemora\u00e7\u00e3o do filho de Everton em gol do Flamengo viraliza e \u00e9 citada pela Fifa","og_description":"O filho do atacante Everton Ribeiro do Flamengo &#8220;roubou a cena&#8221; nas web, no \u00faltimo domingo. Mascote da torcida rubro-negra, o Baby Guto foi gravado pela m\u00e3e, Marilia Nery, comemorando o gol do pai, durante transmiss\u00e3o na TV da partida em que o clube da G\u00e1vea derrotou o Athletico-PR, por 3 a 1, pelo Campeonato [&hellip;]","og_url":"https:\/\/www.gaveanews.com\/index.php\/2020\/10\/05\/comemoracao-do-filho-de-everton-em-gol-do-flamengo-viraliza-e-e-citada-pela-fifa\/","og_site_name":"G\u00e1vea News","article_publisher":"https:\/\/facebook.com\/gaveaNews\/","article_published_time":"2020-10-05T15:54:08+00:00","article_modified_time":"2020-10-05T15:54:13+00:00","og_image":[{"width":800,"height":533,"url":"https:\/\/www.gaveanews.com\/wp-content\/uploads\/Everton-Ribeiro-em-acao-pelo-Flamengo-na-partida-contra-o-Fortaleza.webp","type":"image\/jpeg"}],"author":"Equipe G\u00e1vea News","twitter_card":"summary_large_image","twitter_misc":{"Escrito por":"Equipe G\u00e1vea News","Est. tempo de leitura":"1 minuto"},"schema":{"@context":"https:\/\/schema.org","@graph":[{"@type":"NewsArticle","@id":"https:\/\/www.gaveanews.com\/index.php\/2020\/10\/05\/comemoracao-do-filho-de-everton-em-gol-do-flamengo-viraliza-e-e-citada-pela-fifa\/#article","isPartOf":{"@id":"https:\/\/www.gaveanews.com\/index.php\/2020\/10\/05\/comemoracao-do-filho-de-everton-em-gol-do-flamengo-viraliza-e-e-citada-pela-fifa\/"},"author":{"name":"Equipe G\u00e1vea News","@id":"https:\/\/www.gaveanews.com\/#\/schema\/person\/2ec14f73fb96be2caf28f91afb14749d"},"headline":"Comemora\u00e7\u00e3o do filho de Everton em gol do Flamengo viraliza e \u00e9 citada pela Fifa","datePublished":"2020-10-05T15:54:08+00:00","dateModified":"2020-10-05T15:54:13+00:00","mainEntityOfPage":{"@id":"https:\/\/www.gaveanews.com\/index.php\/2020\/10\/05\/comemoracao-do-filho-de-everton-em-gol-do-flamengo-viraliza-e-e-citada-pela-fifa\/"},"wordCount":162,"commentCount":2,"image":{"@id":"https:\/\/www.gaveanews.com\/index.php\/2020\/10\/05\/comemoracao-do-filho-de-everton-em-gol-do-flamengo-viraliza-e-e-citada-pela-fifa\/#primaryimage"},"thumbnailUrl":"https:\/\/www.gaveanews.com\/wp-content\/uploads\/Everton-Ribeiro-em-acao-pelo-Flamengo-na-partida-contra-o-Fortaleza.webp","articleSection":["V\u00eddeos"],"inLanguage":"pt-BR","potentialAction":[{"@type":"CommentAction","name":"Comment","target":["https:\/\/www.gaveanews.com\/index.php\/2020\/10\/05\/comemoracao-do-filho-de-everton-em-gol-do-flamengo-viraliza-e-e-citada-pela-fifa\/#respond"]}],"copyrightYear":"2020","copyrightHolder":{"@id":"https:\/\/www.gaveanews.com\/#organization"}},{"@type":"WebPage","@id":"https:\/\/www.gaveanews.com\/index.php\/2020\/10\/05\/comemoracao-do-filho-de-everton-em-gol-do-flamengo-viraliza-e-e-citada-pela-fifa\/","url":"https:\/\/www.gaveanews.com\/index.php\/2020\/10\/05\/comemoracao-do-filho-de-everton-em-gol-do-flamengo-viraliza-e-e-citada-pela-fifa\/","name":"Comemora\u00e7\u00e3o do filho de Everton em gol do Flamengo viraliza e \u00e9 citada pela Fifa","isPartOf":{"@id":"https:\/\/www.gaveanews.com\/#website"},"primaryImageOfPage":{"@id":"https:\/\/www.gaveanews.com\/index.php\/2020\/10\/05\/comemoracao-do-filho-de-everton-em-gol-do-flamengo-viraliza-e-e-citada-pela-fifa\/#primaryimage"},"image":{"@id":"https:\/\/www.gaveanews.com\/index.php\/2020\/10\/05\/comemoracao-do-filho-de-everton-em-gol-do-flamengo-viraliza-e-e-citada-pela-fifa\/#primaryimage"},"thumbnailUrl":"https:\/\/www.gaveanews.com\/wp-content\/uploads\/Everton-Ribeiro-em-acao-pelo-Flamengo-na-partida-contra-o-Fortaleza.webp","datePublished":"2020-10-05T15:54:08+00:00","dateModified":"2020-10-05T15:54:13+00:00","author":{"@id":"https:\/\/www.gaveanews.com\/#\/schema\/person\/2ec14f73fb96be2caf28f91afb14749d"},"breadcrumb":{"@id":"https:\/\/www.gaveanews.com\/index.php\/2020\/10\/05\/comemoracao-do-filho-de-everton-em-gol-do-flamengo-viraliza-e-e-citada-pela-fifa\/#breadcrumb"},"inLanguage":"pt-BR","potentialAction":[{"@type":"ReadAction","target":["https:\/\/www.gaveanews.com\/index.php\/2020\/10\/05\/comemoracao-do-filho-de-everton-em-gol-do-flamengo-viraliza-e-e-citada-pela-fifa\/"]}]},{"@type":"ImageObject","inLanguage":"pt-BR","@id":"https:\/\/www.gaveanews.com\/index.php\/2020\/10\/05\/comemoracao-do-filho-de-everton-em-gol-do-flamengo-viraliza-e-e-citada-pela-fifa\/#primaryimage","url":"https:\/\/www.gaveanews.com\/wp-content\/uploads\/Everton-Ribeiro-em-acao-pelo-Flamengo-na-partida-contra-o-Fortaleza.webp","contentUrl":"https:\/\/www.gaveanews.com\/wp-content\/uploads\/Everton-Ribeiro-em-acao-pelo-Flamengo-na-partida-contra-o-Fortaleza.webp","width":800,"height":533,"caption":"Everton Ribeiro em a\u00e7\u00e3o pelo Flamengo na partida contra o Fortaleza (Foto: Alexandre Vidal\/Flamengo)"},{"@type":"BreadcrumbList","@id":"https:\/\/www.gaveanews.com\/index.php\/2020\/10\/05\/comemoracao-do-filho-de-everton-em-gol-do-flamengo-viraliza-e-e-citada-pela-fifa\/#breadcrumb","itemListElement":[{"@type":"ListItem","position":1,"name":"Home","item":"https:\/\/www.gaveanews.com\/"},{"@type":"ListItem","position":2,"name":"Comemora\u00e7\u00e3o do filho de Everton em gol do Flamengo viraliza e \u00e9 citada pela Fifa"}]},{"@type":"WebSite","@id":"https:\/\/www.gaveanews.com\/#website","url":"https:\/\/www.gaveanews.com\/","name":"G\u00e1vea News","description":"Veja todas as not\u00edcias sobre o Flamengo: Contrata\u00e7\u00f5es, categorias de base, resultados das partidas, tabela de classifica\u00e7\u00e3o, pr\u00f3ximos jogos!","potentialAction":[{"@type":"SearchAction","target":{"@type":"EntryPoint","urlTemplate":"https:\/\/www.gaveanews.com\/?s={search_term_string}"},"query-input":{"@type":"PropertyValueSpecification","valueRequired":true,"valueName":"search_term_string"}}],"inLanguage":"pt-BR"},{"@type":"Person","@id":"https:\/\/www.gaveanews.com\/#\/schema\/person\/2ec14f73fb96be2caf28f91afb14749d","name":"Equipe G\u00e1vea News","image":{"@type":"ImageObject","inLanguage":"pt-BR","@id":"https:\/\/www.gaveanews.com\/#\/schema\/person\/image\/","url":"https:\/\/secure.gravatar.com\/avatar\/1e1956f1facbffd3f8fa53a326721950116b3b9dc9bd44939c01180fd4a745a9?s=96&d=mm&r=g","contentUrl":"https:\/\/secure.gravatar.com\/avatar\/1e1956f1facbffd3f8fa53a326721950116b3b9dc9bd44939c01180fd4a745a9?s=96&d=mm&r=g","caption":"Equipe G\u00e1vea News"}}]}},"_links":{"self":[{"href":"https:\/\/www.gaveanews.com\/index.php\/wp-json\/wp\/v2\/posts\/48570","targetHints":{"allow":["GET"]}}],"collection":[{"href":"https:\/\/www.gaveanews.com\/index.php\/wp-json\/wp\/v2\/posts"}],"about":[{"href":"https:\/\/www.gaveanews.com\/index.php\/wp-json\/wp\/v2\/types\/post"}],"author":[{"embeddable":true,"href":"https:\/\/www.gaveanews.com\/index.php\/wp-json\/wp\/v2\/users\/1"}],"replies":[{"embeddable":true,"href":"https:\/\/www.gaveanews.com\/index.php\/wp-json\/wp\/v2\/comments?post=48570"}],"version-history":[{"count":0,"href":"https:\/\/www.gaveanews.com\/index.php\/wp-json\/wp\/v2\/posts\/48570\/revisions"}],"wp:featuredmedia":[{"embeddable":true,"href":"https:\/\/www.gaveanews.com\/index.php\/wp-json\/wp\/v2\/media\/47004"}],"wp:attachment":[{"href":"https:\/\/www.gaveanews.com\/index.php\/wp-json\/wp\/v2\/media?parent=48570"}],"wp:term":[{"taxonomy":"category","embeddable":true,"href":"https:\/\/www.gaveanews.com\/index.php\/wp-json\/wp\/v2\/categories?post=48570"},{"taxonomy":"post_tag","embeddable":true,"href":"https:\/\/www.gaveanews.com\/index.php\/wp-json\/wp\/v2\/tags?post=48570"}],"curies":[{"name":"wp","href":"https:\/\/api.w.org\/{rel}","templated":true}]}}