{"id":48582,"date":"2020-10-05T14:38:00","date_gmt":"2020-10-05T17:38:00","guid":{"rendered":"https:\/\/www.gaveanews.com\/?p=48582"},"modified":"2020-10-05T14:38:04","modified_gmt":"2020-10-05T17:38:04","slug":"jorge-jesus-admite-interesse-em-contratar-bruno-henrique","status":"publish","type":"post","link":"https:\/\/www.gaveanews.com\/index.php\/2020\/10\/05\/jorge-jesus-admite-interesse-em-contratar-bruno-henrique\/","title":{"rendered":"Jorge Jesus admite interesse em contratar Bruno Henrique"},"content":{"rendered":"\n<p>Neste dia 6 de outubro, mais precisamente esta ter\u00e7a-feira, a janela de transfer\u00eancias em Portugal ser\u00e1 fechada. E toda a afli\u00e7\u00e3o do torcedor do Flamengo quanto ao interesse do Benfica em Gerson e Bruno Henrique, principalmente, pode cessar de forma definitiva. Contudo, Jorge Jesus falou algo que pode deixar a Na\u00e7\u00e3o ainda de cabelo em p\u00e9.<\/p>\n\n\n\n<p>Em recente entrevista coletiva, logo ap\u00f3s a vit\u00f3ria dos Encarnados sobre o Farense por 3 a 2, pela 3\u00aa rodada do Campeonato Portugu\u00eas, o Mister revelou que as contrata\u00e7\u00f5es de um zagueiro e um atacante ser\u00e3o fundamentais para o decorrer da temporada. E admitiu, na sequ\u00eancia, o interesse em Bruno Henrique, quando questionado sobre o camisa 27 do Flamengo<\/p>\n\n\n\n<p>\u2014 S\u00e3o as duas posi\u00e7\u00f5es importantes. N\u00f3s n\u00e3o temos as possibilidades para contratar os jogadores que eu gostaria, mas tamb\u00e9m se n\u00e3o forem esses, tamb\u00e9m n\u00e3o quero. Por isso, n\u00e3o vou avan\u00e7ar com nomes &#8211; disse<br>Jorge Jesus, completando se preferiria a contrata\u00e7\u00e3o de R\u00faben Semedo (defensor) ou Bruno Henrique:<\/p>\n\n\n\n<p>\u2014 Entre os dois? Gostaria de ter os dois.<\/p>\n\n\n\n<p>Cabe destacar que a venda do zagueiro Ruben D\u00edas, para o Manchester City, faz a diretoria do Benfica voltar a sonhar com uma dupla de jogadores do Flamengo: Bruno Henrique e Gerson. De acordo com o jornal lusitano &#8220;A Bola&#8221;, o clube portugu\u00eas estuda fazer nova investida pela dupla de destaques do Rubro-Negro. O defensor foi vendido por R$ 440 milh\u00f5es nesta janela. Lucas Ver\u00edssimo, do Santos, j\u00e1 est\u00e1 pr\u00f3ximo de um acerto.<\/p>\n\n\n\n<p>E o Flamengo, por sua vez, j\u00e1 havia externado que a dupla sondada n\u00e3o ser\u00e1 negociada caso a multa rescis\u00f3ria n\u00e3o seja paga integralmente. Citado por Jesus, Bruno Henrique, por exemplo, tem contrato com o clube carioca at\u00e9 dezembro de 2023 e uma multa na casa dos 35 milh\u00f5es de euros (cerca de R$ 230,6 milh\u00f5es).<\/p>\n\n\n\n<p>Retirado de: Lance<\/p>\n","protected":false},"excerpt":{"rendered":"<p>Neste dia 6 de outubro, mais precisamente esta ter\u00e7a-feira, a janela de transfer\u00eancias em Portugal ser\u00e1 fechada. E toda a afli\u00e7\u00e3o do torcedor do Flamengo quanto ao interesse do Benfica em Gerson e Bruno Henrique, principalmente, pode cessar de forma definitiva. Contudo, Jorge Jesus falou algo que pode deixar a Na\u00e7\u00e3o ainda de cabelo em [&hellip;]<\/p>\n","protected":false},"author":1,"featured_media":46795,"comment_status":"open","ping_status":"closed","sticky":false,"template":"","format":"standard","meta":{"footnotes":""},"categories":[1],"tags":[],"class_list":["post-48582","post","type-post","status-publish","format-standard","has-post-thumbnail","hentry","category-flamengo"],"yoast_head":"<!-- This site is optimized with the Yoast SEO Premium plugin v24.2 (Yoast SEO v26.9) - https:\/\/yoast.com\/product\/yoast-seo-premium-wordpress\/ -->\n<title>Jorge Jesus admite interesse em contratar Bruno Henrique<\/title>\n<meta name=\"robots\" content=\"index, follow, max-snippet:-1, max-image-preview:large, max-video-preview:-1\" \/>\n<link rel=\"canonical\" href=\"https:\/\/www.gaveanews.com\/index.php\/2020\/10\/05\/jorge-jesus-admite-interesse-em-contratar-bruno-henrique\/\" \/>\n<meta property=\"og:locale\" content=\"pt_BR\" \/>\n<meta property=\"og:type\" content=\"article\" \/>\n<meta property=\"og:title\" content=\"Jorge Jesus admite interesse em contratar Bruno Henrique\" \/>\n<meta property=\"og:description\" content=\"Neste dia 6 de outubro, mais precisamente esta ter\u00e7a-feira, a janela de transfer\u00eancias em Portugal ser\u00e1 fechada. E toda a afli\u00e7\u00e3o do torcedor do Flamengo quanto ao interesse do Benfica em Gerson e Bruno Henrique, principalmente, pode cessar de forma definitiva. Contudo, Jorge Jesus falou algo que pode deixar a Na\u00e7\u00e3o ainda de cabelo em [&hellip;]\" \/>\n<meta property=\"og:url\" content=\"https:\/\/www.gaveanews.com\/index.php\/2020\/10\/05\/jorge-jesus-admite-interesse-em-contratar-bruno-henrique\/\" \/>\n<meta property=\"og:site_name\" content=\"G\u00e1vea News\" \/>\n<meta property=\"article:publisher\" content=\"https:\/\/facebook.com\/gaveaNews\/\" \/>\n<meta property=\"article:published_time\" content=\"2020-10-05T17:38:00+00:00\" \/>\n<meta property=\"article:modified_time\" content=\"2020-10-05T17:38:04+00:00\" \/>\n<meta property=\"og:image\" content=\"https:\/\/www.gaveanews.com\/wp-content\/uploads\/Bruno-Henrique-em-acao-pelo-Flamengo-contra-o-Santos.webp\" \/>\n\t<meta property=\"og:image:width\" content=\"800\" \/>\n\t<meta property=\"og:image:height\" content=\"533\" \/>\n\t<meta property=\"og:image:type\" content=\"image\/jpeg\" \/>\n<meta name=\"author\" content=\"Equipe G\u00e1vea News\" \/>\n<meta name=\"twitter:card\" content=\"summary_large_image\" \/>\n<meta name=\"twitter:label1\" content=\"Escrito por\" \/>\n\t<meta name=\"twitter:data1\" content=\"Equipe G\u00e1vea News\" \/>\n\t<meta name=\"twitter:label2\" content=\"Est. tempo de leitura\" \/>\n\t<meta name=\"twitter:data2\" content=\"2 minutos\" \/>\n<script type=\"application\/ld+json\" class=\"yoast-schema-graph\">{\"@context\":\"https:\/\/schema.org\",\"@graph\":[{\"@type\":\"NewsArticle\",\"@id\":\"https:\/\/www.gaveanews.com\/index.php\/2020\/10\/05\/jorge-jesus-admite-interesse-em-contratar-bruno-henrique\/#article\",\"isPartOf\":{\"@id\":\"https:\/\/www.gaveanews.com\/index.php\/2020\/10\/05\/jorge-jesus-admite-interesse-em-contratar-bruno-henrique\/\"},\"author\":{\"name\":\"Equipe G\u00e1vea News\",\"@id\":\"https:\/\/www.gaveanews.com\/#\/schema\/person\/2ec14f73fb96be2caf28f91afb14749d\"},\"headline\":\"Jorge Jesus admite interesse em contratar Bruno Henrique\",\"datePublished\":\"2020-10-05T17:38:00+00:00\",\"dateModified\":\"2020-10-05T17:38:04+00:00\",\"mainEntityOfPage\":{\"@id\":\"https:\/\/www.gaveanews.com\/index.php\/2020\/10\/05\/jorge-jesus-admite-interesse-em-contratar-bruno-henrique\/\"},\"wordCount\":334,\"commentCount\":1,\"image\":{\"@id\":\"https:\/\/www.gaveanews.com\/index.php\/2020\/10\/05\/jorge-jesus-admite-interesse-em-contratar-bruno-henrique\/#primaryimage\"},\"thumbnailUrl\":\"https:\/\/www.gaveanews.com\/wp-content\/uploads\/Bruno-Henrique-em-acao-pelo-Flamengo-contra-o-Santos.webp\",\"articleSection\":[\"Flamengo\"],\"inLanguage\":\"pt-BR\",\"potentialAction\":[{\"@type\":\"CommentAction\",\"name\":\"Comment\",\"target\":[\"https:\/\/www.gaveanews.com\/index.php\/2020\/10\/05\/jorge-jesus-admite-interesse-em-contratar-bruno-henrique\/#respond\"]}],\"copyrightYear\":\"2020\",\"copyrightHolder\":{\"@id\":\"https:\/\/www.gaveanews.com\/#organization\"}},{\"@type\":\"WebPage\",\"@id\":\"https:\/\/www.gaveanews.com\/index.php\/2020\/10\/05\/jorge-jesus-admite-interesse-em-contratar-bruno-henrique\/\",\"url\":\"https:\/\/www.gaveanews.com\/index.php\/2020\/10\/05\/jorge-jesus-admite-interesse-em-contratar-bruno-henrique\/\",\"name\":\"Jorge Jesus admite interesse em contratar Bruno Henrique\",\"isPartOf\":{\"@id\":\"https:\/\/www.gaveanews.com\/#website\"},\"primaryImageOfPage\":{\"@id\":\"https:\/\/www.gaveanews.com\/index.php\/2020\/10\/05\/jorge-jesus-admite-interesse-em-contratar-bruno-henrique\/#primaryimage\"},\"image\":{\"@id\":\"https:\/\/www.gaveanews.com\/index.php\/2020\/10\/05\/jorge-jesus-admite-interesse-em-contratar-bruno-henrique\/#primaryimage\"},\"thumbnailUrl\":\"https:\/\/www.gaveanews.com\/wp-content\/uploads\/Bruno-Henrique-em-acao-pelo-Flamengo-contra-o-Santos.webp\",\"datePublished\":\"2020-10-05T17:38:00+00:00\",\"dateModified\":\"2020-10-05T17:38:04+00:00\",\"author\":{\"@id\":\"https:\/\/www.gaveanews.com\/#\/schema\/person\/2ec14f73fb96be2caf28f91afb14749d\"},\"breadcrumb\":{\"@id\":\"https:\/\/www.gaveanews.com\/index.php\/2020\/10\/05\/jorge-jesus-admite-interesse-em-contratar-bruno-henrique\/#breadcrumb\"},\"inLanguage\":\"pt-BR\",\"potentialAction\":[{\"@type\":\"ReadAction\",\"target\":[\"https:\/\/www.gaveanews.com\/index.php\/2020\/10\/05\/jorge-jesus-admite-interesse-em-contratar-bruno-henrique\/\"]}]},{\"@type\":\"ImageObject\",\"inLanguage\":\"pt-BR\",\"@id\":\"https:\/\/www.gaveanews.com\/index.php\/2020\/10\/05\/jorge-jesus-admite-interesse-em-contratar-bruno-henrique\/#primaryimage\",\"url\":\"https:\/\/www.gaveanews.com\/wp-content\/uploads\/Bruno-Henrique-em-acao-pelo-Flamengo-contra-o-Santos.webp\",\"contentUrl\":\"https:\/\/www.gaveanews.com\/wp-content\/uploads\/Bruno-Henrique-em-acao-pelo-Flamengo-contra-o-Santos.webp\",\"width\":800,\"height\":533,\"caption\":\"Bruno Henrique em a\u00e7\u00e3o pelo Flamengo contra o Santos (Foto: Alexandre Vidal\/Flamengo)\"},{\"@type\":\"BreadcrumbList\",\"@id\":\"https:\/\/www.gaveanews.com\/index.php\/2020\/10\/05\/jorge-jesus-admite-interesse-em-contratar-bruno-henrique\/#breadcrumb\",\"itemListElement\":[{\"@type\":\"ListItem\",\"position\":1,\"name\":\"Home\",\"item\":\"https:\/\/www.gaveanews.com\/\"},{\"@type\":\"ListItem\",\"position\":2,\"name\":\"Jorge Jesus admite interesse em contratar Bruno Henrique\"}]},{\"@type\":\"WebSite\",\"@id\":\"https:\/\/www.gaveanews.com\/#website\",\"url\":\"https:\/\/www.gaveanews.com\/\",\"name\":\"G\u00e1vea News\",\"description\":\"Veja todas as not\u00edcias sobre o Flamengo: Contrata\u00e7\u00f5es, categorias de base, resultados das partidas, tabela de classifica\u00e7\u00e3o, pr\u00f3ximos jogos!\",\"potentialAction\":[{\"@type\":\"SearchAction\",\"target\":{\"@type\":\"EntryPoint\",\"urlTemplate\":\"https:\/\/www.gaveanews.com\/?s={search_term_string}\"},\"query-input\":{\"@type\":\"PropertyValueSpecification\",\"valueRequired\":true,\"valueName\":\"search_term_string\"}}],\"inLanguage\":\"pt-BR\"},{\"@type\":\"Person\",\"@id\":\"https:\/\/www.gaveanews.com\/#\/schema\/person\/2ec14f73fb96be2caf28f91afb14749d\",\"name\":\"Equipe G\u00e1vea News\",\"image\":{\"@type\":\"ImageObject\",\"inLanguage\":\"pt-BR\",\"@id\":\"https:\/\/www.gaveanews.com\/#\/schema\/person\/image\/\",\"url\":\"https:\/\/secure.gravatar.com\/avatar\/1e1956f1facbffd3f8fa53a326721950116b3b9dc9bd44939c01180fd4a745a9?s=96&d=mm&r=g\",\"contentUrl\":\"https:\/\/secure.gravatar.com\/avatar\/1e1956f1facbffd3f8fa53a326721950116b3b9dc9bd44939c01180fd4a745a9?s=96&d=mm&r=g\",\"caption\":\"Equipe G\u00e1vea News\"}}]}<\/script>\n<!-- \/ Yoast SEO Premium plugin. -->","yoast_head_json":{"title":"Jorge Jesus admite interesse em contratar Bruno Henrique","robots":{"index":"index","follow":"follow","max-snippet":"max-snippet:-1","max-image-preview":"max-image-preview:large","max-video-preview":"max-video-preview:-1"},"canonical":"https:\/\/www.gaveanews.com\/index.php\/2020\/10\/05\/jorge-jesus-admite-interesse-em-contratar-bruno-henrique\/","og_locale":"pt_BR","og_type":"article","og_title":"Jorge Jesus admite interesse em contratar Bruno Henrique","og_description":"Neste dia 6 de outubro, mais precisamente esta ter\u00e7a-feira, a janela de transfer\u00eancias em Portugal ser\u00e1 fechada. E toda a afli\u00e7\u00e3o do torcedor do Flamengo quanto ao interesse do Benfica em Gerson e Bruno Henrique, principalmente, pode cessar de forma definitiva. Contudo, Jorge Jesus falou algo que pode deixar a Na\u00e7\u00e3o ainda de cabelo em [&hellip;]","og_url":"https:\/\/www.gaveanews.com\/index.php\/2020\/10\/05\/jorge-jesus-admite-interesse-em-contratar-bruno-henrique\/","og_site_name":"G\u00e1vea News","article_publisher":"https:\/\/facebook.com\/gaveaNews\/","article_published_time":"2020-10-05T17:38:00+00:00","article_modified_time":"2020-10-05T17:38:04+00:00","og_image":[{"width":800,"height":533,"url":"https:\/\/www.gaveanews.com\/wp-content\/uploads\/Bruno-Henrique-em-acao-pelo-Flamengo-contra-o-Santos.webp","type":"image\/jpeg"}],"author":"Equipe G\u00e1vea News","twitter_card":"summary_large_image","twitter_misc":{"Escrito por":"Equipe G\u00e1vea News","Est. tempo de leitura":"2 minutos"},"schema":{"@context":"https:\/\/schema.org","@graph":[{"@type":"NewsArticle","@id":"https:\/\/www.gaveanews.com\/index.php\/2020\/10\/05\/jorge-jesus-admite-interesse-em-contratar-bruno-henrique\/#article","isPartOf":{"@id":"https:\/\/www.gaveanews.com\/index.php\/2020\/10\/05\/jorge-jesus-admite-interesse-em-contratar-bruno-henrique\/"},"author":{"name":"Equipe G\u00e1vea News","@id":"https:\/\/www.gaveanews.com\/#\/schema\/person\/2ec14f73fb96be2caf28f91afb14749d"},"headline":"Jorge Jesus admite interesse em contratar Bruno Henrique","datePublished":"2020-10-05T17:38:00+00:00","dateModified":"2020-10-05T17:38:04+00:00","mainEntityOfPage":{"@id":"https:\/\/www.gaveanews.com\/index.php\/2020\/10\/05\/jorge-jesus-admite-interesse-em-contratar-bruno-henrique\/"},"wordCount":334,"commentCount":1,"image":{"@id":"https:\/\/www.gaveanews.com\/index.php\/2020\/10\/05\/jorge-jesus-admite-interesse-em-contratar-bruno-henrique\/#primaryimage"},"thumbnailUrl":"https:\/\/www.gaveanews.com\/wp-content\/uploads\/Bruno-Henrique-em-acao-pelo-Flamengo-contra-o-Santos.webp","articleSection":["Flamengo"],"inLanguage":"pt-BR","potentialAction":[{"@type":"CommentAction","name":"Comment","target":["https:\/\/www.gaveanews.com\/index.php\/2020\/10\/05\/jorge-jesus-admite-interesse-em-contratar-bruno-henrique\/#respond"]}],"copyrightYear":"2020","copyrightHolder":{"@id":"https:\/\/www.gaveanews.com\/#organization"}},{"@type":"WebPage","@id":"https:\/\/www.gaveanews.com\/index.php\/2020\/10\/05\/jorge-jesus-admite-interesse-em-contratar-bruno-henrique\/","url":"https:\/\/www.gaveanews.com\/index.php\/2020\/10\/05\/jorge-jesus-admite-interesse-em-contratar-bruno-henrique\/","name":"Jorge Jesus admite interesse em contratar Bruno Henrique","isPartOf":{"@id":"https:\/\/www.gaveanews.com\/#website"},"primaryImageOfPage":{"@id":"https:\/\/www.gaveanews.com\/index.php\/2020\/10\/05\/jorge-jesus-admite-interesse-em-contratar-bruno-henrique\/#primaryimage"},"image":{"@id":"https:\/\/www.gaveanews.com\/index.php\/2020\/10\/05\/jorge-jesus-admite-interesse-em-contratar-bruno-henrique\/#primaryimage"},"thumbnailUrl":"https:\/\/www.gaveanews.com\/wp-content\/uploads\/Bruno-Henrique-em-acao-pelo-Flamengo-contra-o-Santos.webp","datePublished":"2020-10-05T17:38:00+00:00","dateModified":"2020-10-05T17:38:04+00:00","author":{"@id":"https:\/\/www.gaveanews.com\/#\/schema\/person\/2ec14f73fb96be2caf28f91afb14749d"},"breadcrumb":{"@id":"https:\/\/www.gaveanews.com\/index.php\/2020\/10\/05\/jorge-jesus-admite-interesse-em-contratar-bruno-henrique\/#breadcrumb"},"inLanguage":"pt-BR","potentialAction":[{"@type":"ReadAction","target":["https:\/\/www.gaveanews.com\/index.php\/2020\/10\/05\/jorge-jesus-admite-interesse-em-contratar-bruno-henrique\/"]}]},{"@type":"ImageObject","inLanguage":"pt-BR","@id":"https:\/\/www.gaveanews.com\/index.php\/2020\/10\/05\/jorge-jesus-admite-interesse-em-contratar-bruno-henrique\/#primaryimage","url":"https:\/\/www.gaveanews.com\/wp-content\/uploads\/Bruno-Henrique-em-acao-pelo-Flamengo-contra-o-Santos.webp","contentUrl":"https:\/\/www.gaveanews.com\/wp-content\/uploads\/Bruno-Henrique-em-acao-pelo-Flamengo-contra-o-Santos.webp","width":800,"height":533,"caption":"Bruno Henrique em a\u00e7\u00e3o pelo Flamengo contra o Santos (Foto: Alexandre Vidal\/Flamengo)"},{"@type":"BreadcrumbList","@id":"https:\/\/www.gaveanews.com\/index.php\/2020\/10\/05\/jorge-jesus-admite-interesse-em-contratar-bruno-henrique\/#breadcrumb","itemListElement":[{"@type":"ListItem","position":1,"name":"Home","item":"https:\/\/www.gaveanews.com\/"},{"@type":"ListItem","position":2,"name":"Jorge Jesus admite interesse em contratar Bruno Henrique"}]},{"@type":"WebSite","@id":"https:\/\/www.gaveanews.com\/#website","url":"https:\/\/www.gaveanews.com\/","name":"G\u00e1vea News","description":"Veja todas as not\u00edcias sobre o Flamengo: Contrata\u00e7\u00f5es, categorias de base, resultados das partidas, tabela de classifica\u00e7\u00e3o, pr\u00f3ximos jogos!","potentialAction":[{"@type":"SearchAction","target":{"@type":"EntryPoint","urlTemplate":"https:\/\/www.gaveanews.com\/?s={search_term_string}"},"query-input":{"@type":"PropertyValueSpecification","valueRequired":true,"valueName":"search_term_string"}}],"inLanguage":"pt-BR"},{"@type":"Person","@id":"https:\/\/www.gaveanews.com\/#\/schema\/person\/2ec14f73fb96be2caf28f91afb14749d","name":"Equipe G\u00e1vea News","image":{"@type":"ImageObject","inLanguage":"pt-BR","@id":"https:\/\/www.gaveanews.com\/#\/schema\/person\/image\/","url":"https:\/\/secure.gravatar.com\/avatar\/1e1956f1facbffd3f8fa53a326721950116b3b9dc9bd44939c01180fd4a745a9?s=96&d=mm&r=g","contentUrl":"https:\/\/secure.gravatar.com\/avatar\/1e1956f1facbffd3f8fa53a326721950116b3b9dc9bd44939c01180fd4a745a9?s=96&d=mm&r=g","caption":"Equipe G\u00e1vea News"}}]}},"_links":{"self":[{"href":"https:\/\/www.gaveanews.com\/index.php\/wp-json\/wp\/v2\/posts\/48582","targetHints":{"allow":["GET"]}}],"collection":[{"href":"https:\/\/www.gaveanews.com\/index.php\/wp-json\/wp\/v2\/posts"}],"about":[{"href":"https:\/\/www.gaveanews.com\/index.php\/wp-json\/wp\/v2\/types\/post"}],"author":[{"embeddable":true,"href":"https:\/\/www.gaveanews.com\/index.php\/wp-json\/wp\/v2\/users\/1"}],"replies":[{"embeddable":true,"href":"https:\/\/www.gaveanews.com\/index.php\/wp-json\/wp\/v2\/comments?post=48582"}],"version-history":[{"count":0,"href":"https:\/\/www.gaveanews.com\/index.php\/wp-json\/wp\/v2\/posts\/48582\/revisions"}],"wp:featuredmedia":[{"embeddable":true,"href":"https:\/\/www.gaveanews.com\/index.php\/wp-json\/wp\/v2\/media\/46795"}],"wp:attachment":[{"href":"https:\/\/www.gaveanews.com\/index.php\/wp-json\/wp\/v2\/media?parent=48582"}],"wp:term":[{"taxonomy":"category","embeddable":true,"href":"https:\/\/www.gaveanews.com\/index.php\/wp-json\/wp\/v2\/categories?post=48582"},{"taxonomy":"post_tag","embeddable":true,"href":"https:\/\/www.gaveanews.com\/index.php\/wp-json\/wp\/v2\/tags?post=48582"}],"curies":[{"name":"wp","href":"https:\/\/api.w.org\/{rel}","templated":true}]}}