{"id":48592,"date":"2020-10-05T15:42:42","date_gmt":"2020-10-05T18:42:42","guid":{"rendered":"https:\/\/www.gaveanews.com\/?p=48592"},"modified":"2024-04-06T23:23:13","modified_gmt":"2024-04-07T02:23:13","slug":"e-mais-facil-ver-o-pedro-na-selecao-do-tite-que-o-gabigol-diz-comentarista","status":"publish","type":"post","link":"https:\/\/www.gaveanews.com\/index.php\/2020\/10\/05\/e-mais-facil-ver-o-pedro-na-selecao-do-tite-que-o-gabigol-diz-comentarista\/","title":{"rendered":"&#8216;\u00c9 mais f\u00e1cil ver o Pedro na sele\u00e7\u00e3o do Tite que o Gabigol&#8217;, diz comentarista"},"content":{"rendered":"\n<p>Comentarista do Grupo Globo, Paulo Vin\u00edcius Coelho entende que, entre os atacantes do Flamengo, Pedro tem mais chances de fazer parte da sele\u00e7\u00e3o brasileira treinada por Tite do que Gabigol.<\/p>\n\n\n\n<p>PVC argumentou que Gabigol n\u00e3o \u00e9 um centroavante de of\u00edcio e precisa de algu\u00e9m para tabelar com ele para render o seu m\u00e1ximo &#8211; como fez com Bruno Henrique no ano passado. O comentarista afirmou que na sele\u00e7\u00e3o brasileira de Tite, ele n\u00e3o encontraria esse esquema.<\/p>\n\n\n\n<p>&#8220;\u00c9 muito mais f\u00e1cil ver o Pedro no grupo do Tite do que o Gabigol. O Gabigol n\u00e3o \u00e9 centroavante. Ele \u00e9 ponta de lan\u00e7a. O Gabriel n\u00e3o \u00e9 nem ponta, nem centroavante Ele precisa do cara para a tabela com ele. Ele cresce do jeito que jogou no ano passado. E insistem em escal\u00e1-lo de 9 ou de 7. Ele \u00e9 8,5&#8221;, disse PVC em participa\u00e7\u00e3o no Sele\u00e7\u00e3o SporTV, hoje.<\/p>\n\n\n\n<p>&#8220;Mas a sele\u00e7\u00e3o brasileira n\u00e3o joga no 4-4-2. N\u00e3o usa dupla de ataque. Joga com trio. E ele funciona melhor com dupla. Ele joga bem como centroavante porque \u00e9 bom. Mas o lugar em que ele mais joga \u00e9 com uma dupla&#8221;, acrescentou.<\/p>\n\n\n\n<p>Na opini\u00e3o do jornalista, mesmo sem ter a titularidade garantida, Pedro seria mais \u00fatil no atual jeito de jogar da sele\u00e7\u00e3o brasileira, podendo at\u00e9 sair do banco para mudar o estilo de jogo, mantendo a forma\u00e7\u00e3o com tr\u00eas atacantes, que Tite costuma usar.<\/p>\n\n\n\n<p>&#8220;O Pedro \u00e9 um centroavante que n\u00e3o precisa ser titular absoluto, mas pode mudar o jeito de jogar da sele\u00e7\u00e3o brasileira. Ele pode ir l\u00e1 e resolver, com um gol que o time est\u00e1 precisando&#8221;, avaliou.<\/p>\n\n\n\n<p>A discuss\u00e3o se d\u00e1 pelos bons n\u00fameros dos atacantes. Gabigol \u00e9 o artilheiro do Flamengo na temporada, com 16 gols, e no Campeonato Brasileiro, com cinco. Pedro, que fez 12 gols no ano, atravessa um \u00f3timo momento, com quatro gols nos \u00faltimos quatro jogos.<\/p>\n\n\n\n<p>Retirado de: UOL<\/p>\n","protected":false},"excerpt":{"rendered":"<p>Comentarista do Grupo Globo, Paulo Vin\u00edcius Coelho entende que, entre os atacantes do Flamengo, Pedro tem mais chances de fazer parte da sele\u00e7\u00e3o brasileira treinada por Tite do que Gabigol. PVC argumentou que Gabigol n\u00e3o \u00e9 um centroavante de of\u00edcio e precisa de algu\u00e9m para tabelar com ele para render o seu m\u00e1ximo &#8211; como [&hellip;]<\/p>\n","protected":false},"author":1,"featured_media":42698,"comment_status":"open","ping_status":"closed","sticky":false,"template":"","format":"standard","meta":{"footnotes":""},"categories":[47],"tags":[171],"class_list":["post-48592","post","type-post","status-publish","format-standard","has-post-thumbnail","hentry","category-destaques","tag-adenor-leonardo-bachi-tite"],"yoast_head":"<!-- This site is optimized with the Yoast SEO Premium plugin v24.2 (Yoast SEO v26.9) - https:\/\/yoast.com\/product\/yoast-seo-premium-wordpress\/ -->\n<title>&#039;\u00c9 mais f\u00e1cil ver o Pedro na sele\u00e7\u00e3o do Tite que o Gabigol&#039;, diz comentarista<\/title>\n<meta name=\"robots\" content=\"index, follow, max-snippet:-1, max-image-preview:large, max-video-preview:-1\" \/>\n<link rel=\"canonical\" href=\"https:\/\/www.gaveanews.com\/index.php\/2020\/10\/05\/e-mais-facil-ver-o-pedro-na-selecao-do-tite-que-o-gabigol-diz-comentarista\/\" \/>\n<meta property=\"og:locale\" content=\"pt_BR\" \/>\n<meta property=\"og:type\" content=\"article\" \/>\n<meta property=\"og:title\" content=\"&#039;\u00c9 mais f\u00e1cil ver o Pedro na sele\u00e7\u00e3o do Tite que o Gabigol&#039;, diz comentarista\" \/>\n<meta property=\"og:description\" content=\"Comentarista do Grupo Globo, Paulo Vin\u00edcius Coelho entende que, entre os atacantes do Flamengo, Pedro tem mais chances de fazer parte da sele\u00e7\u00e3o brasileira treinada por Tite do que Gabigol. PVC argumentou que Gabigol n\u00e3o \u00e9 um centroavante de of\u00edcio e precisa de algu\u00e9m para tabelar com ele para render o seu m\u00e1ximo &#8211; como [&hellip;]\" \/>\n<meta property=\"og:url\" content=\"https:\/\/www.gaveanews.com\/index.php\/2020\/10\/05\/e-mais-facil-ver-o-pedro-na-selecao-do-tite-que-o-gabigol-diz-comentarista\/\" \/>\n<meta property=\"og:site_name\" content=\"G\u00e1vea News\" \/>\n<meta property=\"article:publisher\" content=\"https:\/\/facebook.com\/gaveaNews\/\" \/>\n<meta property=\"article:published_time\" content=\"2020-10-05T18:42:42+00:00\" \/>\n<meta property=\"article:modified_time\" content=\"2024-04-07T02:23:13+00:00\" \/>\n<meta property=\"og:image\" content=\"https:\/\/www.gaveanews.com\/wp-content\/uploads\/Pedro-em-acao-pelo-Flamengo.webp\" \/>\n\t<meta property=\"og:image:width\" content=\"1\" \/>\n\t<meta property=\"og:image:height\" content=\"1\" \/>\n\t<meta property=\"og:image:type\" content=\"image\/jpeg\" \/>\n<meta name=\"author\" content=\"Equipe G\u00e1vea News\" \/>\n<meta name=\"twitter:card\" content=\"summary_large_image\" \/>\n<meta name=\"twitter:label1\" content=\"Escrito por\" \/>\n\t<meta name=\"twitter:data1\" content=\"Equipe G\u00e1vea News\" \/>\n\t<meta name=\"twitter:label2\" content=\"Est. tempo de leitura\" \/>\n\t<meta name=\"twitter:data2\" content=\"2 minutos\" \/>\n<script type=\"application\/ld+json\" class=\"yoast-schema-graph\">{\"@context\":\"https:\/\/schema.org\",\"@graph\":[{\"@type\":\"NewsArticle\",\"@id\":\"https:\/\/www.gaveanews.com\/index.php\/2020\/10\/05\/e-mais-facil-ver-o-pedro-na-selecao-do-tite-que-o-gabigol-diz-comentarista\/#article\",\"isPartOf\":{\"@id\":\"https:\/\/www.gaveanews.com\/index.php\/2020\/10\/05\/e-mais-facil-ver-o-pedro-na-selecao-do-tite-que-o-gabigol-diz-comentarista\/\"},\"author\":{\"name\":\"Equipe G\u00e1vea News\",\"@id\":\"https:\/\/www.gaveanews.com\/#\/schema\/person\/2ec14f73fb96be2caf28f91afb14749d\"},\"headline\":\"&#8216;\u00c9 mais f\u00e1cil ver o Pedro na sele\u00e7\u00e3o do Tite que o Gabigol&#8217;, diz comentarista\",\"datePublished\":\"2020-10-05T18:42:42+00:00\",\"dateModified\":\"2024-04-07T02:23:13+00:00\",\"mainEntityOfPage\":{\"@id\":\"https:\/\/www.gaveanews.com\/index.php\/2020\/10\/05\/e-mais-facil-ver-o-pedro-na-selecao-do-tite-que-o-gabigol-diz-comentarista\/\"},\"wordCount\":344,\"commentCount\":1,\"image\":{\"@id\":\"https:\/\/www.gaveanews.com\/index.php\/2020\/10\/05\/e-mais-facil-ver-o-pedro-na-selecao-do-tite-que-o-gabigol-diz-comentarista\/#primaryimage\"},\"thumbnailUrl\":\"https:\/\/www.gaveanews.com\/wp-content\/uploads\/Pedro-em-acao-pelo-Flamengo.webp\",\"keywords\":[\"Adenor Leonardo Bachi\"],\"articleSection\":[\"Destaques\"],\"inLanguage\":\"pt-BR\",\"potentialAction\":[{\"@type\":\"CommentAction\",\"name\":\"Comment\",\"target\":[\"https:\/\/www.gaveanews.com\/index.php\/2020\/10\/05\/e-mais-facil-ver-o-pedro-na-selecao-do-tite-que-o-gabigol-diz-comentarista\/#respond\"]}],\"copyrightYear\":\"2020\",\"copyrightHolder\":{\"@id\":\"https:\/\/www.gaveanews.com\/#organization\"}},{\"@type\":\"WebPage\",\"@id\":\"https:\/\/www.gaveanews.com\/index.php\/2020\/10\/05\/e-mais-facil-ver-o-pedro-na-selecao-do-tite-que-o-gabigol-diz-comentarista\/\",\"url\":\"https:\/\/www.gaveanews.com\/index.php\/2020\/10\/05\/e-mais-facil-ver-o-pedro-na-selecao-do-tite-que-o-gabigol-diz-comentarista\/\",\"name\":\"'\u00c9 mais f\u00e1cil ver o Pedro na sele\u00e7\u00e3o do Tite que o Gabigol', diz comentarista\",\"isPartOf\":{\"@id\":\"https:\/\/www.gaveanews.com\/#website\"},\"primaryImageOfPage\":{\"@id\":\"https:\/\/www.gaveanews.com\/index.php\/2020\/10\/05\/e-mais-facil-ver-o-pedro-na-selecao-do-tite-que-o-gabigol-diz-comentarista\/#primaryimage\"},\"image\":{\"@id\":\"https:\/\/www.gaveanews.com\/index.php\/2020\/10\/05\/e-mais-facil-ver-o-pedro-na-selecao-do-tite-que-o-gabigol-diz-comentarista\/#primaryimage\"},\"thumbnailUrl\":\"https:\/\/www.gaveanews.com\/wp-content\/uploads\/Pedro-em-acao-pelo-Flamengo.webp\",\"datePublished\":\"2020-10-05T18:42:42+00:00\",\"dateModified\":\"2024-04-07T02:23:13+00:00\",\"author\":{\"@id\":\"https:\/\/www.gaveanews.com\/#\/schema\/person\/2ec14f73fb96be2caf28f91afb14749d\"},\"breadcrumb\":{\"@id\":\"https:\/\/www.gaveanews.com\/index.php\/2020\/10\/05\/e-mais-facil-ver-o-pedro-na-selecao-do-tite-que-o-gabigol-diz-comentarista\/#breadcrumb\"},\"inLanguage\":\"pt-BR\",\"potentialAction\":[{\"@type\":\"ReadAction\",\"target\":[\"https:\/\/www.gaveanews.com\/index.php\/2020\/10\/05\/e-mais-facil-ver-o-pedro-na-selecao-do-tite-que-o-gabigol-diz-comentarista\/\"]}]},{\"@type\":\"ImageObject\",\"inLanguage\":\"pt-BR\",\"@id\":\"https:\/\/www.gaveanews.com\/index.php\/2020\/10\/05\/e-mais-facil-ver-o-pedro-na-selecao-do-tite-que-o-gabigol-diz-comentarista\/#primaryimage\",\"url\":\"https:\/\/www.gaveanews.com\/wp-content\/uploads\/Pedro-em-acao-pelo-Flamengo.webp\",\"contentUrl\":\"https:\/\/www.gaveanews.com\/wp-content\/uploads\/Pedro-em-acao-pelo-Flamengo.webp\",\"caption\":\"Pedro em a\u00e7\u00e3o pelo Flamengo (Foto: Alexandre Vidal\/Flamengo)\"},{\"@type\":\"BreadcrumbList\",\"@id\":\"https:\/\/www.gaveanews.com\/index.php\/2020\/10\/05\/e-mais-facil-ver-o-pedro-na-selecao-do-tite-que-o-gabigol-diz-comentarista\/#breadcrumb\",\"itemListElement\":[{\"@type\":\"ListItem\",\"position\":1,\"name\":\"Home\",\"item\":\"https:\/\/www.gaveanews.com\/\"},{\"@type\":\"ListItem\",\"position\":2,\"name\":\"&#8216;\u00c9 mais f\u00e1cil ver o Pedro na sele\u00e7\u00e3o do Tite que o Gabigol&#8217;, diz comentarista\"}]},{\"@type\":\"WebSite\",\"@id\":\"https:\/\/www.gaveanews.com\/#website\",\"url\":\"https:\/\/www.gaveanews.com\/\",\"name\":\"G\u00e1vea News\",\"description\":\"Veja todas as not\u00edcias sobre o Flamengo: Contrata\u00e7\u00f5es, categorias de base, resultados das partidas, tabela de classifica\u00e7\u00e3o, pr\u00f3ximos jogos!\",\"potentialAction\":[{\"@type\":\"SearchAction\",\"target\":{\"@type\":\"EntryPoint\",\"urlTemplate\":\"https:\/\/www.gaveanews.com\/?s={search_term_string}\"},\"query-input\":{\"@type\":\"PropertyValueSpecification\",\"valueRequired\":true,\"valueName\":\"search_term_string\"}}],\"inLanguage\":\"pt-BR\"},{\"@type\":\"Person\",\"@id\":\"https:\/\/www.gaveanews.com\/#\/schema\/person\/2ec14f73fb96be2caf28f91afb14749d\",\"name\":\"Equipe G\u00e1vea News\",\"image\":{\"@type\":\"ImageObject\",\"inLanguage\":\"pt-BR\",\"@id\":\"https:\/\/www.gaveanews.com\/#\/schema\/person\/image\/\",\"url\":\"https:\/\/secure.gravatar.com\/avatar\/1e1956f1facbffd3f8fa53a326721950116b3b9dc9bd44939c01180fd4a745a9?s=96&d=mm&r=g\",\"contentUrl\":\"https:\/\/secure.gravatar.com\/avatar\/1e1956f1facbffd3f8fa53a326721950116b3b9dc9bd44939c01180fd4a745a9?s=96&d=mm&r=g\",\"caption\":\"Equipe G\u00e1vea News\"}}]}<\/script>\n<!-- \/ Yoast SEO Premium plugin. -->","yoast_head_json":{"title":"'\u00c9 mais f\u00e1cil ver o Pedro na sele\u00e7\u00e3o do Tite que o Gabigol', diz comentarista","robots":{"index":"index","follow":"follow","max-snippet":"max-snippet:-1","max-image-preview":"max-image-preview:large","max-video-preview":"max-video-preview:-1"},"canonical":"https:\/\/www.gaveanews.com\/index.php\/2020\/10\/05\/e-mais-facil-ver-o-pedro-na-selecao-do-tite-que-o-gabigol-diz-comentarista\/","og_locale":"pt_BR","og_type":"article","og_title":"'\u00c9 mais f\u00e1cil ver o Pedro na sele\u00e7\u00e3o do Tite que o Gabigol', diz comentarista","og_description":"Comentarista do Grupo Globo, Paulo Vin\u00edcius Coelho entende que, entre os atacantes do Flamengo, Pedro tem mais chances de fazer parte da sele\u00e7\u00e3o brasileira treinada por Tite do que Gabigol. PVC argumentou que Gabigol n\u00e3o \u00e9 um centroavante de of\u00edcio e precisa de algu\u00e9m para tabelar com ele para render o seu m\u00e1ximo &#8211; como [&hellip;]","og_url":"https:\/\/www.gaveanews.com\/index.php\/2020\/10\/05\/e-mais-facil-ver-o-pedro-na-selecao-do-tite-que-o-gabigol-diz-comentarista\/","og_site_name":"G\u00e1vea News","article_publisher":"https:\/\/facebook.com\/gaveaNews\/","article_published_time":"2020-10-05T18:42:42+00:00","article_modified_time":"2024-04-07T02:23:13+00:00","og_image":[{"url":"https:\/\/www.gaveanews.com\/wp-content\/uploads\/Pedro-em-acao-pelo-Flamengo.webp","width":1,"height":1,"type":"image\/jpeg"}],"author":"Equipe G\u00e1vea News","twitter_card":"summary_large_image","twitter_misc":{"Escrito por":"Equipe G\u00e1vea News","Est. tempo de leitura":"2 minutos"},"schema":{"@context":"https:\/\/schema.org","@graph":[{"@type":"NewsArticle","@id":"https:\/\/www.gaveanews.com\/index.php\/2020\/10\/05\/e-mais-facil-ver-o-pedro-na-selecao-do-tite-que-o-gabigol-diz-comentarista\/#article","isPartOf":{"@id":"https:\/\/www.gaveanews.com\/index.php\/2020\/10\/05\/e-mais-facil-ver-o-pedro-na-selecao-do-tite-que-o-gabigol-diz-comentarista\/"},"author":{"name":"Equipe G\u00e1vea News","@id":"https:\/\/www.gaveanews.com\/#\/schema\/person\/2ec14f73fb96be2caf28f91afb14749d"},"headline":"&#8216;\u00c9 mais f\u00e1cil ver o Pedro na sele\u00e7\u00e3o do Tite que o Gabigol&#8217;, diz comentarista","datePublished":"2020-10-05T18:42:42+00:00","dateModified":"2024-04-07T02:23:13+00:00","mainEntityOfPage":{"@id":"https:\/\/www.gaveanews.com\/index.php\/2020\/10\/05\/e-mais-facil-ver-o-pedro-na-selecao-do-tite-que-o-gabigol-diz-comentarista\/"},"wordCount":344,"commentCount":1,"image":{"@id":"https:\/\/www.gaveanews.com\/index.php\/2020\/10\/05\/e-mais-facil-ver-o-pedro-na-selecao-do-tite-que-o-gabigol-diz-comentarista\/#primaryimage"},"thumbnailUrl":"https:\/\/www.gaveanews.com\/wp-content\/uploads\/Pedro-em-acao-pelo-Flamengo.webp","keywords":["Adenor Leonardo Bachi"],"articleSection":["Destaques"],"inLanguage":"pt-BR","potentialAction":[{"@type":"CommentAction","name":"Comment","target":["https:\/\/www.gaveanews.com\/index.php\/2020\/10\/05\/e-mais-facil-ver-o-pedro-na-selecao-do-tite-que-o-gabigol-diz-comentarista\/#respond"]}],"copyrightYear":"2020","copyrightHolder":{"@id":"https:\/\/www.gaveanews.com\/#organization"}},{"@type":"WebPage","@id":"https:\/\/www.gaveanews.com\/index.php\/2020\/10\/05\/e-mais-facil-ver-o-pedro-na-selecao-do-tite-que-o-gabigol-diz-comentarista\/","url":"https:\/\/www.gaveanews.com\/index.php\/2020\/10\/05\/e-mais-facil-ver-o-pedro-na-selecao-do-tite-que-o-gabigol-diz-comentarista\/","name":"'\u00c9 mais f\u00e1cil ver o Pedro na sele\u00e7\u00e3o do Tite que o Gabigol', diz comentarista","isPartOf":{"@id":"https:\/\/www.gaveanews.com\/#website"},"primaryImageOfPage":{"@id":"https:\/\/www.gaveanews.com\/index.php\/2020\/10\/05\/e-mais-facil-ver-o-pedro-na-selecao-do-tite-que-o-gabigol-diz-comentarista\/#primaryimage"},"image":{"@id":"https:\/\/www.gaveanews.com\/index.php\/2020\/10\/05\/e-mais-facil-ver-o-pedro-na-selecao-do-tite-que-o-gabigol-diz-comentarista\/#primaryimage"},"thumbnailUrl":"https:\/\/www.gaveanews.com\/wp-content\/uploads\/Pedro-em-acao-pelo-Flamengo.webp","datePublished":"2020-10-05T18:42:42+00:00","dateModified":"2024-04-07T02:23:13+00:00","author":{"@id":"https:\/\/www.gaveanews.com\/#\/schema\/person\/2ec14f73fb96be2caf28f91afb14749d"},"breadcrumb":{"@id":"https:\/\/www.gaveanews.com\/index.php\/2020\/10\/05\/e-mais-facil-ver-o-pedro-na-selecao-do-tite-que-o-gabigol-diz-comentarista\/#breadcrumb"},"inLanguage":"pt-BR","potentialAction":[{"@type":"ReadAction","target":["https:\/\/www.gaveanews.com\/index.php\/2020\/10\/05\/e-mais-facil-ver-o-pedro-na-selecao-do-tite-que-o-gabigol-diz-comentarista\/"]}]},{"@type":"ImageObject","inLanguage":"pt-BR","@id":"https:\/\/www.gaveanews.com\/index.php\/2020\/10\/05\/e-mais-facil-ver-o-pedro-na-selecao-do-tite-que-o-gabigol-diz-comentarista\/#primaryimage","url":"https:\/\/www.gaveanews.com\/wp-content\/uploads\/Pedro-em-acao-pelo-Flamengo.webp","contentUrl":"https:\/\/www.gaveanews.com\/wp-content\/uploads\/Pedro-em-acao-pelo-Flamengo.webp","caption":"Pedro em a\u00e7\u00e3o pelo Flamengo (Foto: Alexandre Vidal\/Flamengo)"},{"@type":"BreadcrumbList","@id":"https:\/\/www.gaveanews.com\/index.php\/2020\/10\/05\/e-mais-facil-ver-o-pedro-na-selecao-do-tite-que-o-gabigol-diz-comentarista\/#breadcrumb","itemListElement":[{"@type":"ListItem","position":1,"name":"Home","item":"https:\/\/www.gaveanews.com\/"},{"@type":"ListItem","position":2,"name":"&#8216;\u00c9 mais f\u00e1cil ver o Pedro na sele\u00e7\u00e3o do Tite que o Gabigol&#8217;, diz comentarista"}]},{"@type":"WebSite","@id":"https:\/\/www.gaveanews.com\/#website","url":"https:\/\/www.gaveanews.com\/","name":"G\u00e1vea News","description":"Veja todas as not\u00edcias sobre o Flamengo: Contrata\u00e7\u00f5es, categorias de base, resultados das partidas, tabela de classifica\u00e7\u00e3o, pr\u00f3ximos jogos!","potentialAction":[{"@type":"SearchAction","target":{"@type":"EntryPoint","urlTemplate":"https:\/\/www.gaveanews.com\/?s={search_term_string}"},"query-input":{"@type":"PropertyValueSpecification","valueRequired":true,"valueName":"search_term_string"}}],"inLanguage":"pt-BR"},{"@type":"Person","@id":"https:\/\/www.gaveanews.com\/#\/schema\/person\/2ec14f73fb96be2caf28f91afb14749d","name":"Equipe G\u00e1vea News","image":{"@type":"ImageObject","inLanguage":"pt-BR","@id":"https:\/\/www.gaveanews.com\/#\/schema\/person\/image\/","url":"https:\/\/secure.gravatar.com\/avatar\/1e1956f1facbffd3f8fa53a326721950116b3b9dc9bd44939c01180fd4a745a9?s=96&d=mm&r=g","contentUrl":"https:\/\/secure.gravatar.com\/avatar\/1e1956f1facbffd3f8fa53a326721950116b3b9dc9bd44939c01180fd4a745a9?s=96&d=mm&r=g","caption":"Equipe G\u00e1vea News"}}]}},"_links":{"self":[{"href":"https:\/\/www.gaveanews.com\/index.php\/wp-json\/wp\/v2\/posts\/48592","targetHints":{"allow":["GET"]}}],"collection":[{"href":"https:\/\/www.gaveanews.com\/index.php\/wp-json\/wp\/v2\/posts"}],"about":[{"href":"https:\/\/www.gaveanews.com\/index.php\/wp-json\/wp\/v2\/types\/post"}],"author":[{"embeddable":true,"href":"https:\/\/www.gaveanews.com\/index.php\/wp-json\/wp\/v2\/users\/1"}],"replies":[{"embeddable":true,"href":"https:\/\/www.gaveanews.com\/index.php\/wp-json\/wp\/v2\/comments?post=48592"}],"version-history":[{"count":1,"href":"https:\/\/www.gaveanews.com\/index.php\/wp-json\/wp\/v2\/posts\/48592\/revisions"}],"predecessor-version":[{"id":135254,"href":"https:\/\/www.gaveanews.com\/index.php\/wp-json\/wp\/v2\/posts\/48592\/revisions\/135254"}],"wp:featuredmedia":[{"embeddable":true,"href":"https:\/\/www.gaveanews.com\/index.php\/wp-json\/wp\/v2\/media\/42698"}],"wp:attachment":[{"href":"https:\/\/www.gaveanews.com\/index.php\/wp-json\/wp\/v2\/media?parent=48592"}],"wp:term":[{"taxonomy":"category","embeddable":true,"href":"https:\/\/www.gaveanews.com\/index.php\/wp-json\/wp\/v2\/categories?post=48592"},{"taxonomy":"post_tag","embeddable":true,"href":"https:\/\/www.gaveanews.com\/index.php\/wp-json\/wp\/v2\/tags?post=48592"}],"curies":[{"name":"wp","href":"https:\/\/api.w.org\/{rel}","templated":true}]}}