{"id":48594,"date":"2020-10-05T16:15:22","date_gmt":"2020-10-05T19:15:22","guid":{"rendered":"https:\/\/www.gaveanews.com\/?p=48594"},"modified":"2020-10-05T16:15:24","modified_gmt":"2020-10-05T19:15:24","slug":"pedro-rocha-volta-a-treinar-com-o-grupo-do-flamengo-apos-um-mes","status":"publish","type":"post","link":"https:\/\/www.gaveanews.com\/index.php\/2020\/10\/05\/pedro-rocha-volta-a-treinar-com-o-grupo-do-flamengo-apos-um-mes\/","title":{"rendered":"Pedro Rocha volta a treinar com o grupo do Flamengo ap\u00f3s um m\u00eas"},"content":{"rendered":"\n<p>Exato um m\u00eas ap\u00f3s lesionar-se contra o Fortaleza, no Maracan\u00e3, o atacante Pedro Rocha voltou a treinar com o grupo principal do Flamengo e deu mais um passo em sua recupera\u00e7\u00e3o da les\u00e3o na coxa esquerda. Evoluindo bem, o jogador vive a expectativa de ser relacionado contra o Sport, na quarta-feira.<\/p>\n\n\n\n<p>A informa\u00e7\u00e3o foi inicialmente publicada pelo jornal &#8220;O Dia&#8221;. A les\u00e3o &#8211; no dia 5 de setembro, em partida que o atacante entrou na etapa final -afastou Pedro Rocha de sete jogos do Fla (quatro pelo Brasileir\u00e3o e tr\u00eas pela Libertadores).<\/p>\n\n\n\n<p>A reapresenta\u00e7\u00e3o do elenco nesta segunda, ap\u00f3s a vit\u00f3ria sobre o Athletico, marcou tamb\u00e9m o retorno do t\u00e9cnico Dom\u00e8nec Torrent, recuperado da Covid-19, ao dia a dia no Ninho do Urubu. Enquanto os titulares no domingo fizeram um trabalho regenerativo, os demais foram a campo e deram in\u00edcio \u00e0 prepara\u00e7\u00e3o para o jogo contra o Sport, na quarta, pela 14\u00aa rodada do Brasileiro.<\/p>\n\n\n\n<p>Se pode contar com o retorno de Pedro Rocha, Dome ainda n\u00e3o ter\u00e1 Gabriel Barbosa e Diego Alves \u00e0 disposi\u00e7\u00e3o, ambos em recupera\u00e7\u00f5es de les\u00f5es.<\/p>\n\n\n\n<p>Retirado de: Lance<\/p>\n","protected":false},"excerpt":{"rendered":"<p>Exato um m\u00eas ap\u00f3s lesionar-se contra o Fortaleza, no Maracan\u00e3, o atacante Pedro Rocha voltou a treinar com o grupo principal do Flamengo e deu mais um passo em sua recupera\u00e7\u00e3o da les\u00e3o na coxa esquerda. Evoluindo bem, o jogador vive a expectativa de ser relacionado contra o Sport, na quarta-feira. A informa\u00e7\u00e3o foi inicialmente [&hellip;]<\/p>\n","protected":false},"author":1,"featured_media":46999,"comment_status":"open","ping_status":"closed","sticky":false,"template":"","format":"standard","meta":{"footnotes":""},"categories":[1],"tags":[],"class_list":["post-48594","post","type-post","status-publish","format-standard","has-post-thumbnail","hentry","category-flamengo"],"yoast_head":"<!-- This site is optimized with the Yoast SEO Premium plugin v24.2 (Yoast SEO v26.9) - https:\/\/yoast.com\/product\/yoast-seo-premium-wordpress\/ -->\n<title>Pedro Rocha volta a treinar com o grupo do Flamengo ap\u00f3s um m\u00eas<\/title>\n<meta name=\"robots\" content=\"index, follow, max-snippet:-1, max-image-preview:large, max-video-preview:-1\" \/>\n<link rel=\"canonical\" href=\"https:\/\/www.gaveanews.com\/index.php\/2020\/10\/05\/pedro-rocha-volta-a-treinar-com-o-grupo-do-flamengo-apos-um-mes\/\" \/>\n<meta property=\"og:locale\" content=\"pt_BR\" \/>\n<meta property=\"og:type\" content=\"article\" \/>\n<meta property=\"og:title\" content=\"Pedro Rocha volta a treinar com o grupo do Flamengo ap\u00f3s um m\u00eas\" \/>\n<meta property=\"og:description\" content=\"Exato um m\u00eas ap\u00f3s lesionar-se contra o Fortaleza, no Maracan\u00e3, o atacante Pedro Rocha voltou a treinar com o grupo principal do Flamengo e deu mais um passo em sua recupera\u00e7\u00e3o da les\u00e3o na coxa esquerda. Evoluindo bem, o jogador vive a expectativa de ser relacionado contra o Sport, na quarta-feira. A informa\u00e7\u00e3o foi inicialmente [&hellip;]\" \/>\n<meta property=\"og:url\" content=\"https:\/\/www.gaveanews.com\/index.php\/2020\/10\/05\/pedro-rocha-volta-a-treinar-com-o-grupo-do-flamengo-apos-um-mes\/\" \/>\n<meta property=\"og:site_name\" content=\"G\u00e1vea News\" \/>\n<meta property=\"article:publisher\" content=\"https:\/\/facebook.com\/gaveaNews\/\" \/>\n<meta property=\"article:published_time\" content=\"2020-10-05T19:15:22+00:00\" \/>\n<meta property=\"article:modified_time\" content=\"2020-10-05T19:15:24+00:00\" \/>\n<meta property=\"og:image\" content=\"https:\/\/www.gaveanews.com\/wp-content\/uploads\/Apos-lesao-na-coxa-esquerda-Pedro-Rocha-recebe-atendimento-do-doutor-Marcio-Tannure.webp\" \/>\n\t<meta property=\"og:image:width\" content=\"799\" \/>\n\t<meta property=\"og:image:height\" content=\"532\" \/>\n\t<meta property=\"og:image:type\" content=\"image\/jpeg\" \/>\n<meta name=\"author\" content=\"Equipe G\u00e1vea News\" \/>\n<meta name=\"twitter:card\" content=\"summary_large_image\" \/>\n<meta name=\"twitter:label1\" content=\"Escrito por\" \/>\n\t<meta name=\"twitter:data1\" content=\"Equipe G\u00e1vea News\" \/>\n\t<meta name=\"twitter:label2\" content=\"Est. tempo de leitura\" \/>\n\t<meta name=\"twitter:data2\" content=\"1 minuto\" \/>\n<script type=\"application\/ld+json\" class=\"yoast-schema-graph\">{\"@context\":\"https:\/\/schema.org\",\"@graph\":[{\"@type\":\"NewsArticle\",\"@id\":\"https:\/\/www.gaveanews.com\/index.php\/2020\/10\/05\/pedro-rocha-volta-a-treinar-com-o-grupo-do-flamengo-apos-um-mes\/#article\",\"isPartOf\":{\"@id\":\"https:\/\/www.gaveanews.com\/index.php\/2020\/10\/05\/pedro-rocha-volta-a-treinar-com-o-grupo-do-flamengo-apos-um-mes\/\"},\"author\":{\"name\":\"Equipe G\u00e1vea News\",\"@id\":\"https:\/\/www.gaveanews.com\/#\/schema\/person\/2ec14f73fb96be2caf28f91afb14749d\"},\"headline\":\"Pedro Rocha volta a treinar com o grupo do Flamengo ap\u00f3s um m\u00eas\",\"datePublished\":\"2020-10-05T19:15:22+00:00\",\"dateModified\":\"2020-10-05T19:15:24+00:00\",\"mainEntityOfPage\":{\"@id\":\"https:\/\/www.gaveanews.com\/index.php\/2020\/10\/05\/pedro-rocha-volta-a-treinar-com-o-grupo-do-flamengo-apos-um-mes\/\"},\"wordCount\":214,\"commentCount\":0,\"image\":{\"@id\":\"https:\/\/www.gaveanews.com\/index.php\/2020\/10\/05\/pedro-rocha-volta-a-treinar-com-o-grupo-do-flamengo-apos-um-mes\/#primaryimage\"},\"thumbnailUrl\":\"https:\/\/www.gaveanews.com\/wp-content\/uploads\/Apos-lesao-na-coxa-esquerda-Pedro-Rocha-recebe-atendimento-do-doutor-Marcio-Tannure.webp\",\"articleSection\":[\"Flamengo\"],\"inLanguage\":\"pt-BR\",\"potentialAction\":[{\"@type\":\"CommentAction\",\"name\":\"Comment\",\"target\":[\"https:\/\/www.gaveanews.com\/index.php\/2020\/10\/05\/pedro-rocha-volta-a-treinar-com-o-grupo-do-flamengo-apos-um-mes\/#respond\"]}],\"copyrightYear\":\"2020\",\"copyrightHolder\":{\"@id\":\"https:\/\/www.gaveanews.com\/#organization\"}},{\"@type\":\"WebPage\",\"@id\":\"https:\/\/www.gaveanews.com\/index.php\/2020\/10\/05\/pedro-rocha-volta-a-treinar-com-o-grupo-do-flamengo-apos-um-mes\/\",\"url\":\"https:\/\/www.gaveanews.com\/index.php\/2020\/10\/05\/pedro-rocha-volta-a-treinar-com-o-grupo-do-flamengo-apos-um-mes\/\",\"name\":\"Pedro Rocha volta a treinar com o grupo do Flamengo ap\u00f3s um m\u00eas\",\"isPartOf\":{\"@id\":\"https:\/\/www.gaveanews.com\/#website\"},\"primaryImageOfPage\":{\"@id\":\"https:\/\/www.gaveanews.com\/index.php\/2020\/10\/05\/pedro-rocha-volta-a-treinar-com-o-grupo-do-flamengo-apos-um-mes\/#primaryimage\"},\"image\":{\"@id\":\"https:\/\/www.gaveanews.com\/index.php\/2020\/10\/05\/pedro-rocha-volta-a-treinar-com-o-grupo-do-flamengo-apos-um-mes\/#primaryimage\"},\"thumbnailUrl\":\"https:\/\/www.gaveanews.com\/wp-content\/uploads\/Apos-lesao-na-coxa-esquerda-Pedro-Rocha-recebe-atendimento-do-doutor-Marcio-Tannure.webp\",\"datePublished\":\"2020-10-05T19:15:22+00:00\",\"dateModified\":\"2020-10-05T19:15:24+00:00\",\"author\":{\"@id\":\"https:\/\/www.gaveanews.com\/#\/schema\/person\/2ec14f73fb96be2caf28f91afb14749d\"},\"breadcrumb\":{\"@id\":\"https:\/\/www.gaveanews.com\/index.php\/2020\/10\/05\/pedro-rocha-volta-a-treinar-com-o-grupo-do-flamengo-apos-um-mes\/#breadcrumb\"},\"inLanguage\":\"pt-BR\",\"potentialAction\":[{\"@type\":\"ReadAction\",\"target\":[\"https:\/\/www.gaveanews.com\/index.php\/2020\/10\/05\/pedro-rocha-volta-a-treinar-com-o-grupo-do-flamengo-apos-um-mes\/\"]}]},{\"@type\":\"ImageObject\",\"inLanguage\":\"pt-BR\",\"@id\":\"https:\/\/www.gaveanews.com\/index.php\/2020\/10\/05\/pedro-rocha-volta-a-treinar-com-o-grupo-do-flamengo-apos-um-mes\/#primaryimage\",\"url\":\"https:\/\/www.gaveanews.com\/wp-content\/uploads\/Apos-lesao-na-coxa-esquerda-Pedro-Rocha-recebe-atendimento-do-doutor-Marcio-Tannure.webp\",\"contentUrl\":\"https:\/\/www.gaveanews.com\/wp-content\/uploads\/Apos-lesao-na-coxa-esquerda-Pedro-Rocha-recebe-atendimento-do-doutor-Marcio-Tannure.webp\",\"width\":799,\"height\":532,\"caption\":\"Ap\u00f3s les\u00e3o na coxa esquerda, Pedro Rocha recebe atendimento do doutor M\u00e1rcio Tannure (Foto: Alexandre Vidal\/Flamengo)\"},{\"@type\":\"BreadcrumbList\",\"@id\":\"https:\/\/www.gaveanews.com\/index.php\/2020\/10\/05\/pedro-rocha-volta-a-treinar-com-o-grupo-do-flamengo-apos-um-mes\/#breadcrumb\",\"itemListElement\":[{\"@type\":\"ListItem\",\"position\":1,\"name\":\"Home\",\"item\":\"https:\/\/www.gaveanews.com\/\"},{\"@type\":\"ListItem\",\"position\":2,\"name\":\"Pedro Rocha volta a treinar com o grupo do Flamengo ap\u00f3s um m\u00eas\"}]},{\"@type\":\"WebSite\",\"@id\":\"https:\/\/www.gaveanews.com\/#website\",\"url\":\"https:\/\/www.gaveanews.com\/\",\"name\":\"G\u00e1vea News\",\"description\":\"Veja todas as not\u00edcias sobre o Flamengo: Contrata\u00e7\u00f5es, categorias de base, resultados das partidas, tabela de classifica\u00e7\u00e3o, pr\u00f3ximos jogos!\",\"potentialAction\":[{\"@type\":\"SearchAction\",\"target\":{\"@type\":\"EntryPoint\",\"urlTemplate\":\"https:\/\/www.gaveanews.com\/?s={search_term_string}\"},\"query-input\":{\"@type\":\"PropertyValueSpecification\",\"valueRequired\":true,\"valueName\":\"search_term_string\"}}],\"inLanguage\":\"pt-BR\"},{\"@type\":\"Person\",\"@id\":\"https:\/\/www.gaveanews.com\/#\/schema\/person\/2ec14f73fb96be2caf28f91afb14749d\",\"name\":\"Equipe G\u00e1vea News\",\"image\":{\"@type\":\"ImageObject\",\"inLanguage\":\"pt-BR\",\"@id\":\"https:\/\/www.gaveanews.com\/#\/schema\/person\/image\/\",\"url\":\"https:\/\/secure.gravatar.com\/avatar\/1e1956f1facbffd3f8fa53a326721950116b3b9dc9bd44939c01180fd4a745a9?s=96&d=mm&r=g\",\"contentUrl\":\"https:\/\/secure.gravatar.com\/avatar\/1e1956f1facbffd3f8fa53a326721950116b3b9dc9bd44939c01180fd4a745a9?s=96&d=mm&r=g\",\"caption\":\"Equipe G\u00e1vea News\"}}]}<\/script>\n<!-- \/ Yoast SEO Premium plugin. -->","yoast_head_json":{"title":"Pedro Rocha volta a treinar com o grupo do Flamengo ap\u00f3s um m\u00eas","robots":{"index":"index","follow":"follow","max-snippet":"max-snippet:-1","max-image-preview":"max-image-preview:large","max-video-preview":"max-video-preview:-1"},"canonical":"https:\/\/www.gaveanews.com\/index.php\/2020\/10\/05\/pedro-rocha-volta-a-treinar-com-o-grupo-do-flamengo-apos-um-mes\/","og_locale":"pt_BR","og_type":"article","og_title":"Pedro Rocha volta a treinar com o grupo do Flamengo ap\u00f3s um m\u00eas","og_description":"Exato um m\u00eas ap\u00f3s lesionar-se contra o Fortaleza, no Maracan\u00e3, o atacante Pedro Rocha voltou a treinar com o grupo principal do Flamengo e deu mais um passo em sua recupera\u00e7\u00e3o da les\u00e3o na coxa esquerda. Evoluindo bem, o jogador vive a expectativa de ser relacionado contra o Sport, na quarta-feira. A informa\u00e7\u00e3o foi inicialmente [&hellip;]","og_url":"https:\/\/www.gaveanews.com\/index.php\/2020\/10\/05\/pedro-rocha-volta-a-treinar-com-o-grupo-do-flamengo-apos-um-mes\/","og_site_name":"G\u00e1vea News","article_publisher":"https:\/\/facebook.com\/gaveaNews\/","article_published_time":"2020-10-05T19:15:22+00:00","article_modified_time":"2020-10-05T19:15:24+00:00","og_image":[{"width":799,"height":532,"url":"https:\/\/www.gaveanews.com\/wp-content\/uploads\/Apos-lesao-na-coxa-esquerda-Pedro-Rocha-recebe-atendimento-do-doutor-Marcio-Tannure.webp","type":"image\/jpeg"}],"author":"Equipe G\u00e1vea News","twitter_card":"summary_large_image","twitter_misc":{"Escrito por":"Equipe G\u00e1vea News","Est. tempo de leitura":"1 minuto"},"schema":{"@context":"https:\/\/schema.org","@graph":[{"@type":"NewsArticle","@id":"https:\/\/www.gaveanews.com\/index.php\/2020\/10\/05\/pedro-rocha-volta-a-treinar-com-o-grupo-do-flamengo-apos-um-mes\/#article","isPartOf":{"@id":"https:\/\/www.gaveanews.com\/index.php\/2020\/10\/05\/pedro-rocha-volta-a-treinar-com-o-grupo-do-flamengo-apos-um-mes\/"},"author":{"name":"Equipe G\u00e1vea News","@id":"https:\/\/www.gaveanews.com\/#\/schema\/person\/2ec14f73fb96be2caf28f91afb14749d"},"headline":"Pedro Rocha volta a treinar com o grupo do Flamengo ap\u00f3s um m\u00eas","datePublished":"2020-10-05T19:15:22+00:00","dateModified":"2020-10-05T19:15:24+00:00","mainEntityOfPage":{"@id":"https:\/\/www.gaveanews.com\/index.php\/2020\/10\/05\/pedro-rocha-volta-a-treinar-com-o-grupo-do-flamengo-apos-um-mes\/"},"wordCount":214,"commentCount":0,"image":{"@id":"https:\/\/www.gaveanews.com\/index.php\/2020\/10\/05\/pedro-rocha-volta-a-treinar-com-o-grupo-do-flamengo-apos-um-mes\/#primaryimage"},"thumbnailUrl":"https:\/\/www.gaveanews.com\/wp-content\/uploads\/Apos-lesao-na-coxa-esquerda-Pedro-Rocha-recebe-atendimento-do-doutor-Marcio-Tannure.webp","articleSection":["Flamengo"],"inLanguage":"pt-BR","potentialAction":[{"@type":"CommentAction","name":"Comment","target":["https:\/\/www.gaveanews.com\/index.php\/2020\/10\/05\/pedro-rocha-volta-a-treinar-com-o-grupo-do-flamengo-apos-um-mes\/#respond"]}],"copyrightYear":"2020","copyrightHolder":{"@id":"https:\/\/www.gaveanews.com\/#organization"}},{"@type":"WebPage","@id":"https:\/\/www.gaveanews.com\/index.php\/2020\/10\/05\/pedro-rocha-volta-a-treinar-com-o-grupo-do-flamengo-apos-um-mes\/","url":"https:\/\/www.gaveanews.com\/index.php\/2020\/10\/05\/pedro-rocha-volta-a-treinar-com-o-grupo-do-flamengo-apos-um-mes\/","name":"Pedro Rocha volta a treinar com o grupo do Flamengo ap\u00f3s um m\u00eas","isPartOf":{"@id":"https:\/\/www.gaveanews.com\/#website"},"primaryImageOfPage":{"@id":"https:\/\/www.gaveanews.com\/index.php\/2020\/10\/05\/pedro-rocha-volta-a-treinar-com-o-grupo-do-flamengo-apos-um-mes\/#primaryimage"},"image":{"@id":"https:\/\/www.gaveanews.com\/index.php\/2020\/10\/05\/pedro-rocha-volta-a-treinar-com-o-grupo-do-flamengo-apos-um-mes\/#primaryimage"},"thumbnailUrl":"https:\/\/www.gaveanews.com\/wp-content\/uploads\/Apos-lesao-na-coxa-esquerda-Pedro-Rocha-recebe-atendimento-do-doutor-Marcio-Tannure.webp","datePublished":"2020-10-05T19:15:22+00:00","dateModified":"2020-10-05T19:15:24+00:00","author":{"@id":"https:\/\/www.gaveanews.com\/#\/schema\/person\/2ec14f73fb96be2caf28f91afb14749d"},"breadcrumb":{"@id":"https:\/\/www.gaveanews.com\/index.php\/2020\/10\/05\/pedro-rocha-volta-a-treinar-com-o-grupo-do-flamengo-apos-um-mes\/#breadcrumb"},"inLanguage":"pt-BR","potentialAction":[{"@type":"ReadAction","target":["https:\/\/www.gaveanews.com\/index.php\/2020\/10\/05\/pedro-rocha-volta-a-treinar-com-o-grupo-do-flamengo-apos-um-mes\/"]}]},{"@type":"ImageObject","inLanguage":"pt-BR","@id":"https:\/\/www.gaveanews.com\/index.php\/2020\/10\/05\/pedro-rocha-volta-a-treinar-com-o-grupo-do-flamengo-apos-um-mes\/#primaryimage","url":"https:\/\/www.gaveanews.com\/wp-content\/uploads\/Apos-lesao-na-coxa-esquerda-Pedro-Rocha-recebe-atendimento-do-doutor-Marcio-Tannure.webp","contentUrl":"https:\/\/www.gaveanews.com\/wp-content\/uploads\/Apos-lesao-na-coxa-esquerda-Pedro-Rocha-recebe-atendimento-do-doutor-Marcio-Tannure.webp","width":799,"height":532,"caption":"Ap\u00f3s les\u00e3o na coxa esquerda, Pedro Rocha recebe atendimento do doutor M\u00e1rcio Tannure (Foto: Alexandre Vidal\/Flamengo)"},{"@type":"BreadcrumbList","@id":"https:\/\/www.gaveanews.com\/index.php\/2020\/10\/05\/pedro-rocha-volta-a-treinar-com-o-grupo-do-flamengo-apos-um-mes\/#breadcrumb","itemListElement":[{"@type":"ListItem","position":1,"name":"Home","item":"https:\/\/www.gaveanews.com\/"},{"@type":"ListItem","position":2,"name":"Pedro Rocha volta a treinar com o grupo do Flamengo ap\u00f3s um m\u00eas"}]},{"@type":"WebSite","@id":"https:\/\/www.gaveanews.com\/#website","url":"https:\/\/www.gaveanews.com\/","name":"G\u00e1vea News","description":"Veja todas as not\u00edcias sobre o Flamengo: Contrata\u00e7\u00f5es, categorias de base, resultados das partidas, tabela de classifica\u00e7\u00e3o, pr\u00f3ximos jogos!","potentialAction":[{"@type":"SearchAction","target":{"@type":"EntryPoint","urlTemplate":"https:\/\/www.gaveanews.com\/?s={search_term_string}"},"query-input":{"@type":"PropertyValueSpecification","valueRequired":true,"valueName":"search_term_string"}}],"inLanguage":"pt-BR"},{"@type":"Person","@id":"https:\/\/www.gaveanews.com\/#\/schema\/person\/2ec14f73fb96be2caf28f91afb14749d","name":"Equipe G\u00e1vea News","image":{"@type":"ImageObject","inLanguage":"pt-BR","@id":"https:\/\/www.gaveanews.com\/#\/schema\/person\/image\/","url":"https:\/\/secure.gravatar.com\/avatar\/1e1956f1facbffd3f8fa53a326721950116b3b9dc9bd44939c01180fd4a745a9?s=96&d=mm&r=g","contentUrl":"https:\/\/secure.gravatar.com\/avatar\/1e1956f1facbffd3f8fa53a326721950116b3b9dc9bd44939c01180fd4a745a9?s=96&d=mm&r=g","caption":"Equipe G\u00e1vea News"}}]}},"_links":{"self":[{"href":"https:\/\/www.gaveanews.com\/index.php\/wp-json\/wp\/v2\/posts\/48594","targetHints":{"allow":["GET"]}}],"collection":[{"href":"https:\/\/www.gaveanews.com\/index.php\/wp-json\/wp\/v2\/posts"}],"about":[{"href":"https:\/\/www.gaveanews.com\/index.php\/wp-json\/wp\/v2\/types\/post"}],"author":[{"embeddable":true,"href":"https:\/\/www.gaveanews.com\/index.php\/wp-json\/wp\/v2\/users\/1"}],"replies":[{"embeddable":true,"href":"https:\/\/www.gaveanews.com\/index.php\/wp-json\/wp\/v2\/comments?post=48594"}],"version-history":[{"count":0,"href":"https:\/\/www.gaveanews.com\/index.php\/wp-json\/wp\/v2\/posts\/48594\/revisions"}],"wp:featuredmedia":[{"embeddable":true,"href":"https:\/\/www.gaveanews.com\/index.php\/wp-json\/wp\/v2\/media\/46999"}],"wp:attachment":[{"href":"https:\/\/www.gaveanews.com\/index.php\/wp-json\/wp\/v2\/media?parent=48594"}],"wp:term":[{"taxonomy":"category","embeddable":true,"href":"https:\/\/www.gaveanews.com\/index.php\/wp-json\/wp\/v2\/categories?post=48594"},{"taxonomy":"post_tag","embeddable":true,"href":"https:\/\/www.gaveanews.com\/index.php\/wp-json\/wp\/v2\/tags?post=48594"}],"curies":[{"name":"wp","href":"https:\/\/api.w.org\/{rel}","templated":true}]}}