{"id":48611,"date":"2020-10-05T21:39:50","date_gmt":"2020-10-06T00:39:50","guid":{"rendered":"https:\/\/www.gaveanews.com\/?p=48611"},"modified":"2020-10-05T21:39:55","modified_gmt":"2020-10-06T00:39:55","slug":"diego-ribas-e-radialista-se-manifestam-apos-xingamento-a-vitinho","status":"publish","type":"post","link":"https:\/\/www.gaveanews.com\/index.php\/2020\/10\/05\/diego-ribas-e-radialista-se-manifestam-apos-xingamento-a-vitinho\/","title":{"rendered":"Diego Ribas e radialista se manifestam ap\u00f3s xingamento a Vitinho"},"content":{"rendered":"\n<p>Vitinho foi substitu\u00eddo no intervalo do jogo do \u00faltimo domingo, entre Flamengo e Athletico-PR, pelo Campeonato Brasileiro, e ficou ciente depois da partida que o radialista Gilson Ricardo, da &#8220;R\u00e1dio Tupi&#8221; o tinha xingado de &#8220;m***&#8221; assim que Everton Ribeiro, que havia entrado em seu lugar, marcara um gol na vit\u00f3ria por 3 a 1. O Rubro-Negro e o atacante j\u00e1 se manifestaram, na \u00faltima noite.<\/p>\n\n\n\n<p>Agora, nesta segunda-feira, foi a vez de Diego Ribas fazer coro por respeito, na seguinte mensagem, via Twitter:<\/p>\n\n\n\n<p>\u2014 Em um mundo onde difamar e desrespeitar chama muito mais a aten\u00e7\u00e3o das pessoas, \u00e9 poss\u00edvel cobrar e ser cr\u00edtico sem ser desleal. Mas para isso \u00e9 preciso muito car\u00e1ter e dignidade e infelizmente nem todos conseguem. #RESPEITO &#8211; escreveu o camisa 10 do Flamengo, um dos capit\u00e3es do elenco.<\/p>\n\n\n\n<figure class=\"wp-block-embed-twitter wp-block-embed is-type-rich is-provider-twitter\"><div class=\"wp-block-embed__wrapper\">\n<blockquote class=\"twitter-tweet\" data-width=\"550\" data-dnt=\"true\"><p lang=\"pt\" dir=\"ltr\">Em um mundo onde difamar e desrespeitar chama muito mais a aten\u00e7\u00e3o das pessoas, \u00e9 poss\u00edvel cobrar e ser cr\u00edtico sem ser desleal. Mas para isso \u00e9 preciso muito car\u00e1ter e dignidade e infelizmente nem todos conseguem. <a href=\"https:\/\/twitter.com\/hashtag\/RESPEITO?src=hash&amp;ref_src=twsrc%5Etfw\">#RESPEITO<\/a><\/p>&mdash; Diego Ribas (@ribasdiego10) <a href=\"https:\/\/twitter.com\/ribasdiego10\/status\/1313141014174015489?ref_src=twsrc%5Etfw\">October 5, 2020<\/a><\/blockquote><script async src=\"https:\/\/platform.twitter.com\/widgets.js\" charset=\"utf-8\"><\/script>\n<\/div><\/figure>\n\n\n\n<p>Atrav\u00e9s de sua conta oficial no Twitter, o Flamengo se manifestou e repudiou os coment\u00e1rios do radialista, exigindo uma retrata\u00e7\u00e3o.<\/p>\n\n\n\n<p>\u2014 O Clube de Regatas do Flamengo repudia veementemente as palavras utilizadas pelo radialista Gilson Ricardo, ao se referir ao atleta Vitinho. A postura n\u00e3o condiz com a de um profissional experiente, com tantos anos de mercado. Como comunicador, deveria saber diferenciar cr\u00edtica construtiva de xingamentos covardes. O Clube aguarda uma retrata\u00e7\u00e3o de Gilson Ricardo e da R\u00e1dio Tupi. &#8211; afirmou.<\/p>\n\n\n\n<p>Em sua conta no Instagram, Vitinho pediu respeito e publicou um longo texto em forma de desabafo. Confira:<\/p>\n\n\n\n<figure class=\"wp-block-embed-instagram wp-block-embed is-type-rich is-provider-instagram\"><div class=\"wp-block-embed__wrapper\">\nhttps:\/\/www.instagram.com\/p\/CF8Tw_uHx3q\/?utm_source=ig_embed\n<\/div><\/figure>\n\n\n\n<p>Por sua vez, Gilson Ricardo fez o pedido de desculpas, na manh\u00e3 desta segunda-feira, durante o &#8220;Programa Ant\u00f4nio Carlos&#8221;, na emissora carioca:<\/p>\n\n\n\n<p>\u2014 Eu queria pedir desculpas e mandar um abra\u00e7o para o Vitinho. Ele n\u00e3o jogou bem, deu uma furada. Quero pedir desculpas ao Vitinho, ele \u00e9 muito querido, um abra\u00e7o, um beijo. A voc\u00ea, a sua fam\u00edlia, ao Flamengo. Num momento de emo\u00e7\u00e3o, eu, que sou rubro-negro, extrapolei \u2013 disse o radialista.<\/p>\n\n\n\n<p>Retirado de: Lance<\/p>\n","protected":false},"excerpt":{"rendered":"<p>Vitinho foi substitu\u00eddo no intervalo do jogo do \u00faltimo domingo, entre Flamengo e Athletico-PR, pelo Campeonato Brasileiro, e ficou ciente depois da partida que o radialista Gilson Ricardo, da &#8220;R\u00e1dio Tupi&#8221; o tinha xingado de &#8220;m***&#8221; assim que Everton Ribeiro, que havia entrado em seu lugar, marcara um gol na vit\u00f3ria por 3 a 1. [&hellip;]<\/p>\n","protected":false},"author":1,"featured_media":47297,"comment_status":"open","ping_status":"closed","sticky":false,"template":"","format":"standard","meta":{"footnotes":""},"categories":[47],"tags":[],"class_list":["post-48611","post","type-post","status-publish","format-standard","has-post-thumbnail","hentry","category-destaques"],"yoast_head":"<!-- This site is optimized with the Yoast SEO Premium plugin v24.2 (Yoast SEO v26.9) - https:\/\/yoast.com\/product\/yoast-seo-premium-wordpress\/ -->\n<title>Diego Ribas e radialista se manifestam ap\u00f3s xingamento a Vitinho<\/title>\n<meta name=\"robots\" content=\"index, follow, max-snippet:-1, max-image-preview:large, max-video-preview:-1\" \/>\n<link rel=\"canonical\" href=\"https:\/\/www.gaveanews.com\/index.php\/2020\/10\/05\/diego-ribas-e-radialista-se-manifestam-apos-xingamento-a-vitinho\/\" \/>\n<meta property=\"og:locale\" content=\"pt_BR\" \/>\n<meta property=\"og:type\" content=\"article\" \/>\n<meta property=\"og:title\" content=\"Diego Ribas e radialista se manifestam ap\u00f3s xingamento a Vitinho\" \/>\n<meta property=\"og:description\" content=\"Vitinho foi substitu\u00eddo no intervalo do jogo do \u00faltimo domingo, entre Flamengo e Athletico-PR, pelo Campeonato Brasileiro, e ficou ciente depois da partida que o radialista Gilson Ricardo, da &#8220;R\u00e1dio Tupi&#8221; o tinha xingado de &#8220;m***&#8221; assim que Everton Ribeiro, que havia entrado em seu lugar, marcara um gol na vit\u00f3ria por 3 a 1. [&hellip;]\" \/>\n<meta property=\"og:url\" content=\"https:\/\/www.gaveanews.com\/index.php\/2020\/10\/05\/diego-ribas-e-radialista-se-manifestam-apos-xingamento-a-vitinho\/\" \/>\n<meta property=\"og:site_name\" content=\"G\u00e1vea News\" \/>\n<meta property=\"article:publisher\" content=\"https:\/\/facebook.com\/gaveaNews\/\" \/>\n<meta property=\"article:published_time\" content=\"2020-10-06T00:39:50+00:00\" \/>\n<meta property=\"article:modified_time\" content=\"2020-10-06T00:39:55+00:00\" \/>\n<meta property=\"og:image\" content=\"https:\/\/www.gaveanews.com\/wp-content\/uploads\/Vitinho-em-acao-na-partida-contra-o-Ceara.webp\" \/>\n\t<meta property=\"og:image:width\" content=\"799\" \/>\n\t<meta property=\"og:image:height\" content=\"532\" \/>\n\t<meta property=\"og:image:type\" content=\"image\/jpeg\" \/>\n<meta name=\"author\" content=\"Equipe G\u00e1vea News\" \/>\n<meta name=\"twitter:card\" content=\"summary_large_image\" \/>\n<meta name=\"twitter:label1\" content=\"Escrito por\" \/>\n\t<meta name=\"twitter:data1\" content=\"Equipe G\u00e1vea News\" \/>\n\t<meta name=\"twitter:label2\" content=\"Est. tempo de leitura\" \/>\n\t<meta name=\"twitter:data2\" content=\"2 minutos\" \/>\n<script type=\"application\/ld+json\" class=\"yoast-schema-graph\">{\"@context\":\"https:\/\/schema.org\",\"@graph\":[{\"@type\":\"NewsArticle\",\"@id\":\"https:\/\/www.gaveanews.com\/index.php\/2020\/10\/05\/diego-ribas-e-radialista-se-manifestam-apos-xingamento-a-vitinho\/#article\",\"isPartOf\":{\"@id\":\"https:\/\/www.gaveanews.com\/index.php\/2020\/10\/05\/diego-ribas-e-radialista-se-manifestam-apos-xingamento-a-vitinho\/\"},\"author\":{\"name\":\"Equipe G\u00e1vea News\",\"@id\":\"https:\/\/www.gaveanews.com\/#\/schema\/person\/2ec14f73fb96be2caf28f91afb14749d\"},\"headline\":\"Diego Ribas e radialista se manifestam ap\u00f3s xingamento a Vitinho\",\"datePublished\":\"2020-10-06T00:39:50+00:00\",\"dateModified\":\"2020-10-06T00:39:55+00:00\",\"mainEntityOfPage\":{\"@id\":\"https:\/\/www.gaveanews.com\/index.php\/2020\/10\/05\/diego-ribas-e-radialista-se-manifestam-apos-xingamento-a-vitinho\/\"},\"wordCount\":374,\"commentCount\":1,\"image\":{\"@id\":\"https:\/\/www.gaveanews.com\/index.php\/2020\/10\/05\/diego-ribas-e-radialista-se-manifestam-apos-xingamento-a-vitinho\/#primaryimage\"},\"thumbnailUrl\":\"https:\/\/www.gaveanews.com\/wp-content\/uploads\/Vitinho-em-acao-na-partida-contra-o-Ceara.webp\",\"articleSection\":[\"Destaques\"],\"inLanguage\":\"pt-BR\",\"potentialAction\":[{\"@type\":\"CommentAction\",\"name\":\"Comment\",\"target\":[\"https:\/\/www.gaveanews.com\/index.php\/2020\/10\/05\/diego-ribas-e-radialista-se-manifestam-apos-xingamento-a-vitinho\/#respond\"]}],\"copyrightYear\":\"2020\",\"copyrightHolder\":{\"@id\":\"https:\/\/www.gaveanews.com\/#organization\"}},{\"@type\":\"WebPage\",\"@id\":\"https:\/\/www.gaveanews.com\/index.php\/2020\/10\/05\/diego-ribas-e-radialista-se-manifestam-apos-xingamento-a-vitinho\/\",\"url\":\"https:\/\/www.gaveanews.com\/index.php\/2020\/10\/05\/diego-ribas-e-radialista-se-manifestam-apos-xingamento-a-vitinho\/\",\"name\":\"Diego Ribas e radialista se manifestam ap\u00f3s xingamento a Vitinho\",\"isPartOf\":{\"@id\":\"https:\/\/www.gaveanews.com\/#website\"},\"primaryImageOfPage\":{\"@id\":\"https:\/\/www.gaveanews.com\/index.php\/2020\/10\/05\/diego-ribas-e-radialista-se-manifestam-apos-xingamento-a-vitinho\/#primaryimage\"},\"image\":{\"@id\":\"https:\/\/www.gaveanews.com\/index.php\/2020\/10\/05\/diego-ribas-e-radialista-se-manifestam-apos-xingamento-a-vitinho\/#primaryimage\"},\"thumbnailUrl\":\"https:\/\/www.gaveanews.com\/wp-content\/uploads\/Vitinho-em-acao-na-partida-contra-o-Ceara.webp\",\"datePublished\":\"2020-10-06T00:39:50+00:00\",\"dateModified\":\"2020-10-06T00:39:55+00:00\",\"author\":{\"@id\":\"https:\/\/www.gaveanews.com\/#\/schema\/person\/2ec14f73fb96be2caf28f91afb14749d\"},\"breadcrumb\":{\"@id\":\"https:\/\/www.gaveanews.com\/index.php\/2020\/10\/05\/diego-ribas-e-radialista-se-manifestam-apos-xingamento-a-vitinho\/#breadcrumb\"},\"inLanguage\":\"pt-BR\",\"potentialAction\":[{\"@type\":\"ReadAction\",\"target\":[\"https:\/\/www.gaveanews.com\/index.php\/2020\/10\/05\/diego-ribas-e-radialista-se-manifestam-apos-xingamento-a-vitinho\/\"]}]},{\"@type\":\"ImageObject\",\"inLanguage\":\"pt-BR\",\"@id\":\"https:\/\/www.gaveanews.com\/index.php\/2020\/10\/05\/diego-ribas-e-radialista-se-manifestam-apos-xingamento-a-vitinho\/#primaryimage\",\"url\":\"https:\/\/www.gaveanews.com\/wp-content\/uploads\/Vitinho-em-acao-na-partida-contra-o-Ceara.webp\",\"contentUrl\":\"https:\/\/www.gaveanews.com\/wp-content\/uploads\/Vitinho-em-acao-na-partida-contra-o-Ceara.webp\",\"width\":799,\"height\":532,\"caption\":\"Vitinho em a\u00e7\u00e3o na partida contra o Cear\u00e1 (Foto: Alexandre Vidal\/Flamengo)\"},{\"@type\":\"BreadcrumbList\",\"@id\":\"https:\/\/www.gaveanews.com\/index.php\/2020\/10\/05\/diego-ribas-e-radialista-se-manifestam-apos-xingamento-a-vitinho\/#breadcrumb\",\"itemListElement\":[{\"@type\":\"ListItem\",\"position\":1,\"name\":\"Home\",\"item\":\"https:\/\/www.gaveanews.com\/\"},{\"@type\":\"ListItem\",\"position\":2,\"name\":\"Diego Ribas e radialista se manifestam ap\u00f3s xingamento a Vitinho\"}]},{\"@type\":\"WebSite\",\"@id\":\"https:\/\/www.gaveanews.com\/#website\",\"url\":\"https:\/\/www.gaveanews.com\/\",\"name\":\"G\u00e1vea News\",\"description\":\"Veja todas as not\u00edcias sobre o Flamengo: Contrata\u00e7\u00f5es, categorias de base, resultados das partidas, tabela de classifica\u00e7\u00e3o, pr\u00f3ximos jogos!\",\"potentialAction\":[{\"@type\":\"SearchAction\",\"target\":{\"@type\":\"EntryPoint\",\"urlTemplate\":\"https:\/\/www.gaveanews.com\/?s={search_term_string}\"},\"query-input\":{\"@type\":\"PropertyValueSpecification\",\"valueRequired\":true,\"valueName\":\"search_term_string\"}}],\"inLanguage\":\"pt-BR\"},{\"@type\":\"Person\",\"@id\":\"https:\/\/www.gaveanews.com\/#\/schema\/person\/2ec14f73fb96be2caf28f91afb14749d\",\"name\":\"Equipe G\u00e1vea News\",\"image\":{\"@type\":\"ImageObject\",\"inLanguage\":\"pt-BR\",\"@id\":\"https:\/\/www.gaveanews.com\/#\/schema\/person\/image\/\",\"url\":\"https:\/\/secure.gravatar.com\/avatar\/1e1956f1facbffd3f8fa53a326721950116b3b9dc9bd44939c01180fd4a745a9?s=96&d=mm&r=g\",\"contentUrl\":\"https:\/\/secure.gravatar.com\/avatar\/1e1956f1facbffd3f8fa53a326721950116b3b9dc9bd44939c01180fd4a745a9?s=96&d=mm&r=g\",\"caption\":\"Equipe G\u00e1vea News\"}}]}<\/script>\n<!-- \/ Yoast SEO Premium plugin. -->","yoast_head_json":{"title":"Diego Ribas e radialista se manifestam ap\u00f3s xingamento a Vitinho","robots":{"index":"index","follow":"follow","max-snippet":"max-snippet:-1","max-image-preview":"max-image-preview:large","max-video-preview":"max-video-preview:-1"},"canonical":"https:\/\/www.gaveanews.com\/index.php\/2020\/10\/05\/diego-ribas-e-radialista-se-manifestam-apos-xingamento-a-vitinho\/","og_locale":"pt_BR","og_type":"article","og_title":"Diego Ribas e radialista se manifestam ap\u00f3s xingamento a Vitinho","og_description":"Vitinho foi substitu\u00eddo no intervalo do jogo do \u00faltimo domingo, entre Flamengo e Athletico-PR, pelo Campeonato Brasileiro, e ficou ciente depois da partida que o radialista Gilson Ricardo, da &#8220;R\u00e1dio Tupi&#8221; o tinha xingado de &#8220;m***&#8221; assim que Everton Ribeiro, que havia entrado em seu lugar, marcara um gol na vit\u00f3ria por 3 a 1. [&hellip;]","og_url":"https:\/\/www.gaveanews.com\/index.php\/2020\/10\/05\/diego-ribas-e-radialista-se-manifestam-apos-xingamento-a-vitinho\/","og_site_name":"G\u00e1vea News","article_publisher":"https:\/\/facebook.com\/gaveaNews\/","article_published_time":"2020-10-06T00:39:50+00:00","article_modified_time":"2020-10-06T00:39:55+00:00","og_image":[{"width":799,"height":532,"url":"https:\/\/www.gaveanews.com\/wp-content\/uploads\/Vitinho-em-acao-na-partida-contra-o-Ceara.webp","type":"image\/jpeg"}],"author":"Equipe G\u00e1vea News","twitter_card":"summary_large_image","twitter_misc":{"Escrito por":"Equipe G\u00e1vea News","Est. tempo de leitura":"2 minutos"},"schema":{"@context":"https:\/\/schema.org","@graph":[{"@type":"NewsArticle","@id":"https:\/\/www.gaveanews.com\/index.php\/2020\/10\/05\/diego-ribas-e-radialista-se-manifestam-apos-xingamento-a-vitinho\/#article","isPartOf":{"@id":"https:\/\/www.gaveanews.com\/index.php\/2020\/10\/05\/diego-ribas-e-radialista-se-manifestam-apos-xingamento-a-vitinho\/"},"author":{"name":"Equipe G\u00e1vea News","@id":"https:\/\/www.gaveanews.com\/#\/schema\/person\/2ec14f73fb96be2caf28f91afb14749d"},"headline":"Diego Ribas e radialista se manifestam ap\u00f3s xingamento a Vitinho","datePublished":"2020-10-06T00:39:50+00:00","dateModified":"2020-10-06T00:39:55+00:00","mainEntityOfPage":{"@id":"https:\/\/www.gaveanews.com\/index.php\/2020\/10\/05\/diego-ribas-e-radialista-se-manifestam-apos-xingamento-a-vitinho\/"},"wordCount":374,"commentCount":1,"image":{"@id":"https:\/\/www.gaveanews.com\/index.php\/2020\/10\/05\/diego-ribas-e-radialista-se-manifestam-apos-xingamento-a-vitinho\/#primaryimage"},"thumbnailUrl":"https:\/\/www.gaveanews.com\/wp-content\/uploads\/Vitinho-em-acao-na-partida-contra-o-Ceara.webp","articleSection":["Destaques"],"inLanguage":"pt-BR","potentialAction":[{"@type":"CommentAction","name":"Comment","target":["https:\/\/www.gaveanews.com\/index.php\/2020\/10\/05\/diego-ribas-e-radialista-se-manifestam-apos-xingamento-a-vitinho\/#respond"]}],"copyrightYear":"2020","copyrightHolder":{"@id":"https:\/\/www.gaveanews.com\/#organization"}},{"@type":"WebPage","@id":"https:\/\/www.gaveanews.com\/index.php\/2020\/10\/05\/diego-ribas-e-radialista-se-manifestam-apos-xingamento-a-vitinho\/","url":"https:\/\/www.gaveanews.com\/index.php\/2020\/10\/05\/diego-ribas-e-radialista-se-manifestam-apos-xingamento-a-vitinho\/","name":"Diego Ribas e radialista se manifestam ap\u00f3s xingamento a Vitinho","isPartOf":{"@id":"https:\/\/www.gaveanews.com\/#website"},"primaryImageOfPage":{"@id":"https:\/\/www.gaveanews.com\/index.php\/2020\/10\/05\/diego-ribas-e-radialista-se-manifestam-apos-xingamento-a-vitinho\/#primaryimage"},"image":{"@id":"https:\/\/www.gaveanews.com\/index.php\/2020\/10\/05\/diego-ribas-e-radialista-se-manifestam-apos-xingamento-a-vitinho\/#primaryimage"},"thumbnailUrl":"https:\/\/www.gaveanews.com\/wp-content\/uploads\/Vitinho-em-acao-na-partida-contra-o-Ceara.webp","datePublished":"2020-10-06T00:39:50+00:00","dateModified":"2020-10-06T00:39:55+00:00","author":{"@id":"https:\/\/www.gaveanews.com\/#\/schema\/person\/2ec14f73fb96be2caf28f91afb14749d"},"breadcrumb":{"@id":"https:\/\/www.gaveanews.com\/index.php\/2020\/10\/05\/diego-ribas-e-radialista-se-manifestam-apos-xingamento-a-vitinho\/#breadcrumb"},"inLanguage":"pt-BR","potentialAction":[{"@type":"ReadAction","target":["https:\/\/www.gaveanews.com\/index.php\/2020\/10\/05\/diego-ribas-e-radialista-se-manifestam-apos-xingamento-a-vitinho\/"]}]},{"@type":"ImageObject","inLanguage":"pt-BR","@id":"https:\/\/www.gaveanews.com\/index.php\/2020\/10\/05\/diego-ribas-e-radialista-se-manifestam-apos-xingamento-a-vitinho\/#primaryimage","url":"https:\/\/www.gaveanews.com\/wp-content\/uploads\/Vitinho-em-acao-na-partida-contra-o-Ceara.webp","contentUrl":"https:\/\/www.gaveanews.com\/wp-content\/uploads\/Vitinho-em-acao-na-partida-contra-o-Ceara.webp","width":799,"height":532,"caption":"Vitinho em a\u00e7\u00e3o na partida contra o Cear\u00e1 (Foto: Alexandre Vidal\/Flamengo)"},{"@type":"BreadcrumbList","@id":"https:\/\/www.gaveanews.com\/index.php\/2020\/10\/05\/diego-ribas-e-radialista-se-manifestam-apos-xingamento-a-vitinho\/#breadcrumb","itemListElement":[{"@type":"ListItem","position":1,"name":"Home","item":"https:\/\/www.gaveanews.com\/"},{"@type":"ListItem","position":2,"name":"Diego Ribas e radialista se manifestam ap\u00f3s xingamento a Vitinho"}]},{"@type":"WebSite","@id":"https:\/\/www.gaveanews.com\/#website","url":"https:\/\/www.gaveanews.com\/","name":"G\u00e1vea News","description":"Veja todas as not\u00edcias sobre o Flamengo: Contrata\u00e7\u00f5es, categorias de base, resultados das partidas, tabela de classifica\u00e7\u00e3o, pr\u00f3ximos jogos!","potentialAction":[{"@type":"SearchAction","target":{"@type":"EntryPoint","urlTemplate":"https:\/\/www.gaveanews.com\/?s={search_term_string}"},"query-input":{"@type":"PropertyValueSpecification","valueRequired":true,"valueName":"search_term_string"}}],"inLanguage":"pt-BR"},{"@type":"Person","@id":"https:\/\/www.gaveanews.com\/#\/schema\/person\/2ec14f73fb96be2caf28f91afb14749d","name":"Equipe G\u00e1vea News","image":{"@type":"ImageObject","inLanguage":"pt-BR","@id":"https:\/\/www.gaveanews.com\/#\/schema\/person\/image\/","url":"https:\/\/secure.gravatar.com\/avatar\/1e1956f1facbffd3f8fa53a326721950116b3b9dc9bd44939c01180fd4a745a9?s=96&d=mm&r=g","contentUrl":"https:\/\/secure.gravatar.com\/avatar\/1e1956f1facbffd3f8fa53a326721950116b3b9dc9bd44939c01180fd4a745a9?s=96&d=mm&r=g","caption":"Equipe G\u00e1vea News"}}]}},"_links":{"self":[{"href":"https:\/\/www.gaveanews.com\/index.php\/wp-json\/wp\/v2\/posts\/48611","targetHints":{"allow":["GET"]}}],"collection":[{"href":"https:\/\/www.gaveanews.com\/index.php\/wp-json\/wp\/v2\/posts"}],"about":[{"href":"https:\/\/www.gaveanews.com\/index.php\/wp-json\/wp\/v2\/types\/post"}],"author":[{"embeddable":true,"href":"https:\/\/www.gaveanews.com\/index.php\/wp-json\/wp\/v2\/users\/1"}],"replies":[{"embeddable":true,"href":"https:\/\/www.gaveanews.com\/index.php\/wp-json\/wp\/v2\/comments?post=48611"}],"version-history":[{"count":0,"href":"https:\/\/www.gaveanews.com\/index.php\/wp-json\/wp\/v2\/posts\/48611\/revisions"}],"wp:featuredmedia":[{"embeddable":true,"href":"https:\/\/www.gaveanews.com\/index.php\/wp-json\/wp\/v2\/media\/47297"}],"wp:attachment":[{"href":"https:\/\/www.gaveanews.com\/index.php\/wp-json\/wp\/v2\/media?parent=48611"}],"wp:term":[{"taxonomy":"category","embeddable":true,"href":"https:\/\/www.gaveanews.com\/index.php\/wp-json\/wp\/v2\/categories?post=48611"},{"taxonomy":"post_tag","embeddable":true,"href":"https:\/\/www.gaveanews.com\/index.php\/wp-json\/wp\/v2\/tags?post=48611"}],"curies":[{"name":"wp","href":"https:\/\/api.w.org\/{rel}","templated":true}]}}