{"id":48618,"date":"2020-10-05T22:30:17","date_gmt":"2020-10-06T01:30:17","guid":{"rendered":"https:\/\/www.gaveanews.com\/?p=48618"},"modified":"2020-10-05T21:55:13","modified_gmt":"2020-10-06T00:55:13","slug":"jornalista-ve-flamengo-mais-maduro-na-luta-pelo-titulo-do-brasileirao","status":"publish","type":"post","link":"https:\/\/www.gaveanews.com\/index.php\/2020\/10\/05\/jornalista-ve-flamengo-mais-maduro-na-luta-pelo-titulo-do-brasileirao\/","title":{"rendered":"Jornalista v\u00ea Flamengo mais maduro na luta pelo t\u00edtulo do Brasileir\u00e3o"},"content":{"rendered":"\n<p>Ap\u00f3s a \u00faltima rodada do Brasileiro, Atl\u00e9tico-MG e Flamengo parecem despontar como principais candidatos ao t\u00edtulo do Brasileiro. Apesar do Galo estar na lideran\u00e7a e com uma boa vantagem, o jornalista Juca Kfouri cr\u00ea que a equipe carioca ainda tem mais qualidade e mais for\u00e7a na briga pela ta\u00e7a.<\/p>\n\n\n\n<p>&#8220;Sem desfazer em absoluto do que o Galo do Sampaoli j\u00e1 est\u00e1 mostrando, eu ainda acho o time do Flamengo, tenho certeza, \u00e9 um time mais maduro, mais competitivo, raz\u00e3o pela qual eu fico muito curioso pelo que possa acontecer no Mineir\u00e3o no dia 7. Tomara que os dois possam jogar completos para a gente ver um grande jogo de futebol mas tenho para mim que o Flamengo \u00e9 superior ainda, tenho essa sensa\u00e7\u00e3o&#8221;, afirmou em participa\u00e7\u00e3o no podcast &#8220;Posse de Bola&#8221;.<\/p>\n\n\n\n<p>O Atl\u00e9tico-MG lidera o Brasileir\u00e3o com 27 pontos. O Flamengo tem 21 pontos e no momento est\u00e1 na quarta coloca\u00e7\u00e3o, atr\u00e1s de Palmeiras e Internacional.<\/p>\n\n\n\n<p>Retirado de: O Dia<\/p>\n","protected":false},"excerpt":{"rendered":"<p>Ap\u00f3s a \u00faltima rodada do Brasileiro, Atl\u00e9tico-MG e Flamengo parecem despontar como principais candidatos ao t\u00edtulo do Brasileiro. Apesar do Galo estar na lideran\u00e7a e com uma boa vantagem, o jornalista Juca Kfouri cr\u00ea que a equipe carioca ainda tem mais qualidade e mais for\u00e7a na briga pela ta\u00e7a. &#8220;Sem desfazer em absoluto do que [&hellip;]<\/p>\n","protected":false},"author":1,"featured_media":48467,"comment_status":"open","ping_status":"closed","sticky":false,"template":"","format":"standard","meta":{"footnotes":""},"categories":[1],"tags":[],"class_list":["post-48618","post","type-post","status-publish","format-standard","has-post-thumbnail","hentry","category-flamengo"],"yoast_head":"<!-- This site is optimized with the Yoast SEO Premium plugin v24.2 (Yoast SEO v26.9) - https:\/\/yoast.com\/product\/yoast-seo-premium-wordpress\/ -->\n<title>Jornalista v\u00ea Flamengo mais maduro na luta pelo t\u00edtulo do Brasileir\u00e3o<\/title>\n<meta name=\"robots\" content=\"index, follow, max-snippet:-1, max-image-preview:large, max-video-preview:-1\" \/>\n<link rel=\"canonical\" href=\"https:\/\/www.gaveanews.com\/index.php\/2020\/10\/05\/jornalista-ve-flamengo-mais-maduro-na-luta-pelo-titulo-do-brasileirao\/\" \/>\n<meta property=\"og:locale\" content=\"pt_BR\" \/>\n<meta property=\"og:type\" content=\"article\" \/>\n<meta property=\"og:title\" content=\"Jornalista v\u00ea Flamengo mais maduro na luta pelo t\u00edtulo do Brasileir\u00e3o\" \/>\n<meta property=\"og:description\" content=\"Ap\u00f3s a \u00faltima rodada do Brasileiro, Atl\u00e9tico-MG e Flamengo parecem despontar como principais candidatos ao t\u00edtulo do Brasileiro. Apesar do Galo estar na lideran\u00e7a e com uma boa vantagem, o jornalista Juca Kfouri cr\u00ea que a equipe carioca ainda tem mais qualidade e mais for\u00e7a na briga pela ta\u00e7a. &#8220;Sem desfazer em absoluto do que [&hellip;]\" \/>\n<meta property=\"og:url\" content=\"https:\/\/www.gaveanews.com\/index.php\/2020\/10\/05\/jornalista-ve-flamengo-mais-maduro-na-luta-pelo-titulo-do-brasileirao\/\" \/>\n<meta property=\"og:site_name\" content=\"G\u00e1vea News\" \/>\n<meta property=\"article:publisher\" content=\"https:\/\/facebook.com\/gaveaNews\/\" \/>\n<meta property=\"article:published_time\" content=\"2020-10-06T01:30:17+00:00\" \/>\n<meta property=\"og:image\" content=\"https:\/\/www.gaveanews.com\/wp-content\/uploads\/Arrascaeta-em-acao-pelo-Flamengo-na-partida-contra-o-Athletico-pelo-Campeonato-Brasileiro-de-2020.webp\" \/>\n\t<meta property=\"og:image:width\" content=\"799\" \/>\n\t<meta property=\"og:image:height\" content=\"532\" \/>\n\t<meta property=\"og:image:type\" content=\"image\/jpeg\" \/>\n<meta name=\"author\" content=\"Equipe G\u00e1vea News\" \/>\n<meta name=\"twitter:card\" content=\"summary_large_image\" \/>\n<meta name=\"twitter:label1\" content=\"Escrito por\" \/>\n\t<meta name=\"twitter:data1\" content=\"Equipe G\u00e1vea News\" \/>\n\t<meta name=\"twitter:label2\" content=\"Est. tempo de leitura\" \/>\n\t<meta name=\"twitter:data2\" content=\"1 minuto\" \/>\n<script type=\"application\/ld+json\" class=\"yoast-schema-graph\">{\"@context\":\"https:\/\/schema.org\",\"@graph\":[{\"@type\":\"NewsArticle\",\"@id\":\"https:\/\/www.gaveanews.com\/index.php\/2020\/10\/05\/jornalista-ve-flamengo-mais-maduro-na-luta-pelo-titulo-do-brasileirao\/#article\",\"isPartOf\":{\"@id\":\"https:\/\/www.gaveanews.com\/index.php\/2020\/10\/05\/jornalista-ve-flamengo-mais-maduro-na-luta-pelo-titulo-do-brasileirao\/\"},\"author\":{\"name\":\"Equipe G\u00e1vea News\",\"@id\":\"https:\/\/www.gaveanews.com\/#\/schema\/person\/2ec14f73fb96be2caf28f91afb14749d\"},\"headline\":\"Jornalista v\u00ea Flamengo mais maduro na luta pelo t\u00edtulo do Brasileir\u00e3o\",\"datePublished\":\"2020-10-06T01:30:17+00:00\",\"mainEntityOfPage\":{\"@id\":\"https:\/\/www.gaveanews.com\/index.php\/2020\/10\/05\/jornalista-ve-flamengo-mais-maduro-na-luta-pelo-titulo-do-brasileirao\/\"},\"wordCount\":182,\"commentCount\":0,\"image\":{\"@id\":\"https:\/\/www.gaveanews.com\/index.php\/2020\/10\/05\/jornalista-ve-flamengo-mais-maduro-na-luta-pelo-titulo-do-brasileirao\/#primaryimage\"},\"thumbnailUrl\":\"https:\/\/www.gaveanews.com\/wp-content\/uploads\/Arrascaeta-em-acao-pelo-Flamengo-na-partida-contra-o-Athletico-pelo-Campeonato-Brasileiro-de-2020.webp\",\"articleSection\":[\"Flamengo\"],\"inLanguage\":\"pt-BR\",\"potentialAction\":[{\"@type\":\"CommentAction\",\"name\":\"Comment\",\"target\":[\"https:\/\/www.gaveanews.com\/index.php\/2020\/10\/05\/jornalista-ve-flamengo-mais-maduro-na-luta-pelo-titulo-do-brasileirao\/#respond\"]}],\"copyrightYear\":\"2020\",\"copyrightHolder\":{\"@id\":\"https:\/\/www.gaveanews.com\/#organization\"}},{\"@type\":\"WebPage\",\"@id\":\"https:\/\/www.gaveanews.com\/index.php\/2020\/10\/05\/jornalista-ve-flamengo-mais-maduro-na-luta-pelo-titulo-do-brasileirao\/\",\"url\":\"https:\/\/www.gaveanews.com\/index.php\/2020\/10\/05\/jornalista-ve-flamengo-mais-maduro-na-luta-pelo-titulo-do-brasileirao\/\",\"name\":\"Jornalista v\u00ea Flamengo mais maduro na luta pelo t\u00edtulo do Brasileir\u00e3o\",\"isPartOf\":{\"@id\":\"https:\/\/www.gaveanews.com\/#website\"},\"primaryImageOfPage\":{\"@id\":\"https:\/\/www.gaveanews.com\/index.php\/2020\/10\/05\/jornalista-ve-flamengo-mais-maduro-na-luta-pelo-titulo-do-brasileirao\/#primaryimage\"},\"image\":{\"@id\":\"https:\/\/www.gaveanews.com\/index.php\/2020\/10\/05\/jornalista-ve-flamengo-mais-maduro-na-luta-pelo-titulo-do-brasileirao\/#primaryimage\"},\"thumbnailUrl\":\"https:\/\/www.gaveanews.com\/wp-content\/uploads\/Arrascaeta-em-acao-pelo-Flamengo-na-partida-contra-o-Athletico-pelo-Campeonato-Brasileiro-de-2020.webp\",\"datePublished\":\"2020-10-06T01:30:17+00:00\",\"author\":{\"@id\":\"https:\/\/www.gaveanews.com\/#\/schema\/person\/2ec14f73fb96be2caf28f91afb14749d\"},\"breadcrumb\":{\"@id\":\"https:\/\/www.gaveanews.com\/index.php\/2020\/10\/05\/jornalista-ve-flamengo-mais-maduro-na-luta-pelo-titulo-do-brasileirao\/#breadcrumb\"},\"inLanguage\":\"pt-BR\",\"potentialAction\":[{\"@type\":\"ReadAction\",\"target\":[\"https:\/\/www.gaveanews.com\/index.php\/2020\/10\/05\/jornalista-ve-flamengo-mais-maduro-na-luta-pelo-titulo-do-brasileirao\/\"]}]},{\"@type\":\"ImageObject\",\"inLanguage\":\"pt-BR\",\"@id\":\"https:\/\/www.gaveanews.com\/index.php\/2020\/10\/05\/jornalista-ve-flamengo-mais-maduro-na-luta-pelo-titulo-do-brasileirao\/#primaryimage\",\"url\":\"https:\/\/www.gaveanews.com\/wp-content\/uploads\/Arrascaeta-em-acao-pelo-Flamengo-na-partida-contra-o-Athletico-pelo-Campeonato-Brasileiro-de-2020.webp\",\"contentUrl\":\"https:\/\/www.gaveanews.com\/wp-content\/uploads\/Arrascaeta-em-acao-pelo-Flamengo-na-partida-contra-o-Athletico-pelo-Campeonato-Brasileiro-de-2020.webp\",\"width\":799,\"height\":532,\"caption\":\"Arrascaeta em a\u00e7\u00e3o pelo Flamengo na partida contra o Athletico pelo Campeonato Brasileiro de 2020 (Foto: Alexandre Vidal\/Flamengo)\"},{\"@type\":\"BreadcrumbList\",\"@id\":\"https:\/\/www.gaveanews.com\/index.php\/2020\/10\/05\/jornalista-ve-flamengo-mais-maduro-na-luta-pelo-titulo-do-brasileirao\/#breadcrumb\",\"itemListElement\":[{\"@type\":\"ListItem\",\"position\":1,\"name\":\"Home\",\"item\":\"https:\/\/www.gaveanews.com\/\"},{\"@type\":\"ListItem\",\"position\":2,\"name\":\"Jornalista v\u00ea Flamengo mais maduro na luta pelo t\u00edtulo do Brasileir\u00e3o\"}]},{\"@type\":\"WebSite\",\"@id\":\"https:\/\/www.gaveanews.com\/#website\",\"url\":\"https:\/\/www.gaveanews.com\/\",\"name\":\"G\u00e1vea News\",\"description\":\"Veja todas as not\u00edcias sobre o Flamengo: Contrata\u00e7\u00f5es, categorias de base, resultados das partidas, tabela de classifica\u00e7\u00e3o, pr\u00f3ximos jogos!\",\"potentialAction\":[{\"@type\":\"SearchAction\",\"target\":{\"@type\":\"EntryPoint\",\"urlTemplate\":\"https:\/\/www.gaveanews.com\/?s={search_term_string}\"},\"query-input\":{\"@type\":\"PropertyValueSpecification\",\"valueRequired\":true,\"valueName\":\"search_term_string\"}}],\"inLanguage\":\"pt-BR\"},{\"@type\":\"Person\",\"@id\":\"https:\/\/www.gaveanews.com\/#\/schema\/person\/2ec14f73fb96be2caf28f91afb14749d\",\"name\":\"Equipe G\u00e1vea News\",\"image\":{\"@type\":\"ImageObject\",\"inLanguage\":\"pt-BR\",\"@id\":\"https:\/\/www.gaveanews.com\/#\/schema\/person\/image\/\",\"url\":\"https:\/\/secure.gravatar.com\/avatar\/1e1956f1facbffd3f8fa53a326721950116b3b9dc9bd44939c01180fd4a745a9?s=96&d=mm&r=g\",\"contentUrl\":\"https:\/\/secure.gravatar.com\/avatar\/1e1956f1facbffd3f8fa53a326721950116b3b9dc9bd44939c01180fd4a745a9?s=96&d=mm&r=g\",\"caption\":\"Equipe G\u00e1vea News\"}}]}<\/script>\n<!-- \/ Yoast SEO Premium plugin. -->","yoast_head_json":{"title":"Jornalista v\u00ea Flamengo mais maduro na luta pelo t\u00edtulo do Brasileir\u00e3o","robots":{"index":"index","follow":"follow","max-snippet":"max-snippet:-1","max-image-preview":"max-image-preview:large","max-video-preview":"max-video-preview:-1"},"canonical":"https:\/\/www.gaveanews.com\/index.php\/2020\/10\/05\/jornalista-ve-flamengo-mais-maduro-na-luta-pelo-titulo-do-brasileirao\/","og_locale":"pt_BR","og_type":"article","og_title":"Jornalista v\u00ea Flamengo mais maduro na luta pelo t\u00edtulo do Brasileir\u00e3o","og_description":"Ap\u00f3s a \u00faltima rodada do Brasileiro, Atl\u00e9tico-MG e Flamengo parecem despontar como principais candidatos ao t\u00edtulo do Brasileiro. Apesar do Galo estar na lideran\u00e7a e com uma boa vantagem, o jornalista Juca Kfouri cr\u00ea que a equipe carioca ainda tem mais qualidade e mais for\u00e7a na briga pela ta\u00e7a. &#8220;Sem desfazer em absoluto do que [&hellip;]","og_url":"https:\/\/www.gaveanews.com\/index.php\/2020\/10\/05\/jornalista-ve-flamengo-mais-maduro-na-luta-pelo-titulo-do-brasileirao\/","og_site_name":"G\u00e1vea News","article_publisher":"https:\/\/facebook.com\/gaveaNews\/","article_published_time":"2020-10-06T01:30:17+00:00","og_image":[{"width":799,"height":532,"url":"https:\/\/www.gaveanews.com\/wp-content\/uploads\/Arrascaeta-em-acao-pelo-Flamengo-na-partida-contra-o-Athletico-pelo-Campeonato-Brasileiro-de-2020.webp","type":"image\/jpeg"}],"author":"Equipe G\u00e1vea News","twitter_card":"summary_large_image","twitter_misc":{"Escrito por":"Equipe G\u00e1vea News","Est. tempo de leitura":"1 minuto"},"schema":{"@context":"https:\/\/schema.org","@graph":[{"@type":"NewsArticle","@id":"https:\/\/www.gaveanews.com\/index.php\/2020\/10\/05\/jornalista-ve-flamengo-mais-maduro-na-luta-pelo-titulo-do-brasileirao\/#article","isPartOf":{"@id":"https:\/\/www.gaveanews.com\/index.php\/2020\/10\/05\/jornalista-ve-flamengo-mais-maduro-na-luta-pelo-titulo-do-brasileirao\/"},"author":{"name":"Equipe G\u00e1vea News","@id":"https:\/\/www.gaveanews.com\/#\/schema\/person\/2ec14f73fb96be2caf28f91afb14749d"},"headline":"Jornalista v\u00ea Flamengo mais maduro na luta pelo t\u00edtulo do Brasileir\u00e3o","datePublished":"2020-10-06T01:30:17+00:00","mainEntityOfPage":{"@id":"https:\/\/www.gaveanews.com\/index.php\/2020\/10\/05\/jornalista-ve-flamengo-mais-maduro-na-luta-pelo-titulo-do-brasileirao\/"},"wordCount":182,"commentCount":0,"image":{"@id":"https:\/\/www.gaveanews.com\/index.php\/2020\/10\/05\/jornalista-ve-flamengo-mais-maduro-na-luta-pelo-titulo-do-brasileirao\/#primaryimage"},"thumbnailUrl":"https:\/\/www.gaveanews.com\/wp-content\/uploads\/Arrascaeta-em-acao-pelo-Flamengo-na-partida-contra-o-Athletico-pelo-Campeonato-Brasileiro-de-2020.webp","articleSection":["Flamengo"],"inLanguage":"pt-BR","potentialAction":[{"@type":"CommentAction","name":"Comment","target":["https:\/\/www.gaveanews.com\/index.php\/2020\/10\/05\/jornalista-ve-flamengo-mais-maduro-na-luta-pelo-titulo-do-brasileirao\/#respond"]}],"copyrightYear":"2020","copyrightHolder":{"@id":"https:\/\/www.gaveanews.com\/#organization"}},{"@type":"WebPage","@id":"https:\/\/www.gaveanews.com\/index.php\/2020\/10\/05\/jornalista-ve-flamengo-mais-maduro-na-luta-pelo-titulo-do-brasileirao\/","url":"https:\/\/www.gaveanews.com\/index.php\/2020\/10\/05\/jornalista-ve-flamengo-mais-maduro-na-luta-pelo-titulo-do-brasileirao\/","name":"Jornalista v\u00ea Flamengo mais maduro na luta pelo t\u00edtulo do Brasileir\u00e3o","isPartOf":{"@id":"https:\/\/www.gaveanews.com\/#website"},"primaryImageOfPage":{"@id":"https:\/\/www.gaveanews.com\/index.php\/2020\/10\/05\/jornalista-ve-flamengo-mais-maduro-na-luta-pelo-titulo-do-brasileirao\/#primaryimage"},"image":{"@id":"https:\/\/www.gaveanews.com\/index.php\/2020\/10\/05\/jornalista-ve-flamengo-mais-maduro-na-luta-pelo-titulo-do-brasileirao\/#primaryimage"},"thumbnailUrl":"https:\/\/www.gaveanews.com\/wp-content\/uploads\/Arrascaeta-em-acao-pelo-Flamengo-na-partida-contra-o-Athletico-pelo-Campeonato-Brasileiro-de-2020.webp","datePublished":"2020-10-06T01:30:17+00:00","author":{"@id":"https:\/\/www.gaveanews.com\/#\/schema\/person\/2ec14f73fb96be2caf28f91afb14749d"},"breadcrumb":{"@id":"https:\/\/www.gaveanews.com\/index.php\/2020\/10\/05\/jornalista-ve-flamengo-mais-maduro-na-luta-pelo-titulo-do-brasileirao\/#breadcrumb"},"inLanguage":"pt-BR","potentialAction":[{"@type":"ReadAction","target":["https:\/\/www.gaveanews.com\/index.php\/2020\/10\/05\/jornalista-ve-flamengo-mais-maduro-na-luta-pelo-titulo-do-brasileirao\/"]}]},{"@type":"ImageObject","inLanguage":"pt-BR","@id":"https:\/\/www.gaveanews.com\/index.php\/2020\/10\/05\/jornalista-ve-flamengo-mais-maduro-na-luta-pelo-titulo-do-brasileirao\/#primaryimage","url":"https:\/\/www.gaveanews.com\/wp-content\/uploads\/Arrascaeta-em-acao-pelo-Flamengo-na-partida-contra-o-Athletico-pelo-Campeonato-Brasileiro-de-2020.webp","contentUrl":"https:\/\/www.gaveanews.com\/wp-content\/uploads\/Arrascaeta-em-acao-pelo-Flamengo-na-partida-contra-o-Athletico-pelo-Campeonato-Brasileiro-de-2020.webp","width":799,"height":532,"caption":"Arrascaeta em a\u00e7\u00e3o pelo Flamengo na partida contra o Athletico pelo Campeonato Brasileiro de 2020 (Foto: Alexandre Vidal\/Flamengo)"},{"@type":"BreadcrumbList","@id":"https:\/\/www.gaveanews.com\/index.php\/2020\/10\/05\/jornalista-ve-flamengo-mais-maduro-na-luta-pelo-titulo-do-brasileirao\/#breadcrumb","itemListElement":[{"@type":"ListItem","position":1,"name":"Home","item":"https:\/\/www.gaveanews.com\/"},{"@type":"ListItem","position":2,"name":"Jornalista v\u00ea Flamengo mais maduro na luta pelo t\u00edtulo do Brasileir\u00e3o"}]},{"@type":"WebSite","@id":"https:\/\/www.gaveanews.com\/#website","url":"https:\/\/www.gaveanews.com\/","name":"G\u00e1vea News","description":"Veja todas as not\u00edcias sobre o Flamengo: Contrata\u00e7\u00f5es, categorias de base, resultados das partidas, tabela de classifica\u00e7\u00e3o, pr\u00f3ximos jogos!","potentialAction":[{"@type":"SearchAction","target":{"@type":"EntryPoint","urlTemplate":"https:\/\/www.gaveanews.com\/?s={search_term_string}"},"query-input":{"@type":"PropertyValueSpecification","valueRequired":true,"valueName":"search_term_string"}}],"inLanguage":"pt-BR"},{"@type":"Person","@id":"https:\/\/www.gaveanews.com\/#\/schema\/person\/2ec14f73fb96be2caf28f91afb14749d","name":"Equipe G\u00e1vea News","image":{"@type":"ImageObject","inLanguage":"pt-BR","@id":"https:\/\/www.gaveanews.com\/#\/schema\/person\/image\/","url":"https:\/\/secure.gravatar.com\/avatar\/1e1956f1facbffd3f8fa53a326721950116b3b9dc9bd44939c01180fd4a745a9?s=96&d=mm&r=g","contentUrl":"https:\/\/secure.gravatar.com\/avatar\/1e1956f1facbffd3f8fa53a326721950116b3b9dc9bd44939c01180fd4a745a9?s=96&d=mm&r=g","caption":"Equipe G\u00e1vea News"}}]}},"_links":{"self":[{"href":"https:\/\/www.gaveanews.com\/index.php\/wp-json\/wp\/v2\/posts\/48618","targetHints":{"allow":["GET"]}}],"collection":[{"href":"https:\/\/www.gaveanews.com\/index.php\/wp-json\/wp\/v2\/posts"}],"about":[{"href":"https:\/\/www.gaveanews.com\/index.php\/wp-json\/wp\/v2\/types\/post"}],"author":[{"embeddable":true,"href":"https:\/\/www.gaveanews.com\/index.php\/wp-json\/wp\/v2\/users\/1"}],"replies":[{"embeddable":true,"href":"https:\/\/www.gaveanews.com\/index.php\/wp-json\/wp\/v2\/comments?post=48618"}],"version-history":[{"count":0,"href":"https:\/\/www.gaveanews.com\/index.php\/wp-json\/wp\/v2\/posts\/48618\/revisions"}],"wp:featuredmedia":[{"embeddable":true,"href":"https:\/\/www.gaveanews.com\/index.php\/wp-json\/wp\/v2\/media\/48467"}],"wp:attachment":[{"href":"https:\/\/www.gaveanews.com\/index.php\/wp-json\/wp\/v2\/media?parent=48618"}],"wp:term":[{"taxonomy":"category","embeddable":true,"href":"https:\/\/www.gaveanews.com\/index.php\/wp-json\/wp\/v2\/categories?post=48618"},{"taxonomy":"post_tag","embeddable":true,"href":"https:\/\/www.gaveanews.com\/index.php\/wp-json\/wp\/v2\/tags?post=48618"}],"curies":[{"name":"wp","href":"https:\/\/api.w.org\/{rel}","templated":true}]}}