{"id":48622,"date":"2020-10-05T22:45:48","date_gmt":"2020-10-06T01:45:48","guid":{"rendered":"https:\/\/www.gaveanews.com\/?p=48622"},"modified":"2024-04-06T23:04:14","modified_gmt":"2024-04-07T02:04:14","slug":"mauro-cezar-pereira-afirma-nenhum-jogador-do-galo-seria-titular-no-flamengo","status":"publish","type":"post","link":"https:\/\/www.gaveanews.com\/index.php\/2020\/10\/05\/mauro-cezar-pereira-afirma-nenhum-jogador-do-galo-seria-titular-no-flamengo\/","title":{"rendered":"Mauro Cezar Pereira afirma: &#8216;Nenhum jogador do Galo seria titular no Flamengo&#8217;"},"content":{"rendered":"\n<p>L\u00edder do Campeonato Brasileiro, o Atl\u00e9tico-MG aplicou uma goleada por 4 a 1 sobre o Vasco no \u00faltimo domingo. A equipe de Jorge Sampaoli vem fazendo bons jogos e est\u00e1 na ponta isolada do torneio. No entanto, para o jornalista Mauro Cezar Pereira, da ESPN, nenhum jogador do clube mineiro seria titular no time do Flamengo.<\/p>\n\n\n\n<p>&#8220;Quem do time do Atl\u00e9tico seria titular absoluto dos times de Palmeiras e Flamengo? Para mim, ningu\u00e9m. Sampaoli faz com que um time com jogadores razo\u00e1veis, um elenco que o Atl\u00e9tico est\u00e1 investindo o que n\u00e3o tem, mas n\u00e3o \u00e9 elenco brilhante, ele faz o time mostrar isso tudo&#8221;, comentou o jornalista durante o &#8216;Linha de Passe&#8217;.<\/p>\n\n\n\n<p>O Flamengo \u00e9 hoje o 4\u00ba colocado do Brasileir\u00e3o com 21 pontos, seis a menos que o Atl\u00e9tico-MG. O Rubro-Negro encara o Sport, na pr\u00f3xima quarta-feira, no Maracan\u00e3, enquanto o Galo viaja at\u00e9 Fortaleza para enfrentar a equipe de Rog\u00e9rio Ceni. Internacional e Palmeiras, com 22 pontos, separam os dois clubes.<\/p>\n\n\n\n<p>Retirado de: O Dia<\/p>\n","protected":false},"excerpt":{"rendered":"<p>L\u00edder do Campeonato Brasileiro, o Atl\u00e9tico-MG aplicou uma goleada por 4 a 1 sobre o Vasco no \u00faltimo domingo. A equipe de Jorge Sampaoli vem fazendo bons jogos e est\u00e1 na ponta isolada do torneio. No entanto, para o jornalista Mauro Cezar Pereira, da ESPN, nenhum jogador do clube mineiro seria titular no time do [&hellip;]<\/p>\n","protected":false},"author":1,"featured_media":47445,"comment_status":"open","ping_status":"closed","sticky":false,"template":"","format":"standard","meta":{"footnotes":""},"categories":[47],"tags":[170],"class_list":["post-48622","post","type-post","status-publish","format-standard","has-post-thumbnail","hentry","category-destaques","tag-mauro-cezar-pereira"],"yoast_head":"<!-- This site is optimized with the Yoast SEO Premium plugin v24.2 (Yoast SEO v26.9) - https:\/\/yoast.com\/product\/yoast-seo-premium-wordpress\/ -->\n<title>Mauro Cezar Pereira afirma: &#039;Nenhum jogador do Galo seria titular no Flamengo&#039;<\/title>\n<meta name=\"robots\" content=\"index, follow, max-snippet:-1, max-image-preview:large, max-video-preview:-1\" \/>\n<link rel=\"canonical\" href=\"https:\/\/www.gaveanews.com\/index.php\/2020\/10\/05\/mauro-cezar-pereira-afirma-nenhum-jogador-do-galo-seria-titular-no-flamengo\/\" \/>\n<meta property=\"og:locale\" content=\"pt_BR\" \/>\n<meta property=\"og:type\" content=\"article\" \/>\n<meta property=\"og:title\" content=\"Mauro Cezar Pereira afirma: &#039;Nenhum jogador do Galo seria titular no Flamengo&#039;\" \/>\n<meta property=\"og:description\" content=\"L\u00edder do Campeonato Brasileiro, o Atl\u00e9tico-MG aplicou uma goleada por 4 a 1 sobre o Vasco no \u00faltimo domingo. A equipe de Jorge Sampaoli vem fazendo bons jogos e est\u00e1 na ponta isolada do torneio. No entanto, para o jornalista Mauro Cezar Pereira, da ESPN, nenhum jogador do clube mineiro seria titular no time do [&hellip;]\" \/>\n<meta property=\"og:url\" content=\"https:\/\/www.gaveanews.com\/index.php\/2020\/10\/05\/mauro-cezar-pereira-afirma-nenhum-jogador-do-galo-seria-titular-no-flamengo\/\" \/>\n<meta property=\"og:site_name\" content=\"G\u00e1vea News\" \/>\n<meta property=\"article:publisher\" content=\"https:\/\/facebook.com\/gaveaNews\/\" \/>\n<meta property=\"article:published_time\" content=\"2020-10-06T01:45:48+00:00\" \/>\n<meta property=\"article:modified_time\" content=\"2024-04-07T02:04:14+00:00\" \/>\n<meta property=\"og:image\" content=\"https:\/\/www.gaveanews.com\/wp-content\/uploads\/Mauro-Cezar-Pereira-durante-um-programa-da-ESPN.webp\" \/>\n\t<meta property=\"og:image:width\" content=\"846\" \/>\n\t<meta property=\"og:image:height\" content=\"529\" \/>\n\t<meta property=\"og:image:type\" content=\"image\/jpeg\" \/>\n<meta name=\"author\" content=\"Equipe G\u00e1vea News\" \/>\n<meta name=\"twitter:card\" content=\"summary_large_image\" \/>\n<meta name=\"twitter:label1\" content=\"Escrito por\" \/>\n\t<meta name=\"twitter:data1\" content=\"Equipe G\u00e1vea News\" \/>\n\t<meta name=\"twitter:label2\" content=\"Est. tempo de leitura\" \/>\n\t<meta name=\"twitter:data2\" content=\"1 minuto\" \/>\n<script type=\"application\/ld+json\" class=\"yoast-schema-graph\">{\"@context\":\"https:\/\/schema.org\",\"@graph\":[{\"@type\":\"NewsArticle\",\"@id\":\"https:\/\/www.gaveanews.com\/index.php\/2020\/10\/05\/mauro-cezar-pereira-afirma-nenhum-jogador-do-galo-seria-titular-no-flamengo\/#article\",\"isPartOf\":{\"@id\":\"https:\/\/www.gaveanews.com\/index.php\/2020\/10\/05\/mauro-cezar-pereira-afirma-nenhum-jogador-do-galo-seria-titular-no-flamengo\/\"},\"author\":{\"name\":\"Equipe G\u00e1vea News\",\"@id\":\"https:\/\/www.gaveanews.com\/#\/schema\/person\/2ec14f73fb96be2caf28f91afb14749d\"},\"headline\":\"Mauro Cezar Pereira afirma: &#8216;Nenhum jogador do Galo seria titular no Flamengo&#8217;\",\"datePublished\":\"2020-10-06T01:45:48+00:00\",\"dateModified\":\"2024-04-07T02:04:14+00:00\",\"mainEntityOfPage\":{\"@id\":\"https:\/\/www.gaveanews.com\/index.php\/2020\/10\/05\/mauro-cezar-pereira-afirma-nenhum-jogador-do-galo-seria-titular-no-flamengo\/\"},\"wordCount\":185,\"commentCount\":1,\"image\":{\"@id\":\"https:\/\/www.gaveanews.com\/index.php\/2020\/10\/05\/mauro-cezar-pereira-afirma-nenhum-jogador-do-galo-seria-titular-no-flamengo\/#primaryimage\"},\"thumbnailUrl\":\"https:\/\/www.gaveanews.com\/wp-content\/uploads\/Mauro-Cezar-Pereira-durante-um-programa-da-ESPN.webp\",\"keywords\":[\"Mauro Cezar Pereira\"],\"articleSection\":[\"Destaques\"],\"inLanguage\":\"pt-BR\",\"potentialAction\":[{\"@type\":\"CommentAction\",\"name\":\"Comment\",\"target\":[\"https:\/\/www.gaveanews.com\/index.php\/2020\/10\/05\/mauro-cezar-pereira-afirma-nenhum-jogador-do-galo-seria-titular-no-flamengo\/#respond\"]}],\"copyrightYear\":\"2020\",\"copyrightHolder\":{\"@id\":\"https:\/\/www.gaveanews.com\/#organization\"}},{\"@type\":\"WebPage\",\"@id\":\"https:\/\/www.gaveanews.com\/index.php\/2020\/10\/05\/mauro-cezar-pereira-afirma-nenhum-jogador-do-galo-seria-titular-no-flamengo\/\",\"url\":\"https:\/\/www.gaveanews.com\/index.php\/2020\/10\/05\/mauro-cezar-pereira-afirma-nenhum-jogador-do-galo-seria-titular-no-flamengo\/\",\"name\":\"Mauro Cezar Pereira afirma: 'Nenhum jogador do Galo seria titular no Flamengo'\",\"isPartOf\":{\"@id\":\"https:\/\/www.gaveanews.com\/#website\"},\"primaryImageOfPage\":{\"@id\":\"https:\/\/www.gaveanews.com\/index.php\/2020\/10\/05\/mauro-cezar-pereira-afirma-nenhum-jogador-do-galo-seria-titular-no-flamengo\/#primaryimage\"},\"image\":{\"@id\":\"https:\/\/www.gaveanews.com\/index.php\/2020\/10\/05\/mauro-cezar-pereira-afirma-nenhum-jogador-do-galo-seria-titular-no-flamengo\/#primaryimage\"},\"thumbnailUrl\":\"https:\/\/www.gaveanews.com\/wp-content\/uploads\/Mauro-Cezar-Pereira-durante-um-programa-da-ESPN.webp\",\"datePublished\":\"2020-10-06T01:45:48+00:00\",\"dateModified\":\"2024-04-07T02:04:14+00:00\",\"author\":{\"@id\":\"https:\/\/www.gaveanews.com\/#\/schema\/person\/2ec14f73fb96be2caf28f91afb14749d\"},\"breadcrumb\":{\"@id\":\"https:\/\/www.gaveanews.com\/index.php\/2020\/10\/05\/mauro-cezar-pereira-afirma-nenhum-jogador-do-galo-seria-titular-no-flamengo\/#breadcrumb\"},\"inLanguage\":\"pt-BR\",\"potentialAction\":[{\"@type\":\"ReadAction\",\"target\":[\"https:\/\/www.gaveanews.com\/index.php\/2020\/10\/05\/mauro-cezar-pereira-afirma-nenhum-jogador-do-galo-seria-titular-no-flamengo\/\"]}]},{\"@type\":\"ImageObject\",\"inLanguage\":\"pt-BR\",\"@id\":\"https:\/\/www.gaveanews.com\/index.php\/2020\/10\/05\/mauro-cezar-pereira-afirma-nenhum-jogador-do-galo-seria-titular-no-flamengo\/#primaryimage\",\"url\":\"https:\/\/www.gaveanews.com\/wp-content\/uploads\/Mauro-Cezar-Pereira-durante-um-programa-da-ESPN.webp\",\"contentUrl\":\"https:\/\/www.gaveanews.com\/wp-content\/uploads\/Mauro-Cezar-Pereira-durante-um-programa-da-ESPN.webp\",\"width\":846,\"height\":529,\"caption\":\"Mauro Cezar Pereira durante um programa da ESPN (Foto: Reprodu\u00e7\u00e3o)\"},{\"@type\":\"BreadcrumbList\",\"@id\":\"https:\/\/www.gaveanews.com\/index.php\/2020\/10\/05\/mauro-cezar-pereira-afirma-nenhum-jogador-do-galo-seria-titular-no-flamengo\/#breadcrumb\",\"itemListElement\":[{\"@type\":\"ListItem\",\"position\":1,\"name\":\"Home\",\"item\":\"https:\/\/www.gaveanews.com\/\"},{\"@type\":\"ListItem\",\"position\":2,\"name\":\"Mauro Cezar Pereira afirma: &#8216;Nenhum jogador do Galo seria titular no Flamengo&#8217;\"}]},{\"@type\":\"WebSite\",\"@id\":\"https:\/\/www.gaveanews.com\/#website\",\"url\":\"https:\/\/www.gaveanews.com\/\",\"name\":\"G\u00e1vea News\",\"description\":\"Veja todas as not\u00edcias sobre o Flamengo: Contrata\u00e7\u00f5es, categorias de base, resultados das partidas, tabela de classifica\u00e7\u00e3o, pr\u00f3ximos jogos!\",\"potentialAction\":[{\"@type\":\"SearchAction\",\"target\":{\"@type\":\"EntryPoint\",\"urlTemplate\":\"https:\/\/www.gaveanews.com\/?s={search_term_string}\"},\"query-input\":{\"@type\":\"PropertyValueSpecification\",\"valueRequired\":true,\"valueName\":\"search_term_string\"}}],\"inLanguage\":\"pt-BR\"},{\"@type\":\"Person\",\"@id\":\"https:\/\/www.gaveanews.com\/#\/schema\/person\/2ec14f73fb96be2caf28f91afb14749d\",\"name\":\"Equipe G\u00e1vea News\",\"image\":{\"@type\":\"ImageObject\",\"inLanguage\":\"pt-BR\",\"@id\":\"https:\/\/www.gaveanews.com\/#\/schema\/person\/image\/\",\"url\":\"https:\/\/secure.gravatar.com\/avatar\/1e1956f1facbffd3f8fa53a326721950116b3b9dc9bd44939c01180fd4a745a9?s=96&d=mm&r=g\",\"contentUrl\":\"https:\/\/secure.gravatar.com\/avatar\/1e1956f1facbffd3f8fa53a326721950116b3b9dc9bd44939c01180fd4a745a9?s=96&d=mm&r=g\",\"caption\":\"Equipe G\u00e1vea News\"}}]}<\/script>\n<!-- \/ Yoast SEO Premium plugin. -->","yoast_head_json":{"title":"Mauro Cezar Pereira afirma: 'Nenhum jogador do Galo seria titular no Flamengo'","robots":{"index":"index","follow":"follow","max-snippet":"max-snippet:-1","max-image-preview":"max-image-preview:large","max-video-preview":"max-video-preview:-1"},"canonical":"https:\/\/www.gaveanews.com\/index.php\/2020\/10\/05\/mauro-cezar-pereira-afirma-nenhum-jogador-do-galo-seria-titular-no-flamengo\/","og_locale":"pt_BR","og_type":"article","og_title":"Mauro Cezar Pereira afirma: 'Nenhum jogador do Galo seria titular no Flamengo'","og_description":"L\u00edder do Campeonato Brasileiro, o Atl\u00e9tico-MG aplicou uma goleada por 4 a 1 sobre o Vasco no \u00faltimo domingo. A equipe de Jorge Sampaoli vem fazendo bons jogos e est\u00e1 na ponta isolada do torneio. No entanto, para o jornalista Mauro Cezar Pereira, da ESPN, nenhum jogador do clube mineiro seria titular no time do [&hellip;]","og_url":"https:\/\/www.gaveanews.com\/index.php\/2020\/10\/05\/mauro-cezar-pereira-afirma-nenhum-jogador-do-galo-seria-titular-no-flamengo\/","og_site_name":"G\u00e1vea News","article_publisher":"https:\/\/facebook.com\/gaveaNews\/","article_published_time":"2020-10-06T01:45:48+00:00","article_modified_time":"2024-04-07T02:04:14+00:00","og_image":[{"width":846,"height":529,"url":"https:\/\/www.gaveanews.com\/wp-content\/uploads\/Mauro-Cezar-Pereira-durante-um-programa-da-ESPN.webp","type":"image\/jpeg"}],"author":"Equipe G\u00e1vea News","twitter_card":"summary_large_image","twitter_misc":{"Escrito por":"Equipe G\u00e1vea News","Est. tempo de leitura":"1 minuto"},"schema":{"@context":"https:\/\/schema.org","@graph":[{"@type":"NewsArticle","@id":"https:\/\/www.gaveanews.com\/index.php\/2020\/10\/05\/mauro-cezar-pereira-afirma-nenhum-jogador-do-galo-seria-titular-no-flamengo\/#article","isPartOf":{"@id":"https:\/\/www.gaveanews.com\/index.php\/2020\/10\/05\/mauro-cezar-pereira-afirma-nenhum-jogador-do-galo-seria-titular-no-flamengo\/"},"author":{"name":"Equipe G\u00e1vea News","@id":"https:\/\/www.gaveanews.com\/#\/schema\/person\/2ec14f73fb96be2caf28f91afb14749d"},"headline":"Mauro Cezar Pereira afirma: &#8216;Nenhum jogador do Galo seria titular no Flamengo&#8217;","datePublished":"2020-10-06T01:45:48+00:00","dateModified":"2024-04-07T02:04:14+00:00","mainEntityOfPage":{"@id":"https:\/\/www.gaveanews.com\/index.php\/2020\/10\/05\/mauro-cezar-pereira-afirma-nenhum-jogador-do-galo-seria-titular-no-flamengo\/"},"wordCount":185,"commentCount":1,"image":{"@id":"https:\/\/www.gaveanews.com\/index.php\/2020\/10\/05\/mauro-cezar-pereira-afirma-nenhum-jogador-do-galo-seria-titular-no-flamengo\/#primaryimage"},"thumbnailUrl":"https:\/\/www.gaveanews.com\/wp-content\/uploads\/Mauro-Cezar-Pereira-durante-um-programa-da-ESPN.webp","keywords":["Mauro Cezar Pereira"],"articleSection":["Destaques"],"inLanguage":"pt-BR","potentialAction":[{"@type":"CommentAction","name":"Comment","target":["https:\/\/www.gaveanews.com\/index.php\/2020\/10\/05\/mauro-cezar-pereira-afirma-nenhum-jogador-do-galo-seria-titular-no-flamengo\/#respond"]}],"copyrightYear":"2020","copyrightHolder":{"@id":"https:\/\/www.gaveanews.com\/#organization"}},{"@type":"WebPage","@id":"https:\/\/www.gaveanews.com\/index.php\/2020\/10\/05\/mauro-cezar-pereira-afirma-nenhum-jogador-do-galo-seria-titular-no-flamengo\/","url":"https:\/\/www.gaveanews.com\/index.php\/2020\/10\/05\/mauro-cezar-pereira-afirma-nenhum-jogador-do-galo-seria-titular-no-flamengo\/","name":"Mauro Cezar Pereira afirma: 'Nenhum jogador do Galo seria titular no Flamengo'","isPartOf":{"@id":"https:\/\/www.gaveanews.com\/#website"},"primaryImageOfPage":{"@id":"https:\/\/www.gaveanews.com\/index.php\/2020\/10\/05\/mauro-cezar-pereira-afirma-nenhum-jogador-do-galo-seria-titular-no-flamengo\/#primaryimage"},"image":{"@id":"https:\/\/www.gaveanews.com\/index.php\/2020\/10\/05\/mauro-cezar-pereira-afirma-nenhum-jogador-do-galo-seria-titular-no-flamengo\/#primaryimage"},"thumbnailUrl":"https:\/\/www.gaveanews.com\/wp-content\/uploads\/Mauro-Cezar-Pereira-durante-um-programa-da-ESPN.webp","datePublished":"2020-10-06T01:45:48+00:00","dateModified":"2024-04-07T02:04:14+00:00","author":{"@id":"https:\/\/www.gaveanews.com\/#\/schema\/person\/2ec14f73fb96be2caf28f91afb14749d"},"breadcrumb":{"@id":"https:\/\/www.gaveanews.com\/index.php\/2020\/10\/05\/mauro-cezar-pereira-afirma-nenhum-jogador-do-galo-seria-titular-no-flamengo\/#breadcrumb"},"inLanguage":"pt-BR","potentialAction":[{"@type":"ReadAction","target":["https:\/\/www.gaveanews.com\/index.php\/2020\/10\/05\/mauro-cezar-pereira-afirma-nenhum-jogador-do-galo-seria-titular-no-flamengo\/"]}]},{"@type":"ImageObject","inLanguage":"pt-BR","@id":"https:\/\/www.gaveanews.com\/index.php\/2020\/10\/05\/mauro-cezar-pereira-afirma-nenhum-jogador-do-galo-seria-titular-no-flamengo\/#primaryimage","url":"https:\/\/www.gaveanews.com\/wp-content\/uploads\/Mauro-Cezar-Pereira-durante-um-programa-da-ESPN.webp","contentUrl":"https:\/\/www.gaveanews.com\/wp-content\/uploads\/Mauro-Cezar-Pereira-durante-um-programa-da-ESPN.webp","width":846,"height":529,"caption":"Mauro Cezar Pereira durante um programa da ESPN (Foto: Reprodu\u00e7\u00e3o)"},{"@type":"BreadcrumbList","@id":"https:\/\/www.gaveanews.com\/index.php\/2020\/10\/05\/mauro-cezar-pereira-afirma-nenhum-jogador-do-galo-seria-titular-no-flamengo\/#breadcrumb","itemListElement":[{"@type":"ListItem","position":1,"name":"Home","item":"https:\/\/www.gaveanews.com\/"},{"@type":"ListItem","position":2,"name":"Mauro Cezar Pereira afirma: &#8216;Nenhum jogador do Galo seria titular no Flamengo&#8217;"}]},{"@type":"WebSite","@id":"https:\/\/www.gaveanews.com\/#website","url":"https:\/\/www.gaveanews.com\/","name":"G\u00e1vea News","description":"Veja todas as not\u00edcias sobre o Flamengo: Contrata\u00e7\u00f5es, categorias de base, resultados das partidas, tabela de classifica\u00e7\u00e3o, pr\u00f3ximos jogos!","potentialAction":[{"@type":"SearchAction","target":{"@type":"EntryPoint","urlTemplate":"https:\/\/www.gaveanews.com\/?s={search_term_string}"},"query-input":{"@type":"PropertyValueSpecification","valueRequired":true,"valueName":"search_term_string"}}],"inLanguage":"pt-BR"},{"@type":"Person","@id":"https:\/\/www.gaveanews.com\/#\/schema\/person\/2ec14f73fb96be2caf28f91afb14749d","name":"Equipe G\u00e1vea News","image":{"@type":"ImageObject","inLanguage":"pt-BR","@id":"https:\/\/www.gaveanews.com\/#\/schema\/person\/image\/","url":"https:\/\/secure.gravatar.com\/avatar\/1e1956f1facbffd3f8fa53a326721950116b3b9dc9bd44939c01180fd4a745a9?s=96&d=mm&r=g","contentUrl":"https:\/\/secure.gravatar.com\/avatar\/1e1956f1facbffd3f8fa53a326721950116b3b9dc9bd44939c01180fd4a745a9?s=96&d=mm&r=g","caption":"Equipe G\u00e1vea News"}}]}},"_links":{"self":[{"href":"https:\/\/www.gaveanews.com\/index.php\/wp-json\/wp\/v2\/posts\/48622","targetHints":{"allow":["GET"]}}],"collection":[{"href":"https:\/\/www.gaveanews.com\/index.php\/wp-json\/wp\/v2\/posts"}],"about":[{"href":"https:\/\/www.gaveanews.com\/index.php\/wp-json\/wp\/v2\/types\/post"}],"author":[{"embeddable":true,"href":"https:\/\/www.gaveanews.com\/index.php\/wp-json\/wp\/v2\/users\/1"}],"replies":[{"embeddable":true,"href":"https:\/\/www.gaveanews.com\/index.php\/wp-json\/wp\/v2\/comments?post=48622"}],"version-history":[{"count":1,"href":"https:\/\/www.gaveanews.com\/index.php\/wp-json\/wp\/v2\/posts\/48622\/revisions"}],"predecessor-version":[{"id":134488,"href":"https:\/\/www.gaveanews.com\/index.php\/wp-json\/wp\/v2\/posts\/48622\/revisions\/134488"}],"wp:featuredmedia":[{"embeddable":true,"href":"https:\/\/www.gaveanews.com\/index.php\/wp-json\/wp\/v2\/media\/47445"}],"wp:attachment":[{"href":"https:\/\/www.gaveanews.com\/index.php\/wp-json\/wp\/v2\/media?parent=48622"}],"wp:term":[{"taxonomy":"category","embeddable":true,"href":"https:\/\/www.gaveanews.com\/index.php\/wp-json\/wp\/v2\/categories?post=48622"},{"taxonomy":"post_tag","embeddable":true,"href":"https:\/\/www.gaveanews.com\/index.php\/wp-json\/wp\/v2\/tags?post=48622"}],"curies":[{"name":"wp","href":"https:\/\/api.w.org\/{rel}","templated":true}]}}