{"id":48631,"date":"2020-10-06T06:45:03","date_gmt":"2020-10-06T09:45:03","guid":{"rendered":"https:\/\/www.gaveanews.com\/?p=48631"},"modified":"2020-10-06T02:34:33","modified_gmt":"2020-10-06T05:34:33","slug":"devido-a-conmebol-cbf-tera-que-promover-alteracoes-na-copa-do-brasil","status":"publish","type":"post","link":"https:\/\/www.gaveanews.com\/index.php\/2020\/10\/06\/devido-a-conmebol-cbf-tera-que-promover-alteracoes-na-copa-do-brasil\/","title":{"rendered":"Devido a Conmebol, CBF ter\u00e1 que promover altera\u00e7\u00f5es na Copa do Brasil"},"content":{"rendered":"\n<p>O novo calend\u00e1rio da Copa Sul-Americana, que a partir de 2021 ter\u00e1 uma fase de grupos, vai colidir com as fases preliminares da Copa do Brasil e obrigar a CBF a fazer altera\u00e7\u00e3o em datas ou no regulamento de seu torneio mata-mata.<\/p>\n\n\n\n<p>Os seis times brasileiros que participam desde o in\u00edcio da Sul-Americana (via classifica\u00e7\u00e3o final do Brasileir\u00e3o) tamb\u00e9m disputam a Copa do Brasil a partir da primeira fase, diferente dos sete (ou oito, como em 2020 porque o Flamengo \u00e9 o atual campe\u00e3o) clubes que est\u00e3o na Libertadores, que s\u00f3 entram na Copa do Brasil a partir das oitavas de final. Isso ter\u00e1 que ter algum ajuste e a dire\u00e7\u00e3o da CBF avalia o que fazer.<\/p>\n\n\n\n<p>Na sexta (2), a Conmebol divulgou seu calend\u00e1rio para 2021 com a novidade de que a Sul-Americana ter\u00e1 uma fase de grupos, com 32 times divididos em oito chaves de quatro times, com pelo menos seis brasileiros (pode aumentar se alguma equipe cair na terceira fase da Libertadores).<\/p>\n\n\n\n<p>Pelas datas divulgadas pela confedera\u00e7\u00e3o sul-americana, essa etapa ser\u00e1 disputada ininterruptamente nos meios de semana de 21 de abril a 26 de maio, em paralelo \u00e0 etapa de grupos da Libertadores. No calend\u00e1rio apresentado pela CBF em agosto, a terceira e quarta fases (quatro datas) da Copa do Brasil ser\u00e3o realizadas respectivamente nos meios de semana de 28 de abril e 5,12 e 19 de maio, ou seja, coincidindo com a Sul-Americana.<\/p>\n\n\n\n<p>Os seis times brasileiros que estiveram no torneio da Conmebol n\u00e3o ter\u00e3o como jogar a Copa do Brasil nessas datas, claro se tiverem avan\u00e7ado das duas etapa anteriores. O que pode ser feito?<\/p>\n\n\n\n<p>1) Mudan\u00e7a de calend\u00e1rio, alterando as datas da Copa do Brasil para n\u00e3o coincidir com a Sul-Americana. Olhando o cronograma da CBF h\u00e1 alguma margem para isso, nem se for preciso jogar para a frente a final da competi\u00e7\u00e3o, marcada para 27 de outubro.<\/p>\n\n\n\n<p>2) Mudan\u00e7a no regulamento. Hoje, a CBF classifica diretamente para as oitavas de final 11 times: todos os que estiverem na Libertadores (normalmente sete, mas que vira oito se o brasileiro \u00e9 o atual campe\u00e3o da Am\u00e9rica), os vencedores da Copa do Nordeste e da Copa Verde do ano anterior e o atual detentor da ta\u00e7a da S\u00e9rie B.<\/p>\n\n\n\n<p>Uma possibilidade \u00e9 a CBF mudar esse crit\u00e9rio e incluir nessa lista os times da Sul-Americana, tirando vagas diretas dos campe\u00f5es dos regionais e da Segunda Divis\u00e3o e ajustando o n\u00famero de classificados da quarta fase. Isso, por\u00e9m, n\u00e3o agrada o comando da confedera\u00e7\u00e3o brasileira.<\/p>\n\n\n\n<p>Uma decis\u00e3o deve ser tomada nos pr\u00f3ximos dias.<\/p>\n\n\n\n<p>Retirado de: Blog do Marcel Rizzo\/UOL<\/p>\n","protected":false},"excerpt":{"rendered":"<p>O novo calend\u00e1rio da Copa Sul-Americana, que a partir de 2021 ter\u00e1 uma fase de grupos, vai colidir com as fases preliminares da Copa do Brasil e obrigar a CBF a fazer altera\u00e7\u00e3o em datas ou no regulamento de seu torneio mata-mata. Os seis times brasileiros que participam desde o in\u00edcio da Sul-Americana (via classifica\u00e7\u00e3o [&hellip;]<\/p>\n","protected":false},"author":1,"featured_media":16297,"comment_status":"open","ping_status":"closed","sticky":false,"template":"","format":"standard","meta":{"footnotes":""},"categories":[1],"tags":[],"class_list":["post-48631","post","type-post","status-publish","format-standard","has-post-thumbnail","hentry","category-flamengo"],"yoast_head":"<!-- This site is optimized with the Yoast SEO Premium plugin v24.2 (Yoast SEO v26.9) - https:\/\/yoast.com\/product\/yoast-seo-premium-wordpress\/ -->\n<title>Devido a Conmebol, CBF ter\u00e1 que promover altera\u00e7\u00f5es na Copa do Brasil<\/title>\n<meta name=\"description\" content=\"Uma decis\u00e3o por parte dos mand\u00e1torios da Confedera\u00e7\u00e3o Brasileira de Futebol deve ser tomada nos pr\u00f3ximos dias.\" \/>\n<meta name=\"robots\" content=\"index, follow, max-snippet:-1, max-image-preview:large, max-video-preview:-1\" \/>\n<link rel=\"canonical\" href=\"https:\/\/www.gaveanews.com\/index.php\/2020\/10\/06\/devido-a-conmebol-cbf-tera-que-promover-alteracoes-na-copa-do-brasil\/\" \/>\n<meta property=\"og:locale\" content=\"pt_BR\" \/>\n<meta property=\"og:type\" content=\"article\" \/>\n<meta property=\"og:title\" content=\"Devido a Conmebol, CBF ter\u00e1 que promover altera\u00e7\u00f5es na Copa do Brasil\" \/>\n<meta property=\"og:description\" content=\"Uma decis\u00e3o por parte dos mand\u00e1torios da Confedera\u00e7\u00e3o Brasileira de Futebol deve ser tomada nos pr\u00f3ximos dias.\" \/>\n<meta property=\"og:url\" content=\"https:\/\/www.gaveanews.com\/index.php\/2020\/10\/06\/devido-a-conmebol-cbf-tera-que-promover-alteracoes-na-copa-do-brasil\/\" \/>\n<meta property=\"og:site_name\" content=\"G\u00e1vea News\" \/>\n<meta property=\"article:publisher\" content=\"https:\/\/facebook.com\/gaveaNews\/\" \/>\n<meta property=\"article:published_time\" content=\"2020-10-06T09:45:03+00:00\" \/>\n<meta property=\"og:image\" content=\"https:\/\/www.gaveanews.com\/wp-content\/uploads\/2019\/03\/Taca-da-Copa-do-Brasil.webp\" \/>\n\t<meta property=\"og:image:width\" content=\"1\" \/>\n\t<meta property=\"og:image:height\" content=\"1\" \/>\n\t<meta property=\"og:image:type\" content=\"image\/jpeg\" \/>\n<meta name=\"author\" content=\"Equipe G\u00e1vea News\" \/>\n<meta name=\"twitter:card\" content=\"summary_large_image\" \/>\n<meta name=\"twitter:label1\" content=\"Escrito por\" \/>\n\t<meta name=\"twitter:data1\" content=\"Equipe G\u00e1vea News\" \/>\n\t<meta name=\"twitter:label2\" content=\"Est. tempo de leitura\" \/>\n\t<meta name=\"twitter:data2\" content=\"2 minutos\" \/>\n<script type=\"application\/ld+json\" class=\"yoast-schema-graph\">{\"@context\":\"https:\/\/schema.org\",\"@graph\":[{\"@type\":\"NewsArticle\",\"@id\":\"https:\/\/www.gaveanews.com\/index.php\/2020\/10\/06\/devido-a-conmebol-cbf-tera-que-promover-alteracoes-na-copa-do-brasil\/#article\",\"isPartOf\":{\"@id\":\"https:\/\/www.gaveanews.com\/index.php\/2020\/10\/06\/devido-a-conmebol-cbf-tera-que-promover-alteracoes-na-copa-do-brasil\/\"},\"author\":{\"name\":\"Equipe G\u00e1vea News\",\"@id\":\"https:\/\/www.gaveanews.com\/#\/schema\/person\/2ec14f73fb96be2caf28f91afb14749d\"},\"headline\":\"Devido a Conmebol, CBF ter\u00e1 que promover altera\u00e7\u00f5es na Copa do Brasil\",\"datePublished\":\"2020-10-06T09:45:03+00:00\",\"mainEntityOfPage\":{\"@id\":\"https:\/\/www.gaveanews.com\/index.php\/2020\/10\/06\/devido-a-conmebol-cbf-tera-que-promover-alteracoes-na-copa-do-brasil\/\"},\"wordCount\":462,\"commentCount\":0,\"image\":{\"@id\":\"https:\/\/www.gaveanews.com\/index.php\/2020\/10\/06\/devido-a-conmebol-cbf-tera-que-promover-alteracoes-na-copa-do-brasil\/#primaryimage\"},\"thumbnailUrl\":\"https:\/\/www.gaveanews.com\/wp-content\/uploads\/2019\/03\/Taca-da-Copa-do-Brasil.webp\",\"articleSection\":[\"Flamengo\"],\"inLanguage\":\"pt-BR\",\"potentialAction\":[{\"@type\":\"CommentAction\",\"name\":\"Comment\",\"target\":[\"https:\/\/www.gaveanews.com\/index.php\/2020\/10\/06\/devido-a-conmebol-cbf-tera-que-promover-alteracoes-na-copa-do-brasil\/#respond\"]}],\"copyrightYear\":\"2020\",\"copyrightHolder\":{\"@id\":\"https:\/\/www.gaveanews.com\/#organization\"}},{\"@type\":\"WebPage\",\"@id\":\"https:\/\/www.gaveanews.com\/index.php\/2020\/10\/06\/devido-a-conmebol-cbf-tera-que-promover-alteracoes-na-copa-do-brasil\/\",\"url\":\"https:\/\/www.gaveanews.com\/index.php\/2020\/10\/06\/devido-a-conmebol-cbf-tera-que-promover-alteracoes-na-copa-do-brasil\/\",\"name\":\"Devido a Conmebol, CBF ter\u00e1 que promover altera\u00e7\u00f5es na Copa do Brasil\",\"isPartOf\":{\"@id\":\"https:\/\/www.gaveanews.com\/#website\"},\"primaryImageOfPage\":{\"@id\":\"https:\/\/www.gaveanews.com\/index.php\/2020\/10\/06\/devido-a-conmebol-cbf-tera-que-promover-alteracoes-na-copa-do-brasil\/#primaryimage\"},\"image\":{\"@id\":\"https:\/\/www.gaveanews.com\/index.php\/2020\/10\/06\/devido-a-conmebol-cbf-tera-que-promover-alteracoes-na-copa-do-brasil\/#primaryimage\"},\"thumbnailUrl\":\"https:\/\/www.gaveanews.com\/wp-content\/uploads\/2019\/03\/Taca-da-Copa-do-Brasil.webp\",\"datePublished\":\"2020-10-06T09:45:03+00:00\",\"author\":{\"@id\":\"https:\/\/www.gaveanews.com\/#\/schema\/person\/2ec14f73fb96be2caf28f91afb14749d\"},\"description\":\"Uma decis\u00e3o por parte dos mand\u00e1torios da Confedera\u00e7\u00e3o Brasileira de Futebol deve ser tomada nos pr\u00f3ximos dias.\",\"breadcrumb\":{\"@id\":\"https:\/\/www.gaveanews.com\/index.php\/2020\/10\/06\/devido-a-conmebol-cbf-tera-que-promover-alteracoes-na-copa-do-brasil\/#breadcrumb\"},\"inLanguage\":\"pt-BR\",\"potentialAction\":[{\"@type\":\"ReadAction\",\"target\":[\"https:\/\/www.gaveanews.com\/index.php\/2020\/10\/06\/devido-a-conmebol-cbf-tera-que-promover-alteracoes-na-copa-do-brasil\/\"]}]},{\"@type\":\"ImageObject\",\"inLanguage\":\"pt-BR\",\"@id\":\"https:\/\/www.gaveanews.com\/index.php\/2020\/10\/06\/devido-a-conmebol-cbf-tera-que-promover-alteracoes-na-copa-do-brasil\/#primaryimage\",\"url\":\"https:\/\/www.gaveanews.com\/wp-content\/uploads\/2019\/03\/Taca-da-Copa-do-Brasil.webp\",\"contentUrl\":\"https:\/\/www.gaveanews.com\/wp-content\/uploads\/2019\/03\/Taca-da-Copa-do-Brasil.webp\",\"width\":900,\"height\":506,\"caption\":\"Ta\u00e7a da Copa do Brasil (Foto: Tayrane Corr\u00eaa)\"},{\"@type\":\"BreadcrumbList\",\"@id\":\"https:\/\/www.gaveanews.com\/index.php\/2020\/10\/06\/devido-a-conmebol-cbf-tera-que-promover-alteracoes-na-copa-do-brasil\/#breadcrumb\",\"itemListElement\":[{\"@type\":\"ListItem\",\"position\":1,\"name\":\"Home\",\"item\":\"https:\/\/www.gaveanews.com\/\"},{\"@type\":\"ListItem\",\"position\":2,\"name\":\"Devido a Conmebol, CBF ter\u00e1 que promover altera\u00e7\u00f5es na Copa do Brasil\"}]},{\"@type\":\"WebSite\",\"@id\":\"https:\/\/www.gaveanews.com\/#website\",\"url\":\"https:\/\/www.gaveanews.com\/\",\"name\":\"G\u00e1vea News\",\"description\":\"Veja todas as not\u00edcias sobre o Flamengo: Contrata\u00e7\u00f5es, categorias de base, resultados das partidas, tabela de classifica\u00e7\u00e3o, pr\u00f3ximos jogos!\",\"potentialAction\":[{\"@type\":\"SearchAction\",\"target\":{\"@type\":\"EntryPoint\",\"urlTemplate\":\"https:\/\/www.gaveanews.com\/?s={search_term_string}\"},\"query-input\":{\"@type\":\"PropertyValueSpecification\",\"valueRequired\":true,\"valueName\":\"search_term_string\"}}],\"inLanguage\":\"pt-BR\"},{\"@type\":\"Person\",\"@id\":\"https:\/\/www.gaveanews.com\/#\/schema\/person\/2ec14f73fb96be2caf28f91afb14749d\",\"name\":\"Equipe G\u00e1vea News\",\"image\":{\"@type\":\"ImageObject\",\"inLanguage\":\"pt-BR\",\"@id\":\"https:\/\/www.gaveanews.com\/#\/schema\/person\/image\/\",\"url\":\"https:\/\/secure.gravatar.com\/avatar\/1e1956f1facbffd3f8fa53a326721950116b3b9dc9bd44939c01180fd4a745a9?s=96&d=mm&r=g\",\"contentUrl\":\"https:\/\/secure.gravatar.com\/avatar\/1e1956f1facbffd3f8fa53a326721950116b3b9dc9bd44939c01180fd4a745a9?s=96&d=mm&r=g\",\"caption\":\"Equipe G\u00e1vea News\"}}]}<\/script>\n<!-- \/ Yoast SEO Premium plugin. -->","yoast_head_json":{"title":"Devido a Conmebol, CBF ter\u00e1 que promover altera\u00e7\u00f5es na Copa do Brasil","description":"Uma decis\u00e3o por parte dos mand\u00e1torios da Confedera\u00e7\u00e3o Brasileira de Futebol deve ser tomada nos pr\u00f3ximos dias.","robots":{"index":"index","follow":"follow","max-snippet":"max-snippet:-1","max-image-preview":"max-image-preview:large","max-video-preview":"max-video-preview:-1"},"canonical":"https:\/\/www.gaveanews.com\/index.php\/2020\/10\/06\/devido-a-conmebol-cbf-tera-que-promover-alteracoes-na-copa-do-brasil\/","og_locale":"pt_BR","og_type":"article","og_title":"Devido a Conmebol, CBF ter\u00e1 que promover altera\u00e7\u00f5es na Copa do Brasil","og_description":"Uma decis\u00e3o por parte dos mand\u00e1torios da Confedera\u00e7\u00e3o Brasileira de Futebol deve ser tomada nos pr\u00f3ximos dias.","og_url":"https:\/\/www.gaveanews.com\/index.php\/2020\/10\/06\/devido-a-conmebol-cbf-tera-que-promover-alteracoes-na-copa-do-brasil\/","og_site_name":"G\u00e1vea News","article_publisher":"https:\/\/facebook.com\/gaveaNews\/","article_published_time":"2020-10-06T09:45:03+00:00","og_image":[{"url":"https:\/\/www.gaveanews.com\/wp-content\/uploads\/2019\/03\/Taca-da-Copa-do-Brasil.webp","width":1,"height":1,"type":"image\/jpeg"}],"author":"Equipe G\u00e1vea News","twitter_card":"summary_large_image","twitter_misc":{"Escrito por":"Equipe G\u00e1vea News","Est. tempo de leitura":"2 minutos"},"schema":{"@context":"https:\/\/schema.org","@graph":[{"@type":"NewsArticle","@id":"https:\/\/www.gaveanews.com\/index.php\/2020\/10\/06\/devido-a-conmebol-cbf-tera-que-promover-alteracoes-na-copa-do-brasil\/#article","isPartOf":{"@id":"https:\/\/www.gaveanews.com\/index.php\/2020\/10\/06\/devido-a-conmebol-cbf-tera-que-promover-alteracoes-na-copa-do-brasil\/"},"author":{"name":"Equipe G\u00e1vea News","@id":"https:\/\/www.gaveanews.com\/#\/schema\/person\/2ec14f73fb96be2caf28f91afb14749d"},"headline":"Devido a Conmebol, CBF ter\u00e1 que promover altera\u00e7\u00f5es na Copa do Brasil","datePublished":"2020-10-06T09:45:03+00:00","mainEntityOfPage":{"@id":"https:\/\/www.gaveanews.com\/index.php\/2020\/10\/06\/devido-a-conmebol-cbf-tera-que-promover-alteracoes-na-copa-do-brasil\/"},"wordCount":462,"commentCount":0,"image":{"@id":"https:\/\/www.gaveanews.com\/index.php\/2020\/10\/06\/devido-a-conmebol-cbf-tera-que-promover-alteracoes-na-copa-do-brasil\/#primaryimage"},"thumbnailUrl":"https:\/\/www.gaveanews.com\/wp-content\/uploads\/2019\/03\/Taca-da-Copa-do-Brasil.webp","articleSection":["Flamengo"],"inLanguage":"pt-BR","potentialAction":[{"@type":"CommentAction","name":"Comment","target":["https:\/\/www.gaveanews.com\/index.php\/2020\/10\/06\/devido-a-conmebol-cbf-tera-que-promover-alteracoes-na-copa-do-brasil\/#respond"]}],"copyrightYear":"2020","copyrightHolder":{"@id":"https:\/\/www.gaveanews.com\/#organization"}},{"@type":"WebPage","@id":"https:\/\/www.gaveanews.com\/index.php\/2020\/10\/06\/devido-a-conmebol-cbf-tera-que-promover-alteracoes-na-copa-do-brasil\/","url":"https:\/\/www.gaveanews.com\/index.php\/2020\/10\/06\/devido-a-conmebol-cbf-tera-que-promover-alteracoes-na-copa-do-brasil\/","name":"Devido a Conmebol, CBF ter\u00e1 que promover altera\u00e7\u00f5es na Copa do Brasil","isPartOf":{"@id":"https:\/\/www.gaveanews.com\/#website"},"primaryImageOfPage":{"@id":"https:\/\/www.gaveanews.com\/index.php\/2020\/10\/06\/devido-a-conmebol-cbf-tera-que-promover-alteracoes-na-copa-do-brasil\/#primaryimage"},"image":{"@id":"https:\/\/www.gaveanews.com\/index.php\/2020\/10\/06\/devido-a-conmebol-cbf-tera-que-promover-alteracoes-na-copa-do-brasil\/#primaryimage"},"thumbnailUrl":"https:\/\/www.gaveanews.com\/wp-content\/uploads\/2019\/03\/Taca-da-Copa-do-Brasil.webp","datePublished":"2020-10-06T09:45:03+00:00","author":{"@id":"https:\/\/www.gaveanews.com\/#\/schema\/person\/2ec14f73fb96be2caf28f91afb14749d"},"description":"Uma decis\u00e3o por parte dos mand\u00e1torios da Confedera\u00e7\u00e3o Brasileira de Futebol deve ser tomada nos pr\u00f3ximos dias.","breadcrumb":{"@id":"https:\/\/www.gaveanews.com\/index.php\/2020\/10\/06\/devido-a-conmebol-cbf-tera-que-promover-alteracoes-na-copa-do-brasil\/#breadcrumb"},"inLanguage":"pt-BR","potentialAction":[{"@type":"ReadAction","target":["https:\/\/www.gaveanews.com\/index.php\/2020\/10\/06\/devido-a-conmebol-cbf-tera-que-promover-alteracoes-na-copa-do-brasil\/"]}]},{"@type":"ImageObject","inLanguage":"pt-BR","@id":"https:\/\/www.gaveanews.com\/index.php\/2020\/10\/06\/devido-a-conmebol-cbf-tera-que-promover-alteracoes-na-copa-do-brasil\/#primaryimage","url":"https:\/\/www.gaveanews.com\/wp-content\/uploads\/2019\/03\/Taca-da-Copa-do-Brasil.webp","contentUrl":"https:\/\/www.gaveanews.com\/wp-content\/uploads\/2019\/03\/Taca-da-Copa-do-Brasil.webp","width":900,"height":506,"caption":"Ta\u00e7a da Copa do Brasil (Foto: Tayrane Corr\u00eaa)"},{"@type":"BreadcrumbList","@id":"https:\/\/www.gaveanews.com\/index.php\/2020\/10\/06\/devido-a-conmebol-cbf-tera-que-promover-alteracoes-na-copa-do-brasil\/#breadcrumb","itemListElement":[{"@type":"ListItem","position":1,"name":"Home","item":"https:\/\/www.gaveanews.com\/"},{"@type":"ListItem","position":2,"name":"Devido a Conmebol, CBF ter\u00e1 que promover altera\u00e7\u00f5es na Copa do Brasil"}]},{"@type":"WebSite","@id":"https:\/\/www.gaveanews.com\/#website","url":"https:\/\/www.gaveanews.com\/","name":"G\u00e1vea News","description":"Veja todas as not\u00edcias sobre o Flamengo: Contrata\u00e7\u00f5es, categorias de base, resultados das partidas, tabela de classifica\u00e7\u00e3o, pr\u00f3ximos jogos!","potentialAction":[{"@type":"SearchAction","target":{"@type":"EntryPoint","urlTemplate":"https:\/\/www.gaveanews.com\/?s={search_term_string}"},"query-input":{"@type":"PropertyValueSpecification","valueRequired":true,"valueName":"search_term_string"}}],"inLanguage":"pt-BR"},{"@type":"Person","@id":"https:\/\/www.gaveanews.com\/#\/schema\/person\/2ec14f73fb96be2caf28f91afb14749d","name":"Equipe G\u00e1vea News","image":{"@type":"ImageObject","inLanguage":"pt-BR","@id":"https:\/\/www.gaveanews.com\/#\/schema\/person\/image\/","url":"https:\/\/secure.gravatar.com\/avatar\/1e1956f1facbffd3f8fa53a326721950116b3b9dc9bd44939c01180fd4a745a9?s=96&d=mm&r=g","contentUrl":"https:\/\/secure.gravatar.com\/avatar\/1e1956f1facbffd3f8fa53a326721950116b3b9dc9bd44939c01180fd4a745a9?s=96&d=mm&r=g","caption":"Equipe G\u00e1vea News"}}]}},"_links":{"self":[{"href":"https:\/\/www.gaveanews.com\/index.php\/wp-json\/wp\/v2\/posts\/48631","targetHints":{"allow":["GET"]}}],"collection":[{"href":"https:\/\/www.gaveanews.com\/index.php\/wp-json\/wp\/v2\/posts"}],"about":[{"href":"https:\/\/www.gaveanews.com\/index.php\/wp-json\/wp\/v2\/types\/post"}],"author":[{"embeddable":true,"href":"https:\/\/www.gaveanews.com\/index.php\/wp-json\/wp\/v2\/users\/1"}],"replies":[{"embeddable":true,"href":"https:\/\/www.gaveanews.com\/index.php\/wp-json\/wp\/v2\/comments?post=48631"}],"version-history":[{"count":0,"href":"https:\/\/www.gaveanews.com\/index.php\/wp-json\/wp\/v2\/posts\/48631\/revisions"}],"wp:featuredmedia":[{"embeddable":true,"href":"https:\/\/www.gaveanews.com\/index.php\/wp-json\/wp\/v2\/media\/16297"}],"wp:attachment":[{"href":"https:\/\/www.gaveanews.com\/index.php\/wp-json\/wp\/v2\/media?parent=48631"}],"wp:term":[{"taxonomy":"category","embeddable":true,"href":"https:\/\/www.gaveanews.com\/index.php\/wp-json\/wp\/v2\/categories?post=48631"},{"taxonomy":"post_tag","embeddable":true,"href":"https:\/\/www.gaveanews.com\/index.php\/wp-json\/wp\/v2\/tags?post=48631"}],"curies":[{"name":"wp","href":"https:\/\/api.w.org\/{rel}","templated":true}]}}