{"id":48713,"date":"2020-10-07T00:25:00","date_gmt":"2020-10-07T03:25:00","guid":{"rendered":"https:\/\/www.gaveanews.com\/?p=48713"},"modified":"2020-10-07T00:25:03","modified_gmt":"2020-10-07T03:25:03","slug":"flamengo-anuncia-contratacao-do-ala-tulio-da-silva","status":"publish","type":"post","link":"https:\/\/www.gaveanews.com\/index.php\/2020\/10\/07\/flamengo-anuncia-contratacao-do-ala-tulio-da-silva\/","title":{"rendered":"Flamengo anuncia contrata\u00e7\u00e3o do ala T\u00falio da Silva"},"content":{"rendered":"\n<p>Tem refor\u00e7o na \u00e1rea para o Flamengo. Nesta ter\u00e7a-feira (06), o Flamengo anunciou a contrata\u00e7\u00e3o de T\u00falio da Silva, ala-piv\u00f4 de 24 anos vindo da universidade de Missouri State, nos Estados Unidos. Da Silva assinou um contrato v\u00e1lido por dois anos com a equipe rubro-negra.<\/p>\n\n\n\n<p>T\u00falio da Silva, natural de Formiga (MG), saiu do Brasil em 2014 para integrar a equipe da Arlington Country Day School, na Fl\u00f3rida. Ap\u00f3s a gradua\u00e7\u00e3o, entre 2015 e 2018, da Silva jogou pela South Florida University at\u00e9 se transferir para a Missouri State University. Na temporada de 2020, o brasileiro atingiu m\u00e9dias de 9,9 pontos e 7,1 rebotes por jogo em 31 partidas pelo time de Missouri, sendo 27 delas como titular.<\/p>\n\n\n\n<p>Na apresenta\u00e7\u00e3o ao Flamengo, T\u00falio afirmou n\u00e3o estar preocupado com a adapta\u00e7\u00e3o ao basquete brasileiro, mesmo depois de tanto tempo jogando nos Estados Unidos.<\/p>\n\n\n\n<p>\u2014 Acho que ser\u00e1 mais f\u00e1cil porque o basquete nos Estados Unidos \u00e9 mais atl\u00e9tico, f\u00edsico e r\u00e1pido. Tamb\u00e9m acho que toda a experi\u00eancia que tive aqui no college, jogando contra e ao lado de jogadores de alto calibre, como da NBA e Europa, me deu mais experi\u00eancia para melhorar e aperfei\u00e7oar meu jogo \u2013 disse T\u00falio.<\/p>\n\n\n\n<p>Retirado de: Esporte News Mundo<\/p>\n","protected":false},"excerpt":{"rendered":"<p>Tem refor\u00e7o na \u00e1rea para o Flamengo. Nesta ter\u00e7a-feira (06), o Flamengo anunciou a contrata\u00e7\u00e3o de T\u00falio da Silva, ala-piv\u00f4 de 24 anos vindo da universidade de Missouri State, nos Estados Unidos. Da Silva assinou um contrato v\u00e1lido por dois anos com a equipe rubro-negra. T\u00falio da Silva, natural de Formiga (MG), saiu do Brasil [&hellip;]<\/p>\n","protected":false},"author":1,"featured_media":48714,"comment_status":"open","ping_status":"closed","sticky":false,"template":"","format":"standard","meta":{"footnotes":""},"categories":[1],"tags":[],"class_list":["post-48713","post","type-post","status-publish","format-standard","has-post-thumbnail","hentry","category-flamengo"],"yoast_head":"<!-- This site is optimized with the Yoast SEO Premium plugin v24.2 (Yoast SEO v26.9) - https:\/\/yoast.com\/product\/yoast-seo-premium-wordpress\/ -->\n<title>Flamengo anuncia contrata\u00e7\u00e3o do ala T\u00falio da Silva<\/title>\n<meta name=\"robots\" content=\"index, follow, max-snippet:-1, max-image-preview:large, max-video-preview:-1\" \/>\n<link rel=\"canonical\" href=\"https:\/\/www.gaveanews.com\/index.php\/2020\/10\/07\/flamengo-anuncia-contratacao-do-ala-tulio-da-silva\/\" \/>\n<meta property=\"og:locale\" content=\"pt_BR\" \/>\n<meta property=\"og:type\" content=\"article\" \/>\n<meta property=\"og:title\" content=\"Flamengo anuncia contrata\u00e7\u00e3o do ala T\u00falio da Silva\" \/>\n<meta property=\"og:description\" content=\"Tem refor\u00e7o na \u00e1rea para o Flamengo. Nesta ter\u00e7a-feira (06), o Flamengo anunciou a contrata\u00e7\u00e3o de T\u00falio da Silva, ala-piv\u00f4 de 24 anos vindo da universidade de Missouri State, nos Estados Unidos. Da Silva assinou um contrato v\u00e1lido por dois anos com a equipe rubro-negra. T\u00falio da Silva, natural de Formiga (MG), saiu do Brasil [&hellip;]\" \/>\n<meta property=\"og:url\" content=\"https:\/\/www.gaveanews.com\/index.php\/2020\/10\/07\/flamengo-anuncia-contratacao-do-ala-tulio-da-silva\/\" \/>\n<meta property=\"og:site_name\" content=\"G\u00e1vea News\" \/>\n<meta property=\"article:publisher\" content=\"https:\/\/facebook.com\/gaveaNews\/\" \/>\n<meta property=\"article:published_time\" content=\"2020-10-07T03:25:00+00:00\" \/>\n<meta property=\"article:modified_time\" content=\"2020-10-07T03:25:03+00:00\" \/>\n<meta property=\"og:image\" content=\"https:\/\/www.gaveanews.com\/wp-content\/uploads\/Arte-divulgada-pelo-Flamengo-para-anunciar-a-contratacao-de-Tulio-da-Silva.webp\" \/>\n\t<meta property=\"og:image:width\" content=\"1024\" \/>\n\t<meta property=\"og:image:height\" content=\"576\" \/>\n\t<meta property=\"og:image:type\" content=\"image\/jpeg\" \/>\n<meta name=\"author\" content=\"Equipe G\u00e1vea News\" \/>\n<meta name=\"twitter:card\" content=\"summary_large_image\" \/>\n<meta name=\"twitter:label1\" content=\"Escrito por\" \/>\n\t<meta name=\"twitter:data1\" content=\"Equipe G\u00e1vea News\" \/>\n\t<meta name=\"twitter:label2\" content=\"Est. tempo de leitura\" \/>\n\t<meta name=\"twitter:data2\" content=\"1 minuto\" \/>\n<script type=\"application\/ld+json\" class=\"yoast-schema-graph\">{\"@context\":\"https:\/\/schema.org\",\"@graph\":[{\"@type\":\"NewsArticle\",\"@id\":\"https:\/\/www.gaveanews.com\/index.php\/2020\/10\/07\/flamengo-anuncia-contratacao-do-ala-tulio-da-silva\/#article\",\"isPartOf\":{\"@id\":\"https:\/\/www.gaveanews.com\/index.php\/2020\/10\/07\/flamengo-anuncia-contratacao-do-ala-tulio-da-silva\/\"},\"author\":{\"name\":\"Equipe G\u00e1vea News\",\"@id\":\"https:\/\/www.gaveanews.com\/#\/schema\/person\/2ec14f73fb96be2caf28f91afb14749d\"},\"headline\":\"Flamengo anuncia contrata\u00e7\u00e3o do ala T\u00falio da Silva\",\"datePublished\":\"2020-10-07T03:25:00+00:00\",\"dateModified\":\"2020-10-07T03:25:03+00:00\",\"mainEntityOfPage\":{\"@id\":\"https:\/\/www.gaveanews.com\/index.php\/2020\/10\/07\/flamengo-anuncia-contratacao-do-ala-tulio-da-silva\/\"},\"wordCount\":224,\"commentCount\":0,\"image\":{\"@id\":\"https:\/\/www.gaveanews.com\/index.php\/2020\/10\/07\/flamengo-anuncia-contratacao-do-ala-tulio-da-silva\/#primaryimage\"},\"thumbnailUrl\":\"https:\/\/www.gaveanews.com\/wp-content\/uploads\/Arte-divulgada-pelo-Flamengo-para-anunciar-a-contratacao-de-Tulio-da-Silva.webp\",\"articleSection\":[\"Flamengo\"],\"inLanguage\":\"pt-BR\",\"potentialAction\":[{\"@type\":\"CommentAction\",\"name\":\"Comment\",\"target\":[\"https:\/\/www.gaveanews.com\/index.php\/2020\/10\/07\/flamengo-anuncia-contratacao-do-ala-tulio-da-silva\/#respond\"]}],\"copyrightYear\":\"2020\",\"copyrightHolder\":{\"@id\":\"https:\/\/www.gaveanews.com\/#organization\"}},{\"@type\":\"WebPage\",\"@id\":\"https:\/\/www.gaveanews.com\/index.php\/2020\/10\/07\/flamengo-anuncia-contratacao-do-ala-tulio-da-silva\/\",\"url\":\"https:\/\/www.gaveanews.com\/index.php\/2020\/10\/07\/flamengo-anuncia-contratacao-do-ala-tulio-da-silva\/\",\"name\":\"Flamengo anuncia contrata\u00e7\u00e3o do ala T\u00falio da Silva\",\"isPartOf\":{\"@id\":\"https:\/\/www.gaveanews.com\/#website\"},\"primaryImageOfPage\":{\"@id\":\"https:\/\/www.gaveanews.com\/index.php\/2020\/10\/07\/flamengo-anuncia-contratacao-do-ala-tulio-da-silva\/#primaryimage\"},\"image\":{\"@id\":\"https:\/\/www.gaveanews.com\/index.php\/2020\/10\/07\/flamengo-anuncia-contratacao-do-ala-tulio-da-silva\/#primaryimage\"},\"thumbnailUrl\":\"https:\/\/www.gaveanews.com\/wp-content\/uploads\/Arte-divulgada-pelo-Flamengo-para-anunciar-a-contratacao-de-Tulio-da-Silva.webp\",\"datePublished\":\"2020-10-07T03:25:00+00:00\",\"dateModified\":\"2020-10-07T03:25:03+00:00\",\"author\":{\"@id\":\"https:\/\/www.gaveanews.com\/#\/schema\/person\/2ec14f73fb96be2caf28f91afb14749d\"},\"breadcrumb\":{\"@id\":\"https:\/\/www.gaveanews.com\/index.php\/2020\/10\/07\/flamengo-anuncia-contratacao-do-ala-tulio-da-silva\/#breadcrumb\"},\"inLanguage\":\"pt-BR\",\"potentialAction\":[{\"@type\":\"ReadAction\",\"target\":[\"https:\/\/www.gaveanews.com\/index.php\/2020\/10\/07\/flamengo-anuncia-contratacao-do-ala-tulio-da-silva\/\"]}]},{\"@type\":\"ImageObject\",\"inLanguage\":\"pt-BR\",\"@id\":\"https:\/\/www.gaveanews.com\/index.php\/2020\/10\/07\/flamengo-anuncia-contratacao-do-ala-tulio-da-silva\/#primaryimage\",\"url\":\"https:\/\/www.gaveanews.com\/wp-content\/uploads\/Arte-divulgada-pelo-Flamengo-para-anunciar-a-contratacao-de-Tulio-da-Silva.webp\",\"contentUrl\":\"https:\/\/www.gaveanews.com\/wp-content\/uploads\/Arte-divulgada-pelo-Flamengo-para-anunciar-a-contratacao-de-Tulio-da-Silva.webp\",\"width\":1024,\"height\":576,\"caption\":\"Arte divulgada pelo Flamengo para anunciar a contrata\u00e7\u00e3o de T\u00falio da Silva (Foto: Reprodu\u00e7\u00e3o)\"},{\"@type\":\"BreadcrumbList\",\"@id\":\"https:\/\/www.gaveanews.com\/index.php\/2020\/10\/07\/flamengo-anuncia-contratacao-do-ala-tulio-da-silva\/#breadcrumb\",\"itemListElement\":[{\"@type\":\"ListItem\",\"position\":1,\"name\":\"Home\",\"item\":\"https:\/\/www.gaveanews.com\/\"},{\"@type\":\"ListItem\",\"position\":2,\"name\":\"Flamengo anuncia contrata\u00e7\u00e3o do ala T\u00falio da Silva\"}]},{\"@type\":\"WebSite\",\"@id\":\"https:\/\/www.gaveanews.com\/#website\",\"url\":\"https:\/\/www.gaveanews.com\/\",\"name\":\"G\u00e1vea News\",\"description\":\"Veja todas as not\u00edcias sobre o Flamengo: Contrata\u00e7\u00f5es, categorias de base, resultados das partidas, tabela de classifica\u00e7\u00e3o, pr\u00f3ximos jogos!\",\"potentialAction\":[{\"@type\":\"SearchAction\",\"target\":{\"@type\":\"EntryPoint\",\"urlTemplate\":\"https:\/\/www.gaveanews.com\/?s={search_term_string}\"},\"query-input\":{\"@type\":\"PropertyValueSpecification\",\"valueRequired\":true,\"valueName\":\"search_term_string\"}}],\"inLanguage\":\"pt-BR\"},{\"@type\":\"Person\",\"@id\":\"https:\/\/www.gaveanews.com\/#\/schema\/person\/2ec14f73fb96be2caf28f91afb14749d\",\"name\":\"Equipe G\u00e1vea News\",\"image\":{\"@type\":\"ImageObject\",\"inLanguage\":\"pt-BR\",\"@id\":\"https:\/\/www.gaveanews.com\/#\/schema\/person\/image\/\",\"url\":\"https:\/\/secure.gravatar.com\/avatar\/1e1956f1facbffd3f8fa53a326721950116b3b9dc9bd44939c01180fd4a745a9?s=96&d=mm&r=g\",\"contentUrl\":\"https:\/\/secure.gravatar.com\/avatar\/1e1956f1facbffd3f8fa53a326721950116b3b9dc9bd44939c01180fd4a745a9?s=96&d=mm&r=g\",\"caption\":\"Equipe G\u00e1vea News\"}}]}<\/script>\n<!-- \/ Yoast SEO Premium plugin. -->","yoast_head_json":{"title":"Flamengo anuncia contrata\u00e7\u00e3o do ala T\u00falio da Silva","robots":{"index":"index","follow":"follow","max-snippet":"max-snippet:-1","max-image-preview":"max-image-preview:large","max-video-preview":"max-video-preview:-1"},"canonical":"https:\/\/www.gaveanews.com\/index.php\/2020\/10\/07\/flamengo-anuncia-contratacao-do-ala-tulio-da-silva\/","og_locale":"pt_BR","og_type":"article","og_title":"Flamengo anuncia contrata\u00e7\u00e3o do ala T\u00falio da Silva","og_description":"Tem refor\u00e7o na \u00e1rea para o Flamengo. Nesta ter\u00e7a-feira (06), o Flamengo anunciou a contrata\u00e7\u00e3o de T\u00falio da Silva, ala-piv\u00f4 de 24 anos vindo da universidade de Missouri State, nos Estados Unidos. Da Silva assinou um contrato v\u00e1lido por dois anos com a equipe rubro-negra. T\u00falio da Silva, natural de Formiga (MG), saiu do Brasil [&hellip;]","og_url":"https:\/\/www.gaveanews.com\/index.php\/2020\/10\/07\/flamengo-anuncia-contratacao-do-ala-tulio-da-silva\/","og_site_name":"G\u00e1vea News","article_publisher":"https:\/\/facebook.com\/gaveaNews\/","article_published_time":"2020-10-07T03:25:00+00:00","article_modified_time":"2020-10-07T03:25:03+00:00","og_image":[{"width":1024,"height":576,"url":"https:\/\/www.gaveanews.com\/wp-content\/uploads\/Arte-divulgada-pelo-Flamengo-para-anunciar-a-contratacao-de-Tulio-da-Silva.webp","type":"image\/jpeg"}],"author":"Equipe G\u00e1vea News","twitter_card":"summary_large_image","twitter_misc":{"Escrito por":"Equipe G\u00e1vea News","Est. tempo de leitura":"1 minuto"},"schema":{"@context":"https:\/\/schema.org","@graph":[{"@type":"NewsArticle","@id":"https:\/\/www.gaveanews.com\/index.php\/2020\/10\/07\/flamengo-anuncia-contratacao-do-ala-tulio-da-silva\/#article","isPartOf":{"@id":"https:\/\/www.gaveanews.com\/index.php\/2020\/10\/07\/flamengo-anuncia-contratacao-do-ala-tulio-da-silva\/"},"author":{"name":"Equipe G\u00e1vea News","@id":"https:\/\/www.gaveanews.com\/#\/schema\/person\/2ec14f73fb96be2caf28f91afb14749d"},"headline":"Flamengo anuncia contrata\u00e7\u00e3o do ala T\u00falio da Silva","datePublished":"2020-10-07T03:25:00+00:00","dateModified":"2020-10-07T03:25:03+00:00","mainEntityOfPage":{"@id":"https:\/\/www.gaveanews.com\/index.php\/2020\/10\/07\/flamengo-anuncia-contratacao-do-ala-tulio-da-silva\/"},"wordCount":224,"commentCount":0,"image":{"@id":"https:\/\/www.gaveanews.com\/index.php\/2020\/10\/07\/flamengo-anuncia-contratacao-do-ala-tulio-da-silva\/#primaryimage"},"thumbnailUrl":"https:\/\/www.gaveanews.com\/wp-content\/uploads\/Arte-divulgada-pelo-Flamengo-para-anunciar-a-contratacao-de-Tulio-da-Silva.webp","articleSection":["Flamengo"],"inLanguage":"pt-BR","potentialAction":[{"@type":"CommentAction","name":"Comment","target":["https:\/\/www.gaveanews.com\/index.php\/2020\/10\/07\/flamengo-anuncia-contratacao-do-ala-tulio-da-silva\/#respond"]}],"copyrightYear":"2020","copyrightHolder":{"@id":"https:\/\/www.gaveanews.com\/#organization"}},{"@type":"WebPage","@id":"https:\/\/www.gaveanews.com\/index.php\/2020\/10\/07\/flamengo-anuncia-contratacao-do-ala-tulio-da-silva\/","url":"https:\/\/www.gaveanews.com\/index.php\/2020\/10\/07\/flamengo-anuncia-contratacao-do-ala-tulio-da-silva\/","name":"Flamengo anuncia contrata\u00e7\u00e3o do ala T\u00falio da Silva","isPartOf":{"@id":"https:\/\/www.gaveanews.com\/#website"},"primaryImageOfPage":{"@id":"https:\/\/www.gaveanews.com\/index.php\/2020\/10\/07\/flamengo-anuncia-contratacao-do-ala-tulio-da-silva\/#primaryimage"},"image":{"@id":"https:\/\/www.gaveanews.com\/index.php\/2020\/10\/07\/flamengo-anuncia-contratacao-do-ala-tulio-da-silva\/#primaryimage"},"thumbnailUrl":"https:\/\/www.gaveanews.com\/wp-content\/uploads\/Arte-divulgada-pelo-Flamengo-para-anunciar-a-contratacao-de-Tulio-da-Silva.webp","datePublished":"2020-10-07T03:25:00+00:00","dateModified":"2020-10-07T03:25:03+00:00","author":{"@id":"https:\/\/www.gaveanews.com\/#\/schema\/person\/2ec14f73fb96be2caf28f91afb14749d"},"breadcrumb":{"@id":"https:\/\/www.gaveanews.com\/index.php\/2020\/10\/07\/flamengo-anuncia-contratacao-do-ala-tulio-da-silva\/#breadcrumb"},"inLanguage":"pt-BR","potentialAction":[{"@type":"ReadAction","target":["https:\/\/www.gaveanews.com\/index.php\/2020\/10\/07\/flamengo-anuncia-contratacao-do-ala-tulio-da-silva\/"]}]},{"@type":"ImageObject","inLanguage":"pt-BR","@id":"https:\/\/www.gaveanews.com\/index.php\/2020\/10\/07\/flamengo-anuncia-contratacao-do-ala-tulio-da-silva\/#primaryimage","url":"https:\/\/www.gaveanews.com\/wp-content\/uploads\/Arte-divulgada-pelo-Flamengo-para-anunciar-a-contratacao-de-Tulio-da-Silva.webp","contentUrl":"https:\/\/www.gaveanews.com\/wp-content\/uploads\/Arte-divulgada-pelo-Flamengo-para-anunciar-a-contratacao-de-Tulio-da-Silva.webp","width":1024,"height":576,"caption":"Arte divulgada pelo Flamengo para anunciar a contrata\u00e7\u00e3o de T\u00falio da Silva (Foto: Reprodu\u00e7\u00e3o)"},{"@type":"BreadcrumbList","@id":"https:\/\/www.gaveanews.com\/index.php\/2020\/10\/07\/flamengo-anuncia-contratacao-do-ala-tulio-da-silva\/#breadcrumb","itemListElement":[{"@type":"ListItem","position":1,"name":"Home","item":"https:\/\/www.gaveanews.com\/"},{"@type":"ListItem","position":2,"name":"Flamengo anuncia contrata\u00e7\u00e3o do ala T\u00falio da Silva"}]},{"@type":"WebSite","@id":"https:\/\/www.gaveanews.com\/#website","url":"https:\/\/www.gaveanews.com\/","name":"G\u00e1vea News","description":"Veja todas as not\u00edcias sobre o Flamengo: Contrata\u00e7\u00f5es, categorias de base, resultados das partidas, tabela de classifica\u00e7\u00e3o, pr\u00f3ximos jogos!","potentialAction":[{"@type":"SearchAction","target":{"@type":"EntryPoint","urlTemplate":"https:\/\/www.gaveanews.com\/?s={search_term_string}"},"query-input":{"@type":"PropertyValueSpecification","valueRequired":true,"valueName":"search_term_string"}}],"inLanguage":"pt-BR"},{"@type":"Person","@id":"https:\/\/www.gaveanews.com\/#\/schema\/person\/2ec14f73fb96be2caf28f91afb14749d","name":"Equipe G\u00e1vea News","image":{"@type":"ImageObject","inLanguage":"pt-BR","@id":"https:\/\/www.gaveanews.com\/#\/schema\/person\/image\/","url":"https:\/\/secure.gravatar.com\/avatar\/1e1956f1facbffd3f8fa53a326721950116b3b9dc9bd44939c01180fd4a745a9?s=96&d=mm&r=g","contentUrl":"https:\/\/secure.gravatar.com\/avatar\/1e1956f1facbffd3f8fa53a326721950116b3b9dc9bd44939c01180fd4a745a9?s=96&d=mm&r=g","caption":"Equipe G\u00e1vea News"}}]}},"_links":{"self":[{"href":"https:\/\/www.gaveanews.com\/index.php\/wp-json\/wp\/v2\/posts\/48713","targetHints":{"allow":["GET"]}}],"collection":[{"href":"https:\/\/www.gaveanews.com\/index.php\/wp-json\/wp\/v2\/posts"}],"about":[{"href":"https:\/\/www.gaveanews.com\/index.php\/wp-json\/wp\/v2\/types\/post"}],"author":[{"embeddable":true,"href":"https:\/\/www.gaveanews.com\/index.php\/wp-json\/wp\/v2\/users\/1"}],"replies":[{"embeddable":true,"href":"https:\/\/www.gaveanews.com\/index.php\/wp-json\/wp\/v2\/comments?post=48713"}],"version-history":[{"count":0,"href":"https:\/\/www.gaveanews.com\/index.php\/wp-json\/wp\/v2\/posts\/48713\/revisions"}],"wp:featuredmedia":[{"embeddable":true,"href":"https:\/\/www.gaveanews.com\/index.php\/wp-json\/wp\/v2\/media\/48714"}],"wp:attachment":[{"href":"https:\/\/www.gaveanews.com\/index.php\/wp-json\/wp\/v2\/media?parent=48713"}],"wp:term":[{"taxonomy":"category","embeddable":true,"href":"https:\/\/www.gaveanews.com\/index.php\/wp-json\/wp\/v2\/categories?post=48713"},{"taxonomy":"post_tag","embeddable":true,"href":"https:\/\/www.gaveanews.com\/index.php\/wp-json\/wp\/v2\/tags?post=48713"}],"curies":[{"name":"wp","href":"https:\/\/api.w.org\/{rel}","templated":true}]}}