{"id":48720,"date":"2020-10-07T08:54:05","date_gmt":"2020-10-07T11:54:05","guid":{"rendered":"https:\/\/www.gaveanews.com\/?p=48720"},"modified":"2021-08-12T00:48:56","modified_gmt":"2021-08-12T03:48:56","slug":"flamengo-apoia-outubro-rosa-e-licenciada-lanca-camisa-especial","status":"publish","type":"post","link":"https:\/\/www.gaveanews.com\/index.php\/2020\/10\/07\/flamengo-apoia-outubro-rosa-e-licenciada-lanca-camisa-especial\/","title":{"rendered":"Flamengo apoia outubro rosa e  licenciada lan\u00e7a camisa especial"},"content":{"rendered":"\n<p>O m\u00eas de outubro \u00e9 marcado pela luta contra o c\u00e2ncer de mama e recentemente tamb\u00e9m o c\u00e2ncer de colo de \u00fatero, \u00e9 feito neste m\u00eas uma campanha conhecida como outubro rosa.<\/p>\n\n\n\n<p>O rubro-negro tem apoiado a campanha todo ano, criando uma s\u00e9rie de itens especiais e exclusivos. Este ano uma de suas licenciadas, Braziline, lan\u00e7ou uma camisa feminina em refer\u00eancia \u00e0 campanha.<\/p>\n\n\n\n<p>A camisa tem cor predominantemente rosa, com o escudo na parte inferior direita marcado em roxo, como se fossem rabiscos. Na parte frontal superior se encontra o s\u00edmbolo do outubro rosa ao lado direito e o escudo do time ao esquerdo, ambos em cor branca. A camisa possui novamente o escudo do Flamengo na parte traseira, centralizada na parte superior, pr\u00f3ximo \u00e0 gola.<\/p>\n\n\n\n<p> Confeccionada dos tamanhos P ao GG em poli\u00e9ster, a camisa j\u00e1 est\u00e1 dispon\u00edvel para compra nos sites oficiais. O valor da mesma \u00e9 de R$89,90.<\/p>\n\n\n\n<p>Al\u00e9m da nova camisa, o time lan\u00e7ou em suas redes sociais uma campanha que incentiva a doa\u00e7\u00e3o de cabelo para institui\u00e7\u00f5es que tratam pessoas com c\u00e2ncer. \u00c9 necess\u00e1rio que as mechas doadas tenham, pelo menos, 20cm de comprimento secas e estejam presas com el\u00e1stico. As doa\u00e7\u00f5es podem ser feitas por meio dos Correios. As mechas ser\u00e3o utilizadas na produ\u00e7\u00e3o de perucas, que ser\u00e3o distribu\u00eddas em bancos de cabelo de todo o pa\u00eds. <\/p>\n\n\n\n<figure class=\"wp-block-embed-instagram wp-block-embed is-type-rich is-provider-instagram\"><div class=\"wp-block-embed__wrapper\">\nhttps:\/\/www.instagram.com\/p\/CGAgw8ZMD8t\/?utm_source=ig_web_copy_link\n<\/div><\/figure>\n\n\n\n<p><\/p>\n","protected":false},"excerpt":{"rendered":"<p>O m\u00eas de outubro \u00e9 marcado pela luta contra o c\u00e2ncer de mama e recentemente tamb\u00e9m o c\u00e2ncer de colo de \u00fatero, \u00e9 feito neste m\u00eas uma campanha conhecida como outubro rosa. O rubro-negro tem apoiado a campanha todo ano, criando uma s\u00e9rie de itens especiais e exclusivos. Este ano uma de suas licenciadas, Braziline, [&hellip;]<\/p>\n","protected":false},"author":4,"featured_media":48724,"comment_status":"open","ping_status":"closed","sticky":false,"template":"","format":"standard","meta":{"footnotes":""},"categories":[1],"tags":[],"class_list":["post-48720","post","type-post","status-publish","format-standard","has-post-thumbnail","hentry","category-flamengo"],"yoast_head":"<!-- This site is optimized with the Yoast SEO Premium plugin v24.2 (Yoast SEO v26.9) - https:\/\/yoast.com\/product\/yoast-seo-premium-wordpress\/ -->\n<title>Flamengo apoia outubro rosa e licenciada lan\u00e7a camisa especial<\/title>\n<meta name=\"description\" content=\"Al\u00e9m da nova camisa, o time lan\u00e7ou uma campanha que incentiva a doa\u00e7\u00e3o de cabelo para institui\u00e7\u00f5es que tratam pessoas com c\u00e2ncer.\" \/>\n<meta name=\"robots\" content=\"index, follow, max-snippet:-1, max-image-preview:large, max-video-preview:-1\" \/>\n<link rel=\"canonical\" href=\"https:\/\/www.gaveanews.com\/index.php\/2020\/10\/07\/flamengo-apoia-outubro-rosa-e-licenciada-lanca-camisa-especial\/\" \/>\n<meta property=\"og:locale\" content=\"pt_BR\" \/>\n<meta property=\"og:type\" content=\"article\" \/>\n<meta property=\"og:title\" content=\"Flamengo apoia outubro rosa e licenciada lan\u00e7a camisa especial\" \/>\n<meta property=\"og:description\" content=\"Al\u00e9m da nova camisa, o time lan\u00e7ou uma campanha que incentiva a doa\u00e7\u00e3o de cabelo para institui\u00e7\u00f5es que tratam pessoas com c\u00e2ncer.\" \/>\n<meta property=\"og:url\" content=\"https:\/\/www.gaveanews.com\/index.php\/2020\/10\/07\/flamengo-apoia-outubro-rosa-e-licenciada-lanca-camisa-especial\/\" \/>\n<meta property=\"og:site_name\" content=\"G\u00e1vea News\" \/>\n<meta property=\"article:publisher\" content=\"https:\/\/facebook.com\/gaveaNews\/\" \/>\n<meta property=\"article:published_time\" content=\"2020-10-07T11:54:05+00:00\" \/>\n<meta property=\"article:modified_time\" content=\"2021-08-12T03:48:56+00:00\" \/>\n<meta property=\"og:image\" content=\"https:\/\/www.gaveanews.com\/wp-content\/uploads\/camisa-outubro-rosa-do-flamengo-braziline.webp\" \/>\n\t<meta property=\"og:image:width\" content=\"894\" \/>\n\t<meta property=\"og:image:height\" content=\"564\" \/>\n\t<meta property=\"og:image:type\" content=\"image\/jpeg\" \/>\n<meta name=\"author\" content=\"Let\u00edcia Gerheim\" \/>\n<meta name=\"twitter:card\" content=\"summary_large_image\" \/>\n<meta name=\"twitter:label1\" content=\"Escrito por\" \/>\n\t<meta name=\"twitter:data1\" content=\"Let\u00edcia Gerheim\" \/>\n\t<meta name=\"twitter:label2\" content=\"Est. tempo de leitura\" \/>\n\t<meta name=\"twitter:data2\" content=\"1 minuto\" \/>\n<script type=\"application\/ld+json\" class=\"yoast-schema-graph\">{\"@context\":\"https:\/\/schema.org\",\"@graph\":[{\"@type\":\"NewsArticle\",\"@id\":\"https:\/\/www.gaveanews.com\/index.php\/2020\/10\/07\/flamengo-apoia-outubro-rosa-e-licenciada-lanca-camisa-especial\/#article\",\"isPartOf\":{\"@id\":\"https:\/\/www.gaveanews.com\/index.php\/2020\/10\/07\/flamengo-apoia-outubro-rosa-e-licenciada-lanca-camisa-especial\/\"},\"author\":{\"name\":\"Let\u00edcia Gerheim\",\"@id\":\"https:\/\/www.gaveanews.com\/#\/schema\/person\/714c67050b836198af2450ba1c142a67\"},\"headline\":\"Flamengo apoia outubro rosa e licenciada lan\u00e7a camisa especial\",\"datePublished\":\"2020-10-07T11:54:05+00:00\",\"dateModified\":\"2021-08-12T03:48:56+00:00\",\"mainEntityOfPage\":{\"@id\":\"https:\/\/www.gaveanews.com\/index.php\/2020\/10\/07\/flamengo-apoia-outubro-rosa-e-licenciada-lanca-camisa-especial\/\"},\"wordCount\":266,\"commentCount\":0,\"image\":{\"@id\":\"https:\/\/www.gaveanews.com\/index.php\/2020\/10\/07\/flamengo-apoia-outubro-rosa-e-licenciada-lanca-camisa-especial\/#primaryimage\"},\"thumbnailUrl\":\"https:\/\/www.gaveanews.com\/wp-content\/uploads\/camisa-outubro-rosa-do-flamengo-braziline.webp\",\"articleSection\":[\"Flamengo\"],\"inLanguage\":\"pt-BR\",\"potentialAction\":[{\"@type\":\"CommentAction\",\"name\":\"Comment\",\"target\":[\"https:\/\/www.gaveanews.com\/index.php\/2020\/10\/07\/flamengo-apoia-outubro-rosa-e-licenciada-lanca-camisa-especial\/#respond\"]}],\"copyrightYear\":\"2020\",\"copyrightHolder\":{\"@id\":\"https:\/\/www.gaveanews.com\/#organization\"}},{\"@type\":\"WebPage\",\"@id\":\"https:\/\/www.gaveanews.com\/index.php\/2020\/10\/07\/flamengo-apoia-outubro-rosa-e-licenciada-lanca-camisa-especial\/\",\"url\":\"https:\/\/www.gaveanews.com\/index.php\/2020\/10\/07\/flamengo-apoia-outubro-rosa-e-licenciada-lanca-camisa-especial\/\",\"name\":\"Flamengo apoia outubro rosa e licenciada lan\u00e7a camisa especial\",\"isPartOf\":{\"@id\":\"https:\/\/www.gaveanews.com\/#website\"},\"primaryImageOfPage\":{\"@id\":\"https:\/\/www.gaveanews.com\/index.php\/2020\/10\/07\/flamengo-apoia-outubro-rosa-e-licenciada-lanca-camisa-especial\/#primaryimage\"},\"image\":{\"@id\":\"https:\/\/www.gaveanews.com\/index.php\/2020\/10\/07\/flamengo-apoia-outubro-rosa-e-licenciada-lanca-camisa-especial\/#primaryimage\"},\"thumbnailUrl\":\"https:\/\/www.gaveanews.com\/wp-content\/uploads\/camisa-outubro-rosa-do-flamengo-braziline.webp\",\"datePublished\":\"2020-10-07T11:54:05+00:00\",\"dateModified\":\"2021-08-12T03:48:56+00:00\",\"author\":{\"@id\":\"https:\/\/www.gaveanews.com\/#\/schema\/person\/714c67050b836198af2450ba1c142a67\"},\"description\":\"Al\u00e9m da nova camisa, o time lan\u00e7ou uma campanha que incentiva a doa\u00e7\u00e3o de cabelo para institui\u00e7\u00f5es que tratam pessoas com c\u00e2ncer.\",\"breadcrumb\":{\"@id\":\"https:\/\/www.gaveanews.com\/index.php\/2020\/10\/07\/flamengo-apoia-outubro-rosa-e-licenciada-lanca-camisa-especial\/#breadcrumb\"},\"inLanguage\":\"pt-BR\",\"potentialAction\":[{\"@type\":\"ReadAction\",\"target\":[\"https:\/\/www.gaveanews.com\/index.php\/2020\/10\/07\/flamengo-apoia-outubro-rosa-e-licenciada-lanca-camisa-especial\/\"]}]},{\"@type\":\"ImageObject\",\"inLanguage\":\"pt-BR\",\"@id\":\"https:\/\/www.gaveanews.com\/index.php\/2020\/10\/07\/flamengo-apoia-outubro-rosa-e-licenciada-lanca-camisa-especial\/#primaryimage\",\"url\":\"https:\/\/www.gaveanews.com\/wp-content\/uploads\/camisa-outubro-rosa-do-flamengo-braziline.webp\",\"contentUrl\":\"https:\/\/www.gaveanews.com\/wp-content\/uploads\/camisa-outubro-rosa-do-flamengo-braziline.webp\",\"width\":894,\"height\":564,\"caption\":\"(Foto: Reprodu\u00e7\u00e3o)\"},{\"@type\":\"BreadcrumbList\",\"@id\":\"https:\/\/www.gaveanews.com\/index.php\/2020\/10\/07\/flamengo-apoia-outubro-rosa-e-licenciada-lanca-camisa-especial\/#breadcrumb\",\"itemListElement\":[{\"@type\":\"ListItem\",\"position\":1,\"name\":\"Home\",\"item\":\"https:\/\/www.gaveanews.com\/\"},{\"@type\":\"ListItem\",\"position\":2,\"name\":\"Flamengo apoia outubro rosa e licenciada lan\u00e7a camisa especial\"}]},{\"@type\":\"WebSite\",\"@id\":\"https:\/\/www.gaveanews.com\/#website\",\"url\":\"https:\/\/www.gaveanews.com\/\",\"name\":\"G\u00e1vea News\",\"description\":\"Veja todas as not\u00edcias sobre o Flamengo: Contrata\u00e7\u00f5es, categorias de base, resultados das partidas, tabela de classifica\u00e7\u00e3o, pr\u00f3ximos jogos!\",\"potentialAction\":[{\"@type\":\"SearchAction\",\"target\":{\"@type\":\"EntryPoint\",\"urlTemplate\":\"https:\/\/www.gaveanews.com\/?s={search_term_string}\"},\"query-input\":{\"@type\":\"PropertyValueSpecification\",\"valueRequired\":true,\"valueName\":\"search_term_string\"}}],\"inLanguage\":\"pt-BR\"},{\"@type\":\"Person\",\"@id\":\"https:\/\/www.gaveanews.com\/#\/schema\/person\/714c67050b836198af2450ba1c142a67\",\"name\":\"Let\u00edcia Gerheim\",\"image\":{\"@type\":\"ImageObject\",\"inLanguage\":\"pt-BR\",\"@id\":\"https:\/\/www.gaveanews.com\/#\/schema\/person\/image\/\",\"url\":\"https:\/\/secure.gravatar.com\/avatar\/60734739c50fcebfbac509e2a826ccd0ff405c019bc73aab9354f19ecad1dcb4?s=96&d=mm&r=g\",\"contentUrl\":\"https:\/\/secure.gravatar.com\/avatar\/60734739c50fcebfbac509e2a826ccd0ff405c019bc73aab9354f19ecad1dcb4?s=96&d=mm&r=g\",\"caption\":\"Let\u00edcia Gerheim\"}}]}<\/script>\n<!-- \/ Yoast SEO Premium plugin. -->","yoast_head_json":{"title":"Flamengo apoia outubro rosa e licenciada lan\u00e7a camisa especial","description":"Al\u00e9m da nova camisa, o time lan\u00e7ou uma campanha que incentiva a doa\u00e7\u00e3o de cabelo para institui\u00e7\u00f5es que tratam pessoas com c\u00e2ncer.","robots":{"index":"index","follow":"follow","max-snippet":"max-snippet:-1","max-image-preview":"max-image-preview:large","max-video-preview":"max-video-preview:-1"},"canonical":"https:\/\/www.gaveanews.com\/index.php\/2020\/10\/07\/flamengo-apoia-outubro-rosa-e-licenciada-lanca-camisa-especial\/","og_locale":"pt_BR","og_type":"article","og_title":"Flamengo apoia outubro rosa e licenciada lan\u00e7a camisa especial","og_description":"Al\u00e9m da nova camisa, o time lan\u00e7ou uma campanha que incentiva a doa\u00e7\u00e3o de cabelo para institui\u00e7\u00f5es que tratam pessoas com c\u00e2ncer.","og_url":"https:\/\/www.gaveanews.com\/index.php\/2020\/10\/07\/flamengo-apoia-outubro-rosa-e-licenciada-lanca-camisa-especial\/","og_site_name":"G\u00e1vea News","article_publisher":"https:\/\/facebook.com\/gaveaNews\/","article_published_time":"2020-10-07T11:54:05+00:00","article_modified_time":"2021-08-12T03:48:56+00:00","og_image":[{"width":894,"height":564,"url":"https:\/\/www.gaveanews.com\/wp-content\/uploads\/camisa-outubro-rosa-do-flamengo-braziline.webp","type":"image\/jpeg"}],"author":"Let\u00edcia Gerheim","twitter_card":"summary_large_image","twitter_misc":{"Escrito por":"Let\u00edcia Gerheim","Est. tempo de leitura":"1 minuto"},"schema":{"@context":"https:\/\/schema.org","@graph":[{"@type":"NewsArticle","@id":"https:\/\/www.gaveanews.com\/index.php\/2020\/10\/07\/flamengo-apoia-outubro-rosa-e-licenciada-lanca-camisa-especial\/#article","isPartOf":{"@id":"https:\/\/www.gaveanews.com\/index.php\/2020\/10\/07\/flamengo-apoia-outubro-rosa-e-licenciada-lanca-camisa-especial\/"},"author":{"name":"Let\u00edcia Gerheim","@id":"https:\/\/www.gaveanews.com\/#\/schema\/person\/714c67050b836198af2450ba1c142a67"},"headline":"Flamengo apoia outubro rosa e licenciada lan\u00e7a camisa especial","datePublished":"2020-10-07T11:54:05+00:00","dateModified":"2021-08-12T03:48:56+00:00","mainEntityOfPage":{"@id":"https:\/\/www.gaveanews.com\/index.php\/2020\/10\/07\/flamengo-apoia-outubro-rosa-e-licenciada-lanca-camisa-especial\/"},"wordCount":266,"commentCount":0,"image":{"@id":"https:\/\/www.gaveanews.com\/index.php\/2020\/10\/07\/flamengo-apoia-outubro-rosa-e-licenciada-lanca-camisa-especial\/#primaryimage"},"thumbnailUrl":"https:\/\/www.gaveanews.com\/wp-content\/uploads\/camisa-outubro-rosa-do-flamengo-braziline.webp","articleSection":["Flamengo"],"inLanguage":"pt-BR","potentialAction":[{"@type":"CommentAction","name":"Comment","target":["https:\/\/www.gaveanews.com\/index.php\/2020\/10\/07\/flamengo-apoia-outubro-rosa-e-licenciada-lanca-camisa-especial\/#respond"]}],"copyrightYear":"2020","copyrightHolder":{"@id":"https:\/\/www.gaveanews.com\/#organization"}},{"@type":"WebPage","@id":"https:\/\/www.gaveanews.com\/index.php\/2020\/10\/07\/flamengo-apoia-outubro-rosa-e-licenciada-lanca-camisa-especial\/","url":"https:\/\/www.gaveanews.com\/index.php\/2020\/10\/07\/flamengo-apoia-outubro-rosa-e-licenciada-lanca-camisa-especial\/","name":"Flamengo apoia outubro rosa e licenciada lan\u00e7a camisa especial","isPartOf":{"@id":"https:\/\/www.gaveanews.com\/#website"},"primaryImageOfPage":{"@id":"https:\/\/www.gaveanews.com\/index.php\/2020\/10\/07\/flamengo-apoia-outubro-rosa-e-licenciada-lanca-camisa-especial\/#primaryimage"},"image":{"@id":"https:\/\/www.gaveanews.com\/index.php\/2020\/10\/07\/flamengo-apoia-outubro-rosa-e-licenciada-lanca-camisa-especial\/#primaryimage"},"thumbnailUrl":"https:\/\/www.gaveanews.com\/wp-content\/uploads\/camisa-outubro-rosa-do-flamengo-braziline.webp","datePublished":"2020-10-07T11:54:05+00:00","dateModified":"2021-08-12T03:48:56+00:00","author":{"@id":"https:\/\/www.gaveanews.com\/#\/schema\/person\/714c67050b836198af2450ba1c142a67"},"description":"Al\u00e9m da nova camisa, o time lan\u00e7ou uma campanha que incentiva a doa\u00e7\u00e3o de cabelo para institui\u00e7\u00f5es que tratam pessoas com c\u00e2ncer.","breadcrumb":{"@id":"https:\/\/www.gaveanews.com\/index.php\/2020\/10\/07\/flamengo-apoia-outubro-rosa-e-licenciada-lanca-camisa-especial\/#breadcrumb"},"inLanguage":"pt-BR","potentialAction":[{"@type":"ReadAction","target":["https:\/\/www.gaveanews.com\/index.php\/2020\/10\/07\/flamengo-apoia-outubro-rosa-e-licenciada-lanca-camisa-especial\/"]}]},{"@type":"ImageObject","inLanguage":"pt-BR","@id":"https:\/\/www.gaveanews.com\/index.php\/2020\/10\/07\/flamengo-apoia-outubro-rosa-e-licenciada-lanca-camisa-especial\/#primaryimage","url":"https:\/\/www.gaveanews.com\/wp-content\/uploads\/camisa-outubro-rosa-do-flamengo-braziline.webp","contentUrl":"https:\/\/www.gaveanews.com\/wp-content\/uploads\/camisa-outubro-rosa-do-flamengo-braziline.webp","width":894,"height":564,"caption":"(Foto: Reprodu\u00e7\u00e3o)"},{"@type":"BreadcrumbList","@id":"https:\/\/www.gaveanews.com\/index.php\/2020\/10\/07\/flamengo-apoia-outubro-rosa-e-licenciada-lanca-camisa-especial\/#breadcrumb","itemListElement":[{"@type":"ListItem","position":1,"name":"Home","item":"https:\/\/www.gaveanews.com\/"},{"@type":"ListItem","position":2,"name":"Flamengo apoia outubro rosa e licenciada lan\u00e7a camisa especial"}]},{"@type":"WebSite","@id":"https:\/\/www.gaveanews.com\/#website","url":"https:\/\/www.gaveanews.com\/","name":"G\u00e1vea News","description":"Veja todas as not\u00edcias sobre o Flamengo: Contrata\u00e7\u00f5es, categorias de base, resultados das partidas, tabela de classifica\u00e7\u00e3o, pr\u00f3ximos jogos!","potentialAction":[{"@type":"SearchAction","target":{"@type":"EntryPoint","urlTemplate":"https:\/\/www.gaveanews.com\/?s={search_term_string}"},"query-input":{"@type":"PropertyValueSpecification","valueRequired":true,"valueName":"search_term_string"}}],"inLanguage":"pt-BR"},{"@type":"Person","@id":"https:\/\/www.gaveanews.com\/#\/schema\/person\/714c67050b836198af2450ba1c142a67","name":"Let\u00edcia Gerheim","image":{"@type":"ImageObject","inLanguage":"pt-BR","@id":"https:\/\/www.gaveanews.com\/#\/schema\/person\/image\/","url":"https:\/\/secure.gravatar.com\/avatar\/60734739c50fcebfbac509e2a826ccd0ff405c019bc73aab9354f19ecad1dcb4?s=96&d=mm&r=g","contentUrl":"https:\/\/secure.gravatar.com\/avatar\/60734739c50fcebfbac509e2a826ccd0ff405c019bc73aab9354f19ecad1dcb4?s=96&d=mm&r=g","caption":"Let\u00edcia Gerheim"}}]}},"_links":{"self":[{"href":"https:\/\/www.gaveanews.com\/index.php\/wp-json\/wp\/v2\/posts\/48720","targetHints":{"allow":["GET"]}}],"collection":[{"href":"https:\/\/www.gaveanews.com\/index.php\/wp-json\/wp\/v2\/posts"}],"about":[{"href":"https:\/\/www.gaveanews.com\/index.php\/wp-json\/wp\/v2\/types\/post"}],"author":[{"embeddable":true,"href":"https:\/\/www.gaveanews.com\/index.php\/wp-json\/wp\/v2\/users\/4"}],"replies":[{"embeddable":true,"href":"https:\/\/www.gaveanews.com\/index.php\/wp-json\/wp\/v2\/comments?post=48720"}],"version-history":[{"count":0,"href":"https:\/\/www.gaveanews.com\/index.php\/wp-json\/wp\/v2\/posts\/48720\/revisions"}],"wp:featuredmedia":[{"embeddable":true,"href":"https:\/\/www.gaveanews.com\/index.php\/wp-json\/wp\/v2\/media\/48724"}],"wp:attachment":[{"href":"https:\/\/www.gaveanews.com\/index.php\/wp-json\/wp\/v2\/media?parent=48720"}],"wp:term":[{"taxonomy":"category","embeddable":true,"href":"https:\/\/www.gaveanews.com\/index.php\/wp-json\/wp\/v2\/categories?post=48720"},{"taxonomy":"post_tag","embeddable":true,"href":"https:\/\/www.gaveanews.com\/index.php\/wp-json\/wp\/v2\/tags?post=48720"}],"curies":[{"name":"wp","href":"https:\/\/api.w.org\/{rel}","templated":true}]}}