{"id":48879,"date":"2020-10-09T07:33:25","date_gmt":"2020-10-09T10:33:25","guid":{"rendered":"https:\/\/www.gaveanews.com\/?p=48879"},"modified":"2020-10-09T08:01:02","modified_gmt":"2020-10-09T11:01:02","slug":"destaque-do-flamengo-pedro-tem-fama-de-carrasco-do-vasco-veja-numeros","status":"publish","type":"post","link":"https:\/\/www.gaveanews.com\/index.php\/2020\/10\/09\/destaque-do-flamengo-pedro-tem-fama-de-carrasco-do-vasco-veja-numeros\/","title":{"rendered":"Destaque do Flamengo, Pedro tem fama de carrasco do Vasco; veja n\u00fameros"},"content":{"rendered":"\n<p>Com 14 gols na temporada de 2020, o atacante Pedro \u00e9 um dos trunfos do Flamengo para o cl\u00e1ssico contra o Vasco da Gama, neste s\u00e1bado (10), \u00e0s 17h (de Bras\u00edlia), em S\u00e3o Janu\u00e1rio, na abertura da 15\u00aa rodada do Brasileir\u00e3o 2020.<\/p>\n\n\n\n<p>Emprestado pela Fiorentina, da It\u00e1lia, o centroavante se tornou uma das principais estrelas do Meng\u00e3o e divide o protagonista do ataque ao lado de Bruno Henrique e Gabigol. Para se ter ideia do bom momento, o camisa 21 marcou cinco gols nos \u00faltimos cinco jogos do rubro-negro em Brasileir\u00e3o e Copa do Brasil.<\/p>\n\n\n\n<p>De quebra, o atleta de 23 anos carrega a fama de carrasco do Vasco da Gama. Nos tempos em que defendeu o Fluminense, o atacante teve cinco duelos contra os vasca\u00ednos pelo time profissional, venceu tr\u00eas vezes, empatou uma partida, sofreu apenas uma derrota e marcou um total de tr\u00eas gols.<\/p>\n\n\n\n<p>Ou seja, nos duelos contra o clube de S\u00e3o Janu\u00e1rio, Pedro tem uma m\u00e9dia de 1,6 gols por partida. Ele, inclusive, \u00e9 presen\u00e7a mais do que confirmado para o jogo e o t\u00e9cnico Dom\u00e8nec Torret n\u00e3o esconde a felicidade em t\u00ea-lo.<\/p>\n\n\n\n<p>\u201c<strong>N\u00e3o s\u00f3 finaliza bem, ele traz coisas importantes. Quando temos problemas, pode lan\u00e7ar para ele. Muito importante isso. Estamos contentes, especialmente com o Pedro. Ele, como todos, precisava melhorar fisicamente e agora est\u00e1 ajudando muito<\/strong>\u201c, elogiou o catal\u00e3o.<\/p>\n\n\n\n<p>Com a vit\u00f3ria por 3 a 0 sobre o Sport, o Flamengo chegou aos 24 pontos e subiu para a vice-lideran\u00e7a do Campeonato Brasileiro 2020.<\/p>\n\n\n\n<p>Retirado de: Hashtag Rubro-Negro<\/p>\n","protected":false},"excerpt":{"rendered":"<p>Com 14 gols na temporada de 2020, o atacante Pedro \u00e9 um dos trunfos do Flamengo para o cl\u00e1ssico contra o Vasco da Gama, neste s\u00e1bado (10), \u00e0s 17h (de Bras\u00edlia), em S\u00e3o Janu\u00e1rio, na abertura da 15\u00aa rodada do Brasileir\u00e3o 2020. Emprestado pela Fiorentina, da It\u00e1lia, o centroavante se tornou uma das principais estrelas [&hellip;]<\/p>\n","protected":false},"author":1,"featured_media":46738,"comment_status":"open","ping_status":"closed","sticky":false,"template":"","format":"standard","meta":{"footnotes":""},"categories":[1],"tags":[],"class_list":["post-48879","post","type-post","status-publish","format-standard","has-post-thumbnail","hentry","category-flamengo"],"yoast_head":"<!-- This site is optimized with the Yoast SEO Premium plugin v24.2 (Yoast SEO v26.9) - https:\/\/yoast.com\/product\/yoast-seo-premium-wordpress\/ -->\n<title>Destaque do Flamengo, Pedro tem fama de carrasco do Vasco; veja n\u00fameros<\/title>\n<meta name=\"robots\" content=\"index, follow, max-snippet:-1, max-image-preview:large, max-video-preview:-1\" \/>\n<link rel=\"canonical\" href=\"https:\/\/www.gaveanews.com\/index.php\/2020\/10\/09\/destaque-do-flamengo-pedro-tem-fama-de-carrasco-do-vasco-veja-numeros\/\" \/>\n<meta property=\"og:locale\" content=\"pt_BR\" \/>\n<meta property=\"og:type\" content=\"article\" \/>\n<meta property=\"og:title\" content=\"Destaque do Flamengo, Pedro tem fama de carrasco do Vasco; veja n\u00fameros\" \/>\n<meta property=\"og:description\" content=\"Com 14 gols na temporada de 2020, o atacante Pedro \u00e9 um dos trunfos do Flamengo para o cl\u00e1ssico contra o Vasco da Gama, neste s\u00e1bado (10), \u00e0s 17h (de Bras\u00edlia), em S\u00e3o Janu\u00e1rio, na abertura da 15\u00aa rodada do Brasileir\u00e3o 2020. Emprestado pela Fiorentina, da It\u00e1lia, o centroavante se tornou uma das principais estrelas [&hellip;]\" \/>\n<meta property=\"og:url\" content=\"https:\/\/www.gaveanews.com\/index.php\/2020\/10\/09\/destaque-do-flamengo-pedro-tem-fama-de-carrasco-do-vasco-veja-numeros\/\" \/>\n<meta property=\"og:site_name\" content=\"G\u00e1vea News\" \/>\n<meta property=\"article:publisher\" content=\"https:\/\/facebook.com\/gaveaNews\/\" \/>\n<meta property=\"article:published_time\" content=\"2020-10-09T10:33:25+00:00\" \/>\n<meta property=\"article:modified_time\" content=\"2020-10-09T11:01:02+00:00\" \/>\n<meta property=\"og:image\" content=\"https:\/\/www.gaveanews.com\/wp-content\/uploads\/Pedro-comemora-apos-marcar-o-primeiro-gol-da-partida-entre-Flamengo-e-Bahia.webp\" \/>\n\t<meta property=\"og:image:width\" content=\"800\" \/>\n\t<meta property=\"og:image:height\" content=\"533\" \/>\n\t<meta property=\"og:image:type\" content=\"image\/jpeg\" \/>\n<meta name=\"author\" content=\"Equipe G\u00e1vea News\" \/>\n<meta name=\"twitter:card\" content=\"summary_large_image\" \/>\n<meta name=\"twitter:label1\" content=\"Escrito por\" \/>\n\t<meta name=\"twitter:data1\" content=\"Equipe G\u00e1vea News\" \/>\n\t<meta name=\"twitter:label2\" content=\"Est. tempo de leitura\" \/>\n\t<meta name=\"twitter:data2\" content=\"1 minuto\" \/>\n<script type=\"application\/ld+json\" class=\"yoast-schema-graph\">{\"@context\":\"https:\/\/schema.org\",\"@graph\":[{\"@type\":\"NewsArticle\",\"@id\":\"https:\/\/www.gaveanews.com\/index.php\/2020\/10\/09\/destaque-do-flamengo-pedro-tem-fama-de-carrasco-do-vasco-veja-numeros\/#article\",\"isPartOf\":{\"@id\":\"https:\/\/www.gaveanews.com\/index.php\/2020\/10\/09\/destaque-do-flamengo-pedro-tem-fama-de-carrasco-do-vasco-veja-numeros\/\"},\"author\":{\"name\":\"Equipe G\u00e1vea News\",\"@id\":\"https:\/\/www.gaveanews.com\/#\/schema\/person\/2ec14f73fb96be2caf28f91afb14749d\"},\"headline\":\"Destaque do Flamengo, Pedro tem fama de carrasco do Vasco; veja n\u00fameros\",\"datePublished\":\"2020-10-09T10:33:25+00:00\",\"dateModified\":\"2020-10-09T11:01:02+00:00\",\"mainEntityOfPage\":{\"@id\":\"https:\/\/www.gaveanews.com\/index.php\/2020\/10\/09\/destaque-do-flamengo-pedro-tem-fama-de-carrasco-do-vasco-veja-numeros\/\"},\"wordCount\":278,\"commentCount\":0,\"image\":{\"@id\":\"https:\/\/www.gaveanews.com\/index.php\/2020\/10\/09\/destaque-do-flamengo-pedro-tem-fama-de-carrasco-do-vasco-veja-numeros\/#primaryimage\"},\"thumbnailUrl\":\"https:\/\/www.gaveanews.com\/wp-content\/uploads\/Pedro-comemora-apos-marcar-o-primeiro-gol-da-partida-entre-Flamengo-e-Bahia.webp\",\"articleSection\":[\"Flamengo\"],\"inLanguage\":\"pt-BR\",\"potentialAction\":[{\"@type\":\"CommentAction\",\"name\":\"Comment\",\"target\":[\"https:\/\/www.gaveanews.com\/index.php\/2020\/10\/09\/destaque-do-flamengo-pedro-tem-fama-de-carrasco-do-vasco-veja-numeros\/#respond\"]}],\"copyrightYear\":\"2020\",\"copyrightHolder\":{\"@id\":\"https:\/\/www.gaveanews.com\/#organization\"}},{\"@type\":\"WebPage\",\"@id\":\"https:\/\/www.gaveanews.com\/index.php\/2020\/10\/09\/destaque-do-flamengo-pedro-tem-fama-de-carrasco-do-vasco-veja-numeros\/\",\"url\":\"https:\/\/www.gaveanews.com\/index.php\/2020\/10\/09\/destaque-do-flamengo-pedro-tem-fama-de-carrasco-do-vasco-veja-numeros\/\",\"name\":\"Destaque do Flamengo, Pedro tem fama de carrasco do Vasco; veja n\u00fameros\",\"isPartOf\":{\"@id\":\"https:\/\/www.gaveanews.com\/#website\"},\"primaryImageOfPage\":{\"@id\":\"https:\/\/www.gaveanews.com\/index.php\/2020\/10\/09\/destaque-do-flamengo-pedro-tem-fama-de-carrasco-do-vasco-veja-numeros\/#primaryimage\"},\"image\":{\"@id\":\"https:\/\/www.gaveanews.com\/index.php\/2020\/10\/09\/destaque-do-flamengo-pedro-tem-fama-de-carrasco-do-vasco-veja-numeros\/#primaryimage\"},\"thumbnailUrl\":\"https:\/\/www.gaveanews.com\/wp-content\/uploads\/Pedro-comemora-apos-marcar-o-primeiro-gol-da-partida-entre-Flamengo-e-Bahia.webp\",\"datePublished\":\"2020-10-09T10:33:25+00:00\",\"dateModified\":\"2020-10-09T11:01:02+00:00\",\"author\":{\"@id\":\"https:\/\/www.gaveanews.com\/#\/schema\/person\/2ec14f73fb96be2caf28f91afb14749d\"},\"breadcrumb\":{\"@id\":\"https:\/\/www.gaveanews.com\/index.php\/2020\/10\/09\/destaque-do-flamengo-pedro-tem-fama-de-carrasco-do-vasco-veja-numeros\/#breadcrumb\"},\"inLanguage\":\"pt-BR\",\"potentialAction\":[{\"@type\":\"ReadAction\",\"target\":[\"https:\/\/www.gaveanews.com\/index.php\/2020\/10\/09\/destaque-do-flamengo-pedro-tem-fama-de-carrasco-do-vasco-veja-numeros\/\"]}]},{\"@type\":\"ImageObject\",\"inLanguage\":\"pt-BR\",\"@id\":\"https:\/\/www.gaveanews.com\/index.php\/2020\/10\/09\/destaque-do-flamengo-pedro-tem-fama-de-carrasco-do-vasco-veja-numeros\/#primaryimage\",\"url\":\"https:\/\/www.gaveanews.com\/wp-content\/uploads\/Pedro-comemora-apos-marcar-o-primeiro-gol-da-partida-entre-Flamengo-e-Bahia.webp\",\"contentUrl\":\"https:\/\/www.gaveanews.com\/wp-content\/uploads\/Pedro-comemora-apos-marcar-o-primeiro-gol-da-partida-entre-Flamengo-e-Bahia.webp\",\"width\":800,\"height\":533,\"caption\":\"Pedro comemora ap\u00f3s marcar o primeiro gol da partida entre Flamengo e Bahia (Foto: Alexandre Vidal\/Flamengo)\"},{\"@type\":\"BreadcrumbList\",\"@id\":\"https:\/\/www.gaveanews.com\/index.php\/2020\/10\/09\/destaque-do-flamengo-pedro-tem-fama-de-carrasco-do-vasco-veja-numeros\/#breadcrumb\",\"itemListElement\":[{\"@type\":\"ListItem\",\"position\":1,\"name\":\"Home\",\"item\":\"https:\/\/www.gaveanews.com\/\"},{\"@type\":\"ListItem\",\"position\":2,\"name\":\"Destaque do Flamengo, Pedro tem fama de carrasco do Vasco; veja n\u00fameros\"}]},{\"@type\":\"WebSite\",\"@id\":\"https:\/\/www.gaveanews.com\/#website\",\"url\":\"https:\/\/www.gaveanews.com\/\",\"name\":\"G\u00e1vea News\",\"description\":\"Veja todas as not\u00edcias sobre o Flamengo: Contrata\u00e7\u00f5es, categorias de base, resultados das partidas, tabela de classifica\u00e7\u00e3o, pr\u00f3ximos jogos!\",\"potentialAction\":[{\"@type\":\"SearchAction\",\"target\":{\"@type\":\"EntryPoint\",\"urlTemplate\":\"https:\/\/www.gaveanews.com\/?s={search_term_string}\"},\"query-input\":{\"@type\":\"PropertyValueSpecification\",\"valueRequired\":true,\"valueName\":\"search_term_string\"}}],\"inLanguage\":\"pt-BR\"},{\"@type\":\"Person\",\"@id\":\"https:\/\/www.gaveanews.com\/#\/schema\/person\/2ec14f73fb96be2caf28f91afb14749d\",\"name\":\"Equipe G\u00e1vea News\",\"image\":{\"@type\":\"ImageObject\",\"inLanguage\":\"pt-BR\",\"@id\":\"https:\/\/www.gaveanews.com\/#\/schema\/person\/image\/\",\"url\":\"https:\/\/secure.gravatar.com\/avatar\/1e1956f1facbffd3f8fa53a326721950116b3b9dc9bd44939c01180fd4a745a9?s=96&d=mm&r=g\",\"contentUrl\":\"https:\/\/secure.gravatar.com\/avatar\/1e1956f1facbffd3f8fa53a326721950116b3b9dc9bd44939c01180fd4a745a9?s=96&d=mm&r=g\",\"caption\":\"Equipe G\u00e1vea News\"}}]}<\/script>\n<!-- \/ Yoast SEO Premium plugin. -->","yoast_head_json":{"title":"Destaque do Flamengo, Pedro tem fama de carrasco do Vasco; veja n\u00fameros","robots":{"index":"index","follow":"follow","max-snippet":"max-snippet:-1","max-image-preview":"max-image-preview:large","max-video-preview":"max-video-preview:-1"},"canonical":"https:\/\/www.gaveanews.com\/index.php\/2020\/10\/09\/destaque-do-flamengo-pedro-tem-fama-de-carrasco-do-vasco-veja-numeros\/","og_locale":"pt_BR","og_type":"article","og_title":"Destaque do Flamengo, Pedro tem fama de carrasco do Vasco; veja n\u00fameros","og_description":"Com 14 gols na temporada de 2020, o atacante Pedro \u00e9 um dos trunfos do Flamengo para o cl\u00e1ssico contra o Vasco da Gama, neste s\u00e1bado (10), \u00e0s 17h (de Bras\u00edlia), em S\u00e3o Janu\u00e1rio, na abertura da 15\u00aa rodada do Brasileir\u00e3o 2020. Emprestado pela Fiorentina, da It\u00e1lia, o centroavante se tornou uma das principais estrelas [&hellip;]","og_url":"https:\/\/www.gaveanews.com\/index.php\/2020\/10\/09\/destaque-do-flamengo-pedro-tem-fama-de-carrasco-do-vasco-veja-numeros\/","og_site_name":"G\u00e1vea News","article_publisher":"https:\/\/facebook.com\/gaveaNews\/","article_published_time":"2020-10-09T10:33:25+00:00","article_modified_time":"2020-10-09T11:01:02+00:00","og_image":[{"width":800,"height":533,"url":"https:\/\/www.gaveanews.com\/wp-content\/uploads\/Pedro-comemora-apos-marcar-o-primeiro-gol-da-partida-entre-Flamengo-e-Bahia.webp","type":"image\/jpeg"}],"author":"Equipe G\u00e1vea News","twitter_card":"summary_large_image","twitter_misc":{"Escrito por":"Equipe G\u00e1vea News","Est. tempo de leitura":"1 minuto"},"schema":{"@context":"https:\/\/schema.org","@graph":[{"@type":"NewsArticle","@id":"https:\/\/www.gaveanews.com\/index.php\/2020\/10\/09\/destaque-do-flamengo-pedro-tem-fama-de-carrasco-do-vasco-veja-numeros\/#article","isPartOf":{"@id":"https:\/\/www.gaveanews.com\/index.php\/2020\/10\/09\/destaque-do-flamengo-pedro-tem-fama-de-carrasco-do-vasco-veja-numeros\/"},"author":{"name":"Equipe G\u00e1vea News","@id":"https:\/\/www.gaveanews.com\/#\/schema\/person\/2ec14f73fb96be2caf28f91afb14749d"},"headline":"Destaque do Flamengo, Pedro tem fama de carrasco do Vasco; veja n\u00fameros","datePublished":"2020-10-09T10:33:25+00:00","dateModified":"2020-10-09T11:01:02+00:00","mainEntityOfPage":{"@id":"https:\/\/www.gaveanews.com\/index.php\/2020\/10\/09\/destaque-do-flamengo-pedro-tem-fama-de-carrasco-do-vasco-veja-numeros\/"},"wordCount":278,"commentCount":0,"image":{"@id":"https:\/\/www.gaveanews.com\/index.php\/2020\/10\/09\/destaque-do-flamengo-pedro-tem-fama-de-carrasco-do-vasco-veja-numeros\/#primaryimage"},"thumbnailUrl":"https:\/\/www.gaveanews.com\/wp-content\/uploads\/Pedro-comemora-apos-marcar-o-primeiro-gol-da-partida-entre-Flamengo-e-Bahia.webp","articleSection":["Flamengo"],"inLanguage":"pt-BR","potentialAction":[{"@type":"CommentAction","name":"Comment","target":["https:\/\/www.gaveanews.com\/index.php\/2020\/10\/09\/destaque-do-flamengo-pedro-tem-fama-de-carrasco-do-vasco-veja-numeros\/#respond"]}],"copyrightYear":"2020","copyrightHolder":{"@id":"https:\/\/www.gaveanews.com\/#organization"}},{"@type":"WebPage","@id":"https:\/\/www.gaveanews.com\/index.php\/2020\/10\/09\/destaque-do-flamengo-pedro-tem-fama-de-carrasco-do-vasco-veja-numeros\/","url":"https:\/\/www.gaveanews.com\/index.php\/2020\/10\/09\/destaque-do-flamengo-pedro-tem-fama-de-carrasco-do-vasco-veja-numeros\/","name":"Destaque do Flamengo, Pedro tem fama de carrasco do Vasco; veja n\u00fameros","isPartOf":{"@id":"https:\/\/www.gaveanews.com\/#website"},"primaryImageOfPage":{"@id":"https:\/\/www.gaveanews.com\/index.php\/2020\/10\/09\/destaque-do-flamengo-pedro-tem-fama-de-carrasco-do-vasco-veja-numeros\/#primaryimage"},"image":{"@id":"https:\/\/www.gaveanews.com\/index.php\/2020\/10\/09\/destaque-do-flamengo-pedro-tem-fama-de-carrasco-do-vasco-veja-numeros\/#primaryimage"},"thumbnailUrl":"https:\/\/www.gaveanews.com\/wp-content\/uploads\/Pedro-comemora-apos-marcar-o-primeiro-gol-da-partida-entre-Flamengo-e-Bahia.webp","datePublished":"2020-10-09T10:33:25+00:00","dateModified":"2020-10-09T11:01:02+00:00","author":{"@id":"https:\/\/www.gaveanews.com\/#\/schema\/person\/2ec14f73fb96be2caf28f91afb14749d"},"breadcrumb":{"@id":"https:\/\/www.gaveanews.com\/index.php\/2020\/10\/09\/destaque-do-flamengo-pedro-tem-fama-de-carrasco-do-vasco-veja-numeros\/#breadcrumb"},"inLanguage":"pt-BR","potentialAction":[{"@type":"ReadAction","target":["https:\/\/www.gaveanews.com\/index.php\/2020\/10\/09\/destaque-do-flamengo-pedro-tem-fama-de-carrasco-do-vasco-veja-numeros\/"]}]},{"@type":"ImageObject","inLanguage":"pt-BR","@id":"https:\/\/www.gaveanews.com\/index.php\/2020\/10\/09\/destaque-do-flamengo-pedro-tem-fama-de-carrasco-do-vasco-veja-numeros\/#primaryimage","url":"https:\/\/www.gaveanews.com\/wp-content\/uploads\/Pedro-comemora-apos-marcar-o-primeiro-gol-da-partida-entre-Flamengo-e-Bahia.webp","contentUrl":"https:\/\/www.gaveanews.com\/wp-content\/uploads\/Pedro-comemora-apos-marcar-o-primeiro-gol-da-partida-entre-Flamengo-e-Bahia.webp","width":800,"height":533,"caption":"Pedro comemora ap\u00f3s marcar o primeiro gol da partida entre Flamengo e Bahia (Foto: Alexandre Vidal\/Flamengo)"},{"@type":"BreadcrumbList","@id":"https:\/\/www.gaveanews.com\/index.php\/2020\/10\/09\/destaque-do-flamengo-pedro-tem-fama-de-carrasco-do-vasco-veja-numeros\/#breadcrumb","itemListElement":[{"@type":"ListItem","position":1,"name":"Home","item":"https:\/\/www.gaveanews.com\/"},{"@type":"ListItem","position":2,"name":"Destaque do Flamengo, Pedro tem fama de carrasco do Vasco; veja n\u00fameros"}]},{"@type":"WebSite","@id":"https:\/\/www.gaveanews.com\/#website","url":"https:\/\/www.gaveanews.com\/","name":"G\u00e1vea News","description":"Veja todas as not\u00edcias sobre o Flamengo: Contrata\u00e7\u00f5es, categorias de base, resultados das partidas, tabela de classifica\u00e7\u00e3o, pr\u00f3ximos jogos!","potentialAction":[{"@type":"SearchAction","target":{"@type":"EntryPoint","urlTemplate":"https:\/\/www.gaveanews.com\/?s={search_term_string}"},"query-input":{"@type":"PropertyValueSpecification","valueRequired":true,"valueName":"search_term_string"}}],"inLanguage":"pt-BR"},{"@type":"Person","@id":"https:\/\/www.gaveanews.com\/#\/schema\/person\/2ec14f73fb96be2caf28f91afb14749d","name":"Equipe G\u00e1vea News","image":{"@type":"ImageObject","inLanguage":"pt-BR","@id":"https:\/\/www.gaveanews.com\/#\/schema\/person\/image\/","url":"https:\/\/secure.gravatar.com\/avatar\/1e1956f1facbffd3f8fa53a326721950116b3b9dc9bd44939c01180fd4a745a9?s=96&d=mm&r=g","contentUrl":"https:\/\/secure.gravatar.com\/avatar\/1e1956f1facbffd3f8fa53a326721950116b3b9dc9bd44939c01180fd4a745a9?s=96&d=mm&r=g","caption":"Equipe G\u00e1vea News"}}]}},"_links":{"self":[{"href":"https:\/\/www.gaveanews.com\/index.php\/wp-json\/wp\/v2\/posts\/48879","targetHints":{"allow":["GET"]}}],"collection":[{"href":"https:\/\/www.gaveanews.com\/index.php\/wp-json\/wp\/v2\/posts"}],"about":[{"href":"https:\/\/www.gaveanews.com\/index.php\/wp-json\/wp\/v2\/types\/post"}],"author":[{"embeddable":true,"href":"https:\/\/www.gaveanews.com\/index.php\/wp-json\/wp\/v2\/users\/1"}],"replies":[{"embeddable":true,"href":"https:\/\/www.gaveanews.com\/index.php\/wp-json\/wp\/v2\/comments?post=48879"}],"version-history":[{"count":0,"href":"https:\/\/www.gaveanews.com\/index.php\/wp-json\/wp\/v2\/posts\/48879\/revisions"}],"wp:featuredmedia":[{"embeddable":true,"href":"https:\/\/www.gaveanews.com\/index.php\/wp-json\/wp\/v2\/media\/46738"}],"wp:attachment":[{"href":"https:\/\/www.gaveanews.com\/index.php\/wp-json\/wp\/v2\/media?parent=48879"}],"wp:term":[{"taxonomy":"category","embeddable":true,"href":"https:\/\/www.gaveanews.com\/index.php\/wp-json\/wp\/v2\/categories?post=48879"},{"taxonomy":"post_tag","embeddable":true,"href":"https:\/\/www.gaveanews.com\/index.php\/wp-json\/wp\/v2\/tags?post=48879"}],"curies":[{"name":"wp","href":"https:\/\/api.w.org\/{rel}","templated":true}]}}