{"id":48908,"date":"2020-10-09T15:01:46","date_gmt":"2020-10-09T18:01:46","guid":{"rendered":"https:\/\/www.gaveanews.com\/?p=48908"},"modified":"2020-10-09T15:01:49","modified_gmt":"2020-10-09T18:01:49","slug":"medico-do-flamengo-detalha-recuperacao-do-goleiro-diego-alves","status":"publish","type":"post","link":"https:\/\/www.gaveanews.com\/index.php\/2020\/10\/09\/medico-do-flamengo-detalha-recuperacao-do-goleiro-diego-alves\/","title":{"rendered":"M\u00e9dico do Flamengo detalha recupera\u00e7\u00e3o do goleiro Diego Alves"},"content":{"rendered":"\n<p>Em fase final de recupera\u00e7\u00e3o da les\u00e3o no ombro esquerdo, o goleiro Diego Alves est\u00e1 em trabalho de transi\u00e7\u00e3o no campo, e, de acordo com o Dr. Marcio Tannure, a expectativa \u00e9 de que o camisa 1 seja reintegrado aos treinos do elenco profissional na pr\u00f3xima semana. O chefe do DM rubro-negro detalhou o processo, no qual Diego Alves conta com um preparador de goleiro espec\u00edfico.<\/p>\n\n\n\n<p>\u2014 Ele j\u00e1 est\u00e1 em fase final, est\u00e1 fazendo trabalho espec\u00edfico. Em alguns momentos colocamos para trabalhar com um preparador de goleiro espec\u00edfico para ele, que \u00e9 um trabalho diferente dos outros que est\u00e3o jogando. Para que a gente possa focar em quem est\u00e1 no jogo e nele tamb\u00e9m. Para que ele possa, na semana que vem, estar trabalhando junto com o restante do grupo normalmente &#8211; afirmou o Dr. Marcio Tannure, em entrevista ao site do clube.<\/p>\n\n\n\n<p>Diego Alves sofreu uma les\u00e3o parcial no tend\u00e3o do ombro esquerdo em 30 de agosto, na partida contra o Santos, pelo Brasileir\u00e3o, na Vila Belmiro. Desde ent\u00e3o, vem realizando um tratamento conservador &#8211; cuja previs\u00e3o de conclus\u00e3o seria de seis a oito semanas. Dias depois, em 4 de setembro, o camisa 1 foi diagnosticado com Covid-19 e, desta forma, precisou cumprir quarentena.<\/p>\n\n\n\n<p>Mesmo sob orienta\u00e7\u00e3o dos m\u00e9dicos, o isolamento impactou na recupera\u00e7\u00e3o do atleta, conforme explicou o chefe do DM do Flamengo. Ainda segundo o Dr. Tannure, um procedimento cir\u00fargico era uma alternativa, mas resultaria em um tempo de recupera\u00e7\u00e3o ainda maior para o camisa 1 do Rubro-Negro &#8211; de tr\u00eas a seis meses. Por isso, optou-se pelo tratamento conservador da les\u00e3o no ombro.<\/p>\n\n\n\n<p>\u2014 Ele est\u00e1 dentro do esperado. \u00c9 uma les\u00e3o que leva em torno de seis e oito semanas para cicatrizar. Outra op\u00e7\u00e3o seria tratamento cir\u00fargico, que teria prazo de recupera\u00e7\u00e3o de volta muito maior, em torno de tr\u00eas a seis meses. Optamos por este tratamento conservador. Ele est\u00e1 em fase de transi\u00e7\u00e3o, est\u00e1 treinando, fazendo tudo no campo. Neste momento a gente coloca mais exerc\u00edcios espec\u00edficos, que demandem funcionalmente o ombro dele par que tenhamos certeza e seguran\u00e7a de que ele est\u00e1 100% em todos os movimentos que possam acontecer no jogo &#8211; afirmou Marcio Tannure, antes de completar:<\/p>\n\n\n\n<p>\u2014 Perdemos alguns dias no in\u00edcio do tratamento, porque esta les\u00e3o calhou de ser junto com o momento que ele teve Covid-19. Ele teve que ficar isolado, e por mais que a gente orientasse o trabalho, sabemos que n\u00e3o \u00e9 a mesma coisa que o trabalho espec\u00edfico aqui &#8211; finalizou o profissional do Flamengo.<\/p>\n\n\n\n<p>Retirado de: Lance<\/p>\n","protected":false},"excerpt":{"rendered":"<p>Em fase final de recupera\u00e7\u00e3o da les\u00e3o no ombro esquerdo, o goleiro Diego Alves est\u00e1 em trabalho de transi\u00e7\u00e3o no campo, e, de acordo com o Dr. Marcio Tannure, a expectativa \u00e9 de que o camisa 1 seja reintegrado aos treinos do elenco profissional na pr\u00f3xima semana. O chefe do DM rubro-negro detalhou o processo, [&hellip;]<\/p>\n","protected":false},"author":1,"featured_media":37748,"comment_status":"open","ping_status":"closed","sticky":false,"template":"","format":"standard","meta":{"footnotes":""},"categories":[1],"tags":[],"class_list":["post-48908","post","type-post","status-publish","format-standard","has-post-thumbnail","hentry","category-flamengo"],"yoast_head":"<!-- This site is optimized with the Yoast SEO Premium plugin v24.2 (Yoast SEO v26.9) - https:\/\/yoast.com\/product\/yoast-seo-premium-wordpress\/ -->\n<title>M\u00e9dico do Flamengo detalha recupera\u00e7\u00e3o do goleiro Diego Alves<\/title>\n<meta name=\"robots\" content=\"index, follow, max-snippet:-1, max-image-preview:large, max-video-preview:-1\" \/>\n<link rel=\"canonical\" href=\"https:\/\/www.gaveanews.com\/index.php\/2020\/10\/09\/medico-do-flamengo-detalha-recuperacao-do-goleiro-diego-alves\/\" \/>\n<meta property=\"og:locale\" content=\"pt_BR\" \/>\n<meta property=\"og:type\" content=\"article\" \/>\n<meta property=\"og:title\" content=\"M\u00e9dico do Flamengo detalha recupera\u00e7\u00e3o do goleiro Diego Alves\" \/>\n<meta property=\"og:description\" content=\"Em fase final de recupera\u00e7\u00e3o da les\u00e3o no ombro esquerdo, o goleiro Diego Alves est\u00e1 em trabalho de transi\u00e7\u00e3o no campo, e, de acordo com o Dr. Marcio Tannure, a expectativa \u00e9 de que o camisa 1 seja reintegrado aos treinos do elenco profissional na pr\u00f3xima semana. O chefe do DM rubro-negro detalhou o processo, [&hellip;]\" \/>\n<meta property=\"og:url\" content=\"https:\/\/www.gaveanews.com\/index.php\/2020\/10\/09\/medico-do-flamengo-detalha-recuperacao-do-goleiro-diego-alves\/\" \/>\n<meta property=\"og:site_name\" content=\"G\u00e1vea News\" \/>\n<meta property=\"article:publisher\" content=\"https:\/\/facebook.com\/gaveaNews\/\" \/>\n<meta property=\"article:published_time\" content=\"2020-10-09T18:01:46+00:00\" \/>\n<meta property=\"article:modified_time\" content=\"2020-10-09T18:01:49+00:00\" \/>\n<meta property=\"og:image\" content=\"https:\/\/www.gaveanews.com\/wp-content\/uploads\/Marcio-Tannure-antes-de-uma-partida-da-Copa-Libertadores-2.webp\" \/>\n\t<meta property=\"og:image:width\" content=\"1\" \/>\n\t<meta property=\"og:image:height\" content=\"1\" \/>\n\t<meta property=\"og:image:type\" content=\"image\/jpeg\" \/>\n<meta name=\"author\" content=\"Equipe G\u00e1vea News\" \/>\n<meta name=\"twitter:card\" content=\"summary_large_image\" \/>\n<meta name=\"twitter:label1\" content=\"Escrito por\" \/>\n\t<meta name=\"twitter:data1\" content=\"Equipe G\u00e1vea News\" \/>\n\t<meta name=\"twitter:label2\" content=\"Est. tempo de leitura\" \/>\n\t<meta name=\"twitter:data2\" content=\"2 minutos\" \/>\n<script type=\"application\/ld+json\" class=\"yoast-schema-graph\">{\"@context\":\"https:\/\/schema.org\",\"@graph\":[{\"@type\":\"NewsArticle\",\"@id\":\"https:\/\/www.gaveanews.com\/index.php\/2020\/10\/09\/medico-do-flamengo-detalha-recuperacao-do-goleiro-diego-alves\/#article\",\"isPartOf\":{\"@id\":\"https:\/\/www.gaveanews.com\/index.php\/2020\/10\/09\/medico-do-flamengo-detalha-recuperacao-do-goleiro-diego-alves\/\"},\"author\":{\"name\":\"Equipe G\u00e1vea News\",\"@id\":\"https:\/\/www.gaveanews.com\/#\/schema\/person\/2ec14f73fb96be2caf28f91afb14749d\"},\"headline\":\"M\u00e9dico do Flamengo detalha recupera\u00e7\u00e3o do goleiro Diego Alves\",\"datePublished\":\"2020-10-09T18:01:46+00:00\",\"dateModified\":\"2020-10-09T18:01:49+00:00\",\"mainEntityOfPage\":{\"@id\":\"https:\/\/www.gaveanews.com\/index.php\/2020\/10\/09\/medico-do-flamengo-detalha-recuperacao-do-goleiro-diego-alves\/\"},\"wordCount\":457,\"commentCount\":0,\"image\":{\"@id\":\"https:\/\/www.gaveanews.com\/index.php\/2020\/10\/09\/medico-do-flamengo-detalha-recuperacao-do-goleiro-diego-alves\/#primaryimage\"},\"thumbnailUrl\":\"https:\/\/www.gaveanews.com\/wp-content\/uploads\/Marcio-Tannure-antes-de-uma-partida-da-Copa-Libertadores-2.webp\",\"articleSection\":[\"Flamengo\"],\"inLanguage\":\"pt-BR\",\"potentialAction\":[{\"@type\":\"CommentAction\",\"name\":\"Comment\",\"target\":[\"https:\/\/www.gaveanews.com\/index.php\/2020\/10\/09\/medico-do-flamengo-detalha-recuperacao-do-goleiro-diego-alves\/#respond\"]}],\"copyrightYear\":\"2020\",\"copyrightHolder\":{\"@id\":\"https:\/\/www.gaveanews.com\/#organization\"}},{\"@type\":\"WebPage\",\"@id\":\"https:\/\/www.gaveanews.com\/index.php\/2020\/10\/09\/medico-do-flamengo-detalha-recuperacao-do-goleiro-diego-alves\/\",\"url\":\"https:\/\/www.gaveanews.com\/index.php\/2020\/10\/09\/medico-do-flamengo-detalha-recuperacao-do-goleiro-diego-alves\/\",\"name\":\"M\u00e9dico do Flamengo detalha recupera\u00e7\u00e3o do goleiro Diego Alves\",\"isPartOf\":{\"@id\":\"https:\/\/www.gaveanews.com\/#website\"},\"primaryImageOfPage\":{\"@id\":\"https:\/\/www.gaveanews.com\/index.php\/2020\/10\/09\/medico-do-flamengo-detalha-recuperacao-do-goleiro-diego-alves\/#primaryimage\"},\"image\":{\"@id\":\"https:\/\/www.gaveanews.com\/index.php\/2020\/10\/09\/medico-do-flamengo-detalha-recuperacao-do-goleiro-diego-alves\/#primaryimage\"},\"thumbnailUrl\":\"https:\/\/www.gaveanews.com\/wp-content\/uploads\/Marcio-Tannure-antes-de-uma-partida-da-Copa-Libertadores-2.webp\",\"datePublished\":\"2020-10-09T18:01:46+00:00\",\"dateModified\":\"2020-10-09T18:01:49+00:00\",\"author\":{\"@id\":\"https:\/\/www.gaveanews.com\/#\/schema\/person\/2ec14f73fb96be2caf28f91afb14749d\"},\"breadcrumb\":{\"@id\":\"https:\/\/www.gaveanews.com\/index.php\/2020\/10\/09\/medico-do-flamengo-detalha-recuperacao-do-goleiro-diego-alves\/#breadcrumb\"},\"inLanguage\":\"pt-BR\",\"potentialAction\":[{\"@type\":\"ReadAction\",\"target\":[\"https:\/\/www.gaveanews.com\/index.php\/2020\/10\/09\/medico-do-flamengo-detalha-recuperacao-do-goleiro-diego-alves\/\"]}]},{\"@type\":\"ImageObject\",\"inLanguage\":\"pt-BR\",\"@id\":\"https:\/\/www.gaveanews.com\/index.php\/2020\/10\/09\/medico-do-flamengo-detalha-recuperacao-do-goleiro-diego-alves\/#primaryimage\",\"url\":\"https:\/\/www.gaveanews.com\/wp-content\/uploads\/Marcio-Tannure-antes-de-uma-partida-da-Copa-Libertadores-2.webp\",\"contentUrl\":\"https:\/\/www.gaveanews.com\/wp-content\/uploads\/Marcio-Tannure-antes-de-uma-partida-da-Copa-Libertadores-2.webp\"},{\"@type\":\"BreadcrumbList\",\"@id\":\"https:\/\/www.gaveanews.com\/index.php\/2020\/10\/09\/medico-do-flamengo-detalha-recuperacao-do-goleiro-diego-alves\/#breadcrumb\",\"itemListElement\":[{\"@type\":\"ListItem\",\"position\":1,\"name\":\"Home\",\"item\":\"https:\/\/www.gaveanews.com\/\"},{\"@type\":\"ListItem\",\"position\":2,\"name\":\"M\u00e9dico do Flamengo detalha recupera\u00e7\u00e3o do goleiro Diego Alves\"}]},{\"@type\":\"WebSite\",\"@id\":\"https:\/\/www.gaveanews.com\/#website\",\"url\":\"https:\/\/www.gaveanews.com\/\",\"name\":\"G\u00e1vea News\",\"description\":\"Veja todas as not\u00edcias sobre o Flamengo: Contrata\u00e7\u00f5es, categorias de base, resultados das partidas, tabela de classifica\u00e7\u00e3o, pr\u00f3ximos jogos!\",\"potentialAction\":[{\"@type\":\"SearchAction\",\"target\":{\"@type\":\"EntryPoint\",\"urlTemplate\":\"https:\/\/www.gaveanews.com\/?s={search_term_string}\"},\"query-input\":{\"@type\":\"PropertyValueSpecification\",\"valueRequired\":true,\"valueName\":\"search_term_string\"}}],\"inLanguage\":\"pt-BR\"},{\"@type\":\"Person\",\"@id\":\"https:\/\/www.gaveanews.com\/#\/schema\/person\/2ec14f73fb96be2caf28f91afb14749d\",\"name\":\"Equipe G\u00e1vea News\",\"image\":{\"@type\":\"ImageObject\",\"inLanguage\":\"pt-BR\",\"@id\":\"https:\/\/www.gaveanews.com\/#\/schema\/person\/image\/\",\"url\":\"https:\/\/secure.gravatar.com\/avatar\/1e1956f1facbffd3f8fa53a326721950116b3b9dc9bd44939c01180fd4a745a9?s=96&d=mm&r=g\",\"contentUrl\":\"https:\/\/secure.gravatar.com\/avatar\/1e1956f1facbffd3f8fa53a326721950116b3b9dc9bd44939c01180fd4a745a9?s=96&d=mm&r=g\",\"caption\":\"Equipe G\u00e1vea News\"}}]}<\/script>\n<!-- \/ Yoast SEO Premium plugin. -->","yoast_head_json":{"title":"M\u00e9dico do Flamengo detalha recupera\u00e7\u00e3o do goleiro Diego Alves","robots":{"index":"index","follow":"follow","max-snippet":"max-snippet:-1","max-image-preview":"max-image-preview:large","max-video-preview":"max-video-preview:-1"},"canonical":"https:\/\/www.gaveanews.com\/index.php\/2020\/10\/09\/medico-do-flamengo-detalha-recuperacao-do-goleiro-diego-alves\/","og_locale":"pt_BR","og_type":"article","og_title":"M\u00e9dico do Flamengo detalha recupera\u00e7\u00e3o do goleiro Diego Alves","og_description":"Em fase final de recupera\u00e7\u00e3o da les\u00e3o no ombro esquerdo, o goleiro Diego Alves est\u00e1 em trabalho de transi\u00e7\u00e3o no campo, e, de acordo com o Dr. Marcio Tannure, a expectativa \u00e9 de que o camisa 1 seja reintegrado aos treinos do elenco profissional na pr\u00f3xima semana. O chefe do DM rubro-negro detalhou o processo, [&hellip;]","og_url":"https:\/\/www.gaveanews.com\/index.php\/2020\/10\/09\/medico-do-flamengo-detalha-recuperacao-do-goleiro-diego-alves\/","og_site_name":"G\u00e1vea News","article_publisher":"https:\/\/facebook.com\/gaveaNews\/","article_published_time":"2020-10-09T18:01:46+00:00","article_modified_time":"2020-10-09T18:01:49+00:00","og_image":[{"url":"https:\/\/www.gaveanews.com\/wp-content\/uploads\/Marcio-Tannure-antes-de-uma-partida-da-Copa-Libertadores-2.webp","width":1,"height":1,"type":"image\/jpeg"}],"author":"Equipe G\u00e1vea News","twitter_card":"summary_large_image","twitter_misc":{"Escrito por":"Equipe G\u00e1vea News","Est. tempo de leitura":"2 minutos"},"schema":{"@context":"https:\/\/schema.org","@graph":[{"@type":"NewsArticle","@id":"https:\/\/www.gaveanews.com\/index.php\/2020\/10\/09\/medico-do-flamengo-detalha-recuperacao-do-goleiro-diego-alves\/#article","isPartOf":{"@id":"https:\/\/www.gaveanews.com\/index.php\/2020\/10\/09\/medico-do-flamengo-detalha-recuperacao-do-goleiro-diego-alves\/"},"author":{"name":"Equipe G\u00e1vea News","@id":"https:\/\/www.gaveanews.com\/#\/schema\/person\/2ec14f73fb96be2caf28f91afb14749d"},"headline":"M\u00e9dico do Flamengo detalha recupera\u00e7\u00e3o do goleiro Diego Alves","datePublished":"2020-10-09T18:01:46+00:00","dateModified":"2020-10-09T18:01:49+00:00","mainEntityOfPage":{"@id":"https:\/\/www.gaveanews.com\/index.php\/2020\/10\/09\/medico-do-flamengo-detalha-recuperacao-do-goleiro-diego-alves\/"},"wordCount":457,"commentCount":0,"image":{"@id":"https:\/\/www.gaveanews.com\/index.php\/2020\/10\/09\/medico-do-flamengo-detalha-recuperacao-do-goleiro-diego-alves\/#primaryimage"},"thumbnailUrl":"https:\/\/www.gaveanews.com\/wp-content\/uploads\/Marcio-Tannure-antes-de-uma-partida-da-Copa-Libertadores-2.webp","articleSection":["Flamengo"],"inLanguage":"pt-BR","potentialAction":[{"@type":"CommentAction","name":"Comment","target":["https:\/\/www.gaveanews.com\/index.php\/2020\/10\/09\/medico-do-flamengo-detalha-recuperacao-do-goleiro-diego-alves\/#respond"]}],"copyrightYear":"2020","copyrightHolder":{"@id":"https:\/\/www.gaveanews.com\/#organization"}},{"@type":"WebPage","@id":"https:\/\/www.gaveanews.com\/index.php\/2020\/10\/09\/medico-do-flamengo-detalha-recuperacao-do-goleiro-diego-alves\/","url":"https:\/\/www.gaveanews.com\/index.php\/2020\/10\/09\/medico-do-flamengo-detalha-recuperacao-do-goleiro-diego-alves\/","name":"M\u00e9dico do Flamengo detalha recupera\u00e7\u00e3o do goleiro Diego Alves","isPartOf":{"@id":"https:\/\/www.gaveanews.com\/#website"},"primaryImageOfPage":{"@id":"https:\/\/www.gaveanews.com\/index.php\/2020\/10\/09\/medico-do-flamengo-detalha-recuperacao-do-goleiro-diego-alves\/#primaryimage"},"image":{"@id":"https:\/\/www.gaveanews.com\/index.php\/2020\/10\/09\/medico-do-flamengo-detalha-recuperacao-do-goleiro-diego-alves\/#primaryimage"},"thumbnailUrl":"https:\/\/www.gaveanews.com\/wp-content\/uploads\/Marcio-Tannure-antes-de-uma-partida-da-Copa-Libertadores-2.webp","datePublished":"2020-10-09T18:01:46+00:00","dateModified":"2020-10-09T18:01:49+00:00","author":{"@id":"https:\/\/www.gaveanews.com\/#\/schema\/person\/2ec14f73fb96be2caf28f91afb14749d"},"breadcrumb":{"@id":"https:\/\/www.gaveanews.com\/index.php\/2020\/10\/09\/medico-do-flamengo-detalha-recuperacao-do-goleiro-diego-alves\/#breadcrumb"},"inLanguage":"pt-BR","potentialAction":[{"@type":"ReadAction","target":["https:\/\/www.gaveanews.com\/index.php\/2020\/10\/09\/medico-do-flamengo-detalha-recuperacao-do-goleiro-diego-alves\/"]}]},{"@type":"ImageObject","inLanguage":"pt-BR","@id":"https:\/\/www.gaveanews.com\/index.php\/2020\/10\/09\/medico-do-flamengo-detalha-recuperacao-do-goleiro-diego-alves\/#primaryimage","url":"https:\/\/www.gaveanews.com\/wp-content\/uploads\/Marcio-Tannure-antes-de-uma-partida-da-Copa-Libertadores-2.webp","contentUrl":"https:\/\/www.gaveanews.com\/wp-content\/uploads\/Marcio-Tannure-antes-de-uma-partida-da-Copa-Libertadores-2.webp"},{"@type":"BreadcrumbList","@id":"https:\/\/www.gaveanews.com\/index.php\/2020\/10\/09\/medico-do-flamengo-detalha-recuperacao-do-goleiro-diego-alves\/#breadcrumb","itemListElement":[{"@type":"ListItem","position":1,"name":"Home","item":"https:\/\/www.gaveanews.com\/"},{"@type":"ListItem","position":2,"name":"M\u00e9dico do Flamengo detalha recupera\u00e7\u00e3o do goleiro Diego Alves"}]},{"@type":"WebSite","@id":"https:\/\/www.gaveanews.com\/#website","url":"https:\/\/www.gaveanews.com\/","name":"G\u00e1vea News","description":"Veja todas as not\u00edcias sobre o Flamengo: Contrata\u00e7\u00f5es, categorias de base, resultados das partidas, tabela de classifica\u00e7\u00e3o, pr\u00f3ximos jogos!","potentialAction":[{"@type":"SearchAction","target":{"@type":"EntryPoint","urlTemplate":"https:\/\/www.gaveanews.com\/?s={search_term_string}"},"query-input":{"@type":"PropertyValueSpecification","valueRequired":true,"valueName":"search_term_string"}}],"inLanguage":"pt-BR"},{"@type":"Person","@id":"https:\/\/www.gaveanews.com\/#\/schema\/person\/2ec14f73fb96be2caf28f91afb14749d","name":"Equipe G\u00e1vea News","image":{"@type":"ImageObject","inLanguage":"pt-BR","@id":"https:\/\/www.gaveanews.com\/#\/schema\/person\/image\/","url":"https:\/\/secure.gravatar.com\/avatar\/1e1956f1facbffd3f8fa53a326721950116b3b9dc9bd44939c01180fd4a745a9?s=96&d=mm&r=g","contentUrl":"https:\/\/secure.gravatar.com\/avatar\/1e1956f1facbffd3f8fa53a326721950116b3b9dc9bd44939c01180fd4a745a9?s=96&d=mm&r=g","caption":"Equipe G\u00e1vea News"}}]}},"_links":{"self":[{"href":"https:\/\/www.gaveanews.com\/index.php\/wp-json\/wp\/v2\/posts\/48908","targetHints":{"allow":["GET"]}}],"collection":[{"href":"https:\/\/www.gaveanews.com\/index.php\/wp-json\/wp\/v2\/posts"}],"about":[{"href":"https:\/\/www.gaveanews.com\/index.php\/wp-json\/wp\/v2\/types\/post"}],"author":[{"embeddable":true,"href":"https:\/\/www.gaveanews.com\/index.php\/wp-json\/wp\/v2\/users\/1"}],"replies":[{"embeddable":true,"href":"https:\/\/www.gaveanews.com\/index.php\/wp-json\/wp\/v2\/comments?post=48908"}],"version-history":[{"count":0,"href":"https:\/\/www.gaveanews.com\/index.php\/wp-json\/wp\/v2\/posts\/48908\/revisions"}],"wp:featuredmedia":[{"embeddable":true,"href":"https:\/\/www.gaveanews.com\/index.php\/wp-json\/wp\/v2\/media\/37748"}],"wp:attachment":[{"href":"https:\/\/www.gaveanews.com\/index.php\/wp-json\/wp\/v2\/media?parent=48908"}],"wp:term":[{"taxonomy":"category","embeddable":true,"href":"https:\/\/www.gaveanews.com\/index.php\/wp-json\/wp\/v2\/categories?post=48908"},{"taxonomy":"post_tag","embeddable":true,"href":"https:\/\/www.gaveanews.com\/index.php\/wp-json\/wp\/v2\/tags?post=48908"}],"curies":[{"name":"wp","href":"https:\/\/api.w.org\/{rel}","templated":true}]}}