{"id":49075,"date":"2020-10-13T07:45:08","date_gmt":"2020-10-13T10:45:08","guid":{"rendered":"https:\/\/www.gaveanews.com\/?p=49075"},"modified":"2020-10-13T01:58:23","modified_gmt":"2020-10-13T04:58:23","slug":"flamengo-recebe-lanterna-goias-de-olho-na-vice-lideranca-do-brasileirao","status":"publish","type":"post","link":"https:\/\/www.gaveanews.com\/index.php\/2020\/10\/13\/flamengo-recebe-lanterna-goias-de-olho-na-vice-lideranca-do-brasileirao\/","title":{"rendered":"Flamengo recebe lanterna Goi\u00e1s de olho na vice-lideran\u00e7a do Brasileir\u00e3o"},"content":{"rendered":"\n<p>Depois de vencer o cl\u00e1ssico contra o Vasco no \u00faltimo s\u00e1bado, o Flamengo recebe o lanterna Goi\u00e1s nesta ter\u00e7a-feira. O duelo adiado da 11\u00aa rodada do Brasileir\u00e3o ser\u00e1 disputado no Maracan\u00e3, \u00e0s 18 horas (de Bras\u00edlia). Com 27 pontos, o Rubro-Negro \u00e9 o terceiro colocado no Campeonato Brasileiro, mas tem um jogo a menos que o vice Internacional.<\/p>\n\n\n\n<p>A partida \u00e9 a terceira do Flamengo em uma sequ\u00eancia de cinco jogos em 12 dias. Al\u00e9m de superar o Vasco por 2 a 1, o time venceu o Sport por 3 a 0 na \u00faltima quarta-feira.<\/p>\n\n\n\n<p>Com apenas 12 jogos disputados, o Goi\u00e1s \u00e9 a equipe que teve mais partidas adiadas neste in\u00edcio de Brasileiro. O Verd\u00e3o do Centro Oeste tem o pior aproveitamento entre os 20 clubes da S\u00e9rie A e a pior defesa, com 25 gols sofridos.<\/p>\n\n\n\n<p>O t\u00e9cnico Enderson Moreira torce por contrata\u00e7\u00f5es e pela recupera\u00e7\u00e3o de lesionados para refor\u00e7ar o grupo \u00e0 disposi\u00e7\u00e3o.<\/p>\n\n\n\n<p>&#8220;Precisamos n\u00e3o s\u00f3 de refor\u00e7os, mas tamb\u00e9m contar com os atletas que j\u00e1 est\u00e3o no clube lesionados. J\u00e1 tivemos a participa\u00e7\u00e3o do Gilberto, infelizmente ele n\u00e3o conseguiu dar sequ\u00eancia. O Keko era d\u00favida, o Douglas Baggio j\u00e1 deve ficar \u00e0 disposi\u00e7\u00e3o para o jogo contra o Flamengo, ent\u00e3o em breve a gente j\u00e1 deve ter essas op\u00e7\u00f5es&#8221;, afirmou o treinador ap\u00f3s a derrota por 3 a 0 para o Atl\u00e9tico-MG.<\/p>\n\n\n\n<p>No Flamengo, sem poder contar com os jogadores convocados para a disputa das Eliminat\u00f3rias Sul-Americanas, o t\u00e9cnico Dome tem outros problemas. Gabigol e Jo\u00e3o Lucas est\u00e3o entregues ao departamento m\u00e9dico. O goleiro Diego Alves retornou nesta segunda-feira ap\u00f3s mais de 40 dias sem treinar com o grupo devido a uma les\u00e3o no ombro. Pra completar, o meia Diego Ribas est\u00e1 suspenso pelo terceiro cart\u00e3o amarelo.<\/p>\n\n\n\n<p>O t\u00e9cnico Rubro-Negro tem de planejar o rod\u00edzio de atletas em fun\u00e7\u00e3o dos outros jogos da semana. Na quinta o Flamengo volta ao Maracan\u00e3 para enfrentar o Bragantino, e no domingo vai a S\u00e3o Paulo encarara o Corinthians.<\/p>\n\n\n\n<p>Retirado de: Gazeta Esportiva<\/p>\n","protected":false},"excerpt":{"rendered":"<p>Depois de vencer o cl\u00e1ssico contra o Vasco no \u00faltimo s\u00e1bado, o Flamengo recebe o lanterna Goi\u00e1s nesta ter\u00e7a-feira. O duelo adiado da 11\u00aa rodada do Brasileir\u00e3o ser\u00e1 disputado no Maracan\u00e3, \u00e0s 18 horas (de Bras\u00edlia). Com 27 pontos, o Rubro-Negro \u00e9 o terceiro colocado no Campeonato Brasileiro, mas tem um jogo a menos que [&hellip;]<\/p>\n","protected":false},"author":1,"featured_media":16362,"comment_status":"open","ping_status":"closed","sticky":false,"template":"","format":"standard","meta":{"footnotes":""},"categories":[47],"tags":[],"class_list":["post-49075","post","type-post","status-publish","format-standard","has-post-thumbnail","hentry","category-destaques"],"yoast_head":"<!-- This site is optimized with the Yoast SEO Premium plugin v24.2 (Yoast SEO v26.9) - https:\/\/yoast.com\/product\/yoast-seo-premium-wordpress\/ -->\n<title>Flamengo recebe lanterna Goi\u00e1s de olho na vice-lideran\u00e7a do Brasileir\u00e3o<\/title>\n<meta name=\"robots\" content=\"index, follow, max-snippet:-1, max-image-preview:large, max-video-preview:-1\" \/>\n<link rel=\"canonical\" href=\"https:\/\/www.gaveanews.com\/index.php\/2020\/10\/13\/flamengo-recebe-lanterna-goias-de-olho-na-vice-lideranca-do-brasileirao\/\" \/>\n<meta property=\"og:locale\" content=\"pt_BR\" \/>\n<meta property=\"og:type\" content=\"article\" \/>\n<meta property=\"og:title\" content=\"Flamengo recebe lanterna Goi\u00e1s de olho na vice-lideran\u00e7a do Brasileir\u00e3o\" \/>\n<meta property=\"og:description\" content=\"Depois de vencer o cl\u00e1ssico contra o Vasco no \u00faltimo s\u00e1bado, o Flamengo recebe o lanterna Goi\u00e1s nesta ter\u00e7a-feira. O duelo adiado da 11\u00aa rodada do Brasileir\u00e3o ser\u00e1 disputado no Maracan\u00e3, \u00e0s 18 horas (de Bras\u00edlia). Com 27 pontos, o Rubro-Negro \u00e9 o terceiro colocado no Campeonato Brasileiro, mas tem um jogo a menos que [&hellip;]\" \/>\n<meta property=\"og:url\" content=\"https:\/\/www.gaveanews.com\/index.php\/2020\/10\/13\/flamengo-recebe-lanterna-goias-de-olho-na-vice-lideranca-do-brasileirao\/\" \/>\n<meta property=\"og:site_name\" content=\"G\u00e1vea News\" \/>\n<meta property=\"article:publisher\" content=\"https:\/\/facebook.com\/gaveaNews\/\" \/>\n<meta property=\"article:published_time\" content=\"2020-10-13T10:45:08+00:00\" \/>\n<meta property=\"og:image\" content=\"https:\/\/www.gaveanews.com\/wp-content\/uploads\/2019\/03\/Para-receber-orientacoes-jogadores-do-Flamengo-fazem-uma-rodinha-em-um-campo-do-Ninho-do-Urubu.webp\" \/>\n\t<meta property=\"og:image:width\" content=\"1\" \/>\n\t<meta property=\"og:image:height\" content=\"1\" \/>\n\t<meta property=\"og:image:type\" content=\"image\/jpeg\" \/>\n<meta name=\"author\" content=\"Equipe G\u00e1vea News\" \/>\n<meta name=\"twitter:card\" content=\"summary_large_image\" \/>\n<meta name=\"twitter:label1\" content=\"Escrito por\" \/>\n\t<meta name=\"twitter:data1\" content=\"Equipe G\u00e1vea News\" \/>\n\t<meta name=\"twitter:label2\" content=\"Est. tempo de leitura\" \/>\n\t<meta name=\"twitter:data2\" content=\"2 minutos\" \/>\n<script type=\"application\/ld+json\" class=\"yoast-schema-graph\">{\"@context\":\"https:\/\/schema.org\",\"@graph\":[{\"@type\":\"NewsArticle\",\"@id\":\"https:\/\/www.gaveanews.com\/index.php\/2020\/10\/13\/flamengo-recebe-lanterna-goias-de-olho-na-vice-lideranca-do-brasileirao\/#article\",\"isPartOf\":{\"@id\":\"https:\/\/www.gaveanews.com\/index.php\/2020\/10\/13\/flamengo-recebe-lanterna-goias-de-olho-na-vice-lideranca-do-brasileirao\/\"},\"author\":{\"name\":\"Equipe G\u00e1vea News\",\"@id\":\"https:\/\/www.gaveanews.com\/#\/schema\/person\/2ec14f73fb96be2caf28f91afb14749d\"},\"headline\":\"Flamengo recebe lanterna Goi\u00e1s de olho na vice-lideran\u00e7a do Brasileir\u00e3o\",\"datePublished\":\"2020-10-13T10:45:08+00:00\",\"mainEntityOfPage\":{\"@id\":\"https:\/\/www.gaveanews.com\/index.php\/2020\/10\/13\/flamengo-recebe-lanterna-goias-de-olho-na-vice-lideranca-do-brasileirao\/\"},\"wordCount\":369,\"commentCount\":1,\"image\":{\"@id\":\"https:\/\/www.gaveanews.com\/index.php\/2020\/10\/13\/flamengo-recebe-lanterna-goias-de-olho-na-vice-lideranca-do-brasileirao\/#primaryimage\"},\"thumbnailUrl\":\"https:\/\/www.gaveanews.com\/wp-content\/uploads\/2019\/03\/Para-receber-orientacoes-jogadores-do-Flamengo-fazem-uma-rodinha-em-um-campo-do-Ninho-do-Urubu.webp\",\"articleSection\":[\"Destaques\"],\"inLanguage\":\"pt-BR\",\"potentialAction\":[{\"@type\":\"CommentAction\",\"name\":\"Comment\",\"target\":[\"https:\/\/www.gaveanews.com\/index.php\/2020\/10\/13\/flamengo-recebe-lanterna-goias-de-olho-na-vice-lideranca-do-brasileirao\/#respond\"]}],\"copyrightYear\":\"2020\",\"copyrightHolder\":{\"@id\":\"https:\/\/www.gaveanews.com\/#organization\"}},{\"@type\":\"WebPage\",\"@id\":\"https:\/\/www.gaveanews.com\/index.php\/2020\/10\/13\/flamengo-recebe-lanterna-goias-de-olho-na-vice-lideranca-do-brasileirao\/\",\"url\":\"https:\/\/www.gaveanews.com\/index.php\/2020\/10\/13\/flamengo-recebe-lanterna-goias-de-olho-na-vice-lideranca-do-brasileirao\/\",\"name\":\"Flamengo recebe lanterna Goi\u00e1s de olho na vice-lideran\u00e7a do Brasileir\u00e3o\",\"isPartOf\":{\"@id\":\"https:\/\/www.gaveanews.com\/#website\"},\"primaryImageOfPage\":{\"@id\":\"https:\/\/www.gaveanews.com\/index.php\/2020\/10\/13\/flamengo-recebe-lanterna-goias-de-olho-na-vice-lideranca-do-brasileirao\/#primaryimage\"},\"image\":{\"@id\":\"https:\/\/www.gaveanews.com\/index.php\/2020\/10\/13\/flamengo-recebe-lanterna-goias-de-olho-na-vice-lideranca-do-brasileirao\/#primaryimage\"},\"thumbnailUrl\":\"https:\/\/www.gaveanews.com\/wp-content\/uploads\/2019\/03\/Para-receber-orientacoes-jogadores-do-Flamengo-fazem-uma-rodinha-em-um-campo-do-Ninho-do-Urubu.webp\",\"datePublished\":\"2020-10-13T10:45:08+00:00\",\"author\":{\"@id\":\"https:\/\/www.gaveanews.com\/#\/schema\/person\/2ec14f73fb96be2caf28f91afb14749d\"},\"breadcrumb\":{\"@id\":\"https:\/\/www.gaveanews.com\/index.php\/2020\/10\/13\/flamengo-recebe-lanterna-goias-de-olho-na-vice-lideranca-do-brasileirao\/#breadcrumb\"},\"inLanguage\":\"pt-BR\",\"potentialAction\":[{\"@type\":\"ReadAction\",\"target\":[\"https:\/\/www.gaveanews.com\/index.php\/2020\/10\/13\/flamengo-recebe-lanterna-goias-de-olho-na-vice-lideranca-do-brasileirao\/\"]}]},{\"@type\":\"ImageObject\",\"inLanguage\":\"pt-BR\",\"@id\":\"https:\/\/www.gaveanews.com\/index.php\/2020\/10\/13\/flamengo-recebe-lanterna-goias-de-olho-na-vice-lideranca-do-brasileirao\/#primaryimage\",\"url\":\"https:\/\/www.gaveanews.com\/wp-content\/uploads\/2019\/03\/Para-receber-orientacoes-jogadores-do-Flamengo-fazem-uma-rodinha-em-um-campo-do-Ninho-do-Urubu.webp\",\"contentUrl\":\"https:\/\/www.gaveanews.com\/wp-content\/uploads\/2019\/03\/Para-receber-orientacoes-jogadores-do-Flamengo-fazem-uma-rodinha-em-um-campo-do-Ninho-do-Urubu.webp\",\"caption\":\"Para receber orienta\u00e7\u00f5es, jogadores do Flamengo fazem uma rodinha em um campo do Ninho do Urubu (Foto: Alexandre Vidal\/Flamengo)\"},{\"@type\":\"BreadcrumbList\",\"@id\":\"https:\/\/www.gaveanews.com\/index.php\/2020\/10\/13\/flamengo-recebe-lanterna-goias-de-olho-na-vice-lideranca-do-brasileirao\/#breadcrumb\",\"itemListElement\":[{\"@type\":\"ListItem\",\"position\":1,\"name\":\"Home\",\"item\":\"https:\/\/www.gaveanews.com\/\"},{\"@type\":\"ListItem\",\"position\":2,\"name\":\"Flamengo recebe lanterna Goi\u00e1s de olho na vice-lideran\u00e7a do Brasileir\u00e3o\"}]},{\"@type\":\"WebSite\",\"@id\":\"https:\/\/www.gaveanews.com\/#website\",\"url\":\"https:\/\/www.gaveanews.com\/\",\"name\":\"G\u00e1vea News\",\"description\":\"Veja todas as not\u00edcias sobre o Flamengo: Contrata\u00e7\u00f5es, categorias de base, resultados das partidas, tabela de classifica\u00e7\u00e3o, pr\u00f3ximos jogos!\",\"potentialAction\":[{\"@type\":\"SearchAction\",\"target\":{\"@type\":\"EntryPoint\",\"urlTemplate\":\"https:\/\/www.gaveanews.com\/?s={search_term_string}\"},\"query-input\":{\"@type\":\"PropertyValueSpecification\",\"valueRequired\":true,\"valueName\":\"search_term_string\"}}],\"inLanguage\":\"pt-BR\"},{\"@type\":\"Person\",\"@id\":\"https:\/\/www.gaveanews.com\/#\/schema\/person\/2ec14f73fb96be2caf28f91afb14749d\",\"name\":\"Equipe G\u00e1vea News\",\"image\":{\"@type\":\"ImageObject\",\"inLanguage\":\"pt-BR\",\"@id\":\"https:\/\/www.gaveanews.com\/#\/schema\/person\/image\/\",\"url\":\"https:\/\/secure.gravatar.com\/avatar\/1e1956f1facbffd3f8fa53a326721950116b3b9dc9bd44939c01180fd4a745a9?s=96&d=mm&r=g\",\"contentUrl\":\"https:\/\/secure.gravatar.com\/avatar\/1e1956f1facbffd3f8fa53a326721950116b3b9dc9bd44939c01180fd4a745a9?s=96&d=mm&r=g\",\"caption\":\"Equipe G\u00e1vea News\"}}]}<\/script>\n<!-- \/ Yoast SEO Premium plugin. -->","yoast_head_json":{"title":"Flamengo recebe lanterna Goi\u00e1s de olho na vice-lideran\u00e7a do Brasileir\u00e3o","robots":{"index":"index","follow":"follow","max-snippet":"max-snippet:-1","max-image-preview":"max-image-preview:large","max-video-preview":"max-video-preview:-1"},"canonical":"https:\/\/www.gaveanews.com\/index.php\/2020\/10\/13\/flamengo-recebe-lanterna-goias-de-olho-na-vice-lideranca-do-brasileirao\/","og_locale":"pt_BR","og_type":"article","og_title":"Flamengo recebe lanterna Goi\u00e1s de olho na vice-lideran\u00e7a do Brasileir\u00e3o","og_description":"Depois de vencer o cl\u00e1ssico contra o Vasco no \u00faltimo s\u00e1bado, o Flamengo recebe o lanterna Goi\u00e1s nesta ter\u00e7a-feira. O duelo adiado da 11\u00aa rodada do Brasileir\u00e3o ser\u00e1 disputado no Maracan\u00e3, \u00e0s 18 horas (de Bras\u00edlia). Com 27 pontos, o Rubro-Negro \u00e9 o terceiro colocado no Campeonato Brasileiro, mas tem um jogo a menos que [&hellip;]","og_url":"https:\/\/www.gaveanews.com\/index.php\/2020\/10\/13\/flamengo-recebe-lanterna-goias-de-olho-na-vice-lideranca-do-brasileirao\/","og_site_name":"G\u00e1vea News","article_publisher":"https:\/\/facebook.com\/gaveaNews\/","article_published_time":"2020-10-13T10:45:08+00:00","og_image":[{"url":"https:\/\/www.gaveanews.com\/wp-content\/uploads\/2019\/03\/Para-receber-orientacoes-jogadores-do-Flamengo-fazem-uma-rodinha-em-um-campo-do-Ninho-do-Urubu.webp","width":1,"height":1,"type":"image\/jpeg"}],"author":"Equipe G\u00e1vea News","twitter_card":"summary_large_image","twitter_misc":{"Escrito por":"Equipe G\u00e1vea News","Est. tempo de leitura":"2 minutos"},"schema":{"@context":"https:\/\/schema.org","@graph":[{"@type":"NewsArticle","@id":"https:\/\/www.gaveanews.com\/index.php\/2020\/10\/13\/flamengo-recebe-lanterna-goias-de-olho-na-vice-lideranca-do-brasileirao\/#article","isPartOf":{"@id":"https:\/\/www.gaveanews.com\/index.php\/2020\/10\/13\/flamengo-recebe-lanterna-goias-de-olho-na-vice-lideranca-do-brasileirao\/"},"author":{"name":"Equipe G\u00e1vea News","@id":"https:\/\/www.gaveanews.com\/#\/schema\/person\/2ec14f73fb96be2caf28f91afb14749d"},"headline":"Flamengo recebe lanterna Goi\u00e1s de olho na vice-lideran\u00e7a do Brasileir\u00e3o","datePublished":"2020-10-13T10:45:08+00:00","mainEntityOfPage":{"@id":"https:\/\/www.gaveanews.com\/index.php\/2020\/10\/13\/flamengo-recebe-lanterna-goias-de-olho-na-vice-lideranca-do-brasileirao\/"},"wordCount":369,"commentCount":1,"image":{"@id":"https:\/\/www.gaveanews.com\/index.php\/2020\/10\/13\/flamengo-recebe-lanterna-goias-de-olho-na-vice-lideranca-do-brasileirao\/#primaryimage"},"thumbnailUrl":"https:\/\/www.gaveanews.com\/wp-content\/uploads\/2019\/03\/Para-receber-orientacoes-jogadores-do-Flamengo-fazem-uma-rodinha-em-um-campo-do-Ninho-do-Urubu.webp","articleSection":["Destaques"],"inLanguage":"pt-BR","potentialAction":[{"@type":"CommentAction","name":"Comment","target":["https:\/\/www.gaveanews.com\/index.php\/2020\/10\/13\/flamengo-recebe-lanterna-goias-de-olho-na-vice-lideranca-do-brasileirao\/#respond"]}],"copyrightYear":"2020","copyrightHolder":{"@id":"https:\/\/www.gaveanews.com\/#organization"}},{"@type":"WebPage","@id":"https:\/\/www.gaveanews.com\/index.php\/2020\/10\/13\/flamengo-recebe-lanterna-goias-de-olho-na-vice-lideranca-do-brasileirao\/","url":"https:\/\/www.gaveanews.com\/index.php\/2020\/10\/13\/flamengo-recebe-lanterna-goias-de-olho-na-vice-lideranca-do-brasileirao\/","name":"Flamengo recebe lanterna Goi\u00e1s de olho na vice-lideran\u00e7a do Brasileir\u00e3o","isPartOf":{"@id":"https:\/\/www.gaveanews.com\/#website"},"primaryImageOfPage":{"@id":"https:\/\/www.gaveanews.com\/index.php\/2020\/10\/13\/flamengo-recebe-lanterna-goias-de-olho-na-vice-lideranca-do-brasileirao\/#primaryimage"},"image":{"@id":"https:\/\/www.gaveanews.com\/index.php\/2020\/10\/13\/flamengo-recebe-lanterna-goias-de-olho-na-vice-lideranca-do-brasileirao\/#primaryimage"},"thumbnailUrl":"https:\/\/www.gaveanews.com\/wp-content\/uploads\/2019\/03\/Para-receber-orientacoes-jogadores-do-Flamengo-fazem-uma-rodinha-em-um-campo-do-Ninho-do-Urubu.webp","datePublished":"2020-10-13T10:45:08+00:00","author":{"@id":"https:\/\/www.gaveanews.com\/#\/schema\/person\/2ec14f73fb96be2caf28f91afb14749d"},"breadcrumb":{"@id":"https:\/\/www.gaveanews.com\/index.php\/2020\/10\/13\/flamengo-recebe-lanterna-goias-de-olho-na-vice-lideranca-do-brasileirao\/#breadcrumb"},"inLanguage":"pt-BR","potentialAction":[{"@type":"ReadAction","target":["https:\/\/www.gaveanews.com\/index.php\/2020\/10\/13\/flamengo-recebe-lanterna-goias-de-olho-na-vice-lideranca-do-brasileirao\/"]}]},{"@type":"ImageObject","inLanguage":"pt-BR","@id":"https:\/\/www.gaveanews.com\/index.php\/2020\/10\/13\/flamengo-recebe-lanterna-goias-de-olho-na-vice-lideranca-do-brasileirao\/#primaryimage","url":"https:\/\/www.gaveanews.com\/wp-content\/uploads\/2019\/03\/Para-receber-orientacoes-jogadores-do-Flamengo-fazem-uma-rodinha-em-um-campo-do-Ninho-do-Urubu.webp","contentUrl":"https:\/\/www.gaveanews.com\/wp-content\/uploads\/2019\/03\/Para-receber-orientacoes-jogadores-do-Flamengo-fazem-uma-rodinha-em-um-campo-do-Ninho-do-Urubu.webp","caption":"Para receber orienta\u00e7\u00f5es, jogadores do Flamengo fazem uma rodinha em um campo do Ninho do Urubu (Foto: Alexandre Vidal\/Flamengo)"},{"@type":"BreadcrumbList","@id":"https:\/\/www.gaveanews.com\/index.php\/2020\/10\/13\/flamengo-recebe-lanterna-goias-de-olho-na-vice-lideranca-do-brasileirao\/#breadcrumb","itemListElement":[{"@type":"ListItem","position":1,"name":"Home","item":"https:\/\/www.gaveanews.com\/"},{"@type":"ListItem","position":2,"name":"Flamengo recebe lanterna Goi\u00e1s de olho na vice-lideran\u00e7a do Brasileir\u00e3o"}]},{"@type":"WebSite","@id":"https:\/\/www.gaveanews.com\/#website","url":"https:\/\/www.gaveanews.com\/","name":"G\u00e1vea News","description":"Veja todas as not\u00edcias sobre o Flamengo: Contrata\u00e7\u00f5es, categorias de base, resultados das partidas, tabela de classifica\u00e7\u00e3o, pr\u00f3ximos jogos!","potentialAction":[{"@type":"SearchAction","target":{"@type":"EntryPoint","urlTemplate":"https:\/\/www.gaveanews.com\/?s={search_term_string}"},"query-input":{"@type":"PropertyValueSpecification","valueRequired":true,"valueName":"search_term_string"}}],"inLanguage":"pt-BR"},{"@type":"Person","@id":"https:\/\/www.gaveanews.com\/#\/schema\/person\/2ec14f73fb96be2caf28f91afb14749d","name":"Equipe G\u00e1vea News","image":{"@type":"ImageObject","inLanguage":"pt-BR","@id":"https:\/\/www.gaveanews.com\/#\/schema\/person\/image\/","url":"https:\/\/secure.gravatar.com\/avatar\/1e1956f1facbffd3f8fa53a326721950116b3b9dc9bd44939c01180fd4a745a9?s=96&d=mm&r=g","contentUrl":"https:\/\/secure.gravatar.com\/avatar\/1e1956f1facbffd3f8fa53a326721950116b3b9dc9bd44939c01180fd4a745a9?s=96&d=mm&r=g","caption":"Equipe G\u00e1vea News"}}]}},"_links":{"self":[{"href":"https:\/\/www.gaveanews.com\/index.php\/wp-json\/wp\/v2\/posts\/49075","targetHints":{"allow":["GET"]}}],"collection":[{"href":"https:\/\/www.gaveanews.com\/index.php\/wp-json\/wp\/v2\/posts"}],"about":[{"href":"https:\/\/www.gaveanews.com\/index.php\/wp-json\/wp\/v2\/types\/post"}],"author":[{"embeddable":true,"href":"https:\/\/www.gaveanews.com\/index.php\/wp-json\/wp\/v2\/users\/1"}],"replies":[{"embeddable":true,"href":"https:\/\/www.gaveanews.com\/index.php\/wp-json\/wp\/v2\/comments?post=49075"}],"version-history":[{"count":0,"href":"https:\/\/www.gaveanews.com\/index.php\/wp-json\/wp\/v2\/posts\/49075\/revisions"}],"wp:featuredmedia":[{"embeddable":true,"href":"https:\/\/www.gaveanews.com\/index.php\/wp-json\/wp\/v2\/media\/16362"}],"wp:attachment":[{"href":"https:\/\/www.gaveanews.com\/index.php\/wp-json\/wp\/v2\/media?parent=49075"}],"wp:term":[{"taxonomy":"category","embeddable":true,"href":"https:\/\/www.gaveanews.com\/index.php\/wp-json\/wp\/v2\/categories?post=49075"},{"taxonomy":"post_tag","embeddable":true,"href":"https:\/\/www.gaveanews.com\/index.php\/wp-json\/wp\/v2\/tags?post=49075"}],"curies":[{"name":"wp","href":"https:\/\/api.w.org\/{rel}","templated":true}]}}