{"id":49079,"date":"2020-10-13T09:41:55","date_gmt":"2020-10-13T12:41:55","guid":{"rendered":"https:\/\/www.gaveanews.com\/?p=49079"},"modified":"2021-08-12T00:48:38","modified_gmt":"2021-08-12T03:48:38","slug":"gerson-afirma-que-assinaria-contrato-vitalicio-com-o-flamengo","status":"publish","type":"post","link":"https:\/\/www.gaveanews.com\/index.php\/2020\/10\/13\/gerson-afirma-que-assinaria-contrato-vitalicio-com-o-flamengo\/","title":{"rendered":"Gerson afirma que assinaria contrato vital\u00edcio com o Flamengo"},"content":{"rendered":"\n<p>Nesta segunda (12), em comemora\u00e7\u00e3o ao dia das crian\u00e7as, foi ao ar o quadro &#8220;Resenhazinha Rubro-Negra&#8221;. A resenha contou com a presen\u00e7a do meia Gerson e quatro crian\u00e7as da torcida do Flamengo.<\/p>\n\n\n\n<p>Quando o quadro se iniciou, uma das crian\u00e7as j\u00e1 perguntou de cara se Gerson assinaria contrato vital\u00edcio com o Meng\u00e3o. A resposta do jogador foi a seguinte:<\/p>\n\n\n\n<p>\u00a0<em>&#8220;Meu sonho sempre foi jogar no Flamengo, eu sempre fiz de tudo para jogar no Flamengo, gra\u00e7as a Deus ele me aben\u00e7oou com essa oportunidade\u2026 Em quest\u00e3o do contrato, para mim seria uma honra imensa, ainda mais porque \u00e9 o meu time do cora\u00e7\u00e3o, e outra, estou no meu Rio de Janeiro, ao lado de fam\u00edlia e amigos. Mas isso n\u00e3o depende s\u00f3 de mim, depende da diretoria (risos)&#8221;.<\/em><\/p>\n\n\n\n<p>O camisa 8 do Flamengo falou tamb\u00e9m sobre a adapta\u00e7\u00e3o do time com o novo t\u00e9cnico, Dom\u00e8nec Torrent:<\/p>\n\n\n\n<p><em>&#8220;A adapta\u00e7\u00e3o est\u00e1 sendo da melhor forma poss\u00edvel. Todos n\u00f3s sabemos que quando chega um treinador, ainda mais de fora, a gente tinha um estilo de jogar, agora temos outro, ele tem o estilo dele. Ent\u00e3o ele vem a cada dia se dedicando e trabalhando para passar a ideia dele pra gente, e a gente tamb\u00e9m trabalhando para procurar entender o mais r\u00e1pido poss\u00edvel&#8230; Como voc\u00eas est\u00e3o vendo a\u00ed, as coisas come\u00e7aram a se encaixar. A gente espera daqui pra frente s\u00f3 melhorar, pra no final termos novamente um final feliz, todo mundo unido comemorando junto de novo, estar aquele mar de gente como foi no ano passado.&#8221;<\/em><\/p>\n\n\n\n<figure class=\"wp-block-embed-youtube wp-block-embed is-type-video is-provider-youtube wp-embed-aspect-16-9 wp-has-aspect-ratio\"><div class=\"wp-block-embed__wrapper\">\n<iframe loading=\"lazy\" title=\"&quot;Resenhazinha&quot; Rubro-Negra com Gerson | FlaTV\" width=\"640\" height=\"360\" src=\"https:\/\/www.youtube.com\/embed\/sQBPDHiGTOU?start=1231&#038;feature=oembed\" frameborder=\"0\" allow=\"accelerometer; autoplay; clipboard-write; encrypted-media; gyroscope; picture-in-picture; web-share\" referrerpolicy=\"strict-origin-when-cross-origin\" allowfullscreen><\/iframe>\n<\/div><\/figure>\n\n\n\n<p>O meia, que chegou no time em 2019, j\u00e1 \u00e9 considerado por muitos como um dos \u00eddolos desta gera\u00e7\u00e3o, levantando cinco ta\u00e7as pelo time desde sua chegada (Campeonato Brasileiro, Libertadores, Supercopa, Recopa e Campeonato Carioca).<\/p>\n","protected":false},"excerpt":{"rendered":"<p>Nesta segunda (12), em comemora\u00e7\u00e3o ao dia das crian\u00e7as, foi ao ar o quadro &#8220;Resenhazinha Rubro-Negra&#8221;. A resenha contou com a presen\u00e7a do meia Gerson e quatro crian\u00e7as da torcida do Flamengo. Quando o quadro se iniciou, uma das crian\u00e7as j\u00e1 perguntou de cara se Gerson assinaria contrato vital\u00edcio com o Meng\u00e3o. A resposta do [&hellip;]<\/p>\n","protected":false},"author":4,"featured_media":49087,"comment_status":"open","ping_status":"closed","sticky":false,"template":"","format":"standard","meta":{"footnotes":""},"categories":[1],"tags":[],"class_list":["post-49079","post","type-post","status-publish","format-standard","has-post-thumbnail","hentry","category-flamengo"],"yoast_head":"<!-- This site is optimized with the Yoast SEO Premium plugin v24.2 (Yoast SEO v26.9) - https:\/\/yoast.com\/product\/yoast-seo-premium-wordpress\/ -->\n<title>Gerson afirma que assinaria contrato vital\u00edcio com o Flamengo<\/title>\n<meta name=\"description\" content=\"Nesta segunda (12) foi ao ar o quadro &quot;Resenhazinha Rubro-Negra&quot;. A resenha contou com a presen\u00e7a de Gerson e quatro crian\u00e7as da torcida.\" \/>\n<meta name=\"robots\" content=\"index, follow, max-snippet:-1, max-image-preview:large, max-video-preview:-1\" \/>\n<link rel=\"canonical\" href=\"https:\/\/www.gaveanews.com\/index.php\/2020\/10\/13\/gerson-afirma-que-assinaria-contrato-vitalicio-com-o-flamengo\/\" \/>\n<meta property=\"og:locale\" content=\"pt_BR\" \/>\n<meta property=\"og:type\" content=\"article\" \/>\n<meta property=\"og:title\" content=\"Gerson afirma que assinaria contrato vital\u00edcio com o Flamengo\" \/>\n<meta property=\"og:description\" content=\"Nesta segunda (12) foi ao ar o quadro &quot;Resenhazinha Rubro-Negra&quot;. A resenha contou com a presen\u00e7a de Gerson e quatro crian\u00e7as da torcida.\" \/>\n<meta property=\"og:url\" content=\"https:\/\/www.gaveanews.com\/index.php\/2020\/10\/13\/gerson-afirma-que-assinaria-contrato-vitalicio-com-o-flamengo\/\" \/>\n<meta property=\"og:site_name\" content=\"G\u00e1vea News\" \/>\n<meta property=\"article:publisher\" content=\"https:\/\/facebook.com\/gaveaNews\/\" \/>\n<meta property=\"article:published_time\" content=\"2020-10-13T12:41:55+00:00\" \/>\n<meta property=\"article:modified_time\" content=\"2021-08-12T03:48:38+00:00\" \/>\n<meta property=\"og:image\" content=\"https:\/\/www.gaveanews.com\/wp-content\/uploads\/Gerson-do-Flamengo-segurando-seu-boneco-no-Ninho..webp\" \/>\n\t<meta property=\"og:image:width\" content=\"1024\" \/>\n\t<meta property=\"og:image:height\" content=\"682\" \/>\n\t<meta property=\"og:image:type\" content=\"image\/jpeg\" \/>\n<meta name=\"author\" content=\"Let\u00edcia Gerheim\" \/>\n<meta name=\"twitter:card\" content=\"summary_large_image\" \/>\n<meta name=\"twitter:label1\" content=\"Escrito por\" \/>\n\t<meta name=\"twitter:data1\" content=\"Let\u00edcia Gerheim\" \/>\n\t<meta name=\"twitter:label2\" content=\"Est. tempo de leitura\" \/>\n\t<meta name=\"twitter:data2\" content=\"2 minutos\" \/>\n<script type=\"application\/ld+json\" class=\"yoast-schema-graph\">{\"@context\":\"https:\/\/schema.org\",\"@graph\":[{\"@type\":\"NewsArticle\",\"@id\":\"https:\/\/www.gaveanews.com\/index.php\/2020\/10\/13\/gerson-afirma-que-assinaria-contrato-vitalicio-com-o-flamengo\/#article\",\"isPartOf\":{\"@id\":\"https:\/\/www.gaveanews.com\/index.php\/2020\/10\/13\/gerson-afirma-que-assinaria-contrato-vitalicio-com-o-flamengo\/\"},\"author\":{\"name\":\"Let\u00edcia Gerheim\",\"@id\":\"https:\/\/www.gaveanews.com\/#\/schema\/person\/714c67050b836198af2450ba1c142a67\"},\"headline\":\"Gerson afirma que assinaria contrato vital\u00edcio com o Flamengo\",\"datePublished\":\"2020-10-13T12:41:55+00:00\",\"dateModified\":\"2021-08-12T03:48:38+00:00\",\"mainEntityOfPage\":{\"@id\":\"https:\/\/www.gaveanews.com\/index.php\/2020\/10\/13\/gerson-afirma-que-assinaria-contrato-vitalicio-com-o-flamengo\/\"},\"wordCount\":337,\"commentCount\":3,\"image\":{\"@id\":\"https:\/\/www.gaveanews.com\/index.php\/2020\/10\/13\/gerson-afirma-que-assinaria-contrato-vitalicio-com-o-flamengo\/#primaryimage\"},\"thumbnailUrl\":\"https:\/\/www.gaveanews.com\/wp-content\/uploads\/Gerson-do-Flamengo-segurando-seu-boneco-no-Ninho..webp\",\"articleSection\":[\"Flamengo\"],\"inLanguage\":\"pt-BR\",\"potentialAction\":[{\"@type\":\"CommentAction\",\"name\":\"Comment\",\"target\":[\"https:\/\/www.gaveanews.com\/index.php\/2020\/10\/13\/gerson-afirma-que-assinaria-contrato-vitalicio-com-o-flamengo\/#respond\"]}],\"copyrightYear\":\"2020\",\"copyrightHolder\":{\"@id\":\"https:\/\/www.gaveanews.com\/#organization\"}},{\"@type\":\"WebPage\",\"@id\":\"https:\/\/www.gaveanews.com\/index.php\/2020\/10\/13\/gerson-afirma-que-assinaria-contrato-vitalicio-com-o-flamengo\/\",\"url\":\"https:\/\/www.gaveanews.com\/index.php\/2020\/10\/13\/gerson-afirma-que-assinaria-contrato-vitalicio-com-o-flamengo\/\",\"name\":\"Gerson afirma que assinaria contrato vital\u00edcio com o Flamengo\",\"isPartOf\":{\"@id\":\"https:\/\/www.gaveanews.com\/#website\"},\"primaryImageOfPage\":{\"@id\":\"https:\/\/www.gaveanews.com\/index.php\/2020\/10\/13\/gerson-afirma-que-assinaria-contrato-vitalicio-com-o-flamengo\/#primaryimage\"},\"image\":{\"@id\":\"https:\/\/www.gaveanews.com\/index.php\/2020\/10\/13\/gerson-afirma-que-assinaria-contrato-vitalicio-com-o-flamengo\/#primaryimage\"},\"thumbnailUrl\":\"https:\/\/www.gaveanews.com\/wp-content\/uploads\/Gerson-do-Flamengo-segurando-seu-boneco-no-Ninho..webp\",\"datePublished\":\"2020-10-13T12:41:55+00:00\",\"dateModified\":\"2021-08-12T03:48:38+00:00\",\"author\":{\"@id\":\"https:\/\/www.gaveanews.com\/#\/schema\/person\/714c67050b836198af2450ba1c142a67\"},\"description\":\"Nesta segunda (12) foi ao ar o quadro \\\"Resenhazinha Rubro-Negra\\\". A resenha contou com a presen\u00e7a de Gerson e quatro crian\u00e7as da torcida.\",\"breadcrumb\":{\"@id\":\"https:\/\/www.gaveanews.com\/index.php\/2020\/10\/13\/gerson-afirma-que-assinaria-contrato-vitalicio-com-o-flamengo\/#breadcrumb\"},\"inLanguage\":\"pt-BR\",\"potentialAction\":[{\"@type\":\"ReadAction\",\"target\":[\"https:\/\/www.gaveanews.com\/index.php\/2020\/10\/13\/gerson-afirma-que-assinaria-contrato-vitalicio-com-o-flamengo\/\"]}]},{\"@type\":\"ImageObject\",\"inLanguage\":\"pt-BR\",\"@id\":\"https:\/\/www.gaveanews.com\/index.php\/2020\/10\/13\/gerson-afirma-que-assinaria-contrato-vitalicio-com-o-flamengo\/#primaryimage\",\"url\":\"https:\/\/www.gaveanews.com\/wp-content\/uploads\/Gerson-do-Flamengo-segurando-seu-boneco-no-Ninho..webp\",\"contentUrl\":\"https:\/\/www.gaveanews.com\/wp-content\/uploads\/Gerson-do-Flamengo-segurando-seu-boneco-no-Ninho..webp\",\"width\":1024,\"height\":682,\"caption\":\"Gerson, do Flamengo, segurando seu boneco no Ninho. (Foto: Alexandre Vidal\/Famengo)\"},{\"@type\":\"BreadcrumbList\",\"@id\":\"https:\/\/www.gaveanews.com\/index.php\/2020\/10\/13\/gerson-afirma-que-assinaria-contrato-vitalicio-com-o-flamengo\/#breadcrumb\",\"itemListElement\":[{\"@type\":\"ListItem\",\"position\":1,\"name\":\"Home\",\"item\":\"https:\/\/www.gaveanews.com\/\"},{\"@type\":\"ListItem\",\"position\":2,\"name\":\"Gerson afirma que assinaria contrato vital\u00edcio com o Flamengo\"}]},{\"@type\":\"WebSite\",\"@id\":\"https:\/\/www.gaveanews.com\/#website\",\"url\":\"https:\/\/www.gaveanews.com\/\",\"name\":\"G\u00e1vea News\",\"description\":\"Veja todas as not\u00edcias sobre o Flamengo: Contrata\u00e7\u00f5es, categorias de base, resultados das partidas, tabela de classifica\u00e7\u00e3o, pr\u00f3ximos jogos!\",\"potentialAction\":[{\"@type\":\"SearchAction\",\"target\":{\"@type\":\"EntryPoint\",\"urlTemplate\":\"https:\/\/www.gaveanews.com\/?s={search_term_string}\"},\"query-input\":{\"@type\":\"PropertyValueSpecification\",\"valueRequired\":true,\"valueName\":\"search_term_string\"}}],\"inLanguage\":\"pt-BR\"},{\"@type\":\"Person\",\"@id\":\"https:\/\/www.gaveanews.com\/#\/schema\/person\/714c67050b836198af2450ba1c142a67\",\"name\":\"Let\u00edcia Gerheim\",\"image\":{\"@type\":\"ImageObject\",\"inLanguage\":\"pt-BR\",\"@id\":\"https:\/\/www.gaveanews.com\/#\/schema\/person\/image\/\",\"url\":\"https:\/\/secure.gravatar.com\/avatar\/60734739c50fcebfbac509e2a826ccd0ff405c019bc73aab9354f19ecad1dcb4?s=96&d=mm&r=g\",\"contentUrl\":\"https:\/\/secure.gravatar.com\/avatar\/60734739c50fcebfbac509e2a826ccd0ff405c019bc73aab9354f19ecad1dcb4?s=96&d=mm&r=g\",\"caption\":\"Let\u00edcia Gerheim\"}}]}<\/script>\n<!-- \/ Yoast SEO Premium plugin. -->","yoast_head_json":{"title":"Gerson afirma que assinaria contrato vital\u00edcio com o Flamengo","description":"Nesta segunda (12) foi ao ar o quadro \"Resenhazinha Rubro-Negra\". A resenha contou com a presen\u00e7a de Gerson e quatro crian\u00e7as da torcida.","robots":{"index":"index","follow":"follow","max-snippet":"max-snippet:-1","max-image-preview":"max-image-preview:large","max-video-preview":"max-video-preview:-1"},"canonical":"https:\/\/www.gaveanews.com\/index.php\/2020\/10\/13\/gerson-afirma-que-assinaria-contrato-vitalicio-com-o-flamengo\/","og_locale":"pt_BR","og_type":"article","og_title":"Gerson afirma que assinaria contrato vital\u00edcio com o Flamengo","og_description":"Nesta segunda (12) foi ao ar o quadro \"Resenhazinha Rubro-Negra\". A resenha contou com a presen\u00e7a de Gerson e quatro crian\u00e7as da torcida.","og_url":"https:\/\/www.gaveanews.com\/index.php\/2020\/10\/13\/gerson-afirma-que-assinaria-contrato-vitalicio-com-o-flamengo\/","og_site_name":"G\u00e1vea News","article_publisher":"https:\/\/facebook.com\/gaveaNews\/","article_published_time":"2020-10-13T12:41:55+00:00","article_modified_time":"2021-08-12T03:48:38+00:00","og_image":[{"width":1024,"height":682,"url":"https:\/\/www.gaveanews.com\/wp-content\/uploads\/Gerson-do-Flamengo-segurando-seu-boneco-no-Ninho..webp","type":"image\/jpeg"}],"author":"Let\u00edcia Gerheim","twitter_card":"summary_large_image","twitter_misc":{"Escrito por":"Let\u00edcia Gerheim","Est. tempo de leitura":"2 minutos"},"schema":{"@context":"https:\/\/schema.org","@graph":[{"@type":"NewsArticle","@id":"https:\/\/www.gaveanews.com\/index.php\/2020\/10\/13\/gerson-afirma-que-assinaria-contrato-vitalicio-com-o-flamengo\/#article","isPartOf":{"@id":"https:\/\/www.gaveanews.com\/index.php\/2020\/10\/13\/gerson-afirma-que-assinaria-contrato-vitalicio-com-o-flamengo\/"},"author":{"name":"Let\u00edcia Gerheim","@id":"https:\/\/www.gaveanews.com\/#\/schema\/person\/714c67050b836198af2450ba1c142a67"},"headline":"Gerson afirma que assinaria contrato vital\u00edcio com o Flamengo","datePublished":"2020-10-13T12:41:55+00:00","dateModified":"2021-08-12T03:48:38+00:00","mainEntityOfPage":{"@id":"https:\/\/www.gaveanews.com\/index.php\/2020\/10\/13\/gerson-afirma-que-assinaria-contrato-vitalicio-com-o-flamengo\/"},"wordCount":337,"commentCount":3,"image":{"@id":"https:\/\/www.gaveanews.com\/index.php\/2020\/10\/13\/gerson-afirma-que-assinaria-contrato-vitalicio-com-o-flamengo\/#primaryimage"},"thumbnailUrl":"https:\/\/www.gaveanews.com\/wp-content\/uploads\/Gerson-do-Flamengo-segurando-seu-boneco-no-Ninho..webp","articleSection":["Flamengo"],"inLanguage":"pt-BR","potentialAction":[{"@type":"CommentAction","name":"Comment","target":["https:\/\/www.gaveanews.com\/index.php\/2020\/10\/13\/gerson-afirma-que-assinaria-contrato-vitalicio-com-o-flamengo\/#respond"]}],"copyrightYear":"2020","copyrightHolder":{"@id":"https:\/\/www.gaveanews.com\/#organization"}},{"@type":"WebPage","@id":"https:\/\/www.gaveanews.com\/index.php\/2020\/10\/13\/gerson-afirma-que-assinaria-contrato-vitalicio-com-o-flamengo\/","url":"https:\/\/www.gaveanews.com\/index.php\/2020\/10\/13\/gerson-afirma-que-assinaria-contrato-vitalicio-com-o-flamengo\/","name":"Gerson afirma que assinaria contrato vital\u00edcio com o Flamengo","isPartOf":{"@id":"https:\/\/www.gaveanews.com\/#website"},"primaryImageOfPage":{"@id":"https:\/\/www.gaveanews.com\/index.php\/2020\/10\/13\/gerson-afirma-que-assinaria-contrato-vitalicio-com-o-flamengo\/#primaryimage"},"image":{"@id":"https:\/\/www.gaveanews.com\/index.php\/2020\/10\/13\/gerson-afirma-que-assinaria-contrato-vitalicio-com-o-flamengo\/#primaryimage"},"thumbnailUrl":"https:\/\/www.gaveanews.com\/wp-content\/uploads\/Gerson-do-Flamengo-segurando-seu-boneco-no-Ninho..webp","datePublished":"2020-10-13T12:41:55+00:00","dateModified":"2021-08-12T03:48:38+00:00","author":{"@id":"https:\/\/www.gaveanews.com\/#\/schema\/person\/714c67050b836198af2450ba1c142a67"},"description":"Nesta segunda (12) foi ao ar o quadro \"Resenhazinha Rubro-Negra\". A resenha contou com a presen\u00e7a de Gerson e quatro crian\u00e7as da torcida.","breadcrumb":{"@id":"https:\/\/www.gaveanews.com\/index.php\/2020\/10\/13\/gerson-afirma-que-assinaria-contrato-vitalicio-com-o-flamengo\/#breadcrumb"},"inLanguage":"pt-BR","potentialAction":[{"@type":"ReadAction","target":["https:\/\/www.gaveanews.com\/index.php\/2020\/10\/13\/gerson-afirma-que-assinaria-contrato-vitalicio-com-o-flamengo\/"]}]},{"@type":"ImageObject","inLanguage":"pt-BR","@id":"https:\/\/www.gaveanews.com\/index.php\/2020\/10\/13\/gerson-afirma-que-assinaria-contrato-vitalicio-com-o-flamengo\/#primaryimage","url":"https:\/\/www.gaveanews.com\/wp-content\/uploads\/Gerson-do-Flamengo-segurando-seu-boneco-no-Ninho..webp","contentUrl":"https:\/\/www.gaveanews.com\/wp-content\/uploads\/Gerson-do-Flamengo-segurando-seu-boneco-no-Ninho..webp","width":1024,"height":682,"caption":"Gerson, do Flamengo, segurando seu boneco no Ninho. (Foto: Alexandre Vidal\/Famengo)"},{"@type":"BreadcrumbList","@id":"https:\/\/www.gaveanews.com\/index.php\/2020\/10\/13\/gerson-afirma-que-assinaria-contrato-vitalicio-com-o-flamengo\/#breadcrumb","itemListElement":[{"@type":"ListItem","position":1,"name":"Home","item":"https:\/\/www.gaveanews.com\/"},{"@type":"ListItem","position":2,"name":"Gerson afirma que assinaria contrato vital\u00edcio com o Flamengo"}]},{"@type":"WebSite","@id":"https:\/\/www.gaveanews.com\/#website","url":"https:\/\/www.gaveanews.com\/","name":"G\u00e1vea News","description":"Veja todas as not\u00edcias sobre o Flamengo: Contrata\u00e7\u00f5es, categorias de base, resultados das partidas, tabela de classifica\u00e7\u00e3o, pr\u00f3ximos jogos!","potentialAction":[{"@type":"SearchAction","target":{"@type":"EntryPoint","urlTemplate":"https:\/\/www.gaveanews.com\/?s={search_term_string}"},"query-input":{"@type":"PropertyValueSpecification","valueRequired":true,"valueName":"search_term_string"}}],"inLanguage":"pt-BR"},{"@type":"Person","@id":"https:\/\/www.gaveanews.com\/#\/schema\/person\/714c67050b836198af2450ba1c142a67","name":"Let\u00edcia Gerheim","image":{"@type":"ImageObject","inLanguage":"pt-BR","@id":"https:\/\/www.gaveanews.com\/#\/schema\/person\/image\/","url":"https:\/\/secure.gravatar.com\/avatar\/60734739c50fcebfbac509e2a826ccd0ff405c019bc73aab9354f19ecad1dcb4?s=96&d=mm&r=g","contentUrl":"https:\/\/secure.gravatar.com\/avatar\/60734739c50fcebfbac509e2a826ccd0ff405c019bc73aab9354f19ecad1dcb4?s=96&d=mm&r=g","caption":"Let\u00edcia Gerheim"}}]}},"_links":{"self":[{"href":"https:\/\/www.gaveanews.com\/index.php\/wp-json\/wp\/v2\/posts\/49079","targetHints":{"allow":["GET"]}}],"collection":[{"href":"https:\/\/www.gaveanews.com\/index.php\/wp-json\/wp\/v2\/posts"}],"about":[{"href":"https:\/\/www.gaveanews.com\/index.php\/wp-json\/wp\/v2\/types\/post"}],"author":[{"embeddable":true,"href":"https:\/\/www.gaveanews.com\/index.php\/wp-json\/wp\/v2\/users\/4"}],"replies":[{"embeddable":true,"href":"https:\/\/www.gaveanews.com\/index.php\/wp-json\/wp\/v2\/comments?post=49079"}],"version-history":[{"count":0,"href":"https:\/\/www.gaveanews.com\/index.php\/wp-json\/wp\/v2\/posts\/49079\/revisions"}],"wp:featuredmedia":[{"embeddable":true,"href":"https:\/\/www.gaveanews.com\/index.php\/wp-json\/wp\/v2\/media\/49087"}],"wp:attachment":[{"href":"https:\/\/www.gaveanews.com\/index.php\/wp-json\/wp\/v2\/media?parent=49079"}],"wp:term":[{"taxonomy":"category","embeddable":true,"href":"https:\/\/www.gaveanews.com\/index.php\/wp-json\/wp\/v2\/categories?post=49079"},{"taxonomy":"post_tag","embeddable":true,"href":"https:\/\/www.gaveanews.com\/index.php\/wp-json\/wp\/v2\/tags?post=49079"}],"curies":[{"name":"wp","href":"https:\/\/api.w.org\/{rel}","templated":true}]}}