{"id":49091,"date":"2020-10-13T10:54:53","date_gmt":"2020-10-13T13:54:53","guid":{"rendered":"https:\/\/www.gaveanews.com\/?p=49091"},"modified":"2021-08-12T00:48:37","modified_gmt":"2021-08-12T03:48:37","slug":"filipe-luis-respode-rafinha-em-rede-social-saudades","status":"publish","type":"post","link":"https:\/\/www.gaveanews.com\/index.php\/2020\/10\/13\/filipe-luis-respode-rafinha-em-rede-social-saudades\/","title":{"rendered":"Filipe Lu\u00eds respode Rafinha em rede social: &#8220;Saudades&#8221;"},"content":{"rendered":"\n<p>Rafinha, que havia sido contratado pelo Flamengo em junho de 2019, deixou o time em agosto de 2020 para jogar no Olympiakos, da Gr\u00e9cia.<\/p>\n\n\n\n<p>Durante sua passagem pelo time carioca, o lateral direito conquistou as ta\u00e7as do Campeonato Brasileiro, Libertadores da Am\u00e9rica, Supercopa do Brasil, Recopa Sul-Americana e o Campeonato Carioca.<\/p>\n\n\n\n<p>Ap\u00f3s sua sa\u00edda, <a href=\"https:\/\/www.gaveanews.com\/index.php\/2020\/08\/15\/lateral-aceita-proposta-do-flamengo\/\">o rubro-negro contratou Maur\u00edcio Isla para preencher o espa\u00e7o da lateral-direita do campo<\/a>. O time, que encontrou desafios, agora j\u00e1 adaptou o novo lateral e o mesmo tem tido bons resultados nos \u00faltimos jogos.<\/p>\n\n\n\n<p>O ex-lateral, Rafinha, <a href=\"https:\/\/www.gaveanews.com\/index.php\/2020\/08\/17\/com-brincadeira-de-gabigol-rafinha-se-emociona-na-despedida-do-flamengo\/\">saiu do clube com o carinho de seus companheiros jogadores<\/a> expresso em coletiva do Flamengo e suas redes sociais. <\/p>\n\n\n\n<p>Nesta segunda-feira (12), o lateral esquerdo Filipe Lu\u00eds publicou uma foto junto do goleiro Diego Alves com a legenda: <em>&#8220;O mais fofinho de Brasil est\u00e1 de volta!&#8221;<\/em>, se referindo ao fato de Diego estar de volta ao treino coletivo com os demais jogadores. Rafinha comentou a publica\u00e7\u00e3o: <em>&#8220;Voc\u00eas s\u00e3o feras. Eu amo voc\u00eas&#8221;<\/em>. Em resposta ao coment\u00e1rio de Rafinha, Filipe disse: <em>&#8220;Saudades&#8221;<\/em>.<\/p>\n\n\n\n<figure class=\"wp-block-embed-instagram wp-block-embed is-type-rich is-provider-instagram\"><div class=\"wp-block-embed__wrapper\">\nhttps:\/\/www.instagram.com\/p\/CGQDotQn1s4\/?utm_source=ig_web_copy_link\n<\/div><\/figure>\n","protected":false},"excerpt":{"rendered":"<p>Rafinha, que havia sido contratado pelo Flamengo em junho de 2019, deixou o time em agosto de 2020 para jogar no Olympiakos, da Gr\u00e9cia. Durante sua passagem pelo time carioca, o lateral direito conquistou as ta\u00e7as do Campeonato Brasileiro, Libertadores da Am\u00e9rica, Supercopa do Brasil, Recopa Sul-Americana e o Campeonato Carioca. Ap\u00f3s sua sa\u00edda, o [&hellip;]<\/p>\n","protected":false},"author":4,"featured_media":28891,"comment_status":"open","ping_status":"closed","sticky":false,"template":"","format":"standard","meta":{"footnotes":""},"categories":[1],"tags":[],"class_list":["post-49091","post","type-post","status-publish","format-standard","has-post-thumbnail","hentry","category-flamengo"],"yoast_head":"<!-- This site is optimized with the Yoast SEO Premium plugin v24.2 (Yoast SEO v26.9) - https:\/\/yoast.com\/product\/yoast-seo-premium-wordpress\/ -->\n<title>Filipe Lu\u00eds respode Rafinha em rede social: &quot;Saudades&quot;<\/title>\n<meta name=\"description\" content=\"Rafinha comentou a publica\u00e7\u00e3o: &quot;Voc\u00eas s\u00e3o feras. Eu amo voc\u00eas&quot;. Em resposta ao coment\u00e1rio de Rafinha, Filipe disse: &quot;Saudades&quot;.\" \/>\n<meta name=\"robots\" content=\"index, follow, max-snippet:-1, max-image-preview:large, max-video-preview:-1\" \/>\n<link rel=\"canonical\" href=\"https:\/\/www.gaveanews.com\/index.php\/2020\/10\/13\/filipe-luis-respode-rafinha-em-rede-social-saudades\/\" \/>\n<meta property=\"og:locale\" content=\"pt_BR\" \/>\n<meta property=\"og:type\" content=\"article\" \/>\n<meta property=\"og:title\" content=\"Filipe Lu\u00eds respode Rafinha em rede social: &quot;Saudades&quot;\" \/>\n<meta property=\"og:description\" content=\"Rafinha comentou a publica\u00e7\u00e3o: &quot;Voc\u00eas s\u00e3o feras. Eu amo voc\u00eas&quot;. Em resposta ao coment\u00e1rio de Rafinha, Filipe disse: &quot;Saudades&quot;.\" \/>\n<meta property=\"og:url\" content=\"https:\/\/www.gaveanews.com\/index.php\/2020\/10\/13\/filipe-luis-respode-rafinha-em-rede-social-saudades\/\" \/>\n<meta property=\"og:site_name\" content=\"G\u00e1vea News\" \/>\n<meta property=\"article:publisher\" content=\"https:\/\/facebook.com\/gaveaNews\/\" \/>\n<meta property=\"article:published_time\" content=\"2020-10-13T13:54:53+00:00\" \/>\n<meta property=\"article:modified_time\" content=\"2021-08-12T03:48:37+00:00\" \/>\n<meta property=\"og:image\" content=\"https:\/\/www.gaveanews.com\/wp-content\/uploads\/Lateral-Rafinha-durante-uma-partida-do-Flamengo.webp\" \/>\n\t<meta property=\"og:image:width\" content=\"900\" \/>\n\t<meta property=\"og:image:height\" content=\"600\" \/>\n\t<meta property=\"og:image:type\" content=\"image\/jpeg\" \/>\n<meta name=\"author\" content=\"Let\u00edcia Gerheim\" \/>\n<meta name=\"twitter:card\" content=\"summary_large_image\" \/>\n<meta name=\"twitter:label1\" content=\"Escrito por\" \/>\n\t<meta name=\"twitter:data1\" content=\"Let\u00edcia Gerheim\" \/>\n\t<meta name=\"twitter:label2\" content=\"Est. tempo de leitura\" \/>\n\t<meta name=\"twitter:data2\" content=\"1 minuto\" \/>\n<script type=\"application\/ld+json\" class=\"yoast-schema-graph\">{\"@context\":\"https:\/\/schema.org\",\"@graph\":[{\"@type\":\"NewsArticle\",\"@id\":\"https:\/\/www.gaveanews.com\/index.php\/2020\/10\/13\/filipe-luis-respode-rafinha-em-rede-social-saudades\/#article\",\"isPartOf\":{\"@id\":\"https:\/\/www.gaveanews.com\/index.php\/2020\/10\/13\/filipe-luis-respode-rafinha-em-rede-social-saudades\/\"},\"author\":{\"name\":\"Let\u00edcia Gerheim\",\"@id\":\"https:\/\/www.gaveanews.com\/#\/schema\/person\/714c67050b836198af2450ba1c142a67\"},\"headline\":\"Filipe Lu\u00eds respode Rafinha em rede social: &#8220;Saudades&#8221;\",\"datePublished\":\"2020-10-13T13:54:53+00:00\",\"dateModified\":\"2021-08-12T03:48:37+00:00\",\"mainEntityOfPage\":{\"@id\":\"https:\/\/www.gaveanews.com\/index.php\/2020\/10\/13\/filipe-luis-respode-rafinha-em-rede-social-saudades\/\"},\"wordCount\":204,\"commentCount\":0,\"image\":{\"@id\":\"https:\/\/www.gaveanews.com\/index.php\/2020\/10\/13\/filipe-luis-respode-rafinha-em-rede-social-saudades\/#primaryimage\"},\"thumbnailUrl\":\"https:\/\/www.gaveanews.com\/wp-content\/uploads\/Lateral-Rafinha-durante-uma-partida-do-Flamengo.webp\",\"articleSection\":[\"Flamengo\"],\"inLanguage\":\"pt-BR\",\"potentialAction\":[{\"@type\":\"CommentAction\",\"name\":\"Comment\",\"target\":[\"https:\/\/www.gaveanews.com\/index.php\/2020\/10\/13\/filipe-luis-respode-rafinha-em-rede-social-saudades\/#respond\"]}],\"copyrightYear\":\"2020\",\"copyrightHolder\":{\"@id\":\"https:\/\/www.gaveanews.com\/#organization\"}},{\"@type\":\"WebPage\",\"@id\":\"https:\/\/www.gaveanews.com\/index.php\/2020\/10\/13\/filipe-luis-respode-rafinha-em-rede-social-saudades\/\",\"url\":\"https:\/\/www.gaveanews.com\/index.php\/2020\/10\/13\/filipe-luis-respode-rafinha-em-rede-social-saudades\/\",\"name\":\"Filipe Lu\u00eds respode Rafinha em rede social: \\\"Saudades\\\"\",\"isPartOf\":{\"@id\":\"https:\/\/www.gaveanews.com\/#website\"},\"primaryImageOfPage\":{\"@id\":\"https:\/\/www.gaveanews.com\/index.php\/2020\/10\/13\/filipe-luis-respode-rafinha-em-rede-social-saudades\/#primaryimage\"},\"image\":{\"@id\":\"https:\/\/www.gaveanews.com\/index.php\/2020\/10\/13\/filipe-luis-respode-rafinha-em-rede-social-saudades\/#primaryimage\"},\"thumbnailUrl\":\"https:\/\/www.gaveanews.com\/wp-content\/uploads\/Lateral-Rafinha-durante-uma-partida-do-Flamengo.webp\",\"datePublished\":\"2020-10-13T13:54:53+00:00\",\"dateModified\":\"2021-08-12T03:48:37+00:00\",\"author\":{\"@id\":\"https:\/\/www.gaveanews.com\/#\/schema\/person\/714c67050b836198af2450ba1c142a67\"},\"description\":\"Rafinha comentou a publica\u00e7\u00e3o: \\\"Voc\u00eas s\u00e3o feras. Eu amo voc\u00eas\\\". Em resposta ao coment\u00e1rio de Rafinha, Filipe disse: \\\"Saudades\\\".\",\"breadcrumb\":{\"@id\":\"https:\/\/www.gaveanews.com\/index.php\/2020\/10\/13\/filipe-luis-respode-rafinha-em-rede-social-saudades\/#breadcrumb\"},\"inLanguage\":\"pt-BR\",\"potentialAction\":[{\"@type\":\"ReadAction\",\"target\":[\"https:\/\/www.gaveanews.com\/index.php\/2020\/10\/13\/filipe-luis-respode-rafinha-em-rede-social-saudades\/\"]}]},{\"@type\":\"ImageObject\",\"inLanguage\":\"pt-BR\",\"@id\":\"https:\/\/www.gaveanews.com\/index.php\/2020\/10\/13\/filipe-luis-respode-rafinha-em-rede-social-saudades\/#primaryimage\",\"url\":\"https:\/\/www.gaveanews.com\/wp-content\/uploads\/Lateral-Rafinha-durante-uma-partida-do-Flamengo.webp\",\"contentUrl\":\"https:\/\/www.gaveanews.com\/wp-content\/uploads\/Lateral-Rafinha-durante-uma-partida-do-Flamengo.webp\",\"width\":900,\"height\":600,\"caption\":\"Lateral Rafinha durante uma partida do Flamengo (Foto: Alexandre Vidal\/Flamengo)\"},{\"@type\":\"BreadcrumbList\",\"@id\":\"https:\/\/www.gaveanews.com\/index.php\/2020\/10\/13\/filipe-luis-respode-rafinha-em-rede-social-saudades\/#breadcrumb\",\"itemListElement\":[{\"@type\":\"ListItem\",\"position\":1,\"name\":\"Home\",\"item\":\"https:\/\/www.gaveanews.com\/\"},{\"@type\":\"ListItem\",\"position\":2,\"name\":\"Filipe Lu\u00eds respode Rafinha em rede social: &#8220;Saudades&#8221;\"}]},{\"@type\":\"WebSite\",\"@id\":\"https:\/\/www.gaveanews.com\/#website\",\"url\":\"https:\/\/www.gaveanews.com\/\",\"name\":\"G\u00e1vea News\",\"description\":\"Veja todas as not\u00edcias sobre o Flamengo: Contrata\u00e7\u00f5es, categorias de base, resultados das partidas, tabela de classifica\u00e7\u00e3o, pr\u00f3ximos jogos!\",\"potentialAction\":[{\"@type\":\"SearchAction\",\"target\":{\"@type\":\"EntryPoint\",\"urlTemplate\":\"https:\/\/www.gaveanews.com\/?s={search_term_string}\"},\"query-input\":{\"@type\":\"PropertyValueSpecification\",\"valueRequired\":true,\"valueName\":\"search_term_string\"}}],\"inLanguage\":\"pt-BR\"},{\"@type\":\"Person\",\"@id\":\"https:\/\/www.gaveanews.com\/#\/schema\/person\/714c67050b836198af2450ba1c142a67\",\"name\":\"Let\u00edcia Gerheim\",\"image\":{\"@type\":\"ImageObject\",\"inLanguage\":\"pt-BR\",\"@id\":\"https:\/\/www.gaveanews.com\/#\/schema\/person\/image\/\",\"url\":\"https:\/\/secure.gravatar.com\/avatar\/60734739c50fcebfbac509e2a826ccd0ff405c019bc73aab9354f19ecad1dcb4?s=96&d=mm&r=g\",\"contentUrl\":\"https:\/\/secure.gravatar.com\/avatar\/60734739c50fcebfbac509e2a826ccd0ff405c019bc73aab9354f19ecad1dcb4?s=96&d=mm&r=g\",\"caption\":\"Let\u00edcia Gerheim\"}}]}<\/script>\n<!-- \/ Yoast SEO Premium plugin. -->","yoast_head_json":{"title":"Filipe Lu\u00eds respode Rafinha em rede social: \"Saudades\"","description":"Rafinha comentou a publica\u00e7\u00e3o: \"Voc\u00eas s\u00e3o feras. Eu amo voc\u00eas\". Em resposta ao coment\u00e1rio de Rafinha, Filipe disse: \"Saudades\".","robots":{"index":"index","follow":"follow","max-snippet":"max-snippet:-1","max-image-preview":"max-image-preview:large","max-video-preview":"max-video-preview:-1"},"canonical":"https:\/\/www.gaveanews.com\/index.php\/2020\/10\/13\/filipe-luis-respode-rafinha-em-rede-social-saudades\/","og_locale":"pt_BR","og_type":"article","og_title":"Filipe Lu\u00eds respode Rafinha em rede social: \"Saudades\"","og_description":"Rafinha comentou a publica\u00e7\u00e3o: \"Voc\u00eas s\u00e3o feras. Eu amo voc\u00eas\". Em resposta ao coment\u00e1rio de Rafinha, Filipe disse: \"Saudades\".","og_url":"https:\/\/www.gaveanews.com\/index.php\/2020\/10\/13\/filipe-luis-respode-rafinha-em-rede-social-saudades\/","og_site_name":"G\u00e1vea News","article_publisher":"https:\/\/facebook.com\/gaveaNews\/","article_published_time":"2020-10-13T13:54:53+00:00","article_modified_time":"2021-08-12T03:48:37+00:00","og_image":[{"width":900,"height":600,"url":"https:\/\/www.gaveanews.com\/wp-content\/uploads\/Lateral-Rafinha-durante-uma-partida-do-Flamengo.webp","type":"image\/jpeg"}],"author":"Let\u00edcia Gerheim","twitter_card":"summary_large_image","twitter_misc":{"Escrito por":"Let\u00edcia Gerheim","Est. tempo de leitura":"1 minuto"},"schema":{"@context":"https:\/\/schema.org","@graph":[{"@type":"NewsArticle","@id":"https:\/\/www.gaveanews.com\/index.php\/2020\/10\/13\/filipe-luis-respode-rafinha-em-rede-social-saudades\/#article","isPartOf":{"@id":"https:\/\/www.gaveanews.com\/index.php\/2020\/10\/13\/filipe-luis-respode-rafinha-em-rede-social-saudades\/"},"author":{"name":"Let\u00edcia Gerheim","@id":"https:\/\/www.gaveanews.com\/#\/schema\/person\/714c67050b836198af2450ba1c142a67"},"headline":"Filipe Lu\u00eds respode Rafinha em rede social: &#8220;Saudades&#8221;","datePublished":"2020-10-13T13:54:53+00:00","dateModified":"2021-08-12T03:48:37+00:00","mainEntityOfPage":{"@id":"https:\/\/www.gaveanews.com\/index.php\/2020\/10\/13\/filipe-luis-respode-rafinha-em-rede-social-saudades\/"},"wordCount":204,"commentCount":0,"image":{"@id":"https:\/\/www.gaveanews.com\/index.php\/2020\/10\/13\/filipe-luis-respode-rafinha-em-rede-social-saudades\/#primaryimage"},"thumbnailUrl":"https:\/\/www.gaveanews.com\/wp-content\/uploads\/Lateral-Rafinha-durante-uma-partida-do-Flamengo.webp","articleSection":["Flamengo"],"inLanguage":"pt-BR","potentialAction":[{"@type":"CommentAction","name":"Comment","target":["https:\/\/www.gaveanews.com\/index.php\/2020\/10\/13\/filipe-luis-respode-rafinha-em-rede-social-saudades\/#respond"]}],"copyrightYear":"2020","copyrightHolder":{"@id":"https:\/\/www.gaveanews.com\/#organization"}},{"@type":"WebPage","@id":"https:\/\/www.gaveanews.com\/index.php\/2020\/10\/13\/filipe-luis-respode-rafinha-em-rede-social-saudades\/","url":"https:\/\/www.gaveanews.com\/index.php\/2020\/10\/13\/filipe-luis-respode-rafinha-em-rede-social-saudades\/","name":"Filipe Lu\u00eds respode Rafinha em rede social: \"Saudades\"","isPartOf":{"@id":"https:\/\/www.gaveanews.com\/#website"},"primaryImageOfPage":{"@id":"https:\/\/www.gaveanews.com\/index.php\/2020\/10\/13\/filipe-luis-respode-rafinha-em-rede-social-saudades\/#primaryimage"},"image":{"@id":"https:\/\/www.gaveanews.com\/index.php\/2020\/10\/13\/filipe-luis-respode-rafinha-em-rede-social-saudades\/#primaryimage"},"thumbnailUrl":"https:\/\/www.gaveanews.com\/wp-content\/uploads\/Lateral-Rafinha-durante-uma-partida-do-Flamengo.webp","datePublished":"2020-10-13T13:54:53+00:00","dateModified":"2021-08-12T03:48:37+00:00","author":{"@id":"https:\/\/www.gaveanews.com\/#\/schema\/person\/714c67050b836198af2450ba1c142a67"},"description":"Rafinha comentou a publica\u00e7\u00e3o: \"Voc\u00eas s\u00e3o feras. Eu amo voc\u00eas\". Em resposta ao coment\u00e1rio de Rafinha, Filipe disse: \"Saudades\".","breadcrumb":{"@id":"https:\/\/www.gaveanews.com\/index.php\/2020\/10\/13\/filipe-luis-respode-rafinha-em-rede-social-saudades\/#breadcrumb"},"inLanguage":"pt-BR","potentialAction":[{"@type":"ReadAction","target":["https:\/\/www.gaveanews.com\/index.php\/2020\/10\/13\/filipe-luis-respode-rafinha-em-rede-social-saudades\/"]}]},{"@type":"ImageObject","inLanguage":"pt-BR","@id":"https:\/\/www.gaveanews.com\/index.php\/2020\/10\/13\/filipe-luis-respode-rafinha-em-rede-social-saudades\/#primaryimage","url":"https:\/\/www.gaveanews.com\/wp-content\/uploads\/Lateral-Rafinha-durante-uma-partida-do-Flamengo.webp","contentUrl":"https:\/\/www.gaveanews.com\/wp-content\/uploads\/Lateral-Rafinha-durante-uma-partida-do-Flamengo.webp","width":900,"height":600,"caption":"Lateral Rafinha durante uma partida do Flamengo (Foto: Alexandre Vidal\/Flamengo)"},{"@type":"BreadcrumbList","@id":"https:\/\/www.gaveanews.com\/index.php\/2020\/10\/13\/filipe-luis-respode-rafinha-em-rede-social-saudades\/#breadcrumb","itemListElement":[{"@type":"ListItem","position":1,"name":"Home","item":"https:\/\/www.gaveanews.com\/"},{"@type":"ListItem","position":2,"name":"Filipe Lu\u00eds respode Rafinha em rede social: &#8220;Saudades&#8221;"}]},{"@type":"WebSite","@id":"https:\/\/www.gaveanews.com\/#website","url":"https:\/\/www.gaveanews.com\/","name":"G\u00e1vea News","description":"Veja todas as not\u00edcias sobre o Flamengo: Contrata\u00e7\u00f5es, categorias de base, resultados das partidas, tabela de classifica\u00e7\u00e3o, pr\u00f3ximos jogos!","potentialAction":[{"@type":"SearchAction","target":{"@type":"EntryPoint","urlTemplate":"https:\/\/www.gaveanews.com\/?s={search_term_string}"},"query-input":{"@type":"PropertyValueSpecification","valueRequired":true,"valueName":"search_term_string"}}],"inLanguage":"pt-BR"},{"@type":"Person","@id":"https:\/\/www.gaveanews.com\/#\/schema\/person\/714c67050b836198af2450ba1c142a67","name":"Let\u00edcia Gerheim","image":{"@type":"ImageObject","inLanguage":"pt-BR","@id":"https:\/\/www.gaveanews.com\/#\/schema\/person\/image\/","url":"https:\/\/secure.gravatar.com\/avatar\/60734739c50fcebfbac509e2a826ccd0ff405c019bc73aab9354f19ecad1dcb4?s=96&d=mm&r=g","contentUrl":"https:\/\/secure.gravatar.com\/avatar\/60734739c50fcebfbac509e2a826ccd0ff405c019bc73aab9354f19ecad1dcb4?s=96&d=mm&r=g","caption":"Let\u00edcia Gerheim"}}]}},"_links":{"self":[{"href":"https:\/\/www.gaveanews.com\/index.php\/wp-json\/wp\/v2\/posts\/49091","targetHints":{"allow":["GET"]}}],"collection":[{"href":"https:\/\/www.gaveanews.com\/index.php\/wp-json\/wp\/v2\/posts"}],"about":[{"href":"https:\/\/www.gaveanews.com\/index.php\/wp-json\/wp\/v2\/types\/post"}],"author":[{"embeddable":true,"href":"https:\/\/www.gaveanews.com\/index.php\/wp-json\/wp\/v2\/users\/4"}],"replies":[{"embeddable":true,"href":"https:\/\/www.gaveanews.com\/index.php\/wp-json\/wp\/v2\/comments?post=49091"}],"version-history":[{"count":0,"href":"https:\/\/www.gaveanews.com\/index.php\/wp-json\/wp\/v2\/posts\/49091\/revisions"}],"wp:featuredmedia":[{"embeddable":true,"href":"https:\/\/www.gaveanews.com\/index.php\/wp-json\/wp\/v2\/media\/28891"}],"wp:attachment":[{"href":"https:\/\/www.gaveanews.com\/index.php\/wp-json\/wp\/v2\/media?parent=49091"}],"wp:term":[{"taxonomy":"category","embeddable":true,"href":"https:\/\/www.gaveanews.com\/index.php\/wp-json\/wp\/v2\/categories?post=49091"},{"taxonomy":"post_tag","embeddable":true,"href":"https:\/\/www.gaveanews.com\/index.php\/wp-json\/wp\/v2\/tags?post=49091"}],"curies":[{"name":"wp","href":"https:\/\/api.w.org\/{rel}","templated":true}]}}