{"id":49240,"date":"2020-10-16T07:30:21","date_gmt":"2020-10-16T10:30:21","guid":{"rendered":"https:\/\/www.gaveanews.com\/?p=49240"},"modified":"2020-10-16T07:30:25","modified_gmt":"2020-10-16T10:30:25","slug":"flamengo-contrata-atacante-promessa-do-ituano","status":"publish","type":"post","link":"https:\/\/www.gaveanews.com\/index.php\/2020\/10\/16\/flamengo-contrata-atacante-promessa-do-ituano\/","title":{"rendered":"Flamengo contrata atacante promessa do Ituano"},"content":{"rendered":"\n<p>O Flamengo segue garimpando jogadores promessas do futebol brasileiro para refor\u00e7ar a sua categoria de base. A bola da vez foi o atacante Gabriel Barros, promessa do Ituano. O jogador assinou o seu contrato de empr\u00e9stimo com o Rubro-Negro, v\u00e1lido at\u00e9 dezembro de 2021, nesta quinta-feira.<\/p>\n\n\n\n<p>A negocia\u00e7\u00e3o, que foi intermediada pela empresa F3 Sports em parceria com a Total Football Agency (TFA), que agencia a carreira de Gabriel Barros, prev\u00ea que o Flamengo pode adquirir percentuais econ\u00f4micos durante o empr\u00e9stimo do atacante ao clube carioca.<\/p>\n\n\n\n<p>Mesmo com 18 anos, Gabriel Barros era um dos destaques da equipe profissional do Ituano. Nesta temporada, entrou em campo 14 vezes e marcou quatro gols. A princ\u00edpio, o atacante chega para fazer parte do time sub-20 do Flamengo, mas, caso seja necess\u00e1rio, ser\u00e1 utilizado na equipe principal.<\/p>\n\n\n\n<p>Retirado de: O Dia<\/p>\n","protected":false},"excerpt":{"rendered":"<p>O Flamengo segue garimpando jogadores promessas do futebol brasileiro para refor\u00e7ar a sua categoria de base. A bola da vez foi o atacante Gabriel Barros, promessa do Ituano. O jogador assinou o seu contrato de empr\u00e9stimo com o Rubro-Negro, v\u00e1lido at\u00e9 dezembro de 2021, nesta quinta-feira. A negocia\u00e7\u00e3o, que foi intermediada pela empresa F3 Sports [&hellip;]<\/p>\n","protected":false},"author":1,"featured_media":48426,"comment_status":"open","ping_status":"closed","sticky":false,"template":"","format":"standard","meta":{"footnotes":""},"categories":[48],"tags":[],"class_list":["post-49240","post","type-post","status-publish","format-standard","has-post-thumbnail","hentry","category-negociacoes"],"yoast_head":"<!-- This site is optimized with the Yoast SEO Premium plugin v24.2 (Yoast SEO v26.9) - https:\/\/yoast.com\/product\/yoast-seo-premium-wordpress\/ -->\n<title>Flamengo contrata atacante promessa do Ituano<\/title>\n<meta name=\"robots\" content=\"index, follow, max-snippet:-1, max-image-preview:large, max-video-preview:-1\" \/>\n<link rel=\"canonical\" href=\"https:\/\/www.gaveanews.com\/index.php\/2020\/10\/16\/flamengo-contrata-atacante-promessa-do-ituano\/\" \/>\n<meta property=\"og:locale\" content=\"pt_BR\" \/>\n<meta property=\"og:type\" content=\"article\" \/>\n<meta property=\"og:title\" content=\"Flamengo contrata atacante promessa do Ituano\" \/>\n<meta property=\"og:description\" content=\"O Flamengo segue garimpando jogadores promessas do futebol brasileiro para refor\u00e7ar a sua categoria de base. A bola da vez foi o atacante Gabriel Barros, promessa do Ituano. O jogador assinou o seu contrato de empr\u00e9stimo com o Rubro-Negro, v\u00e1lido at\u00e9 dezembro de 2021, nesta quinta-feira. A negocia\u00e7\u00e3o, que foi intermediada pela empresa F3 Sports [&hellip;]\" \/>\n<meta property=\"og:url\" content=\"https:\/\/www.gaveanews.com\/index.php\/2020\/10\/16\/flamengo-contrata-atacante-promessa-do-ituano\/\" \/>\n<meta property=\"og:site_name\" content=\"G\u00e1vea News\" \/>\n<meta property=\"article:publisher\" content=\"https:\/\/facebook.com\/gaveaNews\/\" \/>\n<meta property=\"article:published_time\" content=\"2020-10-16T10:30:21+00:00\" \/>\n<meta property=\"article:modified_time\" content=\"2020-10-16T10:30:25+00:00\" \/>\n<meta property=\"og:image\" content=\"https:\/\/www.gaveanews.com\/wp-content\/uploads\/Gabriel-Barros-em-acao-pelo-Ituano.webp\" \/>\n\t<meta property=\"og:image:width\" content=\"1008\" \/>\n\t<meta property=\"og:image:height\" content=\"612\" \/>\n\t<meta property=\"og:image:type\" content=\"image\/jpeg\" \/>\n<meta name=\"author\" content=\"Equipe G\u00e1vea News\" \/>\n<meta name=\"twitter:card\" content=\"summary_large_image\" \/>\n<meta name=\"twitter:label1\" content=\"Escrito por\" \/>\n\t<meta name=\"twitter:data1\" content=\"Equipe G\u00e1vea News\" \/>\n\t<meta name=\"twitter:label2\" content=\"Est. tempo de leitura\" \/>\n\t<meta name=\"twitter:data2\" content=\"1 minuto\" \/>\n<script type=\"application\/ld+json\" class=\"yoast-schema-graph\">{\"@context\":\"https:\/\/schema.org\",\"@graph\":[{\"@type\":\"NewsArticle\",\"@id\":\"https:\/\/www.gaveanews.com\/index.php\/2020\/10\/16\/flamengo-contrata-atacante-promessa-do-ituano\/#article\",\"isPartOf\":{\"@id\":\"https:\/\/www.gaveanews.com\/index.php\/2020\/10\/16\/flamengo-contrata-atacante-promessa-do-ituano\/\"},\"author\":{\"name\":\"Equipe G\u00e1vea News\",\"@id\":\"https:\/\/www.gaveanews.com\/#\/schema\/person\/2ec14f73fb96be2caf28f91afb14749d\"},\"headline\":\"Flamengo contrata atacante promessa do Ituano\",\"datePublished\":\"2020-10-16T10:30:21+00:00\",\"dateModified\":\"2020-10-16T10:30:25+00:00\",\"mainEntityOfPage\":{\"@id\":\"https:\/\/www.gaveanews.com\/index.php\/2020\/10\/16\/flamengo-contrata-atacante-promessa-do-ituano\/\"},\"wordCount\":149,\"commentCount\":3,\"image\":{\"@id\":\"https:\/\/www.gaveanews.com\/index.php\/2020\/10\/16\/flamengo-contrata-atacante-promessa-do-ituano\/#primaryimage\"},\"thumbnailUrl\":\"https:\/\/www.gaveanews.com\/wp-content\/uploads\/Gabriel-Barros-em-acao-pelo-Ituano.webp\",\"articleSection\":[\"Negocia\u00e7\u00f5es\"],\"inLanguage\":\"pt-BR\",\"potentialAction\":[{\"@type\":\"CommentAction\",\"name\":\"Comment\",\"target\":[\"https:\/\/www.gaveanews.com\/index.php\/2020\/10\/16\/flamengo-contrata-atacante-promessa-do-ituano\/#respond\"]}],\"copyrightYear\":\"2020\",\"copyrightHolder\":{\"@id\":\"https:\/\/www.gaveanews.com\/#organization\"}},{\"@type\":\"WebPage\",\"@id\":\"https:\/\/www.gaveanews.com\/index.php\/2020\/10\/16\/flamengo-contrata-atacante-promessa-do-ituano\/\",\"url\":\"https:\/\/www.gaveanews.com\/index.php\/2020\/10\/16\/flamengo-contrata-atacante-promessa-do-ituano\/\",\"name\":\"Flamengo contrata atacante promessa do Ituano\",\"isPartOf\":{\"@id\":\"https:\/\/www.gaveanews.com\/#website\"},\"primaryImageOfPage\":{\"@id\":\"https:\/\/www.gaveanews.com\/index.php\/2020\/10\/16\/flamengo-contrata-atacante-promessa-do-ituano\/#primaryimage\"},\"image\":{\"@id\":\"https:\/\/www.gaveanews.com\/index.php\/2020\/10\/16\/flamengo-contrata-atacante-promessa-do-ituano\/#primaryimage\"},\"thumbnailUrl\":\"https:\/\/www.gaveanews.com\/wp-content\/uploads\/Gabriel-Barros-em-acao-pelo-Ituano.webp\",\"datePublished\":\"2020-10-16T10:30:21+00:00\",\"dateModified\":\"2020-10-16T10:30:25+00:00\",\"author\":{\"@id\":\"https:\/\/www.gaveanews.com\/#\/schema\/person\/2ec14f73fb96be2caf28f91afb14749d\"},\"breadcrumb\":{\"@id\":\"https:\/\/www.gaveanews.com\/index.php\/2020\/10\/16\/flamengo-contrata-atacante-promessa-do-ituano\/#breadcrumb\"},\"inLanguage\":\"pt-BR\",\"potentialAction\":[{\"@type\":\"ReadAction\",\"target\":[\"https:\/\/www.gaveanews.com\/index.php\/2020\/10\/16\/flamengo-contrata-atacante-promessa-do-ituano\/\"]}]},{\"@type\":\"ImageObject\",\"inLanguage\":\"pt-BR\",\"@id\":\"https:\/\/www.gaveanews.com\/index.php\/2020\/10\/16\/flamengo-contrata-atacante-promessa-do-ituano\/#primaryimage\",\"url\":\"https:\/\/www.gaveanews.com\/wp-content\/uploads\/Gabriel-Barros-em-acao-pelo-Ituano.webp\",\"contentUrl\":\"https:\/\/www.gaveanews.com\/wp-content\/uploads\/Gabriel-Barros-em-acao-pelo-Ituano.webp\",\"width\":1008,\"height\":612},{\"@type\":\"BreadcrumbList\",\"@id\":\"https:\/\/www.gaveanews.com\/index.php\/2020\/10\/16\/flamengo-contrata-atacante-promessa-do-ituano\/#breadcrumb\",\"itemListElement\":[{\"@type\":\"ListItem\",\"position\":1,\"name\":\"Home\",\"item\":\"https:\/\/www.gaveanews.com\/\"},{\"@type\":\"ListItem\",\"position\":2,\"name\":\"Flamengo contrata atacante promessa do Ituano\"}]},{\"@type\":\"WebSite\",\"@id\":\"https:\/\/www.gaveanews.com\/#website\",\"url\":\"https:\/\/www.gaveanews.com\/\",\"name\":\"G\u00e1vea News\",\"description\":\"Veja todas as not\u00edcias sobre o Flamengo: Contrata\u00e7\u00f5es, categorias de base, resultados das partidas, tabela de classifica\u00e7\u00e3o, pr\u00f3ximos jogos!\",\"potentialAction\":[{\"@type\":\"SearchAction\",\"target\":{\"@type\":\"EntryPoint\",\"urlTemplate\":\"https:\/\/www.gaveanews.com\/?s={search_term_string}\"},\"query-input\":{\"@type\":\"PropertyValueSpecification\",\"valueRequired\":true,\"valueName\":\"search_term_string\"}}],\"inLanguage\":\"pt-BR\"},{\"@type\":\"Person\",\"@id\":\"https:\/\/www.gaveanews.com\/#\/schema\/person\/2ec14f73fb96be2caf28f91afb14749d\",\"name\":\"Equipe G\u00e1vea News\",\"image\":{\"@type\":\"ImageObject\",\"inLanguage\":\"pt-BR\",\"@id\":\"https:\/\/www.gaveanews.com\/#\/schema\/person\/image\/\",\"url\":\"https:\/\/secure.gravatar.com\/avatar\/1e1956f1facbffd3f8fa53a326721950116b3b9dc9bd44939c01180fd4a745a9?s=96&d=mm&r=g\",\"contentUrl\":\"https:\/\/secure.gravatar.com\/avatar\/1e1956f1facbffd3f8fa53a326721950116b3b9dc9bd44939c01180fd4a745a9?s=96&d=mm&r=g\",\"caption\":\"Equipe G\u00e1vea News\"}}]}<\/script>\n<!-- \/ Yoast SEO Premium plugin. -->","yoast_head_json":{"title":"Flamengo contrata atacante promessa do Ituano","robots":{"index":"index","follow":"follow","max-snippet":"max-snippet:-1","max-image-preview":"max-image-preview:large","max-video-preview":"max-video-preview:-1"},"canonical":"https:\/\/www.gaveanews.com\/index.php\/2020\/10\/16\/flamengo-contrata-atacante-promessa-do-ituano\/","og_locale":"pt_BR","og_type":"article","og_title":"Flamengo contrata atacante promessa do Ituano","og_description":"O Flamengo segue garimpando jogadores promessas do futebol brasileiro para refor\u00e7ar a sua categoria de base. A bola da vez foi o atacante Gabriel Barros, promessa do Ituano. O jogador assinou o seu contrato de empr\u00e9stimo com o Rubro-Negro, v\u00e1lido at\u00e9 dezembro de 2021, nesta quinta-feira. A negocia\u00e7\u00e3o, que foi intermediada pela empresa F3 Sports [&hellip;]","og_url":"https:\/\/www.gaveanews.com\/index.php\/2020\/10\/16\/flamengo-contrata-atacante-promessa-do-ituano\/","og_site_name":"G\u00e1vea News","article_publisher":"https:\/\/facebook.com\/gaveaNews\/","article_published_time":"2020-10-16T10:30:21+00:00","article_modified_time":"2020-10-16T10:30:25+00:00","og_image":[{"width":1008,"height":612,"url":"https:\/\/www.gaveanews.com\/wp-content\/uploads\/Gabriel-Barros-em-acao-pelo-Ituano.webp","type":"image\/jpeg"}],"author":"Equipe G\u00e1vea News","twitter_card":"summary_large_image","twitter_misc":{"Escrito por":"Equipe G\u00e1vea News","Est. tempo de leitura":"1 minuto"},"schema":{"@context":"https:\/\/schema.org","@graph":[{"@type":"NewsArticle","@id":"https:\/\/www.gaveanews.com\/index.php\/2020\/10\/16\/flamengo-contrata-atacante-promessa-do-ituano\/#article","isPartOf":{"@id":"https:\/\/www.gaveanews.com\/index.php\/2020\/10\/16\/flamengo-contrata-atacante-promessa-do-ituano\/"},"author":{"name":"Equipe G\u00e1vea News","@id":"https:\/\/www.gaveanews.com\/#\/schema\/person\/2ec14f73fb96be2caf28f91afb14749d"},"headline":"Flamengo contrata atacante promessa do Ituano","datePublished":"2020-10-16T10:30:21+00:00","dateModified":"2020-10-16T10:30:25+00:00","mainEntityOfPage":{"@id":"https:\/\/www.gaveanews.com\/index.php\/2020\/10\/16\/flamengo-contrata-atacante-promessa-do-ituano\/"},"wordCount":149,"commentCount":3,"image":{"@id":"https:\/\/www.gaveanews.com\/index.php\/2020\/10\/16\/flamengo-contrata-atacante-promessa-do-ituano\/#primaryimage"},"thumbnailUrl":"https:\/\/www.gaveanews.com\/wp-content\/uploads\/Gabriel-Barros-em-acao-pelo-Ituano.webp","articleSection":["Negocia\u00e7\u00f5es"],"inLanguage":"pt-BR","potentialAction":[{"@type":"CommentAction","name":"Comment","target":["https:\/\/www.gaveanews.com\/index.php\/2020\/10\/16\/flamengo-contrata-atacante-promessa-do-ituano\/#respond"]}],"copyrightYear":"2020","copyrightHolder":{"@id":"https:\/\/www.gaveanews.com\/#organization"}},{"@type":"WebPage","@id":"https:\/\/www.gaveanews.com\/index.php\/2020\/10\/16\/flamengo-contrata-atacante-promessa-do-ituano\/","url":"https:\/\/www.gaveanews.com\/index.php\/2020\/10\/16\/flamengo-contrata-atacante-promessa-do-ituano\/","name":"Flamengo contrata atacante promessa do Ituano","isPartOf":{"@id":"https:\/\/www.gaveanews.com\/#website"},"primaryImageOfPage":{"@id":"https:\/\/www.gaveanews.com\/index.php\/2020\/10\/16\/flamengo-contrata-atacante-promessa-do-ituano\/#primaryimage"},"image":{"@id":"https:\/\/www.gaveanews.com\/index.php\/2020\/10\/16\/flamengo-contrata-atacante-promessa-do-ituano\/#primaryimage"},"thumbnailUrl":"https:\/\/www.gaveanews.com\/wp-content\/uploads\/Gabriel-Barros-em-acao-pelo-Ituano.webp","datePublished":"2020-10-16T10:30:21+00:00","dateModified":"2020-10-16T10:30:25+00:00","author":{"@id":"https:\/\/www.gaveanews.com\/#\/schema\/person\/2ec14f73fb96be2caf28f91afb14749d"},"breadcrumb":{"@id":"https:\/\/www.gaveanews.com\/index.php\/2020\/10\/16\/flamengo-contrata-atacante-promessa-do-ituano\/#breadcrumb"},"inLanguage":"pt-BR","potentialAction":[{"@type":"ReadAction","target":["https:\/\/www.gaveanews.com\/index.php\/2020\/10\/16\/flamengo-contrata-atacante-promessa-do-ituano\/"]}]},{"@type":"ImageObject","inLanguage":"pt-BR","@id":"https:\/\/www.gaveanews.com\/index.php\/2020\/10\/16\/flamengo-contrata-atacante-promessa-do-ituano\/#primaryimage","url":"https:\/\/www.gaveanews.com\/wp-content\/uploads\/Gabriel-Barros-em-acao-pelo-Ituano.webp","contentUrl":"https:\/\/www.gaveanews.com\/wp-content\/uploads\/Gabriel-Barros-em-acao-pelo-Ituano.webp","width":1008,"height":612},{"@type":"BreadcrumbList","@id":"https:\/\/www.gaveanews.com\/index.php\/2020\/10\/16\/flamengo-contrata-atacante-promessa-do-ituano\/#breadcrumb","itemListElement":[{"@type":"ListItem","position":1,"name":"Home","item":"https:\/\/www.gaveanews.com\/"},{"@type":"ListItem","position":2,"name":"Flamengo contrata atacante promessa do Ituano"}]},{"@type":"WebSite","@id":"https:\/\/www.gaveanews.com\/#website","url":"https:\/\/www.gaveanews.com\/","name":"G\u00e1vea News","description":"Veja todas as not\u00edcias sobre o Flamengo: Contrata\u00e7\u00f5es, categorias de base, resultados das partidas, tabela de classifica\u00e7\u00e3o, pr\u00f3ximos jogos!","potentialAction":[{"@type":"SearchAction","target":{"@type":"EntryPoint","urlTemplate":"https:\/\/www.gaveanews.com\/?s={search_term_string}"},"query-input":{"@type":"PropertyValueSpecification","valueRequired":true,"valueName":"search_term_string"}}],"inLanguage":"pt-BR"},{"@type":"Person","@id":"https:\/\/www.gaveanews.com\/#\/schema\/person\/2ec14f73fb96be2caf28f91afb14749d","name":"Equipe G\u00e1vea News","image":{"@type":"ImageObject","inLanguage":"pt-BR","@id":"https:\/\/www.gaveanews.com\/#\/schema\/person\/image\/","url":"https:\/\/secure.gravatar.com\/avatar\/1e1956f1facbffd3f8fa53a326721950116b3b9dc9bd44939c01180fd4a745a9?s=96&d=mm&r=g","contentUrl":"https:\/\/secure.gravatar.com\/avatar\/1e1956f1facbffd3f8fa53a326721950116b3b9dc9bd44939c01180fd4a745a9?s=96&d=mm&r=g","caption":"Equipe G\u00e1vea News"}}]}},"_links":{"self":[{"href":"https:\/\/www.gaveanews.com\/index.php\/wp-json\/wp\/v2\/posts\/49240","targetHints":{"allow":["GET"]}}],"collection":[{"href":"https:\/\/www.gaveanews.com\/index.php\/wp-json\/wp\/v2\/posts"}],"about":[{"href":"https:\/\/www.gaveanews.com\/index.php\/wp-json\/wp\/v2\/types\/post"}],"author":[{"embeddable":true,"href":"https:\/\/www.gaveanews.com\/index.php\/wp-json\/wp\/v2\/users\/1"}],"replies":[{"embeddable":true,"href":"https:\/\/www.gaveanews.com\/index.php\/wp-json\/wp\/v2\/comments?post=49240"}],"version-history":[{"count":0,"href":"https:\/\/www.gaveanews.com\/index.php\/wp-json\/wp\/v2\/posts\/49240\/revisions"}],"wp:featuredmedia":[{"embeddable":true,"href":"https:\/\/www.gaveanews.com\/index.php\/wp-json\/wp\/v2\/media\/48426"}],"wp:attachment":[{"href":"https:\/\/www.gaveanews.com\/index.php\/wp-json\/wp\/v2\/media?parent=49240"}],"wp:term":[{"taxonomy":"category","embeddable":true,"href":"https:\/\/www.gaveanews.com\/index.php\/wp-json\/wp\/v2\/categories?post=49240"},{"taxonomy":"post_tag","embeddable":true,"href":"https:\/\/www.gaveanews.com\/index.php\/wp-json\/wp\/v2\/tags?post=49240"}],"curies":[{"name":"wp","href":"https:\/\/api.w.org\/{rel}","templated":true}]}}