{"id":49329,"date":"2020-10-18T19:44:27","date_gmt":"2020-10-18T22:44:27","guid":{"rendered":"https:\/\/www.gaveanews.com\/?p=49329"},"modified":"2020-10-18T19:44:29","modified_gmt":"2020-10-18T22:44:29","slug":"torcedores-do-flamengo-exaltam-atuacao-de-vitinho-e-trabalho-de-domenec","status":"publish","type":"post","link":"https:\/\/www.gaveanews.com\/index.php\/2020\/10\/18\/torcedores-do-flamengo-exaltam-atuacao-de-vitinho-e-trabalho-de-domenec\/","title":{"rendered":"Torcedores do Flamengo exaltam atua\u00e7\u00e3o de Vitinho e trabalho de Dom\u00e8nec"},"content":{"rendered":"\n<p>A vit\u00f3ria do Flamengo sobre o Corinthians, por 5 a 1, na Arena Neo Qu\u00edmica, pela 17\u00aa rodada do Brasileir\u00e3o est\u00e1 dando o que falar nas redes sociais. Os torcedores, que vinham criticando Vitinho e Dom\u00e8nec, mudaram de ideia e elogiaram os dois profissionais. O atacante, al\u00e9m de boa atua\u00e7\u00e3o, fez um belo gol no jogo.<\/p>\n\n\n\n<p><strong>Confira abaixo algumas publica\u00e7\u00f5es:<\/strong><\/p>\n\n\n\n<figure class=\"wp-block-embed-twitter wp-block-embed is-type-rich is-provider-twitter\"><div class=\"wp-block-embed__wrapper\">\n<blockquote class=\"twitter-tweet\" data-width=\"550\" data-dnt=\"true\"><p lang=\"pt\" dir=\"ltr\">OPINI\u00c3O: A atua\u00e7\u00e3o do Vitinho hoje tem muito dedo do Dome. O time vem evoluindo cada vez mais nas m\u00e3os do catal\u00e3o, que conseguiu recuperar Lincoln e Vitinho. Tem o mesmo m\u00e9rito que Jorge Jesus teve ao recuperar jogadores muito criticados pela torcida.<br><br>O Flamengo est\u00e1 de volta.<\/p>&mdash; FutNews \ud83d\uddde\ufe0f\u26bd (@ofutnews) <a href=\"https:\/\/twitter.com\/ofutnews\/status\/1317937011802710016?ref_src=twsrc%5Etfw\">October 18, 2020<\/a><\/blockquote><script async src=\"https:\/\/platform.twitter.com\/widgets.js\" charset=\"utf-8\"><\/script>\n<\/div><\/figure>\n\n\n\n<figure class=\"wp-block-embed-twitter wp-block-embed is-type-rich is-provider-twitter\"><div class=\"wp-block-embed__wrapper\">\n<blockquote class=\"twitter-tweet\" data-width=\"550\" data-dnt=\"true\"><p lang=\"pt\" dir=\"ltr\">S\u00f3 as vi\u00favas do Jorge Jesus n\u00e3o assumem que o trabalho do Dome \u00e9 muito bom, muito mesmo&#8230;<\/p>&mdash; Renan Rezende Chaves (@Renanrezende97) <a href=\"https:\/\/twitter.com\/Renanrezende97\/status\/1317936827085606913?ref_src=twsrc%5Etfw\">October 18, 2020<\/a><\/blockquote><script async src=\"https:\/\/platform.twitter.com\/widgets.js\" charset=\"utf-8\"><\/script>\n<\/div><\/figure>\n\n\n\n<figure class=\"wp-block-embed-twitter wp-block-embed is-type-rich is-provider-twitter\"><div class=\"wp-block-embed__wrapper\">\n<blockquote class=\"twitter-tweet\" data-width=\"550\" data-dnt=\"true\"><p lang=\"pt\" dir=\"ltr\">Que maravilha o Flamengo fazendo um jogo de afronta \u00e0 pr\u00f3pria torcida. T\u00e1 enchendo o saco? Ent\u00e3o toma gol do Vitinho, gol do Diego, goleada do time do Dome.<\/p>&mdash; Jo\u00e3o Vitor est\u00e1 seguindo o Lisan Al Gaib (@jvsilveira97) <a href=\"https:\/\/twitter.com\/jvsilveira97\/status\/1317931676136243202?ref_src=twsrc%5Etfw\">October 18, 2020<\/a><\/blockquote><script async src=\"https:\/\/platform.twitter.com\/widgets.js\" charset=\"utf-8\"><\/script>\n<\/div><\/figure>\n\n\n\n<figure class=\"wp-block-embed-twitter wp-block-embed is-type-rich is-provider-twitter\"><div class=\"wp-block-embed__wrapper\">\n<blockquote class=\"twitter-tweet\" data-width=\"550\" data-dnt=\"true\"><p lang=\"pt\" dir=\"ltr\">Jogo passado Roger falou q Dom\u00e8nec &quot;inventou&quot; ao colocar Vitinho no meio, que tinha que fazer o &quot;simples&quot;<\/p>&mdash; Fla-Sof\u00e1 (@Dida_CRF) <a href=\"https:\/\/twitter.com\/Dida_CRF\/status\/1317923573835702272?ref_src=twsrc%5Etfw\">October 18, 2020<\/a><\/blockquote><script async src=\"https:\/\/platform.twitter.com\/widgets.js\" charset=\"utf-8\"><\/script>\n<\/div><\/figure>\n\n\n\n<figure class=\"wp-block-embed-twitter wp-block-embed is-type-rich is-provider-twitter\"><div class=\"wp-block-embed__wrapper\">\n<blockquote class=\"twitter-tweet\" data-width=\"550\" data-dnt=\"true\"><p lang=\"pt\" dir=\"ltr\">Se Dome tivesse tido aquele m\u00eas de trabalho que Jorge Jesus teve, estar\u00edamos com uns 40 pontos no Brasileir\u00e3o<\/p>&mdash; wpbc16 (@wesleypbc) <a href=\"https:\/\/twitter.com\/wesleypbc\/status\/1317936443688443904?ref_src=twsrc%5Etfw\">October 18, 2020<\/a><\/blockquote><script async src=\"https:\/\/platform.twitter.com\/widgets.js\" charset=\"utf-8\"><\/script>\n<\/div><\/figure>\n\n\n\n<p>Retirado de: O Dia<\/p>\n","protected":false},"excerpt":{"rendered":"<p>A vit\u00f3ria do Flamengo sobre o Corinthians, por 5 a 1, na Arena Neo Qu\u00edmica, pela 17\u00aa rodada do Brasileir\u00e3o est\u00e1 dando o que falar nas redes sociais. Os torcedores, que vinham criticando Vitinho e Dom\u00e8nec, mudaram de ideia e elogiaram os dois profissionais. O atacante, al\u00e9m de boa atua\u00e7\u00e3o, fez um belo gol no [&hellip;]<\/p>\n","protected":false},"author":1,"featured_media":48071,"comment_status":"open","ping_status":"closed","sticky":false,"template":"","format":"standard","meta":{"footnotes":""},"categories":[1],"tags":[],"class_list":["post-49329","post","type-post","status-publish","format-standard","has-post-thumbnail","hentry","category-flamengo"],"yoast_head":"<!-- This site is optimized with the Yoast SEO Premium plugin v24.2 (Yoast SEO v26.9) - https:\/\/yoast.com\/product\/yoast-seo-premium-wordpress\/ -->\n<title>Torcedores do Flamengo exaltam atua\u00e7\u00e3o de Vitinho e trabalho de Dom\u00e8nec<\/title>\n<meta name=\"robots\" content=\"index, follow, max-snippet:-1, max-image-preview:large, max-video-preview:-1\" \/>\n<link rel=\"canonical\" href=\"https:\/\/www.gaveanews.com\/index.php\/2020\/10\/18\/torcedores-do-flamengo-exaltam-atuacao-de-vitinho-e-trabalho-de-domenec\/\" \/>\n<meta property=\"og:locale\" content=\"pt_BR\" \/>\n<meta property=\"og:type\" content=\"article\" \/>\n<meta property=\"og:title\" content=\"Torcedores do Flamengo exaltam atua\u00e7\u00e3o de Vitinho e trabalho de Dom\u00e8nec\" \/>\n<meta property=\"og:description\" content=\"A vit\u00f3ria do Flamengo sobre o Corinthians, por 5 a 1, na Arena Neo Qu\u00edmica, pela 17\u00aa rodada do Brasileir\u00e3o est\u00e1 dando o que falar nas redes sociais. Os torcedores, que vinham criticando Vitinho e Dom\u00e8nec, mudaram de ideia e elogiaram os dois profissionais. O atacante, al\u00e9m de boa atua\u00e7\u00e3o, fez um belo gol no [&hellip;]\" \/>\n<meta property=\"og:url\" content=\"https:\/\/www.gaveanews.com\/index.php\/2020\/10\/18\/torcedores-do-flamengo-exaltam-atuacao-de-vitinho-e-trabalho-de-domenec\/\" \/>\n<meta property=\"og:site_name\" content=\"G\u00e1vea News\" \/>\n<meta property=\"article:publisher\" content=\"https:\/\/facebook.com\/gaveaNews\/\" \/>\n<meta property=\"article:published_time\" content=\"2020-10-18T22:44:27+00:00\" \/>\n<meta property=\"article:modified_time\" content=\"2020-10-18T22:44:29+00:00\" \/>\n<meta property=\"og:image\" content=\"https:\/\/www.gaveanews.com\/wp-content\/uploads\/Jordi-Guerrero-e-Domenec-durante-treinamento-do-Flamengo.webp\" \/>\n\t<meta property=\"og:image:width\" content=\"984\" \/>\n\t<meta property=\"og:image:height\" content=\"655\" \/>\n\t<meta property=\"og:image:type\" content=\"image\/jpeg\" \/>\n<meta name=\"author\" content=\"Equipe G\u00e1vea News\" \/>\n<meta name=\"twitter:card\" content=\"summary_large_image\" \/>\n<meta name=\"twitter:label1\" content=\"Escrito por\" \/>\n\t<meta name=\"twitter:data1\" content=\"Equipe G\u00e1vea News\" \/>\n\t<meta name=\"twitter:label2\" content=\"Est. tempo de leitura\" \/>\n\t<meta name=\"twitter:data2\" content=\"1 minuto\" \/>\n<script type=\"application\/ld+json\" class=\"yoast-schema-graph\">{\"@context\":\"https:\/\/schema.org\",\"@graph\":[{\"@type\":\"NewsArticle\",\"@id\":\"https:\/\/www.gaveanews.com\/index.php\/2020\/10\/18\/torcedores-do-flamengo-exaltam-atuacao-de-vitinho-e-trabalho-de-domenec\/#article\",\"isPartOf\":{\"@id\":\"https:\/\/www.gaveanews.com\/index.php\/2020\/10\/18\/torcedores-do-flamengo-exaltam-atuacao-de-vitinho-e-trabalho-de-domenec\/\"},\"author\":{\"name\":\"Equipe G\u00e1vea News\",\"@id\":\"https:\/\/www.gaveanews.com\/#\/schema\/person\/2ec14f73fb96be2caf28f91afb14749d\"},\"headline\":\"Torcedores do Flamengo exaltam atua\u00e7\u00e3o de Vitinho e trabalho de Dom\u00e8nec\",\"datePublished\":\"2020-10-18T22:44:27+00:00\",\"dateModified\":\"2020-10-18T22:44:29+00:00\",\"mainEntityOfPage\":{\"@id\":\"https:\/\/www.gaveanews.com\/index.php\/2020\/10\/18\/torcedores-do-flamengo-exaltam-atuacao-de-vitinho-e-trabalho-de-domenec\/\"},\"wordCount\":191,\"commentCount\":4,\"image\":{\"@id\":\"https:\/\/www.gaveanews.com\/index.php\/2020\/10\/18\/torcedores-do-flamengo-exaltam-atuacao-de-vitinho-e-trabalho-de-domenec\/#primaryimage\"},\"thumbnailUrl\":\"https:\/\/www.gaveanews.com\/wp-content\/uploads\/Jordi-Guerrero-e-Domenec-durante-treinamento-do-Flamengo.webp\",\"articleSection\":[\"Flamengo\"],\"inLanguage\":\"pt-BR\",\"potentialAction\":[{\"@type\":\"CommentAction\",\"name\":\"Comment\",\"target\":[\"https:\/\/www.gaveanews.com\/index.php\/2020\/10\/18\/torcedores-do-flamengo-exaltam-atuacao-de-vitinho-e-trabalho-de-domenec\/#respond\"]}],\"copyrightYear\":\"2020\",\"copyrightHolder\":{\"@id\":\"https:\/\/www.gaveanews.com\/#organization\"}},{\"@type\":\"WebPage\",\"@id\":\"https:\/\/www.gaveanews.com\/index.php\/2020\/10\/18\/torcedores-do-flamengo-exaltam-atuacao-de-vitinho-e-trabalho-de-domenec\/\",\"url\":\"https:\/\/www.gaveanews.com\/index.php\/2020\/10\/18\/torcedores-do-flamengo-exaltam-atuacao-de-vitinho-e-trabalho-de-domenec\/\",\"name\":\"Torcedores do Flamengo exaltam atua\u00e7\u00e3o de Vitinho e trabalho de Dom\u00e8nec\",\"isPartOf\":{\"@id\":\"https:\/\/www.gaveanews.com\/#website\"},\"primaryImageOfPage\":{\"@id\":\"https:\/\/www.gaveanews.com\/index.php\/2020\/10\/18\/torcedores-do-flamengo-exaltam-atuacao-de-vitinho-e-trabalho-de-domenec\/#primaryimage\"},\"image\":{\"@id\":\"https:\/\/www.gaveanews.com\/index.php\/2020\/10\/18\/torcedores-do-flamengo-exaltam-atuacao-de-vitinho-e-trabalho-de-domenec\/#primaryimage\"},\"thumbnailUrl\":\"https:\/\/www.gaveanews.com\/wp-content\/uploads\/Jordi-Guerrero-e-Domenec-durante-treinamento-do-Flamengo.webp\",\"datePublished\":\"2020-10-18T22:44:27+00:00\",\"dateModified\":\"2020-10-18T22:44:29+00:00\",\"author\":{\"@id\":\"https:\/\/www.gaveanews.com\/#\/schema\/person\/2ec14f73fb96be2caf28f91afb14749d\"},\"breadcrumb\":{\"@id\":\"https:\/\/www.gaveanews.com\/index.php\/2020\/10\/18\/torcedores-do-flamengo-exaltam-atuacao-de-vitinho-e-trabalho-de-domenec\/#breadcrumb\"},\"inLanguage\":\"pt-BR\",\"potentialAction\":[{\"@type\":\"ReadAction\",\"target\":[\"https:\/\/www.gaveanews.com\/index.php\/2020\/10\/18\/torcedores-do-flamengo-exaltam-atuacao-de-vitinho-e-trabalho-de-domenec\/\"]}]},{\"@type\":\"ImageObject\",\"inLanguage\":\"pt-BR\",\"@id\":\"https:\/\/www.gaveanews.com\/index.php\/2020\/10\/18\/torcedores-do-flamengo-exaltam-atuacao-de-vitinho-e-trabalho-de-domenec\/#primaryimage\",\"url\":\"https:\/\/www.gaveanews.com\/wp-content\/uploads\/Jordi-Guerrero-e-Domenec-durante-treinamento-do-Flamengo.webp\",\"contentUrl\":\"https:\/\/www.gaveanews.com\/wp-content\/uploads\/Jordi-Guerrero-e-Domenec-durante-treinamento-do-Flamengo.webp\",\"width\":984,\"height\":655,\"caption\":\"Jordi Guerrero e Domenec durante treinamento do Flamengo (Foto: Alexandre Vidal\/Flamengo)\"},{\"@type\":\"BreadcrumbList\",\"@id\":\"https:\/\/www.gaveanews.com\/index.php\/2020\/10\/18\/torcedores-do-flamengo-exaltam-atuacao-de-vitinho-e-trabalho-de-domenec\/#breadcrumb\",\"itemListElement\":[{\"@type\":\"ListItem\",\"position\":1,\"name\":\"Home\",\"item\":\"https:\/\/www.gaveanews.com\/\"},{\"@type\":\"ListItem\",\"position\":2,\"name\":\"Torcedores do Flamengo exaltam atua\u00e7\u00e3o de Vitinho e trabalho de Dom\u00e8nec\"}]},{\"@type\":\"WebSite\",\"@id\":\"https:\/\/www.gaveanews.com\/#website\",\"url\":\"https:\/\/www.gaveanews.com\/\",\"name\":\"G\u00e1vea News\",\"description\":\"Veja todas as not\u00edcias sobre o Flamengo: Contrata\u00e7\u00f5es, categorias de base, resultados das partidas, tabela de classifica\u00e7\u00e3o, pr\u00f3ximos jogos!\",\"potentialAction\":[{\"@type\":\"SearchAction\",\"target\":{\"@type\":\"EntryPoint\",\"urlTemplate\":\"https:\/\/www.gaveanews.com\/?s={search_term_string}\"},\"query-input\":{\"@type\":\"PropertyValueSpecification\",\"valueRequired\":true,\"valueName\":\"search_term_string\"}}],\"inLanguage\":\"pt-BR\"},{\"@type\":\"Person\",\"@id\":\"https:\/\/www.gaveanews.com\/#\/schema\/person\/2ec14f73fb96be2caf28f91afb14749d\",\"name\":\"Equipe G\u00e1vea News\",\"image\":{\"@type\":\"ImageObject\",\"inLanguage\":\"pt-BR\",\"@id\":\"https:\/\/www.gaveanews.com\/#\/schema\/person\/image\/\",\"url\":\"https:\/\/secure.gravatar.com\/avatar\/1e1956f1facbffd3f8fa53a326721950116b3b9dc9bd44939c01180fd4a745a9?s=96&d=mm&r=g\",\"contentUrl\":\"https:\/\/secure.gravatar.com\/avatar\/1e1956f1facbffd3f8fa53a326721950116b3b9dc9bd44939c01180fd4a745a9?s=96&d=mm&r=g\",\"caption\":\"Equipe G\u00e1vea News\"}}]}<\/script>\n<!-- \/ Yoast SEO Premium plugin. -->","yoast_head_json":{"title":"Torcedores do Flamengo exaltam atua\u00e7\u00e3o de Vitinho e trabalho de Dom\u00e8nec","robots":{"index":"index","follow":"follow","max-snippet":"max-snippet:-1","max-image-preview":"max-image-preview:large","max-video-preview":"max-video-preview:-1"},"canonical":"https:\/\/www.gaveanews.com\/index.php\/2020\/10\/18\/torcedores-do-flamengo-exaltam-atuacao-de-vitinho-e-trabalho-de-domenec\/","og_locale":"pt_BR","og_type":"article","og_title":"Torcedores do Flamengo exaltam atua\u00e7\u00e3o de Vitinho e trabalho de Dom\u00e8nec","og_description":"A vit\u00f3ria do Flamengo sobre o Corinthians, por 5 a 1, na Arena Neo Qu\u00edmica, pela 17\u00aa rodada do Brasileir\u00e3o est\u00e1 dando o que falar nas redes sociais. Os torcedores, que vinham criticando Vitinho e Dom\u00e8nec, mudaram de ideia e elogiaram os dois profissionais. O atacante, al\u00e9m de boa atua\u00e7\u00e3o, fez um belo gol no [&hellip;]","og_url":"https:\/\/www.gaveanews.com\/index.php\/2020\/10\/18\/torcedores-do-flamengo-exaltam-atuacao-de-vitinho-e-trabalho-de-domenec\/","og_site_name":"G\u00e1vea News","article_publisher":"https:\/\/facebook.com\/gaveaNews\/","article_published_time":"2020-10-18T22:44:27+00:00","article_modified_time":"2020-10-18T22:44:29+00:00","og_image":[{"width":984,"height":655,"url":"https:\/\/www.gaveanews.com\/wp-content\/uploads\/Jordi-Guerrero-e-Domenec-durante-treinamento-do-Flamengo.webp","type":"image\/jpeg"}],"author":"Equipe G\u00e1vea News","twitter_card":"summary_large_image","twitter_misc":{"Escrito por":"Equipe G\u00e1vea News","Est. tempo de leitura":"1 minuto"},"schema":{"@context":"https:\/\/schema.org","@graph":[{"@type":"NewsArticle","@id":"https:\/\/www.gaveanews.com\/index.php\/2020\/10\/18\/torcedores-do-flamengo-exaltam-atuacao-de-vitinho-e-trabalho-de-domenec\/#article","isPartOf":{"@id":"https:\/\/www.gaveanews.com\/index.php\/2020\/10\/18\/torcedores-do-flamengo-exaltam-atuacao-de-vitinho-e-trabalho-de-domenec\/"},"author":{"name":"Equipe G\u00e1vea News","@id":"https:\/\/www.gaveanews.com\/#\/schema\/person\/2ec14f73fb96be2caf28f91afb14749d"},"headline":"Torcedores do Flamengo exaltam atua\u00e7\u00e3o de Vitinho e trabalho de Dom\u00e8nec","datePublished":"2020-10-18T22:44:27+00:00","dateModified":"2020-10-18T22:44:29+00:00","mainEntityOfPage":{"@id":"https:\/\/www.gaveanews.com\/index.php\/2020\/10\/18\/torcedores-do-flamengo-exaltam-atuacao-de-vitinho-e-trabalho-de-domenec\/"},"wordCount":191,"commentCount":4,"image":{"@id":"https:\/\/www.gaveanews.com\/index.php\/2020\/10\/18\/torcedores-do-flamengo-exaltam-atuacao-de-vitinho-e-trabalho-de-domenec\/#primaryimage"},"thumbnailUrl":"https:\/\/www.gaveanews.com\/wp-content\/uploads\/Jordi-Guerrero-e-Domenec-durante-treinamento-do-Flamengo.webp","articleSection":["Flamengo"],"inLanguage":"pt-BR","potentialAction":[{"@type":"CommentAction","name":"Comment","target":["https:\/\/www.gaveanews.com\/index.php\/2020\/10\/18\/torcedores-do-flamengo-exaltam-atuacao-de-vitinho-e-trabalho-de-domenec\/#respond"]}],"copyrightYear":"2020","copyrightHolder":{"@id":"https:\/\/www.gaveanews.com\/#organization"}},{"@type":"WebPage","@id":"https:\/\/www.gaveanews.com\/index.php\/2020\/10\/18\/torcedores-do-flamengo-exaltam-atuacao-de-vitinho-e-trabalho-de-domenec\/","url":"https:\/\/www.gaveanews.com\/index.php\/2020\/10\/18\/torcedores-do-flamengo-exaltam-atuacao-de-vitinho-e-trabalho-de-domenec\/","name":"Torcedores do Flamengo exaltam atua\u00e7\u00e3o de Vitinho e trabalho de Dom\u00e8nec","isPartOf":{"@id":"https:\/\/www.gaveanews.com\/#website"},"primaryImageOfPage":{"@id":"https:\/\/www.gaveanews.com\/index.php\/2020\/10\/18\/torcedores-do-flamengo-exaltam-atuacao-de-vitinho-e-trabalho-de-domenec\/#primaryimage"},"image":{"@id":"https:\/\/www.gaveanews.com\/index.php\/2020\/10\/18\/torcedores-do-flamengo-exaltam-atuacao-de-vitinho-e-trabalho-de-domenec\/#primaryimage"},"thumbnailUrl":"https:\/\/www.gaveanews.com\/wp-content\/uploads\/Jordi-Guerrero-e-Domenec-durante-treinamento-do-Flamengo.webp","datePublished":"2020-10-18T22:44:27+00:00","dateModified":"2020-10-18T22:44:29+00:00","author":{"@id":"https:\/\/www.gaveanews.com\/#\/schema\/person\/2ec14f73fb96be2caf28f91afb14749d"},"breadcrumb":{"@id":"https:\/\/www.gaveanews.com\/index.php\/2020\/10\/18\/torcedores-do-flamengo-exaltam-atuacao-de-vitinho-e-trabalho-de-domenec\/#breadcrumb"},"inLanguage":"pt-BR","potentialAction":[{"@type":"ReadAction","target":["https:\/\/www.gaveanews.com\/index.php\/2020\/10\/18\/torcedores-do-flamengo-exaltam-atuacao-de-vitinho-e-trabalho-de-domenec\/"]}]},{"@type":"ImageObject","inLanguage":"pt-BR","@id":"https:\/\/www.gaveanews.com\/index.php\/2020\/10\/18\/torcedores-do-flamengo-exaltam-atuacao-de-vitinho-e-trabalho-de-domenec\/#primaryimage","url":"https:\/\/www.gaveanews.com\/wp-content\/uploads\/Jordi-Guerrero-e-Domenec-durante-treinamento-do-Flamengo.webp","contentUrl":"https:\/\/www.gaveanews.com\/wp-content\/uploads\/Jordi-Guerrero-e-Domenec-durante-treinamento-do-Flamengo.webp","width":984,"height":655,"caption":"Jordi Guerrero e Domenec durante treinamento do Flamengo (Foto: Alexandre Vidal\/Flamengo)"},{"@type":"BreadcrumbList","@id":"https:\/\/www.gaveanews.com\/index.php\/2020\/10\/18\/torcedores-do-flamengo-exaltam-atuacao-de-vitinho-e-trabalho-de-domenec\/#breadcrumb","itemListElement":[{"@type":"ListItem","position":1,"name":"Home","item":"https:\/\/www.gaveanews.com\/"},{"@type":"ListItem","position":2,"name":"Torcedores do Flamengo exaltam atua\u00e7\u00e3o de Vitinho e trabalho de Dom\u00e8nec"}]},{"@type":"WebSite","@id":"https:\/\/www.gaveanews.com\/#website","url":"https:\/\/www.gaveanews.com\/","name":"G\u00e1vea News","description":"Veja todas as not\u00edcias sobre o Flamengo: Contrata\u00e7\u00f5es, categorias de base, resultados das partidas, tabela de classifica\u00e7\u00e3o, pr\u00f3ximos jogos!","potentialAction":[{"@type":"SearchAction","target":{"@type":"EntryPoint","urlTemplate":"https:\/\/www.gaveanews.com\/?s={search_term_string}"},"query-input":{"@type":"PropertyValueSpecification","valueRequired":true,"valueName":"search_term_string"}}],"inLanguage":"pt-BR"},{"@type":"Person","@id":"https:\/\/www.gaveanews.com\/#\/schema\/person\/2ec14f73fb96be2caf28f91afb14749d","name":"Equipe G\u00e1vea News","image":{"@type":"ImageObject","inLanguage":"pt-BR","@id":"https:\/\/www.gaveanews.com\/#\/schema\/person\/image\/","url":"https:\/\/secure.gravatar.com\/avatar\/1e1956f1facbffd3f8fa53a326721950116b3b9dc9bd44939c01180fd4a745a9?s=96&d=mm&r=g","contentUrl":"https:\/\/secure.gravatar.com\/avatar\/1e1956f1facbffd3f8fa53a326721950116b3b9dc9bd44939c01180fd4a745a9?s=96&d=mm&r=g","caption":"Equipe G\u00e1vea News"}}]}},"_links":{"self":[{"href":"https:\/\/www.gaveanews.com\/index.php\/wp-json\/wp\/v2\/posts\/49329","targetHints":{"allow":["GET"]}}],"collection":[{"href":"https:\/\/www.gaveanews.com\/index.php\/wp-json\/wp\/v2\/posts"}],"about":[{"href":"https:\/\/www.gaveanews.com\/index.php\/wp-json\/wp\/v2\/types\/post"}],"author":[{"embeddable":true,"href":"https:\/\/www.gaveanews.com\/index.php\/wp-json\/wp\/v2\/users\/1"}],"replies":[{"embeddable":true,"href":"https:\/\/www.gaveanews.com\/index.php\/wp-json\/wp\/v2\/comments?post=49329"}],"version-history":[{"count":0,"href":"https:\/\/www.gaveanews.com\/index.php\/wp-json\/wp\/v2\/posts\/49329\/revisions"}],"wp:featuredmedia":[{"embeddable":true,"href":"https:\/\/www.gaveanews.com\/index.php\/wp-json\/wp\/v2\/media\/48071"}],"wp:attachment":[{"href":"https:\/\/www.gaveanews.com\/index.php\/wp-json\/wp\/v2\/media?parent=49329"}],"wp:term":[{"taxonomy":"category","embeddable":true,"href":"https:\/\/www.gaveanews.com\/index.php\/wp-json\/wp\/v2\/categories?post=49329"},{"taxonomy":"post_tag","embeddable":true,"href":"https:\/\/www.gaveanews.com\/index.php\/wp-json\/wp\/v2\/tags?post=49329"}],"curies":[{"name":"wp","href":"https:\/\/api.w.org\/{rel}","templated":true}]}}