{"id":49331,"date":"2020-10-18T18:53:19","date_gmt":"2020-10-18T21:53:19","guid":{"rendered":"https:\/\/www.gaveanews.com\/?p=49331"},"modified":"2020-10-18T18:53:25","modified_gmt":"2020-10-18T21:53:25","slug":"destaque-do-flamengo-vitinho-ressalta-apoio-do-elenco-e-tecnico","status":"publish","type":"post","link":"https:\/\/www.gaveanews.com\/index.php\/2020\/10\/18\/destaque-do-flamengo-vitinho-ressalta-apoio-do-elenco-e-tecnico\/","title":{"rendered":"Destaque do Flamengo, Vitinho ressalta apoio do elenco e t\u00e9cnico"},"content":{"rendered":"\n<p>Contestado pela torcida do Flamengo, o atacante Vitinho fez um dos gols na goleada por 5 a 1 sobre o Corinthians, na tarde de hoje (18), na Neo Qu\u00edmica Arena, e foi eleito o melhor da partida em premia\u00e7\u00e3o concedida pela TV Globo. O camisa 11 agradeceu o apoio que tem recebido e assegurou que entrou focado.<\/p>\n\n\n\n<p>O triunfo fez a equipe rubro-negra assumir a lideran\u00e7a do Campeonato Brasileiro de forma moment\u00e2nea, uma vez que Internacional e Atl\u00e9tico-MG ainda entram em campo nesta rodada.<\/p>\n\n\n\n<p>&#8220;Gra\u00e7as a Deus tive a oportunidade de entrar em campo. Quero agradecer aos companheiros, ao Mister pela oportunidade. Eu estava trabalhando muito para ter essa chance. Sabia que era um jogo muito dif\u00edcil, fora de casa. Entrei e dei meu melhor, focado. Queria agradecer a todos que estiveram ao meu lado para que eu pudesse jogar bem hoje&#8221;, disse, \u00e0 TV Globo.<\/p>\n\n\n\n<p>Retirado de: UOL<\/p>\n","protected":false},"excerpt":{"rendered":"<p>Contestado pela torcida do Flamengo, o atacante Vitinho fez um dos gols na goleada por 5 a 1 sobre o Corinthians, na tarde de hoje (18), na Neo Qu\u00edmica Arena, e foi eleito o melhor da partida em premia\u00e7\u00e3o concedida pela TV Globo. O camisa 11 agradeceu o apoio que tem recebido e assegurou que [&hellip;]<\/p>\n","protected":false},"author":1,"featured_media":28954,"comment_status":"open","ping_status":"closed","sticky":false,"template":"","format":"standard","meta":{"footnotes":""},"categories":[1],"tags":[],"class_list":["post-49331","post","type-post","status-publish","format-standard","has-post-thumbnail","hentry","category-flamengo"],"yoast_head":"<!-- This site is optimized with the Yoast SEO Premium plugin v24.2 (Yoast SEO v26.9) - https:\/\/yoast.com\/product\/yoast-seo-premium-wordpress\/ -->\n<title>Destaque do Flamengo, Vitinho ressalta apoio do elenco e t\u00e9cnico<\/title>\n<meta name=\"robots\" content=\"index, follow, max-snippet:-1, max-image-preview:large, max-video-preview:-1\" \/>\n<link rel=\"canonical\" href=\"https:\/\/www.gaveanews.com\/index.php\/2020\/10\/18\/destaque-do-flamengo-vitinho-ressalta-apoio-do-elenco-e-tecnico\/\" \/>\n<meta property=\"og:locale\" content=\"pt_BR\" \/>\n<meta property=\"og:type\" content=\"article\" \/>\n<meta property=\"og:title\" content=\"Destaque do Flamengo, Vitinho ressalta apoio do elenco e t\u00e9cnico\" \/>\n<meta property=\"og:description\" content=\"Contestado pela torcida do Flamengo, o atacante Vitinho fez um dos gols na goleada por 5 a 1 sobre o Corinthians, na tarde de hoje (18), na Neo Qu\u00edmica Arena, e foi eleito o melhor da partida em premia\u00e7\u00e3o concedida pela TV Globo. O camisa 11 agradeceu o apoio que tem recebido e assegurou que [&hellip;]\" \/>\n<meta property=\"og:url\" content=\"https:\/\/www.gaveanews.com\/index.php\/2020\/10\/18\/destaque-do-flamengo-vitinho-ressalta-apoio-do-elenco-e-tecnico\/\" \/>\n<meta property=\"og:site_name\" content=\"G\u00e1vea News\" \/>\n<meta property=\"article:publisher\" content=\"https:\/\/facebook.com\/gaveaNews\/\" \/>\n<meta property=\"article:published_time\" content=\"2020-10-18T21:53:19+00:00\" \/>\n<meta property=\"article:modified_time\" content=\"2020-10-18T21:53:25+00:00\" \/>\n<meta property=\"og:image\" content=\"https:\/\/www.gaveanews.com\/wp-content\/uploads\/Atacante-Vitinho-em-acao-durante-uma-partida-do-Flamengo.webp\" \/>\n\t<meta property=\"og:image:width\" content=\"1\" \/>\n\t<meta property=\"og:image:height\" content=\"1\" \/>\n\t<meta property=\"og:image:type\" content=\"image\/jpeg\" \/>\n<meta name=\"author\" content=\"Equipe G\u00e1vea News\" \/>\n<meta name=\"twitter:card\" content=\"summary_large_image\" \/>\n<meta name=\"twitter:label1\" content=\"Escrito por\" \/>\n\t<meta name=\"twitter:data1\" content=\"Equipe G\u00e1vea News\" \/>\n\t<meta name=\"twitter:label2\" content=\"Est. tempo de leitura\" \/>\n\t<meta name=\"twitter:data2\" content=\"1 minuto\" \/>\n<script type=\"application\/ld+json\" class=\"yoast-schema-graph\">{\"@context\":\"https:\/\/schema.org\",\"@graph\":[{\"@type\":\"NewsArticle\",\"@id\":\"https:\/\/www.gaveanews.com\/index.php\/2020\/10\/18\/destaque-do-flamengo-vitinho-ressalta-apoio-do-elenco-e-tecnico\/#article\",\"isPartOf\":{\"@id\":\"https:\/\/www.gaveanews.com\/index.php\/2020\/10\/18\/destaque-do-flamengo-vitinho-ressalta-apoio-do-elenco-e-tecnico\/\"},\"author\":{\"name\":\"Equipe G\u00e1vea News\",\"@id\":\"https:\/\/www.gaveanews.com\/#\/schema\/person\/2ec14f73fb96be2caf28f91afb14749d\"},\"headline\":\"Destaque do Flamengo, Vitinho ressalta apoio do elenco e t\u00e9cnico\",\"datePublished\":\"2020-10-18T21:53:19+00:00\",\"dateModified\":\"2020-10-18T21:53:25+00:00\",\"mainEntityOfPage\":{\"@id\":\"https:\/\/www.gaveanews.com\/index.php\/2020\/10\/18\/destaque-do-flamengo-vitinho-ressalta-apoio-do-elenco-e-tecnico\/\"},\"wordCount\":162,\"commentCount\":3,\"image\":{\"@id\":\"https:\/\/www.gaveanews.com\/index.php\/2020\/10\/18\/destaque-do-flamengo-vitinho-ressalta-apoio-do-elenco-e-tecnico\/#primaryimage\"},\"thumbnailUrl\":\"https:\/\/www.gaveanews.com\/wp-content\/uploads\/Atacante-Vitinho-em-acao-durante-uma-partida-do-Flamengo.webp\",\"articleSection\":[\"Flamengo\"],\"inLanguage\":\"pt-BR\",\"potentialAction\":[{\"@type\":\"CommentAction\",\"name\":\"Comment\",\"target\":[\"https:\/\/www.gaveanews.com\/index.php\/2020\/10\/18\/destaque-do-flamengo-vitinho-ressalta-apoio-do-elenco-e-tecnico\/#respond\"]}],\"copyrightYear\":\"2020\",\"copyrightHolder\":{\"@id\":\"https:\/\/www.gaveanews.com\/#organization\"}},{\"@type\":\"WebPage\",\"@id\":\"https:\/\/www.gaveanews.com\/index.php\/2020\/10\/18\/destaque-do-flamengo-vitinho-ressalta-apoio-do-elenco-e-tecnico\/\",\"url\":\"https:\/\/www.gaveanews.com\/index.php\/2020\/10\/18\/destaque-do-flamengo-vitinho-ressalta-apoio-do-elenco-e-tecnico\/\",\"name\":\"Destaque do Flamengo, Vitinho ressalta apoio do elenco e t\u00e9cnico\",\"isPartOf\":{\"@id\":\"https:\/\/www.gaveanews.com\/#website\"},\"primaryImageOfPage\":{\"@id\":\"https:\/\/www.gaveanews.com\/index.php\/2020\/10\/18\/destaque-do-flamengo-vitinho-ressalta-apoio-do-elenco-e-tecnico\/#primaryimage\"},\"image\":{\"@id\":\"https:\/\/www.gaveanews.com\/index.php\/2020\/10\/18\/destaque-do-flamengo-vitinho-ressalta-apoio-do-elenco-e-tecnico\/#primaryimage\"},\"thumbnailUrl\":\"https:\/\/www.gaveanews.com\/wp-content\/uploads\/Atacante-Vitinho-em-acao-durante-uma-partida-do-Flamengo.webp\",\"datePublished\":\"2020-10-18T21:53:19+00:00\",\"dateModified\":\"2020-10-18T21:53:25+00:00\",\"author\":{\"@id\":\"https:\/\/www.gaveanews.com\/#\/schema\/person\/2ec14f73fb96be2caf28f91afb14749d\"},\"breadcrumb\":{\"@id\":\"https:\/\/www.gaveanews.com\/index.php\/2020\/10\/18\/destaque-do-flamengo-vitinho-ressalta-apoio-do-elenco-e-tecnico\/#breadcrumb\"},\"inLanguage\":\"pt-BR\",\"potentialAction\":[{\"@type\":\"ReadAction\",\"target\":[\"https:\/\/www.gaveanews.com\/index.php\/2020\/10\/18\/destaque-do-flamengo-vitinho-ressalta-apoio-do-elenco-e-tecnico\/\"]}]},{\"@type\":\"ImageObject\",\"inLanguage\":\"pt-BR\",\"@id\":\"https:\/\/www.gaveanews.com\/index.php\/2020\/10\/18\/destaque-do-flamengo-vitinho-ressalta-apoio-do-elenco-e-tecnico\/#primaryimage\",\"url\":\"https:\/\/www.gaveanews.com\/wp-content\/uploads\/Atacante-Vitinho-em-acao-durante-uma-partida-do-Flamengo.webp\",\"contentUrl\":\"https:\/\/www.gaveanews.com\/wp-content\/uploads\/Atacante-Vitinho-em-acao-durante-uma-partida-do-Flamengo.webp\",\"caption\":\"Atacante Vitinho em a\u00e7\u00e3o durante uma partida do Flamengo (Foto: Alexandre Vidal\/Flamengo)\"},{\"@type\":\"BreadcrumbList\",\"@id\":\"https:\/\/www.gaveanews.com\/index.php\/2020\/10\/18\/destaque-do-flamengo-vitinho-ressalta-apoio-do-elenco-e-tecnico\/#breadcrumb\",\"itemListElement\":[{\"@type\":\"ListItem\",\"position\":1,\"name\":\"Home\",\"item\":\"https:\/\/www.gaveanews.com\/\"},{\"@type\":\"ListItem\",\"position\":2,\"name\":\"Destaque do Flamengo, Vitinho ressalta apoio do elenco e t\u00e9cnico\"}]},{\"@type\":\"WebSite\",\"@id\":\"https:\/\/www.gaveanews.com\/#website\",\"url\":\"https:\/\/www.gaveanews.com\/\",\"name\":\"G\u00e1vea News\",\"description\":\"Veja todas as not\u00edcias sobre o Flamengo: Contrata\u00e7\u00f5es, categorias de base, resultados das partidas, tabela de classifica\u00e7\u00e3o, pr\u00f3ximos jogos!\",\"potentialAction\":[{\"@type\":\"SearchAction\",\"target\":{\"@type\":\"EntryPoint\",\"urlTemplate\":\"https:\/\/www.gaveanews.com\/?s={search_term_string}\"},\"query-input\":{\"@type\":\"PropertyValueSpecification\",\"valueRequired\":true,\"valueName\":\"search_term_string\"}}],\"inLanguage\":\"pt-BR\"},{\"@type\":\"Person\",\"@id\":\"https:\/\/www.gaveanews.com\/#\/schema\/person\/2ec14f73fb96be2caf28f91afb14749d\",\"name\":\"Equipe G\u00e1vea News\",\"image\":{\"@type\":\"ImageObject\",\"inLanguage\":\"pt-BR\",\"@id\":\"https:\/\/www.gaveanews.com\/#\/schema\/person\/image\/\",\"url\":\"https:\/\/secure.gravatar.com\/avatar\/1e1956f1facbffd3f8fa53a326721950116b3b9dc9bd44939c01180fd4a745a9?s=96&d=mm&r=g\",\"contentUrl\":\"https:\/\/secure.gravatar.com\/avatar\/1e1956f1facbffd3f8fa53a326721950116b3b9dc9bd44939c01180fd4a745a9?s=96&d=mm&r=g\",\"caption\":\"Equipe G\u00e1vea News\"}}]}<\/script>\n<!-- \/ Yoast SEO Premium plugin. -->","yoast_head_json":{"title":"Destaque do Flamengo, Vitinho ressalta apoio do elenco e t\u00e9cnico","robots":{"index":"index","follow":"follow","max-snippet":"max-snippet:-1","max-image-preview":"max-image-preview:large","max-video-preview":"max-video-preview:-1"},"canonical":"https:\/\/www.gaveanews.com\/index.php\/2020\/10\/18\/destaque-do-flamengo-vitinho-ressalta-apoio-do-elenco-e-tecnico\/","og_locale":"pt_BR","og_type":"article","og_title":"Destaque do Flamengo, Vitinho ressalta apoio do elenco e t\u00e9cnico","og_description":"Contestado pela torcida do Flamengo, o atacante Vitinho fez um dos gols na goleada por 5 a 1 sobre o Corinthians, na tarde de hoje (18), na Neo Qu\u00edmica Arena, e foi eleito o melhor da partida em premia\u00e7\u00e3o concedida pela TV Globo. O camisa 11 agradeceu o apoio que tem recebido e assegurou que [&hellip;]","og_url":"https:\/\/www.gaveanews.com\/index.php\/2020\/10\/18\/destaque-do-flamengo-vitinho-ressalta-apoio-do-elenco-e-tecnico\/","og_site_name":"G\u00e1vea News","article_publisher":"https:\/\/facebook.com\/gaveaNews\/","article_published_time":"2020-10-18T21:53:19+00:00","article_modified_time":"2020-10-18T21:53:25+00:00","og_image":[{"url":"https:\/\/www.gaveanews.com\/wp-content\/uploads\/Atacante-Vitinho-em-acao-durante-uma-partida-do-Flamengo.webp","width":1,"height":1,"type":"image\/jpeg"}],"author":"Equipe G\u00e1vea News","twitter_card":"summary_large_image","twitter_misc":{"Escrito por":"Equipe G\u00e1vea News","Est. tempo de leitura":"1 minuto"},"schema":{"@context":"https:\/\/schema.org","@graph":[{"@type":"NewsArticle","@id":"https:\/\/www.gaveanews.com\/index.php\/2020\/10\/18\/destaque-do-flamengo-vitinho-ressalta-apoio-do-elenco-e-tecnico\/#article","isPartOf":{"@id":"https:\/\/www.gaveanews.com\/index.php\/2020\/10\/18\/destaque-do-flamengo-vitinho-ressalta-apoio-do-elenco-e-tecnico\/"},"author":{"name":"Equipe G\u00e1vea News","@id":"https:\/\/www.gaveanews.com\/#\/schema\/person\/2ec14f73fb96be2caf28f91afb14749d"},"headline":"Destaque do Flamengo, Vitinho ressalta apoio do elenco e t\u00e9cnico","datePublished":"2020-10-18T21:53:19+00:00","dateModified":"2020-10-18T21:53:25+00:00","mainEntityOfPage":{"@id":"https:\/\/www.gaveanews.com\/index.php\/2020\/10\/18\/destaque-do-flamengo-vitinho-ressalta-apoio-do-elenco-e-tecnico\/"},"wordCount":162,"commentCount":3,"image":{"@id":"https:\/\/www.gaveanews.com\/index.php\/2020\/10\/18\/destaque-do-flamengo-vitinho-ressalta-apoio-do-elenco-e-tecnico\/#primaryimage"},"thumbnailUrl":"https:\/\/www.gaveanews.com\/wp-content\/uploads\/Atacante-Vitinho-em-acao-durante-uma-partida-do-Flamengo.webp","articleSection":["Flamengo"],"inLanguage":"pt-BR","potentialAction":[{"@type":"CommentAction","name":"Comment","target":["https:\/\/www.gaveanews.com\/index.php\/2020\/10\/18\/destaque-do-flamengo-vitinho-ressalta-apoio-do-elenco-e-tecnico\/#respond"]}],"copyrightYear":"2020","copyrightHolder":{"@id":"https:\/\/www.gaveanews.com\/#organization"}},{"@type":"WebPage","@id":"https:\/\/www.gaveanews.com\/index.php\/2020\/10\/18\/destaque-do-flamengo-vitinho-ressalta-apoio-do-elenco-e-tecnico\/","url":"https:\/\/www.gaveanews.com\/index.php\/2020\/10\/18\/destaque-do-flamengo-vitinho-ressalta-apoio-do-elenco-e-tecnico\/","name":"Destaque do Flamengo, Vitinho ressalta apoio do elenco e t\u00e9cnico","isPartOf":{"@id":"https:\/\/www.gaveanews.com\/#website"},"primaryImageOfPage":{"@id":"https:\/\/www.gaveanews.com\/index.php\/2020\/10\/18\/destaque-do-flamengo-vitinho-ressalta-apoio-do-elenco-e-tecnico\/#primaryimage"},"image":{"@id":"https:\/\/www.gaveanews.com\/index.php\/2020\/10\/18\/destaque-do-flamengo-vitinho-ressalta-apoio-do-elenco-e-tecnico\/#primaryimage"},"thumbnailUrl":"https:\/\/www.gaveanews.com\/wp-content\/uploads\/Atacante-Vitinho-em-acao-durante-uma-partida-do-Flamengo.webp","datePublished":"2020-10-18T21:53:19+00:00","dateModified":"2020-10-18T21:53:25+00:00","author":{"@id":"https:\/\/www.gaveanews.com\/#\/schema\/person\/2ec14f73fb96be2caf28f91afb14749d"},"breadcrumb":{"@id":"https:\/\/www.gaveanews.com\/index.php\/2020\/10\/18\/destaque-do-flamengo-vitinho-ressalta-apoio-do-elenco-e-tecnico\/#breadcrumb"},"inLanguage":"pt-BR","potentialAction":[{"@type":"ReadAction","target":["https:\/\/www.gaveanews.com\/index.php\/2020\/10\/18\/destaque-do-flamengo-vitinho-ressalta-apoio-do-elenco-e-tecnico\/"]}]},{"@type":"ImageObject","inLanguage":"pt-BR","@id":"https:\/\/www.gaveanews.com\/index.php\/2020\/10\/18\/destaque-do-flamengo-vitinho-ressalta-apoio-do-elenco-e-tecnico\/#primaryimage","url":"https:\/\/www.gaveanews.com\/wp-content\/uploads\/Atacante-Vitinho-em-acao-durante-uma-partida-do-Flamengo.webp","contentUrl":"https:\/\/www.gaveanews.com\/wp-content\/uploads\/Atacante-Vitinho-em-acao-durante-uma-partida-do-Flamengo.webp","caption":"Atacante Vitinho em a\u00e7\u00e3o durante uma partida do Flamengo (Foto: Alexandre Vidal\/Flamengo)"},{"@type":"BreadcrumbList","@id":"https:\/\/www.gaveanews.com\/index.php\/2020\/10\/18\/destaque-do-flamengo-vitinho-ressalta-apoio-do-elenco-e-tecnico\/#breadcrumb","itemListElement":[{"@type":"ListItem","position":1,"name":"Home","item":"https:\/\/www.gaveanews.com\/"},{"@type":"ListItem","position":2,"name":"Destaque do Flamengo, Vitinho ressalta apoio do elenco e t\u00e9cnico"}]},{"@type":"WebSite","@id":"https:\/\/www.gaveanews.com\/#website","url":"https:\/\/www.gaveanews.com\/","name":"G\u00e1vea News","description":"Veja todas as not\u00edcias sobre o Flamengo: Contrata\u00e7\u00f5es, categorias de base, resultados das partidas, tabela de classifica\u00e7\u00e3o, pr\u00f3ximos jogos!","potentialAction":[{"@type":"SearchAction","target":{"@type":"EntryPoint","urlTemplate":"https:\/\/www.gaveanews.com\/?s={search_term_string}"},"query-input":{"@type":"PropertyValueSpecification","valueRequired":true,"valueName":"search_term_string"}}],"inLanguage":"pt-BR"},{"@type":"Person","@id":"https:\/\/www.gaveanews.com\/#\/schema\/person\/2ec14f73fb96be2caf28f91afb14749d","name":"Equipe G\u00e1vea News","image":{"@type":"ImageObject","inLanguage":"pt-BR","@id":"https:\/\/www.gaveanews.com\/#\/schema\/person\/image\/","url":"https:\/\/secure.gravatar.com\/avatar\/1e1956f1facbffd3f8fa53a326721950116b3b9dc9bd44939c01180fd4a745a9?s=96&d=mm&r=g","contentUrl":"https:\/\/secure.gravatar.com\/avatar\/1e1956f1facbffd3f8fa53a326721950116b3b9dc9bd44939c01180fd4a745a9?s=96&d=mm&r=g","caption":"Equipe G\u00e1vea News"}}]}},"_links":{"self":[{"href":"https:\/\/www.gaveanews.com\/index.php\/wp-json\/wp\/v2\/posts\/49331","targetHints":{"allow":["GET"]}}],"collection":[{"href":"https:\/\/www.gaveanews.com\/index.php\/wp-json\/wp\/v2\/posts"}],"about":[{"href":"https:\/\/www.gaveanews.com\/index.php\/wp-json\/wp\/v2\/types\/post"}],"author":[{"embeddable":true,"href":"https:\/\/www.gaveanews.com\/index.php\/wp-json\/wp\/v2\/users\/1"}],"replies":[{"embeddable":true,"href":"https:\/\/www.gaveanews.com\/index.php\/wp-json\/wp\/v2\/comments?post=49331"}],"version-history":[{"count":0,"href":"https:\/\/www.gaveanews.com\/index.php\/wp-json\/wp\/v2\/posts\/49331\/revisions"}],"wp:featuredmedia":[{"embeddable":true,"href":"https:\/\/www.gaveanews.com\/index.php\/wp-json\/wp\/v2\/media\/28954"}],"wp:attachment":[{"href":"https:\/\/www.gaveanews.com\/index.php\/wp-json\/wp\/v2\/media?parent=49331"}],"wp:term":[{"taxonomy":"category","embeddable":true,"href":"https:\/\/www.gaveanews.com\/index.php\/wp-json\/wp\/v2\/categories?post=49331"},{"taxonomy":"post_tag","embeddable":true,"href":"https:\/\/www.gaveanews.com\/index.php\/wp-json\/wp\/v2\/tags?post=49331"}],"curies":[{"name":"wp","href":"https:\/\/api.w.org\/{rel}","templated":true}]}}