{"id":49352,"date":"2020-10-19T00:26:57","date_gmt":"2020-10-19T03:26:57","guid":{"rendered":"https:\/\/www.gaveanews.com\/?p=49352"},"modified":"2020-10-19T00:27:05","modified_gmt":"2020-10-19T03:27:05","slug":"torcedores-do-flamengo-exaltam-natan-e-pedem-titularidade-veja-a-repercussao","status":"publish","type":"post","link":"https:\/\/www.gaveanews.com\/index.php\/2020\/10\/19\/torcedores-do-flamengo-exaltam-natan-e-pedem-titularidade-veja-a-repercussao\/","title":{"rendered":"Torcedores do Flamengo exaltam Natan e pedem titularidade; veja a repercuss\u00e3o"},"content":{"rendered":"\n<p>Na tarde deste domingo, o Flamengo voltou a fazer uma grande atua\u00e7\u00e3o. Em Itaquera contra o Corinthians, o Meng\u00e3o aplicou 5 a 1 no time paulista fora de casa em uma atua\u00e7\u00e3o de gala do time de Dom\u00e8nec Torrent e com uma grande partida do zagueiro Natan.<\/p>\n\n\n\n<p>O zagueiro da base do Flamengo foi titular, aproveitou mais uma vez a oportunidade recebida e dessa vez n\u00e3o somente teve grande atua\u00e7\u00e3o na defesa, mas tamb\u00e9m no ataque, marcando um gol.<\/p>\n\n\n\n<p>A torcida rubro-negra, que j\u00e1 estava encantada com o jovem jogador foi \u00e0 loucura com a grande partida feita.<\/p>\n\n\n\n<figure class=\"wp-block-embed-twitter wp-block-embed is-type-rich is-provider-twitter\"><div class=\"wp-block-embed__wrapper\">\nhttps:\/\/twitter.com\/pedrobserpa6001\/status\/1317925239095963651?ref_src=twsrc%5Etfw%7Ctwcamp%5Etweetembed%7Ctwterm%5E1317925239095963651%7Ctwgr%5Eshare_3%2Ccontainerclick_1&#038;ref_url=https%3A%2F%2Fhashtagrubronegro.com%2Ftorcedores-do-flamengo-exaltam-natan-e-pedem-titularidade-veja-a-repercussao%2F\n<\/div><\/figure>\n\n\n\n<figure class=\"wp-block-embed-twitter wp-block-embed is-type-rich is-provider-twitter\"><div class=\"wp-block-embed__wrapper\">\n<blockquote class=\"twitter-tweet\" data-width=\"550\" data-dnt=\"true\"><p lang=\"pt\" dir=\"ltr\">orgulho do natan<\/p>&mdash; \ufe0e \ufe0e \ufe0e (@crfmxry) <a href=\"https:\/\/twitter.com\/crfmxry\/status\/1317933708226285570?ref_src=twsrc%5Etfw\">October 18, 2020<\/a><\/blockquote><script async src=\"https:\/\/platform.twitter.com\/widgets.js\" charset=\"utf-8\"><\/script>\n<\/div><\/figure>\n\n\n\n<figure class=\"wp-block-embed-twitter wp-block-embed is-type-rich is-provider-twitter\"><div class=\"wp-block-embed__wrapper\">\n<blockquote class=\"twitter-tweet\" data-width=\"550\" data-dnt=\"true\"><p lang=\"pt\" dir=\"ltr\">Natan titular do lado do Rodrigo Caio pra ontem<\/p>&mdash; Caio Gon\u00e7alves (@ocaiogoncalves) <a href=\"https:\/\/twitter.com\/ocaiogoncalves\/status\/1317933713733439490?ref_src=twsrc%5Etfw\">October 18, 2020<\/a><\/blockquote><script async src=\"https:\/\/platform.twitter.com\/widgets.js\" charset=\"utf-8\"><\/script>\n<\/div><\/figure>\n\n\n\n<figure class=\"wp-block-embed-twitter wp-block-embed is-type-rich is-provider-twitter\"><div class=\"wp-block-embed__wrapper\">\nhttps:\/\/twitter.com\/rlcardosantl\/status\/1317933785766367232?ref_src=twsrc%5Etfw%7Ctwcamp%5Etweetembed%7Ctwterm%5E1317933785766367232%7Ctwgr%5Eshare_3%2Ccontainerclick_1&#038;ref_url=https%3A%2F%2Fhashtagrubronegro.com%2Ftorcedores-do-flamengo-exaltam-natan-e-pedem-titularidade-veja-a-repercussao%2F\n<\/div><\/figure>\n\n\n\n<figure class=\"wp-block-embed-twitter wp-block-embed is-type-rich is-provider-twitter\"><div class=\"wp-block-embed__wrapper\">\n<blockquote class=\"twitter-tweet\" data-width=\"550\" data-dnt=\"true\"><p lang=\"pt\" dir=\"ltr\">Se o Dome ainda tirar o Natan desse time para colocar Leo Pereira eu n\u00e3o respondo por mim<\/p>&mdash; A Bras (@nath_bras) <a href=\"https:\/\/twitter.com\/nath_bras\/status\/1317924726770159617?ref_src=twsrc%5Etfw\">October 18, 2020<\/a><\/blockquote><script async src=\"https:\/\/platform.twitter.com\/widgets.js\" charset=\"utf-8\"><\/script>\n<\/div><\/figure>\n\n\n\n<figure class=\"wp-block-embed-twitter wp-block-embed is-type-rich is-provider-twitter\"><div class=\"wp-block-embed__wrapper\">\nhttps:\/\/twitter.com\/fertsmafra\/status\/1317924835813634050?ref_src=twsrc%5Etfw%7Ctwcamp%5Etweetembed%7Ctwterm%5E1317924835813634050%7Ctwgr%5Eshare_3%2Ccontainerclick_0&#038;ref_url=https%3A%2F%2Fhashtagrubronegro.com%2Ftorcedores-do-flamengo-exaltam-natan-e-pedem-titularidade-veja-a-repercussao%2F\n<\/div><\/figure>\n\n\n\n<figure class=\"wp-block-embed-twitter wp-block-embed is-type-rich is-provider-twitter\"><div class=\"wp-block-embed__wrapper\">\nhttps:\/\/twitter.com\/DinizmJoao\/status\/1317924929766121472?ref_src=twsrc%5Etfw%7Ctwcamp%5Etweetembed%7Ctwterm%5E1317924929766121472%7Ctwgr%5Eshare_3%2Ccontainerclick_1&#038;ref_url=https%3A%2F%2Fhashtagrubronegro.com%2Ftorcedores-do-flamengo-exaltam-natan-e-pedem-titularidade-veja-a-repercussao%2F\n<\/div><\/figure>\n\n\n\n<figure class=\"wp-block-embed-twitter wp-block-embed is-type-rich is-provider-twitter\"><div class=\"wp-block-embed__wrapper\">\n<blockquote class=\"twitter-tweet\" data-width=\"550\" data-dnt=\"true\"><p lang=\"pt\" dir=\"ltr\">Natan \u00e9 anos-luz a frente do leo pereira kkkkkk<\/p>&mdash; Famoso Borroka \u2605\u5f61 (@_lucasfontesss) <a href=\"https:\/\/twitter.com\/_lucasfontesss\/status\/1317924953015144448?ref_src=twsrc%5Etfw\">October 18, 2020<\/a><\/blockquote><script async src=\"https:\/\/platform.twitter.com\/widgets.js\" charset=\"utf-8\"><\/script>\n<\/div><\/figure>\n\n\n\n<figure class=\"wp-block-embed-twitter wp-block-embed is-type-rich is-provider-twitter\"><div class=\"wp-block-embed__wrapper\">\n<blockquote class=\"twitter-tweet\" data-width=\"550\" data-dnt=\"true\"><p lang=\"es\" dir=\"ltr\">Substituto do Pablo Mari:<br>( ) Leo Pereira<br>(x) Natan<\/p>&mdash; z\u00e9 neto (@jnetorch) <a href=\"https:\/\/twitter.com\/jnetorch\/status\/1317925684325515267?ref_src=twsrc%5Etfw\">October 18, 2020<\/a><\/blockquote><script async src=\"https:\/\/platform.twitter.com\/widgets.js\" charset=\"utf-8\"><\/script>\n<\/div><\/figure>\n\n\n\n<figure class=\"wp-block-embed-twitter wp-block-embed is-type-rich is-provider-twitter\"><div class=\"wp-block-embed__wrapper\">\nhttps:\/\/twitter.com\/b2mnv\/status\/1317926655592222720?ref_src=twsrc%5Etfw%7Ctwcamp%5Etweetembed%7Ctwterm%5E1317926655592222720%7Ctwgr%5Eshare_3%2Ccontainerclick_1&#038;ref_url=https%3A%2F%2Fhashtagrubronegro.com%2Ftorcedores-do-flamengo-exaltam-natan-e-pedem-titularidade-veja-a-repercussao%2F\n<\/div><\/figure>\n\n\n\n<figure class=\"wp-block-embed-twitter wp-block-embed is-type-rich is-provider-twitter\"><div class=\"wp-block-embed__wrapper\">\n<blockquote class=\"twitter-tweet\" data-width=\"550\" data-dnt=\"true\"><p lang=\"pt\" dir=\"ltr\">Natan \u00e9 MUITO craque &gt;&gt;&gt; leo pereira<\/p>&mdash; guilherme diniz (@diniz021_) <a href=\"https:\/\/twitter.com\/diniz021_\/status\/1317929684290703361?ref_src=twsrc%5Etfw\">October 18, 2020<\/a><\/blockquote><script async src=\"https:\/\/platform.twitter.com\/widgets.js\" charset=\"utf-8\"><\/script>\n<\/div><\/figure>\n\n\n\n<figure class=\"wp-block-embed-twitter wp-block-embed is-type-rich is-provider-twitter\"><div class=\"wp-block-embed__wrapper\">\nhttps:\/\/twitter.com\/daniffrt\/status\/1317932403281846273?ref_src=twsrc%5Etfw%7Ctwcamp%5Etweetembed%7Ctwterm%5E1317932403281846273%7Ctwgr%5Eshare_3%2Ccontainerclick_0&#038;ref_url=https%3A%2F%2Fhashtagrubronegro.com%2Ftorcedores-do-flamengo-exaltam-natan-e-pedem-titularidade-veja-a-repercussao%2F\n<\/div><\/figure>\n\n\n\n<figure class=\"wp-block-embed-twitter wp-block-embed is-type-rich is-provider-twitter\"><div class=\"wp-block-embed__wrapper\">\n<blockquote class=\"twitter-tweet\" data-width=\"550\" data-dnt=\"true\"><p lang=\"pt\" dir=\"ltr\">Natan dando passe \u00e9 muito bom, coloca no bolso o L\u00e9o Pereira<\/p>&mdash; E. (@lorencao) <a href=\"https:\/\/twitter.com\/lorencao\/status\/1317932190261444608?ref_src=twsrc%5Etfw\">October 18, 2020<\/a><\/blockquote><script async src=\"https:\/\/platform.twitter.com\/widgets.js\" charset=\"utf-8\"><\/script>\n<\/div><\/figure>\n\n\n\n<figure class=\"wp-block-embed-twitter wp-block-embed is-type-rich is-provider-twitter\"><div class=\"wp-block-embed__wrapper\">\nhttps:\/\/twitter.com\/GabrielBatistaa\/status\/1317924802561232896?ref_src=twsrc%5Etfw%7Ctwcamp%5Etweetembed%7Ctwterm%5E1317924802561232896%7Ctwgr%5Eshare_3%2Ccontainerclick_1&#038;ref_url=https%3A%2F%2Fhashtagrubronegro.com%2Ftorcedores-do-flamengo-exaltam-natan-e-pedem-titularidade-veja-a-repercussao%2F\n<\/div><\/figure>\n\n\n\n<figure class=\"wp-block-embed-twitter wp-block-embed is-type-rich is-provider-twitter\"><div class=\"wp-block-embed__wrapper\">\n<blockquote class=\"twitter-tweet\" data-width=\"550\" data-dnt=\"true\"><p lang=\"pt\" dir=\"ltr\">Agora vc v\u00ea DOME a diferen\u00e7a do Natan pro L\u00e9o pereira e Gustavo Henrique ? Kkkkk<\/p>&mdash; Denes \u1d9c\u02b3\u1da0 | \ud83c\uddfa\ud83c\uddfe \ud83c\udfc6 (@DenesCRF) <a href=\"https:\/\/twitter.com\/DenesCRF\/status\/1317929632767922177?ref_src=twsrc%5Etfw\">October 18, 2020<\/a><\/blockquote><script async src=\"https:\/\/platform.twitter.com\/widgets.js\" charset=\"utf-8\"><\/script>\n<\/div><\/figure>\n\n\n\n<figure class=\"wp-block-embed-twitter wp-block-embed is-type-rich is-provider-twitter\"><div class=\"wp-block-embed__wrapper\">\n<blockquote class=\"twitter-tweet\" data-width=\"550\" data-dnt=\"true\"><p lang=\"pt\" dir=\"ltr\">Natan titular <br>L\u00e9o Pereira no banco <br><br>\ud83d\ude0d\ud83d\ude0d\ud83d\ude0d\ud83d\ude0d\ud83d\ude0d\ud83d\ude0d\ud83d\ude0d\ud83d\ude0d\ud83d\ude0d\ud83d\ude0d\ud83d\ude0d\ud83d\ude0d\ud83d\ude0d\ud83d\ude0d\ud83d\ude0d\ud83d\ude0d\ud83d\ude0d\ud83d\ude0d\ud83d\ude0d\ud83d\ude0d\ud83d\ude0d\ud83d\ude0d\ud83d\ude0d\ud83d\ude0d\ud83d\ude0d\ud83d\ude0d\ud83d\ude0d\ud83d\ude0d\ud83d\ude0d\ud83d\ude0d\ud83d\ude0d\ud83d\ude0d\ud83d\ude0d\ud83d\ude0d\ud83d\ude0d\ud83d\ude0d\ud83d\ude0d\ud83d\ude0d\ud83d\ude0d\ud83d\ude0d\ud83d\ude0d\ud83d\ude0d<\/p>&mdash; RA\u00c7A, AMOR E PAIX\u00c3O! \ud83d\udd34\u26ab \u1d9c\u02b3\u1da0 (@flaamor1981) <a href=\"https:\/\/twitter.com\/flaamor1981\/status\/1317896901702930432?ref_src=twsrc%5Etfw\">October 18, 2020<\/a><\/blockquote><script async src=\"https:\/\/platform.twitter.com\/widgets.js\" charset=\"utf-8\"><\/script>\n<\/div><\/figure>\n\n\n\n<figure class=\"wp-block-embed-twitter wp-block-embed is-type-rich is-provider-twitter\"><div class=\"wp-block-embed__wrapper\">\nhttps:\/\/twitter.com\/riibeirx\/status\/1317924489913651201?ref_src=twsrc%5Etfw%7Ctwcamp%5Etweetembed%7Ctwterm%5E1317924489913651201%7Ctwgr%5Eshare_3%2Ccontainerclick_0&#038;ref_url=https%3A%2F%2Fhashtagrubronegro.com%2Ftorcedores-do-flamengo-exaltam-natan-e-pedem-titularidade-veja-a-repercussao%2F\n<\/div><\/figure>\n\n\n\n<figure class=\"wp-block-embed-twitter wp-block-embed is-type-rich is-provider-twitter\"><div class=\"wp-block-embed__wrapper\">\nhttps:\/\/twitter.com\/babixcrf\/status\/1317924429566005254?ref_src=twsrc%5Etfw%7Ctwcamp%5Etweetembed%7Ctwterm%5E1317924429566005254%7Ctwgr%5Eshare_0%2Ccontainerclick_0&#038;ref_url=https%3A%2F%2Fhashtagrubronegro.com%2Ftorcedores-do-flamengo-exaltam-natan-e-pedem-titularidade-veja-a-repercussao%2F\n<\/div><\/figure>\n\n\n\n<p>Retirado de: Hastag Rubro-Negro<\/p>\n","protected":false},"excerpt":{"rendered":"<p>Na tarde deste domingo, o Flamengo voltou a fazer uma grande atua\u00e7\u00e3o. Em Itaquera contra o Corinthians, o Meng\u00e3o aplicou 5 a 1 no time paulista fora de casa em uma atua\u00e7\u00e3o de gala do time de Dom\u00e8nec Torrent e com uma grande partida do zagueiro Natan. O zagueiro da base do Flamengo foi titular, [&hellip;]<\/p>\n","protected":false},"author":1,"featured_media":48285,"comment_status":"open","ping_status":"closed","sticky":false,"template":"","format":"standard","meta":{"footnotes":""},"categories":[1],"tags":[],"class_list":["post-49352","post","type-post","status-publish","format-standard","has-post-thumbnail","hentry","category-flamengo"],"yoast_head":"<!-- This site is optimized with the Yoast SEO Premium plugin v24.2 (Yoast SEO v26.9) - https:\/\/yoast.com\/product\/yoast-seo-premium-wordpress\/ -->\n<title>Torcedores do Flamengo exaltam Natan e pedem titularidade; veja a repercuss\u00e3o<\/title>\n<meta name=\"robots\" content=\"index, follow, max-snippet:-1, max-image-preview:large, max-video-preview:-1\" \/>\n<link rel=\"canonical\" href=\"https:\/\/www.gaveanews.com\/index.php\/2020\/10\/19\/torcedores-do-flamengo-exaltam-natan-e-pedem-titularidade-veja-a-repercussao\/\" \/>\n<meta property=\"og:locale\" content=\"pt_BR\" \/>\n<meta property=\"og:type\" content=\"article\" \/>\n<meta property=\"og:title\" content=\"Torcedores do Flamengo exaltam Natan e pedem titularidade; veja a repercuss\u00e3o\" \/>\n<meta property=\"og:description\" content=\"Na tarde deste domingo, o Flamengo voltou a fazer uma grande atua\u00e7\u00e3o. Em Itaquera contra o Corinthians, o Meng\u00e3o aplicou 5 a 1 no time paulista fora de casa em uma atua\u00e7\u00e3o de gala do time de Dom\u00e8nec Torrent e com uma grande partida do zagueiro Natan. O zagueiro da base do Flamengo foi titular, [&hellip;]\" \/>\n<meta property=\"og:url\" content=\"https:\/\/www.gaveanews.com\/index.php\/2020\/10\/19\/torcedores-do-flamengo-exaltam-natan-e-pedem-titularidade-veja-a-repercussao\/\" \/>\n<meta property=\"og:site_name\" content=\"G\u00e1vea News\" \/>\n<meta property=\"article:publisher\" content=\"https:\/\/facebook.com\/gaveaNews\/\" \/>\n<meta property=\"article:published_time\" content=\"2020-10-19T03:26:57+00:00\" \/>\n<meta property=\"article:modified_time\" content=\"2020-10-19T03:27:05+00:00\" \/>\n<meta property=\"og:image\" content=\"https:\/\/www.gaveanews.com\/wp-content\/uploads\/Natan-em-acao-pelo-Flamengo-na-partida-contra-o-Independiente-del-Valle-pela-Copa-Libertadores-de-2020.webp\" \/>\n\t<meta property=\"og:image:width\" content=\"799\" \/>\n\t<meta property=\"og:image:height\" content=\"532\" \/>\n\t<meta property=\"og:image:type\" content=\"image\/jpeg\" \/>\n<meta name=\"author\" content=\"Equipe G\u00e1vea News\" \/>\n<meta name=\"twitter:card\" content=\"summary_large_image\" \/>\n<meta name=\"twitter:label1\" content=\"Escrito por\" \/>\n\t<meta name=\"twitter:data1\" content=\"Equipe G\u00e1vea News\" \/>\n\t<meta name=\"twitter:label2\" content=\"Est. tempo de leitura\" \/>\n\t<meta name=\"twitter:data2\" content=\"3 minutos\" \/>\n<script type=\"application\/ld+json\" class=\"yoast-schema-graph\">{\"@context\":\"https:\/\/schema.org\",\"@graph\":[{\"@type\":\"NewsArticle\",\"@id\":\"https:\/\/www.gaveanews.com\/index.php\/2020\/10\/19\/torcedores-do-flamengo-exaltam-natan-e-pedem-titularidade-veja-a-repercussao\/#article\",\"isPartOf\":{\"@id\":\"https:\/\/www.gaveanews.com\/index.php\/2020\/10\/19\/torcedores-do-flamengo-exaltam-natan-e-pedem-titularidade-veja-a-repercussao\/\"},\"author\":{\"name\":\"Equipe G\u00e1vea News\",\"@id\":\"https:\/\/www.gaveanews.com\/#\/schema\/person\/2ec14f73fb96be2caf28f91afb14749d\"},\"headline\":\"Torcedores do Flamengo exaltam Natan e pedem titularidade; veja a repercuss\u00e3o\",\"datePublished\":\"2020-10-19T03:26:57+00:00\",\"dateModified\":\"2020-10-19T03:27:05+00:00\",\"mainEntityOfPage\":{\"@id\":\"https:\/\/www.gaveanews.com\/index.php\/2020\/10\/19\/torcedores-do-flamengo-exaltam-natan-e-pedem-titularidade-veja-a-repercussao\/\"},\"wordCount\":589,\"commentCount\":11,\"image\":{\"@id\":\"https:\/\/www.gaveanews.com\/index.php\/2020\/10\/19\/torcedores-do-flamengo-exaltam-natan-e-pedem-titularidade-veja-a-repercussao\/#primaryimage\"},\"thumbnailUrl\":\"https:\/\/www.gaveanews.com\/wp-content\/uploads\/Natan-em-acao-pelo-Flamengo-na-partida-contra-o-Independiente-del-Valle-pela-Copa-Libertadores-de-2020.webp\",\"articleSection\":[\"Flamengo\"],\"inLanguage\":\"pt-BR\",\"potentialAction\":[{\"@type\":\"CommentAction\",\"name\":\"Comment\",\"target\":[\"https:\/\/www.gaveanews.com\/index.php\/2020\/10\/19\/torcedores-do-flamengo-exaltam-natan-e-pedem-titularidade-veja-a-repercussao\/#respond\"]}],\"copyrightYear\":\"2020\",\"copyrightHolder\":{\"@id\":\"https:\/\/www.gaveanews.com\/#organization\"}},{\"@type\":\"WebPage\",\"@id\":\"https:\/\/www.gaveanews.com\/index.php\/2020\/10\/19\/torcedores-do-flamengo-exaltam-natan-e-pedem-titularidade-veja-a-repercussao\/\",\"url\":\"https:\/\/www.gaveanews.com\/index.php\/2020\/10\/19\/torcedores-do-flamengo-exaltam-natan-e-pedem-titularidade-veja-a-repercussao\/\",\"name\":\"Torcedores do Flamengo exaltam Natan e pedem titularidade; veja a repercuss\u00e3o\",\"isPartOf\":{\"@id\":\"https:\/\/www.gaveanews.com\/#website\"},\"primaryImageOfPage\":{\"@id\":\"https:\/\/www.gaveanews.com\/index.php\/2020\/10\/19\/torcedores-do-flamengo-exaltam-natan-e-pedem-titularidade-veja-a-repercussao\/#primaryimage\"},\"image\":{\"@id\":\"https:\/\/www.gaveanews.com\/index.php\/2020\/10\/19\/torcedores-do-flamengo-exaltam-natan-e-pedem-titularidade-veja-a-repercussao\/#primaryimage\"},\"thumbnailUrl\":\"https:\/\/www.gaveanews.com\/wp-content\/uploads\/Natan-em-acao-pelo-Flamengo-na-partida-contra-o-Independiente-del-Valle-pela-Copa-Libertadores-de-2020.webp\",\"datePublished\":\"2020-10-19T03:26:57+00:00\",\"dateModified\":\"2020-10-19T03:27:05+00:00\",\"author\":{\"@id\":\"https:\/\/www.gaveanews.com\/#\/schema\/person\/2ec14f73fb96be2caf28f91afb14749d\"},\"breadcrumb\":{\"@id\":\"https:\/\/www.gaveanews.com\/index.php\/2020\/10\/19\/torcedores-do-flamengo-exaltam-natan-e-pedem-titularidade-veja-a-repercussao\/#breadcrumb\"},\"inLanguage\":\"pt-BR\",\"potentialAction\":[{\"@type\":\"ReadAction\",\"target\":[\"https:\/\/www.gaveanews.com\/index.php\/2020\/10\/19\/torcedores-do-flamengo-exaltam-natan-e-pedem-titularidade-veja-a-repercussao\/\"]}]},{\"@type\":\"ImageObject\",\"inLanguage\":\"pt-BR\",\"@id\":\"https:\/\/www.gaveanews.com\/index.php\/2020\/10\/19\/torcedores-do-flamengo-exaltam-natan-e-pedem-titularidade-veja-a-repercussao\/#primaryimage\",\"url\":\"https:\/\/www.gaveanews.com\/wp-content\/uploads\/Natan-em-acao-pelo-Flamengo-na-partida-contra-o-Independiente-del-Valle-pela-Copa-Libertadores-de-2020.webp\",\"contentUrl\":\"https:\/\/www.gaveanews.com\/wp-content\/uploads\/Natan-em-acao-pelo-Flamengo-na-partida-contra-o-Independiente-del-Valle-pela-Copa-Libertadores-de-2020.webp\",\"width\":799,\"height\":532,\"caption\":\"Natan em a\u00e7\u00e3o pelo Flamengo na partida contra o Independiente del Valle pela Copa Libertadores de 2020 (Foto: Alexandre Vidal\/Flamengo)\"},{\"@type\":\"BreadcrumbList\",\"@id\":\"https:\/\/www.gaveanews.com\/index.php\/2020\/10\/19\/torcedores-do-flamengo-exaltam-natan-e-pedem-titularidade-veja-a-repercussao\/#breadcrumb\",\"itemListElement\":[{\"@type\":\"ListItem\",\"position\":1,\"name\":\"Home\",\"item\":\"https:\/\/www.gaveanews.com\/\"},{\"@type\":\"ListItem\",\"position\":2,\"name\":\"Torcedores do Flamengo exaltam Natan e pedem titularidade; veja a repercuss\u00e3o\"}]},{\"@type\":\"WebSite\",\"@id\":\"https:\/\/www.gaveanews.com\/#website\",\"url\":\"https:\/\/www.gaveanews.com\/\",\"name\":\"G\u00e1vea News\",\"description\":\"Veja todas as not\u00edcias sobre o Flamengo: Contrata\u00e7\u00f5es, categorias de base, resultados das partidas, tabela de classifica\u00e7\u00e3o, pr\u00f3ximos jogos!\",\"potentialAction\":[{\"@type\":\"SearchAction\",\"target\":{\"@type\":\"EntryPoint\",\"urlTemplate\":\"https:\/\/www.gaveanews.com\/?s={search_term_string}\"},\"query-input\":{\"@type\":\"PropertyValueSpecification\",\"valueRequired\":true,\"valueName\":\"search_term_string\"}}],\"inLanguage\":\"pt-BR\"},{\"@type\":\"Person\",\"@id\":\"https:\/\/www.gaveanews.com\/#\/schema\/person\/2ec14f73fb96be2caf28f91afb14749d\",\"name\":\"Equipe G\u00e1vea News\",\"image\":{\"@type\":\"ImageObject\",\"inLanguage\":\"pt-BR\",\"@id\":\"https:\/\/www.gaveanews.com\/#\/schema\/person\/image\/\",\"url\":\"https:\/\/secure.gravatar.com\/avatar\/1e1956f1facbffd3f8fa53a326721950116b3b9dc9bd44939c01180fd4a745a9?s=96&d=mm&r=g\",\"contentUrl\":\"https:\/\/secure.gravatar.com\/avatar\/1e1956f1facbffd3f8fa53a326721950116b3b9dc9bd44939c01180fd4a745a9?s=96&d=mm&r=g\",\"caption\":\"Equipe G\u00e1vea News\"}}]}<\/script>\n<!-- \/ Yoast SEO Premium plugin. -->","yoast_head_json":{"title":"Torcedores do Flamengo exaltam Natan e pedem titularidade; veja a repercuss\u00e3o","robots":{"index":"index","follow":"follow","max-snippet":"max-snippet:-1","max-image-preview":"max-image-preview:large","max-video-preview":"max-video-preview:-1"},"canonical":"https:\/\/www.gaveanews.com\/index.php\/2020\/10\/19\/torcedores-do-flamengo-exaltam-natan-e-pedem-titularidade-veja-a-repercussao\/","og_locale":"pt_BR","og_type":"article","og_title":"Torcedores do Flamengo exaltam Natan e pedem titularidade; veja a repercuss\u00e3o","og_description":"Na tarde deste domingo, o Flamengo voltou a fazer uma grande atua\u00e7\u00e3o. Em Itaquera contra o Corinthians, o Meng\u00e3o aplicou 5 a 1 no time paulista fora de casa em uma atua\u00e7\u00e3o de gala do time de Dom\u00e8nec Torrent e com uma grande partida do zagueiro Natan. O zagueiro da base do Flamengo foi titular, [&hellip;]","og_url":"https:\/\/www.gaveanews.com\/index.php\/2020\/10\/19\/torcedores-do-flamengo-exaltam-natan-e-pedem-titularidade-veja-a-repercussao\/","og_site_name":"G\u00e1vea News","article_publisher":"https:\/\/facebook.com\/gaveaNews\/","article_published_time":"2020-10-19T03:26:57+00:00","article_modified_time":"2020-10-19T03:27:05+00:00","og_image":[{"width":799,"height":532,"url":"https:\/\/www.gaveanews.com\/wp-content\/uploads\/Natan-em-acao-pelo-Flamengo-na-partida-contra-o-Independiente-del-Valle-pela-Copa-Libertadores-de-2020.webp","type":"image\/jpeg"}],"author":"Equipe G\u00e1vea News","twitter_card":"summary_large_image","twitter_misc":{"Escrito por":"Equipe G\u00e1vea News","Est. tempo de leitura":"3 minutos"},"schema":{"@context":"https:\/\/schema.org","@graph":[{"@type":"NewsArticle","@id":"https:\/\/www.gaveanews.com\/index.php\/2020\/10\/19\/torcedores-do-flamengo-exaltam-natan-e-pedem-titularidade-veja-a-repercussao\/#article","isPartOf":{"@id":"https:\/\/www.gaveanews.com\/index.php\/2020\/10\/19\/torcedores-do-flamengo-exaltam-natan-e-pedem-titularidade-veja-a-repercussao\/"},"author":{"name":"Equipe G\u00e1vea News","@id":"https:\/\/www.gaveanews.com\/#\/schema\/person\/2ec14f73fb96be2caf28f91afb14749d"},"headline":"Torcedores do Flamengo exaltam Natan e pedem titularidade; veja a repercuss\u00e3o","datePublished":"2020-10-19T03:26:57+00:00","dateModified":"2020-10-19T03:27:05+00:00","mainEntityOfPage":{"@id":"https:\/\/www.gaveanews.com\/index.php\/2020\/10\/19\/torcedores-do-flamengo-exaltam-natan-e-pedem-titularidade-veja-a-repercussao\/"},"wordCount":589,"commentCount":11,"image":{"@id":"https:\/\/www.gaveanews.com\/index.php\/2020\/10\/19\/torcedores-do-flamengo-exaltam-natan-e-pedem-titularidade-veja-a-repercussao\/#primaryimage"},"thumbnailUrl":"https:\/\/www.gaveanews.com\/wp-content\/uploads\/Natan-em-acao-pelo-Flamengo-na-partida-contra-o-Independiente-del-Valle-pela-Copa-Libertadores-de-2020.webp","articleSection":["Flamengo"],"inLanguage":"pt-BR","potentialAction":[{"@type":"CommentAction","name":"Comment","target":["https:\/\/www.gaveanews.com\/index.php\/2020\/10\/19\/torcedores-do-flamengo-exaltam-natan-e-pedem-titularidade-veja-a-repercussao\/#respond"]}],"copyrightYear":"2020","copyrightHolder":{"@id":"https:\/\/www.gaveanews.com\/#organization"}},{"@type":"WebPage","@id":"https:\/\/www.gaveanews.com\/index.php\/2020\/10\/19\/torcedores-do-flamengo-exaltam-natan-e-pedem-titularidade-veja-a-repercussao\/","url":"https:\/\/www.gaveanews.com\/index.php\/2020\/10\/19\/torcedores-do-flamengo-exaltam-natan-e-pedem-titularidade-veja-a-repercussao\/","name":"Torcedores do Flamengo exaltam Natan e pedem titularidade; veja a repercuss\u00e3o","isPartOf":{"@id":"https:\/\/www.gaveanews.com\/#website"},"primaryImageOfPage":{"@id":"https:\/\/www.gaveanews.com\/index.php\/2020\/10\/19\/torcedores-do-flamengo-exaltam-natan-e-pedem-titularidade-veja-a-repercussao\/#primaryimage"},"image":{"@id":"https:\/\/www.gaveanews.com\/index.php\/2020\/10\/19\/torcedores-do-flamengo-exaltam-natan-e-pedem-titularidade-veja-a-repercussao\/#primaryimage"},"thumbnailUrl":"https:\/\/www.gaveanews.com\/wp-content\/uploads\/Natan-em-acao-pelo-Flamengo-na-partida-contra-o-Independiente-del-Valle-pela-Copa-Libertadores-de-2020.webp","datePublished":"2020-10-19T03:26:57+00:00","dateModified":"2020-10-19T03:27:05+00:00","author":{"@id":"https:\/\/www.gaveanews.com\/#\/schema\/person\/2ec14f73fb96be2caf28f91afb14749d"},"breadcrumb":{"@id":"https:\/\/www.gaveanews.com\/index.php\/2020\/10\/19\/torcedores-do-flamengo-exaltam-natan-e-pedem-titularidade-veja-a-repercussao\/#breadcrumb"},"inLanguage":"pt-BR","potentialAction":[{"@type":"ReadAction","target":["https:\/\/www.gaveanews.com\/index.php\/2020\/10\/19\/torcedores-do-flamengo-exaltam-natan-e-pedem-titularidade-veja-a-repercussao\/"]}]},{"@type":"ImageObject","inLanguage":"pt-BR","@id":"https:\/\/www.gaveanews.com\/index.php\/2020\/10\/19\/torcedores-do-flamengo-exaltam-natan-e-pedem-titularidade-veja-a-repercussao\/#primaryimage","url":"https:\/\/www.gaveanews.com\/wp-content\/uploads\/Natan-em-acao-pelo-Flamengo-na-partida-contra-o-Independiente-del-Valle-pela-Copa-Libertadores-de-2020.webp","contentUrl":"https:\/\/www.gaveanews.com\/wp-content\/uploads\/Natan-em-acao-pelo-Flamengo-na-partida-contra-o-Independiente-del-Valle-pela-Copa-Libertadores-de-2020.webp","width":799,"height":532,"caption":"Natan em a\u00e7\u00e3o pelo Flamengo na partida contra o Independiente del Valle pela Copa Libertadores de 2020 (Foto: Alexandre Vidal\/Flamengo)"},{"@type":"BreadcrumbList","@id":"https:\/\/www.gaveanews.com\/index.php\/2020\/10\/19\/torcedores-do-flamengo-exaltam-natan-e-pedem-titularidade-veja-a-repercussao\/#breadcrumb","itemListElement":[{"@type":"ListItem","position":1,"name":"Home","item":"https:\/\/www.gaveanews.com\/"},{"@type":"ListItem","position":2,"name":"Torcedores do Flamengo exaltam Natan e pedem titularidade; veja a repercuss\u00e3o"}]},{"@type":"WebSite","@id":"https:\/\/www.gaveanews.com\/#website","url":"https:\/\/www.gaveanews.com\/","name":"G\u00e1vea News","description":"Veja todas as not\u00edcias sobre o Flamengo: Contrata\u00e7\u00f5es, categorias de base, resultados das partidas, tabela de classifica\u00e7\u00e3o, pr\u00f3ximos jogos!","potentialAction":[{"@type":"SearchAction","target":{"@type":"EntryPoint","urlTemplate":"https:\/\/www.gaveanews.com\/?s={search_term_string}"},"query-input":{"@type":"PropertyValueSpecification","valueRequired":true,"valueName":"search_term_string"}}],"inLanguage":"pt-BR"},{"@type":"Person","@id":"https:\/\/www.gaveanews.com\/#\/schema\/person\/2ec14f73fb96be2caf28f91afb14749d","name":"Equipe G\u00e1vea News","image":{"@type":"ImageObject","inLanguage":"pt-BR","@id":"https:\/\/www.gaveanews.com\/#\/schema\/person\/image\/","url":"https:\/\/secure.gravatar.com\/avatar\/1e1956f1facbffd3f8fa53a326721950116b3b9dc9bd44939c01180fd4a745a9?s=96&d=mm&r=g","contentUrl":"https:\/\/secure.gravatar.com\/avatar\/1e1956f1facbffd3f8fa53a326721950116b3b9dc9bd44939c01180fd4a745a9?s=96&d=mm&r=g","caption":"Equipe G\u00e1vea News"}}]}},"_links":{"self":[{"href":"https:\/\/www.gaveanews.com\/index.php\/wp-json\/wp\/v2\/posts\/49352","targetHints":{"allow":["GET"]}}],"collection":[{"href":"https:\/\/www.gaveanews.com\/index.php\/wp-json\/wp\/v2\/posts"}],"about":[{"href":"https:\/\/www.gaveanews.com\/index.php\/wp-json\/wp\/v2\/types\/post"}],"author":[{"embeddable":true,"href":"https:\/\/www.gaveanews.com\/index.php\/wp-json\/wp\/v2\/users\/1"}],"replies":[{"embeddable":true,"href":"https:\/\/www.gaveanews.com\/index.php\/wp-json\/wp\/v2\/comments?post=49352"}],"version-history":[{"count":0,"href":"https:\/\/www.gaveanews.com\/index.php\/wp-json\/wp\/v2\/posts\/49352\/revisions"}],"wp:featuredmedia":[{"embeddable":true,"href":"https:\/\/www.gaveanews.com\/index.php\/wp-json\/wp\/v2\/media\/48285"}],"wp:attachment":[{"href":"https:\/\/www.gaveanews.com\/index.php\/wp-json\/wp\/v2\/media?parent=49352"}],"wp:term":[{"taxonomy":"category","embeddable":true,"href":"https:\/\/www.gaveanews.com\/index.php\/wp-json\/wp\/v2\/categories?post=49352"},{"taxonomy":"post_tag","embeddable":true,"href":"https:\/\/www.gaveanews.com\/index.php\/wp-json\/wp\/v2\/tags?post=49352"}],"curies":[{"name":"wp","href":"https:\/\/api.w.org\/{rel}","templated":true}]}}