{"id":49378,"date":"2020-10-19T00:50:36","date_gmt":"2020-10-19T03:50:36","guid":{"rendered":"https:\/\/www.gaveanews.com\/?p=49378"},"modified":"2020-10-19T00:50:40","modified_gmt":"2020-10-19T03:50:40","slug":"justica-declara-nula-cobranca-milionaria-da-uniao-contra-o-flamengo","status":"publish","type":"post","link":"https:\/\/www.gaveanews.com\/index.php\/2020\/10\/19\/justica-declara-nula-cobranca-milionaria-da-uniao-contra-o-flamengo\/","title":{"rendered":"Justi\u00e7a declara nula cobran\u00e7a milion\u00e1ria da Uni\u00e3o contra o Flamengo"},"content":{"rendered":"\n<p>Na noite deste domingo, a ju\u00edza Mirna Rosana Ray Macedo Corr\u00eaa, da 52\u00aa Vara do Trabalho do Rio de Janeiro do Tribunal Regional do Trabalho da Primeira Regi\u00e3o (TRT-1), declarou nula uma cobran\u00e7a milion\u00e1ria da Uni\u00e3o contra o Flamengo. O portal\u00a0&#8216;Esporte News Mundo&#8217;\u00a0teve acesso a detalhes do caso. A Uni\u00e3o queria que o Rubro-Negro pagasse uma d\u00edvida de R$\u00a05.652.505,40. Cabe recurso para a Uni\u00e3o.<\/p>\n\n\n\n<p>O Flamengo entrou com este processo no fim de 2019 requerendo a suspens\u00e3o da exigibilidade do d\u00e9bito e anula\u00e7\u00e3o da Notifica\u00e7\u00e3o NDFC 200.230.361, que a intimava a efetuar, em dez dias, o recolhimento dos valores devidos ao FGTS, e relativos \u00e0s Contribui\u00e7\u00f5es Sociais, em raz\u00e3o de d\u00e9bito apurado em 19\/01\/2014. No m\u00e9rito, a controversa restringe-se \u201c\u00e0 natureza indenizat\u00f3ria do direito de imagem dos jogadores de futebol e a incid\u00eancia, ou n\u00e3o, do FGTS e contribui\u00e7\u00e3o social sobre esta parcela\u201d.<\/p>\n\n\n\n<h3 class=\"wp-block-heading\"><strong>Confira a seguir o dispositivo da decis\u00e3o<\/strong>:<\/h3>\n\n\n\n<p>\u201cAnte o exposto, julgam-se PROCEDENTES EM PARTE os pedidos, DECLARANDO-SE a nulidade do auto de infra\u00e7\u00e3o imposto pela Superintend\u00eancia Regional doTrabalho e Emprego no Rio de Janeiro \u2013 Minist\u00e9rio do Trabalho e Emprego, assim como a NDFC 200.230.361, declarando-se inexig\u00edvel o valor cobrado atrav\u00e9s dela; CONDENANDO-SE a UNI\u00c3O a se abster de autuar o autor, sobre esta mat\u00e9ria, at\u00e9 o tr\u00e2nsito em julgado desta decis\u00e3o, tudo nos termos da fundamenta\u00e7\u00e3o supra e que integra este decisum.<\/p>\n\n\n\n<p>Ante a concess\u00e3o da antecipa\u00e7\u00e3o da tutela de urg\u00eancia, SUSPENDE-SE aexigibilidade do d\u00e9bito contido na NDFC 200.230.361, at\u00e9 o tr\u00e2nsito em julgado desta decis\u00e3o.<\/p>\n\n\n\n<p>Custas de R$ 113.050,11 calculadas sobre R$ 5.652.505,40, valor atribu\u00eddo \u00e0causa, isenta a Uni\u00e3o, na forma do art. 790-A, I da CLT.&#8221;<\/p>\n\n\n\n<p>Retirado de: Esporte News Mundo<\/p>\n","protected":false},"excerpt":{"rendered":"<p>Na noite deste domingo, a ju\u00edza Mirna Rosana Ray Macedo Corr\u00eaa, da 52\u00aa Vara do Trabalho do Rio de Janeiro do Tribunal Regional do Trabalho da Primeira Regi\u00e3o (TRT-1), declarou nula uma cobran\u00e7a milion\u00e1ria da Uni\u00e3o contra o Flamengo. O portal\u00a0&#8216;Esporte News Mundo&#8217;\u00a0teve acesso a detalhes do caso. A Uni\u00e3o queria que o Rubro-Negro pagasse [&hellip;]<\/p>\n","protected":false},"author":1,"featured_media":15077,"comment_status":"open","ping_status":"closed","sticky":false,"template":"","format":"standard","meta":{"footnotes":""},"categories":[1],"tags":[],"class_list":["post-49378","post","type-post","status-publish","format-standard","has-post-thumbnail","hentry","category-flamengo"],"yoast_head":"<!-- This site is optimized with the Yoast SEO Premium plugin v24.2 (Yoast SEO v26.9) - https:\/\/yoast.com\/product\/yoast-seo-premium-wordpress\/ -->\n<title>Justi\u00e7a declara nula cobran\u00e7a milion\u00e1ria da Uni\u00e3o contra o Flamengo<\/title>\n<meta name=\"robots\" content=\"index, follow, max-snippet:-1, max-image-preview:large, max-video-preview:-1\" \/>\n<link rel=\"canonical\" href=\"https:\/\/www.gaveanews.com\/index.php\/2020\/10\/19\/justica-declara-nula-cobranca-milionaria-da-uniao-contra-o-flamengo\/\" \/>\n<meta property=\"og:locale\" content=\"pt_BR\" \/>\n<meta property=\"og:type\" content=\"article\" \/>\n<meta property=\"og:title\" content=\"Justi\u00e7a declara nula cobran\u00e7a milion\u00e1ria da Uni\u00e3o contra o Flamengo\" \/>\n<meta property=\"og:description\" content=\"Na noite deste domingo, a ju\u00edza Mirna Rosana Ray Macedo Corr\u00eaa, da 52\u00aa Vara do Trabalho do Rio de Janeiro do Tribunal Regional do Trabalho da Primeira Regi\u00e3o (TRT-1), declarou nula uma cobran\u00e7a milion\u00e1ria da Uni\u00e3o contra o Flamengo. O portal\u00a0&#8216;Esporte News Mundo&#8217;\u00a0teve acesso a detalhes do caso. A Uni\u00e3o queria que o Rubro-Negro pagasse [&hellip;]\" \/>\n<meta property=\"og:url\" content=\"https:\/\/www.gaveanews.com\/index.php\/2020\/10\/19\/justica-declara-nula-cobranca-milionaria-da-uniao-contra-o-flamengo\/\" \/>\n<meta property=\"og:site_name\" content=\"G\u00e1vea News\" \/>\n<meta property=\"article:publisher\" content=\"https:\/\/facebook.com\/gaveaNews\/\" \/>\n<meta property=\"article:published_time\" content=\"2020-10-19T03:50:36+00:00\" \/>\n<meta property=\"article:modified_time\" content=\"2020-10-19T03:50:40+00:00\" \/>\n<meta property=\"og:image\" content=\"https:\/\/www.gaveanews.com\/wp-content\/uploads\/2019\/03\/Rodolfo-Landim-durante-entrevista-coletiva-na-Gavea.webp\" \/>\n\t<meta property=\"og:image:width\" content=\"1\" \/>\n\t<meta property=\"og:image:height\" content=\"1\" \/>\n\t<meta property=\"og:image:type\" content=\"image\/jpeg\" \/>\n<meta name=\"author\" content=\"Equipe G\u00e1vea News\" \/>\n<meta name=\"twitter:card\" content=\"summary_large_image\" \/>\n<meta name=\"twitter:label1\" content=\"Escrito por\" \/>\n\t<meta name=\"twitter:data1\" content=\"Equipe G\u00e1vea News\" \/>\n\t<meta name=\"twitter:label2\" content=\"Est. tempo de leitura\" \/>\n\t<meta name=\"twitter:data2\" content=\"2 minutos\" \/>\n<script type=\"application\/ld+json\" class=\"yoast-schema-graph\">{\"@context\":\"https:\/\/schema.org\",\"@graph\":[{\"@type\":\"NewsArticle\",\"@id\":\"https:\/\/www.gaveanews.com\/index.php\/2020\/10\/19\/justica-declara-nula-cobranca-milionaria-da-uniao-contra-o-flamengo\/#article\",\"isPartOf\":{\"@id\":\"https:\/\/www.gaveanews.com\/index.php\/2020\/10\/19\/justica-declara-nula-cobranca-milionaria-da-uniao-contra-o-flamengo\/\"},\"author\":{\"name\":\"Equipe G\u00e1vea News\",\"@id\":\"https:\/\/www.gaveanews.com\/#\/schema\/person\/2ec14f73fb96be2caf28f91afb14749d\"},\"headline\":\"Justi\u00e7a declara nula cobran\u00e7a milion\u00e1ria da Uni\u00e3o contra o Flamengo\",\"datePublished\":\"2020-10-19T03:50:36+00:00\",\"dateModified\":\"2020-10-19T03:50:40+00:00\",\"mainEntityOfPage\":{\"@id\":\"https:\/\/www.gaveanews.com\/index.php\/2020\/10\/19\/justica-declara-nula-cobranca-milionaria-da-uniao-contra-o-flamengo\/\"},\"wordCount\":323,\"commentCount\":1,\"image\":{\"@id\":\"https:\/\/www.gaveanews.com\/index.php\/2020\/10\/19\/justica-declara-nula-cobranca-milionaria-da-uniao-contra-o-flamengo\/#primaryimage\"},\"thumbnailUrl\":\"https:\/\/www.gaveanews.com\/wp-content\/uploads\/2019\/03\/Rodolfo-Landim-durante-entrevista-coletiva-na-Gavea.webp\",\"articleSection\":[\"Flamengo\"],\"inLanguage\":\"pt-BR\",\"potentialAction\":[{\"@type\":\"CommentAction\",\"name\":\"Comment\",\"target\":[\"https:\/\/www.gaveanews.com\/index.php\/2020\/10\/19\/justica-declara-nula-cobranca-milionaria-da-uniao-contra-o-flamengo\/#respond\"]}],\"copyrightYear\":\"2020\",\"copyrightHolder\":{\"@id\":\"https:\/\/www.gaveanews.com\/#organization\"}},{\"@type\":\"WebPage\",\"@id\":\"https:\/\/www.gaveanews.com\/index.php\/2020\/10\/19\/justica-declara-nula-cobranca-milionaria-da-uniao-contra-o-flamengo\/\",\"url\":\"https:\/\/www.gaveanews.com\/index.php\/2020\/10\/19\/justica-declara-nula-cobranca-milionaria-da-uniao-contra-o-flamengo\/\",\"name\":\"Justi\u00e7a declara nula cobran\u00e7a milion\u00e1ria da Uni\u00e3o contra o Flamengo\",\"isPartOf\":{\"@id\":\"https:\/\/www.gaveanews.com\/#website\"},\"primaryImageOfPage\":{\"@id\":\"https:\/\/www.gaveanews.com\/index.php\/2020\/10\/19\/justica-declara-nula-cobranca-milionaria-da-uniao-contra-o-flamengo\/#primaryimage\"},\"image\":{\"@id\":\"https:\/\/www.gaveanews.com\/index.php\/2020\/10\/19\/justica-declara-nula-cobranca-milionaria-da-uniao-contra-o-flamengo\/#primaryimage\"},\"thumbnailUrl\":\"https:\/\/www.gaveanews.com\/wp-content\/uploads\/2019\/03\/Rodolfo-Landim-durante-entrevista-coletiva-na-Gavea.webp\",\"datePublished\":\"2020-10-19T03:50:36+00:00\",\"dateModified\":\"2020-10-19T03:50:40+00:00\",\"author\":{\"@id\":\"https:\/\/www.gaveanews.com\/#\/schema\/person\/2ec14f73fb96be2caf28f91afb14749d\"},\"breadcrumb\":{\"@id\":\"https:\/\/www.gaveanews.com\/index.php\/2020\/10\/19\/justica-declara-nula-cobranca-milionaria-da-uniao-contra-o-flamengo\/#breadcrumb\"},\"inLanguage\":\"pt-BR\",\"potentialAction\":[{\"@type\":\"ReadAction\",\"target\":[\"https:\/\/www.gaveanews.com\/index.php\/2020\/10\/19\/justica-declara-nula-cobranca-milionaria-da-uniao-contra-o-flamengo\/\"]}]},{\"@type\":\"ImageObject\",\"inLanguage\":\"pt-BR\",\"@id\":\"https:\/\/www.gaveanews.com\/index.php\/2020\/10\/19\/justica-declara-nula-cobranca-milionaria-da-uniao-contra-o-flamengo\/#primaryimage\",\"url\":\"https:\/\/www.gaveanews.com\/wp-content\/uploads\/2019\/03\/Rodolfo-Landim-durante-entrevista-coletiva-na-Gavea.webp\",\"contentUrl\":\"https:\/\/www.gaveanews.com\/wp-content\/uploads\/2019\/03\/Rodolfo-Landim-durante-entrevista-coletiva-na-Gavea.webp\",\"width\":900,\"height\":599,\"caption\":\"Rodolfo Landim durante entrevista coletiva na G\u00e1vea (Foto: Ag\u00eancia Foto BR)\"},{\"@type\":\"BreadcrumbList\",\"@id\":\"https:\/\/www.gaveanews.com\/index.php\/2020\/10\/19\/justica-declara-nula-cobranca-milionaria-da-uniao-contra-o-flamengo\/#breadcrumb\",\"itemListElement\":[{\"@type\":\"ListItem\",\"position\":1,\"name\":\"Home\",\"item\":\"https:\/\/www.gaveanews.com\/\"},{\"@type\":\"ListItem\",\"position\":2,\"name\":\"Justi\u00e7a declara nula cobran\u00e7a milion\u00e1ria da Uni\u00e3o contra o Flamengo\"}]},{\"@type\":\"WebSite\",\"@id\":\"https:\/\/www.gaveanews.com\/#website\",\"url\":\"https:\/\/www.gaveanews.com\/\",\"name\":\"G\u00e1vea News\",\"description\":\"Veja todas as not\u00edcias sobre o Flamengo: Contrata\u00e7\u00f5es, categorias de base, resultados das partidas, tabela de classifica\u00e7\u00e3o, pr\u00f3ximos jogos!\",\"potentialAction\":[{\"@type\":\"SearchAction\",\"target\":{\"@type\":\"EntryPoint\",\"urlTemplate\":\"https:\/\/www.gaveanews.com\/?s={search_term_string}\"},\"query-input\":{\"@type\":\"PropertyValueSpecification\",\"valueRequired\":true,\"valueName\":\"search_term_string\"}}],\"inLanguage\":\"pt-BR\"},{\"@type\":\"Person\",\"@id\":\"https:\/\/www.gaveanews.com\/#\/schema\/person\/2ec14f73fb96be2caf28f91afb14749d\",\"name\":\"Equipe G\u00e1vea News\",\"image\":{\"@type\":\"ImageObject\",\"inLanguage\":\"pt-BR\",\"@id\":\"https:\/\/www.gaveanews.com\/#\/schema\/person\/image\/\",\"url\":\"https:\/\/secure.gravatar.com\/avatar\/1e1956f1facbffd3f8fa53a326721950116b3b9dc9bd44939c01180fd4a745a9?s=96&d=mm&r=g\",\"contentUrl\":\"https:\/\/secure.gravatar.com\/avatar\/1e1956f1facbffd3f8fa53a326721950116b3b9dc9bd44939c01180fd4a745a9?s=96&d=mm&r=g\",\"caption\":\"Equipe G\u00e1vea News\"}}]}<\/script>\n<!-- \/ Yoast SEO Premium plugin. -->","yoast_head_json":{"title":"Justi\u00e7a declara nula cobran\u00e7a milion\u00e1ria da Uni\u00e3o contra o Flamengo","robots":{"index":"index","follow":"follow","max-snippet":"max-snippet:-1","max-image-preview":"max-image-preview:large","max-video-preview":"max-video-preview:-1"},"canonical":"https:\/\/www.gaveanews.com\/index.php\/2020\/10\/19\/justica-declara-nula-cobranca-milionaria-da-uniao-contra-o-flamengo\/","og_locale":"pt_BR","og_type":"article","og_title":"Justi\u00e7a declara nula cobran\u00e7a milion\u00e1ria da Uni\u00e3o contra o Flamengo","og_description":"Na noite deste domingo, a ju\u00edza Mirna Rosana Ray Macedo Corr\u00eaa, da 52\u00aa Vara do Trabalho do Rio de Janeiro do Tribunal Regional do Trabalho da Primeira Regi\u00e3o (TRT-1), declarou nula uma cobran\u00e7a milion\u00e1ria da Uni\u00e3o contra o Flamengo. O portal\u00a0&#8216;Esporte News Mundo&#8217;\u00a0teve acesso a detalhes do caso. A Uni\u00e3o queria que o Rubro-Negro pagasse [&hellip;]","og_url":"https:\/\/www.gaveanews.com\/index.php\/2020\/10\/19\/justica-declara-nula-cobranca-milionaria-da-uniao-contra-o-flamengo\/","og_site_name":"G\u00e1vea News","article_publisher":"https:\/\/facebook.com\/gaveaNews\/","article_published_time":"2020-10-19T03:50:36+00:00","article_modified_time":"2020-10-19T03:50:40+00:00","og_image":[{"url":"https:\/\/www.gaveanews.com\/wp-content\/uploads\/2019\/03\/Rodolfo-Landim-durante-entrevista-coletiva-na-Gavea.webp","width":1,"height":1,"type":"image\/jpeg"}],"author":"Equipe G\u00e1vea News","twitter_card":"summary_large_image","twitter_misc":{"Escrito por":"Equipe G\u00e1vea News","Est. tempo de leitura":"2 minutos"},"schema":{"@context":"https:\/\/schema.org","@graph":[{"@type":"NewsArticle","@id":"https:\/\/www.gaveanews.com\/index.php\/2020\/10\/19\/justica-declara-nula-cobranca-milionaria-da-uniao-contra-o-flamengo\/#article","isPartOf":{"@id":"https:\/\/www.gaveanews.com\/index.php\/2020\/10\/19\/justica-declara-nula-cobranca-milionaria-da-uniao-contra-o-flamengo\/"},"author":{"name":"Equipe G\u00e1vea News","@id":"https:\/\/www.gaveanews.com\/#\/schema\/person\/2ec14f73fb96be2caf28f91afb14749d"},"headline":"Justi\u00e7a declara nula cobran\u00e7a milion\u00e1ria da Uni\u00e3o contra o Flamengo","datePublished":"2020-10-19T03:50:36+00:00","dateModified":"2020-10-19T03:50:40+00:00","mainEntityOfPage":{"@id":"https:\/\/www.gaveanews.com\/index.php\/2020\/10\/19\/justica-declara-nula-cobranca-milionaria-da-uniao-contra-o-flamengo\/"},"wordCount":323,"commentCount":1,"image":{"@id":"https:\/\/www.gaveanews.com\/index.php\/2020\/10\/19\/justica-declara-nula-cobranca-milionaria-da-uniao-contra-o-flamengo\/#primaryimage"},"thumbnailUrl":"https:\/\/www.gaveanews.com\/wp-content\/uploads\/2019\/03\/Rodolfo-Landim-durante-entrevista-coletiva-na-Gavea.webp","articleSection":["Flamengo"],"inLanguage":"pt-BR","potentialAction":[{"@type":"CommentAction","name":"Comment","target":["https:\/\/www.gaveanews.com\/index.php\/2020\/10\/19\/justica-declara-nula-cobranca-milionaria-da-uniao-contra-o-flamengo\/#respond"]}],"copyrightYear":"2020","copyrightHolder":{"@id":"https:\/\/www.gaveanews.com\/#organization"}},{"@type":"WebPage","@id":"https:\/\/www.gaveanews.com\/index.php\/2020\/10\/19\/justica-declara-nula-cobranca-milionaria-da-uniao-contra-o-flamengo\/","url":"https:\/\/www.gaveanews.com\/index.php\/2020\/10\/19\/justica-declara-nula-cobranca-milionaria-da-uniao-contra-o-flamengo\/","name":"Justi\u00e7a declara nula cobran\u00e7a milion\u00e1ria da Uni\u00e3o contra o Flamengo","isPartOf":{"@id":"https:\/\/www.gaveanews.com\/#website"},"primaryImageOfPage":{"@id":"https:\/\/www.gaveanews.com\/index.php\/2020\/10\/19\/justica-declara-nula-cobranca-milionaria-da-uniao-contra-o-flamengo\/#primaryimage"},"image":{"@id":"https:\/\/www.gaveanews.com\/index.php\/2020\/10\/19\/justica-declara-nula-cobranca-milionaria-da-uniao-contra-o-flamengo\/#primaryimage"},"thumbnailUrl":"https:\/\/www.gaveanews.com\/wp-content\/uploads\/2019\/03\/Rodolfo-Landim-durante-entrevista-coletiva-na-Gavea.webp","datePublished":"2020-10-19T03:50:36+00:00","dateModified":"2020-10-19T03:50:40+00:00","author":{"@id":"https:\/\/www.gaveanews.com\/#\/schema\/person\/2ec14f73fb96be2caf28f91afb14749d"},"breadcrumb":{"@id":"https:\/\/www.gaveanews.com\/index.php\/2020\/10\/19\/justica-declara-nula-cobranca-milionaria-da-uniao-contra-o-flamengo\/#breadcrumb"},"inLanguage":"pt-BR","potentialAction":[{"@type":"ReadAction","target":["https:\/\/www.gaveanews.com\/index.php\/2020\/10\/19\/justica-declara-nula-cobranca-milionaria-da-uniao-contra-o-flamengo\/"]}]},{"@type":"ImageObject","inLanguage":"pt-BR","@id":"https:\/\/www.gaveanews.com\/index.php\/2020\/10\/19\/justica-declara-nula-cobranca-milionaria-da-uniao-contra-o-flamengo\/#primaryimage","url":"https:\/\/www.gaveanews.com\/wp-content\/uploads\/2019\/03\/Rodolfo-Landim-durante-entrevista-coletiva-na-Gavea.webp","contentUrl":"https:\/\/www.gaveanews.com\/wp-content\/uploads\/2019\/03\/Rodolfo-Landim-durante-entrevista-coletiva-na-Gavea.webp","width":900,"height":599,"caption":"Rodolfo Landim durante entrevista coletiva na G\u00e1vea (Foto: Ag\u00eancia Foto BR)"},{"@type":"BreadcrumbList","@id":"https:\/\/www.gaveanews.com\/index.php\/2020\/10\/19\/justica-declara-nula-cobranca-milionaria-da-uniao-contra-o-flamengo\/#breadcrumb","itemListElement":[{"@type":"ListItem","position":1,"name":"Home","item":"https:\/\/www.gaveanews.com\/"},{"@type":"ListItem","position":2,"name":"Justi\u00e7a declara nula cobran\u00e7a milion\u00e1ria da Uni\u00e3o contra o Flamengo"}]},{"@type":"WebSite","@id":"https:\/\/www.gaveanews.com\/#website","url":"https:\/\/www.gaveanews.com\/","name":"G\u00e1vea News","description":"Veja todas as not\u00edcias sobre o Flamengo: Contrata\u00e7\u00f5es, categorias de base, resultados das partidas, tabela de classifica\u00e7\u00e3o, pr\u00f3ximos jogos!","potentialAction":[{"@type":"SearchAction","target":{"@type":"EntryPoint","urlTemplate":"https:\/\/www.gaveanews.com\/?s={search_term_string}"},"query-input":{"@type":"PropertyValueSpecification","valueRequired":true,"valueName":"search_term_string"}}],"inLanguage":"pt-BR"},{"@type":"Person","@id":"https:\/\/www.gaveanews.com\/#\/schema\/person\/2ec14f73fb96be2caf28f91afb14749d","name":"Equipe G\u00e1vea News","image":{"@type":"ImageObject","inLanguage":"pt-BR","@id":"https:\/\/www.gaveanews.com\/#\/schema\/person\/image\/","url":"https:\/\/secure.gravatar.com\/avatar\/1e1956f1facbffd3f8fa53a326721950116b3b9dc9bd44939c01180fd4a745a9?s=96&d=mm&r=g","contentUrl":"https:\/\/secure.gravatar.com\/avatar\/1e1956f1facbffd3f8fa53a326721950116b3b9dc9bd44939c01180fd4a745a9?s=96&d=mm&r=g","caption":"Equipe G\u00e1vea News"}}]}},"_links":{"self":[{"href":"https:\/\/www.gaveanews.com\/index.php\/wp-json\/wp\/v2\/posts\/49378","targetHints":{"allow":["GET"]}}],"collection":[{"href":"https:\/\/www.gaveanews.com\/index.php\/wp-json\/wp\/v2\/posts"}],"about":[{"href":"https:\/\/www.gaveanews.com\/index.php\/wp-json\/wp\/v2\/types\/post"}],"author":[{"embeddable":true,"href":"https:\/\/www.gaveanews.com\/index.php\/wp-json\/wp\/v2\/users\/1"}],"replies":[{"embeddable":true,"href":"https:\/\/www.gaveanews.com\/index.php\/wp-json\/wp\/v2\/comments?post=49378"}],"version-history":[{"count":0,"href":"https:\/\/www.gaveanews.com\/index.php\/wp-json\/wp\/v2\/posts\/49378\/revisions"}],"wp:featuredmedia":[{"embeddable":true,"href":"https:\/\/www.gaveanews.com\/index.php\/wp-json\/wp\/v2\/media\/15077"}],"wp:attachment":[{"href":"https:\/\/www.gaveanews.com\/index.php\/wp-json\/wp\/v2\/media?parent=49378"}],"wp:term":[{"taxonomy":"category","embeddable":true,"href":"https:\/\/www.gaveanews.com\/index.php\/wp-json\/wp\/v2\/categories?post=49378"},{"taxonomy":"post_tag","embeddable":true,"href":"https:\/\/www.gaveanews.com\/index.php\/wp-json\/wp\/v2\/tags?post=49378"}],"curies":[{"name":"wp","href":"https:\/\/api.w.org\/{rel}","templated":true}]}}