{"id":49380,"date":"2020-10-19T01:31:50","date_gmt":"2020-10-19T04:31:50","guid":{"rendered":"https:\/\/www.gaveanews.com\/?p=49380"},"modified":"2020-10-19T01:31:53","modified_gmt":"2020-10-19T04:31:53","slug":"insanidade-da-maratona-do-flamengo-distorce-avaliacao-sobre-domenec","status":"publish","type":"post","link":"https:\/\/www.gaveanews.com\/index.php\/2020\/10\/19\/insanidade-da-maratona-do-flamengo-distorce-avaliacao-sobre-domenec\/","title":{"rendered":"Insanidade da maratona do Flamengo distorce avalia\u00e7\u00e3o sobre Dom\u00e8nec"},"content":{"rendered":"\n<p>Era volta de intervalo do Flamengo e Red Bull Bragantino quando foi noticiado que o t\u00e9cnico Dom\u00e8nec havia tirado o atacante Pedro para entrada de Vitinho. O que se seguiu foi uma s\u00e9rie de protestos de torcedores e cr\u00edticas de jornalistas pela substitui\u00e7\u00e3o. O empate diante do time paulista ia para conta do treinador que &#8220;optou pela sa\u00edda do artilheiro&#8221;.<\/p>\n\n\n\n<p>Ignorava-se a realidade: Pedro jogara um jogo inteiro no s\u00e1bado, outro na ter\u00e7a (com acr\u00e9scimos at\u00e9 51min) e voltava a campo na quinta-feira. Os testes feitos pelo Flamengo (bioqu\u00edmicos e termogr\u00e1ficos) indicavam que corria s\u00e9rio risco de uma contus\u00e3o muscular. O mesmo valia para Gerson e Bruno Henrique que estavam desgastados e entraram no final.<\/p>\n\n\n\n<p>Ora, em condi\u00e7\u00f5es assim, n\u00e3o se pode julgar a decis\u00e3o de t\u00e9cnicos sem levar em conta as limita\u00e7\u00f5es f\u00edsicas atestadas pela ci\u00eancia. N\u00e3o estamos mais na era do futebol rom\u00e2ntico e sem m\u00e9todo em que se corria menos, se entendia menos sobre o f\u00edsico dos atleta. Era tudo feito na base da experimenta\u00e7\u00e3o e valiam m\u00e1ximas como &#8220;deixa ele l\u00e1 correndo pouco&#8221;.<\/p>\n\n\n\n<p>A atua\u00e7\u00e3o do Flamengo diante do Red Bull foi fraca, diga-se. Mas como cobrar um desempenho intenso, como pede o futebol moderno, de um time que ia para seu quarto jogo em oito dias? Nestas quatro partidas, o time teve tr\u00eas vit\u00f3rias e um empate.<\/p>\n\n\n\n<p>A maratona imposta pela CBF foi motivada pelo adiamento de um jogo por conta da Libertadores e pode se repetir com outros clubes. A pandemia piorou um cen\u00e1rio de calend\u00e1rio apertado. Pior, a Conmebol, CBF e a Fifa colocaram seus jogos de sele\u00e7\u00e3o no meio do Brasileiro desfalcando ainda mais os times.<\/p>\n\n\n\n<p>Al\u00e9m de Pedro, Everton e Isla jogaram na ter\u00e7a-feira pela sele\u00e7\u00e3o, e na quinta pelo Flamengo. Por conta da s\u00e9rie de jogos, o Flamengo j\u00e1 n\u00e3o tem tr\u00eas dos seus quatro principais jogadores de ataque, todos contundidos, com exce\u00e7\u00e3o de Bruno Henrique.<\/p>\n\n\n\n<p>No Palmeiras, Weverton apareceu no gol do time brasileiro em um dia no Lima, e no dia seguinte pelo Palmeiras, em S\u00e3o Paulo. Fora isso, o Atl\u00e9tico-MG n\u00e3o sentiu o desgaste, mas sofreu com desfalques como Allan Franco e Junior Alonso que serviram sele\u00e7\u00f5es. \u00d3bvio que a qualidade do Brasileiro foi afetada por essas aus\u00eancias, o Galo perdeu cinco em nove pontos no per\u00edodo das datas-Fifa.<\/p>\n\n\n\n<p>Em um cen\u00e1rio assim, fica meio complicado a an\u00e1lise fria do trabalho t\u00e1tico de Dom\u00e8nec ou de suas escolhas estrat\u00e9gicas. O Flamengo, na m\u00e9dia, tem evolu\u00eddo em seu jogo coletivo dentro da ideia que o treinador pretende. Mesmo com essa maratona, reduziu a diferen\u00e7a para a lideran\u00e7a e fez 10 pontos em quatro jogos. Mas cobrar futebol brilhante como o de 2019, em meio a circunst\u00e2ncias at\u00edpicas, n\u00e3o faz o m\u00ednimo sentido l\u00f3gico.<\/p>\n\n\n\n<p>Retirado de: Rodrigo Mattos\/UOL<\/p>\n","protected":false},"excerpt":{"rendered":"<p>Era volta de intervalo do Flamengo e Red Bull Bragantino quando foi noticiado que o t\u00e9cnico Dom\u00e8nec havia tirado o atacante Pedro para entrada de Vitinho. O que se seguiu foi uma s\u00e9rie de protestos de torcedores e cr\u00edticas de jornalistas pela substitui\u00e7\u00e3o. O empate diante do time paulista ia para conta do treinador que [&hellip;]<\/p>\n","protected":false},"author":1,"featured_media":48071,"comment_status":"open","ping_status":"closed","sticky":false,"template":"","format":"standard","meta":{"footnotes":""},"categories":[47],"tags":[],"class_list":["post-49380","post","type-post","status-publish","format-standard","has-post-thumbnail","hentry","category-destaques"],"yoast_head":"<!-- This site is optimized with the Yoast SEO Premium plugin v24.2 (Yoast SEO v26.9) - https:\/\/yoast.com\/product\/yoast-seo-premium-wordpress\/ -->\n<title>Insanidade da maratona do Flamengo distorce avalia\u00e7\u00e3o sobre Dom\u00e8nec<\/title>\n<meta name=\"robots\" content=\"index, follow, max-snippet:-1, max-image-preview:large, max-video-preview:-1\" \/>\n<link rel=\"canonical\" href=\"https:\/\/www.gaveanews.com\/index.php\/2020\/10\/19\/insanidade-da-maratona-do-flamengo-distorce-avaliacao-sobre-domenec\/\" \/>\n<meta property=\"og:locale\" content=\"pt_BR\" \/>\n<meta property=\"og:type\" content=\"article\" \/>\n<meta property=\"og:title\" content=\"Insanidade da maratona do Flamengo distorce avalia\u00e7\u00e3o sobre Dom\u00e8nec\" \/>\n<meta property=\"og:description\" content=\"Era volta de intervalo do Flamengo e Red Bull Bragantino quando foi noticiado que o t\u00e9cnico Dom\u00e8nec havia tirado o atacante Pedro para entrada de Vitinho. O que se seguiu foi uma s\u00e9rie de protestos de torcedores e cr\u00edticas de jornalistas pela substitui\u00e7\u00e3o. O empate diante do time paulista ia para conta do treinador que [&hellip;]\" \/>\n<meta property=\"og:url\" content=\"https:\/\/www.gaveanews.com\/index.php\/2020\/10\/19\/insanidade-da-maratona-do-flamengo-distorce-avaliacao-sobre-domenec\/\" \/>\n<meta property=\"og:site_name\" content=\"G\u00e1vea News\" \/>\n<meta property=\"article:publisher\" content=\"https:\/\/facebook.com\/gaveaNews\/\" \/>\n<meta property=\"article:published_time\" content=\"2020-10-19T04:31:50+00:00\" \/>\n<meta property=\"article:modified_time\" content=\"2020-10-19T04:31:53+00:00\" \/>\n<meta property=\"og:image\" content=\"https:\/\/www.gaveanews.com\/wp-content\/uploads\/Jordi-Guerrero-e-Domenec-durante-treinamento-do-Flamengo.webp\" \/>\n\t<meta property=\"og:image:width\" content=\"984\" \/>\n\t<meta property=\"og:image:height\" content=\"655\" \/>\n\t<meta property=\"og:image:type\" content=\"image\/jpeg\" \/>\n<meta name=\"author\" content=\"Equipe G\u00e1vea News\" \/>\n<meta name=\"twitter:card\" content=\"summary_large_image\" \/>\n<meta name=\"twitter:label1\" content=\"Escrito por\" \/>\n\t<meta name=\"twitter:data1\" content=\"Equipe G\u00e1vea News\" \/>\n\t<meta name=\"twitter:label2\" content=\"Est. tempo de leitura\" \/>\n\t<meta name=\"twitter:data2\" content=\"3 minutos\" \/>\n<script type=\"application\/ld+json\" class=\"yoast-schema-graph\">{\"@context\":\"https:\/\/schema.org\",\"@graph\":[{\"@type\":\"NewsArticle\",\"@id\":\"https:\/\/www.gaveanews.com\/index.php\/2020\/10\/19\/insanidade-da-maratona-do-flamengo-distorce-avaliacao-sobre-domenec\/#article\",\"isPartOf\":{\"@id\":\"https:\/\/www.gaveanews.com\/index.php\/2020\/10\/19\/insanidade-da-maratona-do-flamengo-distorce-avaliacao-sobre-domenec\/\"},\"author\":{\"name\":\"Equipe G\u00e1vea News\",\"@id\":\"https:\/\/www.gaveanews.com\/#\/schema\/person\/2ec14f73fb96be2caf28f91afb14749d\"},\"headline\":\"Insanidade da maratona do Flamengo distorce avalia\u00e7\u00e3o sobre Dom\u00e8nec\",\"datePublished\":\"2020-10-19T04:31:50+00:00\",\"dateModified\":\"2020-10-19T04:31:53+00:00\",\"mainEntityOfPage\":{\"@id\":\"https:\/\/www.gaveanews.com\/index.php\/2020\/10\/19\/insanidade-da-maratona-do-flamengo-distorce-avaliacao-sobre-domenec\/\"},\"wordCount\":528,\"commentCount\":9,\"image\":{\"@id\":\"https:\/\/www.gaveanews.com\/index.php\/2020\/10\/19\/insanidade-da-maratona-do-flamengo-distorce-avaliacao-sobre-domenec\/#primaryimage\"},\"thumbnailUrl\":\"https:\/\/www.gaveanews.com\/wp-content\/uploads\/Jordi-Guerrero-e-Domenec-durante-treinamento-do-Flamengo.webp\",\"articleSection\":[\"Destaques\"],\"inLanguage\":\"pt-BR\",\"potentialAction\":[{\"@type\":\"CommentAction\",\"name\":\"Comment\",\"target\":[\"https:\/\/www.gaveanews.com\/index.php\/2020\/10\/19\/insanidade-da-maratona-do-flamengo-distorce-avaliacao-sobre-domenec\/#respond\"]}],\"copyrightYear\":\"2020\",\"copyrightHolder\":{\"@id\":\"https:\/\/www.gaveanews.com\/#organization\"}},{\"@type\":\"WebPage\",\"@id\":\"https:\/\/www.gaveanews.com\/index.php\/2020\/10\/19\/insanidade-da-maratona-do-flamengo-distorce-avaliacao-sobre-domenec\/\",\"url\":\"https:\/\/www.gaveanews.com\/index.php\/2020\/10\/19\/insanidade-da-maratona-do-flamengo-distorce-avaliacao-sobre-domenec\/\",\"name\":\"Insanidade da maratona do Flamengo distorce avalia\u00e7\u00e3o sobre Dom\u00e8nec\",\"isPartOf\":{\"@id\":\"https:\/\/www.gaveanews.com\/#website\"},\"primaryImageOfPage\":{\"@id\":\"https:\/\/www.gaveanews.com\/index.php\/2020\/10\/19\/insanidade-da-maratona-do-flamengo-distorce-avaliacao-sobre-domenec\/#primaryimage\"},\"image\":{\"@id\":\"https:\/\/www.gaveanews.com\/index.php\/2020\/10\/19\/insanidade-da-maratona-do-flamengo-distorce-avaliacao-sobre-domenec\/#primaryimage\"},\"thumbnailUrl\":\"https:\/\/www.gaveanews.com\/wp-content\/uploads\/Jordi-Guerrero-e-Domenec-durante-treinamento-do-Flamengo.webp\",\"datePublished\":\"2020-10-19T04:31:50+00:00\",\"dateModified\":\"2020-10-19T04:31:53+00:00\",\"author\":{\"@id\":\"https:\/\/www.gaveanews.com\/#\/schema\/person\/2ec14f73fb96be2caf28f91afb14749d\"},\"breadcrumb\":{\"@id\":\"https:\/\/www.gaveanews.com\/index.php\/2020\/10\/19\/insanidade-da-maratona-do-flamengo-distorce-avaliacao-sobre-domenec\/#breadcrumb\"},\"inLanguage\":\"pt-BR\",\"potentialAction\":[{\"@type\":\"ReadAction\",\"target\":[\"https:\/\/www.gaveanews.com\/index.php\/2020\/10\/19\/insanidade-da-maratona-do-flamengo-distorce-avaliacao-sobre-domenec\/\"]}]},{\"@type\":\"ImageObject\",\"inLanguage\":\"pt-BR\",\"@id\":\"https:\/\/www.gaveanews.com\/index.php\/2020\/10\/19\/insanidade-da-maratona-do-flamengo-distorce-avaliacao-sobre-domenec\/#primaryimage\",\"url\":\"https:\/\/www.gaveanews.com\/wp-content\/uploads\/Jordi-Guerrero-e-Domenec-durante-treinamento-do-Flamengo.webp\",\"contentUrl\":\"https:\/\/www.gaveanews.com\/wp-content\/uploads\/Jordi-Guerrero-e-Domenec-durante-treinamento-do-Flamengo.webp\",\"width\":984,\"height\":655,\"caption\":\"Jordi Guerrero e Domenec durante treinamento do Flamengo (Foto: Alexandre Vidal\/Flamengo)\"},{\"@type\":\"BreadcrumbList\",\"@id\":\"https:\/\/www.gaveanews.com\/index.php\/2020\/10\/19\/insanidade-da-maratona-do-flamengo-distorce-avaliacao-sobre-domenec\/#breadcrumb\",\"itemListElement\":[{\"@type\":\"ListItem\",\"position\":1,\"name\":\"Home\",\"item\":\"https:\/\/www.gaveanews.com\/\"},{\"@type\":\"ListItem\",\"position\":2,\"name\":\"Insanidade da maratona do Flamengo distorce avalia\u00e7\u00e3o sobre Dom\u00e8nec\"}]},{\"@type\":\"WebSite\",\"@id\":\"https:\/\/www.gaveanews.com\/#website\",\"url\":\"https:\/\/www.gaveanews.com\/\",\"name\":\"G\u00e1vea News\",\"description\":\"Veja todas as not\u00edcias sobre o Flamengo: Contrata\u00e7\u00f5es, categorias de base, resultados das partidas, tabela de classifica\u00e7\u00e3o, pr\u00f3ximos jogos!\",\"potentialAction\":[{\"@type\":\"SearchAction\",\"target\":{\"@type\":\"EntryPoint\",\"urlTemplate\":\"https:\/\/www.gaveanews.com\/?s={search_term_string}\"},\"query-input\":{\"@type\":\"PropertyValueSpecification\",\"valueRequired\":true,\"valueName\":\"search_term_string\"}}],\"inLanguage\":\"pt-BR\"},{\"@type\":\"Person\",\"@id\":\"https:\/\/www.gaveanews.com\/#\/schema\/person\/2ec14f73fb96be2caf28f91afb14749d\",\"name\":\"Equipe G\u00e1vea News\",\"image\":{\"@type\":\"ImageObject\",\"inLanguage\":\"pt-BR\",\"@id\":\"https:\/\/www.gaveanews.com\/#\/schema\/person\/image\/\",\"url\":\"https:\/\/secure.gravatar.com\/avatar\/1e1956f1facbffd3f8fa53a326721950116b3b9dc9bd44939c01180fd4a745a9?s=96&d=mm&r=g\",\"contentUrl\":\"https:\/\/secure.gravatar.com\/avatar\/1e1956f1facbffd3f8fa53a326721950116b3b9dc9bd44939c01180fd4a745a9?s=96&d=mm&r=g\",\"caption\":\"Equipe G\u00e1vea News\"}}]}<\/script>\n<!-- \/ Yoast SEO Premium plugin. -->","yoast_head_json":{"title":"Insanidade da maratona do Flamengo distorce avalia\u00e7\u00e3o sobre Dom\u00e8nec","robots":{"index":"index","follow":"follow","max-snippet":"max-snippet:-1","max-image-preview":"max-image-preview:large","max-video-preview":"max-video-preview:-1"},"canonical":"https:\/\/www.gaveanews.com\/index.php\/2020\/10\/19\/insanidade-da-maratona-do-flamengo-distorce-avaliacao-sobre-domenec\/","og_locale":"pt_BR","og_type":"article","og_title":"Insanidade da maratona do Flamengo distorce avalia\u00e7\u00e3o sobre Dom\u00e8nec","og_description":"Era volta de intervalo do Flamengo e Red Bull Bragantino quando foi noticiado que o t\u00e9cnico Dom\u00e8nec havia tirado o atacante Pedro para entrada de Vitinho. O que se seguiu foi uma s\u00e9rie de protestos de torcedores e cr\u00edticas de jornalistas pela substitui\u00e7\u00e3o. O empate diante do time paulista ia para conta do treinador que [&hellip;]","og_url":"https:\/\/www.gaveanews.com\/index.php\/2020\/10\/19\/insanidade-da-maratona-do-flamengo-distorce-avaliacao-sobre-domenec\/","og_site_name":"G\u00e1vea News","article_publisher":"https:\/\/facebook.com\/gaveaNews\/","article_published_time":"2020-10-19T04:31:50+00:00","article_modified_time":"2020-10-19T04:31:53+00:00","og_image":[{"width":984,"height":655,"url":"https:\/\/www.gaveanews.com\/wp-content\/uploads\/Jordi-Guerrero-e-Domenec-durante-treinamento-do-Flamengo.webp","type":"image\/jpeg"}],"author":"Equipe G\u00e1vea News","twitter_card":"summary_large_image","twitter_misc":{"Escrito por":"Equipe G\u00e1vea News","Est. tempo de leitura":"3 minutos"},"schema":{"@context":"https:\/\/schema.org","@graph":[{"@type":"NewsArticle","@id":"https:\/\/www.gaveanews.com\/index.php\/2020\/10\/19\/insanidade-da-maratona-do-flamengo-distorce-avaliacao-sobre-domenec\/#article","isPartOf":{"@id":"https:\/\/www.gaveanews.com\/index.php\/2020\/10\/19\/insanidade-da-maratona-do-flamengo-distorce-avaliacao-sobre-domenec\/"},"author":{"name":"Equipe G\u00e1vea News","@id":"https:\/\/www.gaveanews.com\/#\/schema\/person\/2ec14f73fb96be2caf28f91afb14749d"},"headline":"Insanidade da maratona do Flamengo distorce avalia\u00e7\u00e3o sobre Dom\u00e8nec","datePublished":"2020-10-19T04:31:50+00:00","dateModified":"2020-10-19T04:31:53+00:00","mainEntityOfPage":{"@id":"https:\/\/www.gaveanews.com\/index.php\/2020\/10\/19\/insanidade-da-maratona-do-flamengo-distorce-avaliacao-sobre-domenec\/"},"wordCount":528,"commentCount":9,"image":{"@id":"https:\/\/www.gaveanews.com\/index.php\/2020\/10\/19\/insanidade-da-maratona-do-flamengo-distorce-avaliacao-sobre-domenec\/#primaryimage"},"thumbnailUrl":"https:\/\/www.gaveanews.com\/wp-content\/uploads\/Jordi-Guerrero-e-Domenec-durante-treinamento-do-Flamengo.webp","articleSection":["Destaques"],"inLanguage":"pt-BR","potentialAction":[{"@type":"CommentAction","name":"Comment","target":["https:\/\/www.gaveanews.com\/index.php\/2020\/10\/19\/insanidade-da-maratona-do-flamengo-distorce-avaliacao-sobre-domenec\/#respond"]}],"copyrightYear":"2020","copyrightHolder":{"@id":"https:\/\/www.gaveanews.com\/#organization"}},{"@type":"WebPage","@id":"https:\/\/www.gaveanews.com\/index.php\/2020\/10\/19\/insanidade-da-maratona-do-flamengo-distorce-avaliacao-sobre-domenec\/","url":"https:\/\/www.gaveanews.com\/index.php\/2020\/10\/19\/insanidade-da-maratona-do-flamengo-distorce-avaliacao-sobre-domenec\/","name":"Insanidade da maratona do Flamengo distorce avalia\u00e7\u00e3o sobre Dom\u00e8nec","isPartOf":{"@id":"https:\/\/www.gaveanews.com\/#website"},"primaryImageOfPage":{"@id":"https:\/\/www.gaveanews.com\/index.php\/2020\/10\/19\/insanidade-da-maratona-do-flamengo-distorce-avaliacao-sobre-domenec\/#primaryimage"},"image":{"@id":"https:\/\/www.gaveanews.com\/index.php\/2020\/10\/19\/insanidade-da-maratona-do-flamengo-distorce-avaliacao-sobre-domenec\/#primaryimage"},"thumbnailUrl":"https:\/\/www.gaveanews.com\/wp-content\/uploads\/Jordi-Guerrero-e-Domenec-durante-treinamento-do-Flamengo.webp","datePublished":"2020-10-19T04:31:50+00:00","dateModified":"2020-10-19T04:31:53+00:00","author":{"@id":"https:\/\/www.gaveanews.com\/#\/schema\/person\/2ec14f73fb96be2caf28f91afb14749d"},"breadcrumb":{"@id":"https:\/\/www.gaveanews.com\/index.php\/2020\/10\/19\/insanidade-da-maratona-do-flamengo-distorce-avaliacao-sobre-domenec\/#breadcrumb"},"inLanguage":"pt-BR","potentialAction":[{"@type":"ReadAction","target":["https:\/\/www.gaveanews.com\/index.php\/2020\/10\/19\/insanidade-da-maratona-do-flamengo-distorce-avaliacao-sobre-domenec\/"]}]},{"@type":"ImageObject","inLanguage":"pt-BR","@id":"https:\/\/www.gaveanews.com\/index.php\/2020\/10\/19\/insanidade-da-maratona-do-flamengo-distorce-avaliacao-sobre-domenec\/#primaryimage","url":"https:\/\/www.gaveanews.com\/wp-content\/uploads\/Jordi-Guerrero-e-Domenec-durante-treinamento-do-Flamengo.webp","contentUrl":"https:\/\/www.gaveanews.com\/wp-content\/uploads\/Jordi-Guerrero-e-Domenec-durante-treinamento-do-Flamengo.webp","width":984,"height":655,"caption":"Jordi Guerrero e Domenec durante treinamento do Flamengo (Foto: Alexandre Vidal\/Flamengo)"},{"@type":"BreadcrumbList","@id":"https:\/\/www.gaveanews.com\/index.php\/2020\/10\/19\/insanidade-da-maratona-do-flamengo-distorce-avaliacao-sobre-domenec\/#breadcrumb","itemListElement":[{"@type":"ListItem","position":1,"name":"Home","item":"https:\/\/www.gaveanews.com\/"},{"@type":"ListItem","position":2,"name":"Insanidade da maratona do Flamengo distorce avalia\u00e7\u00e3o sobre Dom\u00e8nec"}]},{"@type":"WebSite","@id":"https:\/\/www.gaveanews.com\/#website","url":"https:\/\/www.gaveanews.com\/","name":"G\u00e1vea News","description":"Veja todas as not\u00edcias sobre o Flamengo: Contrata\u00e7\u00f5es, categorias de base, resultados das partidas, tabela de classifica\u00e7\u00e3o, pr\u00f3ximos jogos!","potentialAction":[{"@type":"SearchAction","target":{"@type":"EntryPoint","urlTemplate":"https:\/\/www.gaveanews.com\/?s={search_term_string}"},"query-input":{"@type":"PropertyValueSpecification","valueRequired":true,"valueName":"search_term_string"}}],"inLanguage":"pt-BR"},{"@type":"Person","@id":"https:\/\/www.gaveanews.com\/#\/schema\/person\/2ec14f73fb96be2caf28f91afb14749d","name":"Equipe G\u00e1vea News","image":{"@type":"ImageObject","inLanguage":"pt-BR","@id":"https:\/\/www.gaveanews.com\/#\/schema\/person\/image\/","url":"https:\/\/secure.gravatar.com\/avatar\/1e1956f1facbffd3f8fa53a326721950116b3b9dc9bd44939c01180fd4a745a9?s=96&d=mm&r=g","contentUrl":"https:\/\/secure.gravatar.com\/avatar\/1e1956f1facbffd3f8fa53a326721950116b3b9dc9bd44939c01180fd4a745a9?s=96&d=mm&r=g","caption":"Equipe G\u00e1vea News"}}]}},"_links":{"self":[{"href":"https:\/\/www.gaveanews.com\/index.php\/wp-json\/wp\/v2\/posts\/49380","targetHints":{"allow":["GET"]}}],"collection":[{"href":"https:\/\/www.gaveanews.com\/index.php\/wp-json\/wp\/v2\/posts"}],"about":[{"href":"https:\/\/www.gaveanews.com\/index.php\/wp-json\/wp\/v2\/types\/post"}],"author":[{"embeddable":true,"href":"https:\/\/www.gaveanews.com\/index.php\/wp-json\/wp\/v2\/users\/1"}],"replies":[{"embeddable":true,"href":"https:\/\/www.gaveanews.com\/index.php\/wp-json\/wp\/v2\/comments?post=49380"}],"version-history":[{"count":0,"href":"https:\/\/www.gaveanews.com\/index.php\/wp-json\/wp\/v2\/posts\/49380\/revisions"}],"wp:featuredmedia":[{"embeddable":true,"href":"https:\/\/www.gaveanews.com\/index.php\/wp-json\/wp\/v2\/media\/48071"}],"wp:attachment":[{"href":"https:\/\/www.gaveanews.com\/index.php\/wp-json\/wp\/v2\/media?parent=49380"}],"wp:term":[{"taxonomy":"category","embeddable":true,"href":"https:\/\/www.gaveanews.com\/index.php\/wp-json\/wp\/v2\/categories?post=49380"},{"taxonomy":"post_tag","embeddable":true,"href":"https:\/\/www.gaveanews.com\/index.php\/wp-json\/wp\/v2\/tags?post=49380"}],"curies":[{"name":"wp","href":"https:\/\/api.w.org\/{rel}","templated":true}]}}