{"id":49502,"date":"2020-10-20T08:45:36","date_gmt":"2020-10-20T11:45:36","guid":{"rendered":"https:\/\/www.gaveanews.com\/?p=49502"},"modified":"2020-10-20T01:32:40","modified_gmt":"2020-10-20T04:32:40","slug":"everton-ribeiro-comemora-fase-do-flamengo-no-brasileirao-mas-alerta-vai-ser-brigado-ate-o-final","status":"publish","type":"post","link":"https:\/\/www.gaveanews.com\/index.php\/2020\/10\/20\/everton-ribeiro-comemora-fase-do-flamengo-no-brasileirao-mas-alerta-vai-ser-brigado-ate-o-final\/","title":{"rendered":"Everton Ribeiro comemora fase do Flamengo no Brasileir\u00e3o, mas alerta: &#8220;Vai ser brigado at\u00e9 o final&#8221;"},"content":{"rendered":"\n<p>Depois de \u00f3tima atua\u00e7\u00e3o na goleada do Flamengo por 5 a 1 sobre o Corinthians no \u00faltimo domingo, Everton Ribeiro foi o convidado do Sele\u00e7\u00e3o SporTV desta segunda-feira. Durante o programa, o meia fez quest\u00e3o de alertar sobre as dificuldades at\u00edpicas do Brasileir\u00e3o deste ano e assegurou que a briga pela ponta da tabela ser\u00e1 acirrada at\u00e9 a \u00faltima rodada.<\/p>\n\n\n\n<p>\u2014 Esse ano por conta da pandemia, o calend\u00e1rio ficou um pouco apertado. Jogamos quatro jogos em uma semana, isso dificulta qualquer time que quer ser campe\u00e3o. As equipes advers\u00e1rias se refor\u00e7aram, est\u00e3o com grandes jogadores, grandes trabalhos sendo feitos. Acredito que esse ano vai ser brigado at\u00e9 o final e espero que d\u00ea Flamengo novamente &#8211; disse Everton Ribeiro.<\/p>\n\n\n\n<p>O camisa 7 anotou um gol e deu duas assist\u00eancias na Neo Qu\u00edmica Arena, em S\u00e3o Paulo. A equipe comandada por Dom\u00e8nec Torrent entrou em campo seis vezes nos \u00faltimos 14 dias, mas teve excelente aproveitamento: 16 pontos em 18 poss\u00edveis. Durante a entrevista, Everton Ribeiro reconheceu a dificuldade da maratona de jogos e afirmou que a equipe est\u00e1 cada vez mais adaptada ao estilo do treinador.<\/p>\n\n\n\n<p>\u2014 O trabalho do Dome \u00e9 muito dif\u00edcil. Na \u00faltima semana, a gente praticamente n\u00e3o treinou. S\u00f3 jogou e descansou para poder estar recuperando o mais r\u00e1pido poss\u00edvel. Ent\u00e3o, ele vai mais na conversa, vai mostrando v\u00eddeos no quadro. Ele est\u00e1 conhecendo mais o elenco, o potencial de cada um. Ele sabe mudar uma pe\u00e7a pra alterar ali dentro do jogo o que ele quer. Isso facilita para ele e para a gente tamb\u00e9m. Acredito que a gente tem muito a evoluir com ele e dar um passo a frente em busca do t\u00edtulo.<\/p>\n\n\n\n<p>Com o resultado, o Flamengo chegou a 34 pontos e se mant\u00e9m na briga pela lideran\u00e7a do Brasileiro. O pr\u00f3ximo jogo pela competi\u00e7\u00e3o ser\u00e1 no domingo, contra o Internacional, em Porto Alegre. Antes, na quarta, o time encara o Junior Barranquilla pela fase de grupos da Libertadores.<\/p>\n\n\n\n<p>Retirado de: Globo Esporte<\/p>\n","protected":false},"excerpt":{"rendered":"<p>Depois de \u00f3tima atua\u00e7\u00e3o na goleada do Flamengo por 5 a 1 sobre o Corinthians no \u00faltimo domingo, Everton Ribeiro foi o convidado do Sele\u00e7\u00e3o SporTV desta segunda-feira. Durante o programa, o meia fez quest\u00e3o de alertar sobre as dificuldades at\u00edpicas do Brasileir\u00e3o deste ano e assegurou que a briga pela ponta da tabela ser\u00e1 [&hellip;]<\/p>\n","protected":false},"author":1,"featured_media":47004,"comment_status":"open","ping_status":"closed","sticky":false,"template":"","format":"standard","meta":{"footnotes":""},"categories":[47],"tags":[],"class_list":["post-49502","post","type-post","status-publish","format-standard","has-post-thumbnail","hentry","category-destaques"],"yoast_head":"<!-- This site is optimized with the Yoast SEO Premium plugin v24.2 (Yoast SEO v26.9) - https:\/\/yoast.com\/product\/yoast-seo-premium-wordpress\/ -->\n<title>Everton Ribeiro comemora fase do Flamengo no Brasileir\u00e3o, mas alerta: &quot;Vai ser brigado at\u00e9 o final&quot;<\/title>\n<meta name=\"robots\" content=\"index, follow, max-snippet:-1, max-image-preview:large, max-video-preview:-1\" \/>\n<link rel=\"canonical\" href=\"https:\/\/www.gaveanews.com\/index.php\/2020\/10\/20\/everton-ribeiro-comemora-fase-do-flamengo-no-brasileirao-mas-alerta-vai-ser-brigado-ate-o-final\/\" \/>\n<meta property=\"og:locale\" content=\"pt_BR\" \/>\n<meta property=\"og:type\" content=\"article\" \/>\n<meta property=\"og:title\" content=\"Everton Ribeiro comemora fase do Flamengo no Brasileir\u00e3o, mas alerta: &quot;Vai ser brigado at\u00e9 o final&quot;\" \/>\n<meta property=\"og:description\" content=\"Depois de \u00f3tima atua\u00e7\u00e3o na goleada do Flamengo por 5 a 1 sobre o Corinthians no \u00faltimo domingo, Everton Ribeiro foi o convidado do Sele\u00e7\u00e3o SporTV desta segunda-feira. Durante o programa, o meia fez quest\u00e3o de alertar sobre as dificuldades at\u00edpicas do Brasileir\u00e3o deste ano e assegurou que a briga pela ponta da tabela ser\u00e1 [&hellip;]\" \/>\n<meta property=\"og:url\" content=\"https:\/\/www.gaveanews.com\/index.php\/2020\/10\/20\/everton-ribeiro-comemora-fase-do-flamengo-no-brasileirao-mas-alerta-vai-ser-brigado-ate-o-final\/\" \/>\n<meta property=\"og:site_name\" content=\"G\u00e1vea News\" \/>\n<meta property=\"article:publisher\" content=\"https:\/\/facebook.com\/gaveaNews\/\" \/>\n<meta property=\"article:published_time\" content=\"2020-10-20T11:45:36+00:00\" \/>\n<meta property=\"og:image\" content=\"https:\/\/www.gaveanews.com\/wp-content\/uploads\/Everton-Ribeiro-em-acao-pelo-Flamengo-na-partida-contra-o-Fortaleza.webp\" \/>\n\t<meta property=\"og:image:width\" content=\"800\" \/>\n\t<meta property=\"og:image:height\" content=\"533\" \/>\n\t<meta property=\"og:image:type\" content=\"image\/jpeg\" \/>\n<meta name=\"author\" content=\"Equipe G\u00e1vea News\" \/>\n<meta name=\"twitter:card\" content=\"summary_large_image\" \/>\n<meta name=\"twitter:label1\" content=\"Escrito por\" \/>\n\t<meta name=\"twitter:data1\" content=\"Equipe G\u00e1vea News\" \/>\n\t<meta name=\"twitter:label2\" content=\"Est. tempo de leitura\" \/>\n\t<meta name=\"twitter:data2\" content=\"2 minutos\" \/>\n<script type=\"application\/ld+json\" class=\"yoast-schema-graph\">{\"@context\":\"https:\/\/schema.org\",\"@graph\":[{\"@type\":\"NewsArticle\",\"@id\":\"https:\/\/www.gaveanews.com\/index.php\/2020\/10\/20\/everton-ribeiro-comemora-fase-do-flamengo-no-brasileirao-mas-alerta-vai-ser-brigado-ate-o-final\/#article\",\"isPartOf\":{\"@id\":\"https:\/\/www.gaveanews.com\/index.php\/2020\/10\/20\/everton-ribeiro-comemora-fase-do-flamengo-no-brasileirao-mas-alerta-vai-ser-brigado-ate-o-final\/\"},\"author\":{\"name\":\"Equipe G\u00e1vea News\",\"@id\":\"https:\/\/www.gaveanews.com\/#\/schema\/person\/2ec14f73fb96be2caf28f91afb14749d\"},\"headline\":\"Everton Ribeiro comemora fase do Flamengo no Brasileir\u00e3o, mas alerta: &#8220;Vai ser brigado at\u00e9 o final&#8221;\",\"datePublished\":\"2020-10-20T11:45:36+00:00\",\"mainEntityOfPage\":{\"@id\":\"https:\/\/www.gaveanews.com\/index.php\/2020\/10\/20\/everton-ribeiro-comemora-fase-do-flamengo-no-brasileirao-mas-alerta-vai-ser-brigado-ate-o-final\/\"},\"wordCount\":367,\"commentCount\":3,\"image\":{\"@id\":\"https:\/\/www.gaveanews.com\/index.php\/2020\/10\/20\/everton-ribeiro-comemora-fase-do-flamengo-no-brasileirao-mas-alerta-vai-ser-brigado-ate-o-final\/#primaryimage\"},\"thumbnailUrl\":\"https:\/\/www.gaveanews.com\/wp-content\/uploads\/Everton-Ribeiro-em-acao-pelo-Flamengo-na-partida-contra-o-Fortaleza.webp\",\"articleSection\":[\"Destaques\"],\"inLanguage\":\"pt-BR\",\"potentialAction\":[{\"@type\":\"CommentAction\",\"name\":\"Comment\",\"target\":[\"https:\/\/www.gaveanews.com\/index.php\/2020\/10\/20\/everton-ribeiro-comemora-fase-do-flamengo-no-brasileirao-mas-alerta-vai-ser-brigado-ate-o-final\/#respond\"]}],\"copyrightYear\":\"2020\",\"copyrightHolder\":{\"@id\":\"https:\/\/www.gaveanews.com\/#organization\"}},{\"@type\":\"WebPage\",\"@id\":\"https:\/\/www.gaveanews.com\/index.php\/2020\/10\/20\/everton-ribeiro-comemora-fase-do-flamengo-no-brasileirao-mas-alerta-vai-ser-brigado-ate-o-final\/\",\"url\":\"https:\/\/www.gaveanews.com\/index.php\/2020\/10\/20\/everton-ribeiro-comemora-fase-do-flamengo-no-brasileirao-mas-alerta-vai-ser-brigado-ate-o-final\/\",\"name\":\"Everton Ribeiro comemora fase do Flamengo no Brasileir\u00e3o, mas alerta: \\\"Vai ser brigado at\u00e9 o final\\\"\",\"isPartOf\":{\"@id\":\"https:\/\/www.gaveanews.com\/#website\"},\"primaryImageOfPage\":{\"@id\":\"https:\/\/www.gaveanews.com\/index.php\/2020\/10\/20\/everton-ribeiro-comemora-fase-do-flamengo-no-brasileirao-mas-alerta-vai-ser-brigado-ate-o-final\/#primaryimage\"},\"image\":{\"@id\":\"https:\/\/www.gaveanews.com\/index.php\/2020\/10\/20\/everton-ribeiro-comemora-fase-do-flamengo-no-brasileirao-mas-alerta-vai-ser-brigado-ate-o-final\/#primaryimage\"},\"thumbnailUrl\":\"https:\/\/www.gaveanews.com\/wp-content\/uploads\/Everton-Ribeiro-em-acao-pelo-Flamengo-na-partida-contra-o-Fortaleza.webp\",\"datePublished\":\"2020-10-20T11:45:36+00:00\",\"author\":{\"@id\":\"https:\/\/www.gaveanews.com\/#\/schema\/person\/2ec14f73fb96be2caf28f91afb14749d\"},\"breadcrumb\":{\"@id\":\"https:\/\/www.gaveanews.com\/index.php\/2020\/10\/20\/everton-ribeiro-comemora-fase-do-flamengo-no-brasileirao-mas-alerta-vai-ser-brigado-ate-o-final\/#breadcrumb\"},\"inLanguage\":\"pt-BR\",\"potentialAction\":[{\"@type\":\"ReadAction\",\"target\":[\"https:\/\/www.gaveanews.com\/index.php\/2020\/10\/20\/everton-ribeiro-comemora-fase-do-flamengo-no-brasileirao-mas-alerta-vai-ser-brigado-ate-o-final\/\"]}]},{\"@type\":\"ImageObject\",\"inLanguage\":\"pt-BR\",\"@id\":\"https:\/\/www.gaveanews.com\/index.php\/2020\/10\/20\/everton-ribeiro-comemora-fase-do-flamengo-no-brasileirao-mas-alerta-vai-ser-brigado-ate-o-final\/#primaryimage\",\"url\":\"https:\/\/www.gaveanews.com\/wp-content\/uploads\/Everton-Ribeiro-em-acao-pelo-Flamengo-na-partida-contra-o-Fortaleza.webp\",\"contentUrl\":\"https:\/\/www.gaveanews.com\/wp-content\/uploads\/Everton-Ribeiro-em-acao-pelo-Flamengo-na-partida-contra-o-Fortaleza.webp\",\"width\":800,\"height\":533,\"caption\":\"Everton Ribeiro em a\u00e7\u00e3o pelo Flamengo na partida contra o Fortaleza (Foto: Alexandre Vidal\/Flamengo)\"},{\"@type\":\"BreadcrumbList\",\"@id\":\"https:\/\/www.gaveanews.com\/index.php\/2020\/10\/20\/everton-ribeiro-comemora-fase-do-flamengo-no-brasileirao-mas-alerta-vai-ser-brigado-ate-o-final\/#breadcrumb\",\"itemListElement\":[{\"@type\":\"ListItem\",\"position\":1,\"name\":\"Home\",\"item\":\"https:\/\/www.gaveanews.com\/\"},{\"@type\":\"ListItem\",\"position\":2,\"name\":\"Everton Ribeiro comemora fase do Flamengo no Brasileir\u00e3o, mas alerta: &#8220;Vai ser brigado at\u00e9 o final&#8221;\"}]},{\"@type\":\"WebSite\",\"@id\":\"https:\/\/www.gaveanews.com\/#website\",\"url\":\"https:\/\/www.gaveanews.com\/\",\"name\":\"G\u00e1vea News\",\"description\":\"Veja todas as not\u00edcias sobre o Flamengo: Contrata\u00e7\u00f5es, categorias de base, resultados das partidas, tabela de classifica\u00e7\u00e3o, pr\u00f3ximos jogos!\",\"potentialAction\":[{\"@type\":\"SearchAction\",\"target\":{\"@type\":\"EntryPoint\",\"urlTemplate\":\"https:\/\/www.gaveanews.com\/?s={search_term_string}\"},\"query-input\":{\"@type\":\"PropertyValueSpecification\",\"valueRequired\":true,\"valueName\":\"search_term_string\"}}],\"inLanguage\":\"pt-BR\"},{\"@type\":\"Person\",\"@id\":\"https:\/\/www.gaveanews.com\/#\/schema\/person\/2ec14f73fb96be2caf28f91afb14749d\",\"name\":\"Equipe G\u00e1vea News\",\"image\":{\"@type\":\"ImageObject\",\"inLanguage\":\"pt-BR\",\"@id\":\"https:\/\/www.gaveanews.com\/#\/schema\/person\/image\/\",\"url\":\"https:\/\/secure.gravatar.com\/avatar\/1e1956f1facbffd3f8fa53a326721950116b3b9dc9bd44939c01180fd4a745a9?s=96&d=mm&r=g\",\"contentUrl\":\"https:\/\/secure.gravatar.com\/avatar\/1e1956f1facbffd3f8fa53a326721950116b3b9dc9bd44939c01180fd4a745a9?s=96&d=mm&r=g\",\"caption\":\"Equipe G\u00e1vea News\"}}]}<\/script>\n<!-- \/ Yoast SEO Premium plugin. -->","yoast_head_json":{"title":"Everton Ribeiro comemora fase do Flamengo no Brasileir\u00e3o, mas alerta: \"Vai ser brigado at\u00e9 o final\"","robots":{"index":"index","follow":"follow","max-snippet":"max-snippet:-1","max-image-preview":"max-image-preview:large","max-video-preview":"max-video-preview:-1"},"canonical":"https:\/\/www.gaveanews.com\/index.php\/2020\/10\/20\/everton-ribeiro-comemora-fase-do-flamengo-no-brasileirao-mas-alerta-vai-ser-brigado-ate-o-final\/","og_locale":"pt_BR","og_type":"article","og_title":"Everton Ribeiro comemora fase do Flamengo no Brasileir\u00e3o, mas alerta: \"Vai ser brigado at\u00e9 o final\"","og_description":"Depois de \u00f3tima atua\u00e7\u00e3o na goleada do Flamengo por 5 a 1 sobre o Corinthians no \u00faltimo domingo, Everton Ribeiro foi o convidado do Sele\u00e7\u00e3o SporTV desta segunda-feira. Durante o programa, o meia fez quest\u00e3o de alertar sobre as dificuldades at\u00edpicas do Brasileir\u00e3o deste ano e assegurou que a briga pela ponta da tabela ser\u00e1 [&hellip;]","og_url":"https:\/\/www.gaveanews.com\/index.php\/2020\/10\/20\/everton-ribeiro-comemora-fase-do-flamengo-no-brasileirao-mas-alerta-vai-ser-brigado-ate-o-final\/","og_site_name":"G\u00e1vea News","article_publisher":"https:\/\/facebook.com\/gaveaNews\/","article_published_time":"2020-10-20T11:45:36+00:00","og_image":[{"width":800,"height":533,"url":"https:\/\/www.gaveanews.com\/wp-content\/uploads\/Everton-Ribeiro-em-acao-pelo-Flamengo-na-partida-contra-o-Fortaleza.webp","type":"image\/jpeg"}],"author":"Equipe G\u00e1vea News","twitter_card":"summary_large_image","twitter_misc":{"Escrito por":"Equipe G\u00e1vea News","Est. tempo de leitura":"2 minutos"},"schema":{"@context":"https:\/\/schema.org","@graph":[{"@type":"NewsArticle","@id":"https:\/\/www.gaveanews.com\/index.php\/2020\/10\/20\/everton-ribeiro-comemora-fase-do-flamengo-no-brasileirao-mas-alerta-vai-ser-brigado-ate-o-final\/#article","isPartOf":{"@id":"https:\/\/www.gaveanews.com\/index.php\/2020\/10\/20\/everton-ribeiro-comemora-fase-do-flamengo-no-brasileirao-mas-alerta-vai-ser-brigado-ate-o-final\/"},"author":{"name":"Equipe G\u00e1vea News","@id":"https:\/\/www.gaveanews.com\/#\/schema\/person\/2ec14f73fb96be2caf28f91afb14749d"},"headline":"Everton Ribeiro comemora fase do Flamengo no Brasileir\u00e3o, mas alerta: &#8220;Vai ser brigado at\u00e9 o final&#8221;","datePublished":"2020-10-20T11:45:36+00:00","mainEntityOfPage":{"@id":"https:\/\/www.gaveanews.com\/index.php\/2020\/10\/20\/everton-ribeiro-comemora-fase-do-flamengo-no-brasileirao-mas-alerta-vai-ser-brigado-ate-o-final\/"},"wordCount":367,"commentCount":3,"image":{"@id":"https:\/\/www.gaveanews.com\/index.php\/2020\/10\/20\/everton-ribeiro-comemora-fase-do-flamengo-no-brasileirao-mas-alerta-vai-ser-brigado-ate-o-final\/#primaryimage"},"thumbnailUrl":"https:\/\/www.gaveanews.com\/wp-content\/uploads\/Everton-Ribeiro-em-acao-pelo-Flamengo-na-partida-contra-o-Fortaleza.webp","articleSection":["Destaques"],"inLanguage":"pt-BR","potentialAction":[{"@type":"CommentAction","name":"Comment","target":["https:\/\/www.gaveanews.com\/index.php\/2020\/10\/20\/everton-ribeiro-comemora-fase-do-flamengo-no-brasileirao-mas-alerta-vai-ser-brigado-ate-o-final\/#respond"]}],"copyrightYear":"2020","copyrightHolder":{"@id":"https:\/\/www.gaveanews.com\/#organization"}},{"@type":"WebPage","@id":"https:\/\/www.gaveanews.com\/index.php\/2020\/10\/20\/everton-ribeiro-comemora-fase-do-flamengo-no-brasileirao-mas-alerta-vai-ser-brigado-ate-o-final\/","url":"https:\/\/www.gaveanews.com\/index.php\/2020\/10\/20\/everton-ribeiro-comemora-fase-do-flamengo-no-brasileirao-mas-alerta-vai-ser-brigado-ate-o-final\/","name":"Everton Ribeiro comemora fase do Flamengo no Brasileir\u00e3o, mas alerta: \"Vai ser brigado at\u00e9 o final\"","isPartOf":{"@id":"https:\/\/www.gaveanews.com\/#website"},"primaryImageOfPage":{"@id":"https:\/\/www.gaveanews.com\/index.php\/2020\/10\/20\/everton-ribeiro-comemora-fase-do-flamengo-no-brasileirao-mas-alerta-vai-ser-brigado-ate-o-final\/#primaryimage"},"image":{"@id":"https:\/\/www.gaveanews.com\/index.php\/2020\/10\/20\/everton-ribeiro-comemora-fase-do-flamengo-no-brasileirao-mas-alerta-vai-ser-brigado-ate-o-final\/#primaryimage"},"thumbnailUrl":"https:\/\/www.gaveanews.com\/wp-content\/uploads\/Everton-Ribeiro-em-acao-pelo-Flamengo-na-partida-contra-o-Fortaleza.webp","datePublished":"2020-10-20T11:45:36+00:00","author":{"@id":"https:\/\/www.gaveanews.com\/#\/schema\/person\/2ec14f73fb96be2caf28f91afb14749d"},"breadcrumb":{"@id":"https:\/\/www.gaveanews.com\/index.php\/2020\/10\/20\/everton-ribeiro-comemora-fase-do-flamengo-no-brasileirao-mas-alerta-vai-ser-brigado-ate-o-final\/#breadcrumb"},"inLanguage":"pt-BR","potentialAction":[{"@type":"ReadAction","target":["https:\/\/www.gaveanews.com\/index.php\/2020\/10\/20\/everton-ribeiro-comemora-fase-do-flamengo-no-brasileirao-mas-alerta-vai-ser-brigado-ate-o-final\/"]}]},{"@type":"ImageObject","inLanguage":"pt-BR","@id":"https:\/\/www.gaveanews.com\/index.php\/2020\/10\/20\/everton-ribeiro-comemora-fase-do-flamengo-no-brasileirao-mas-alerta-vai-ser-brigado-ate-o-final\/#primaryimage","url":"https:\/\/www.gaveanews.com\/wp-content\/uploads\/Everton-Ribeiro-em-acao-pelo-Flamengo-na-partida-contra-o-Fortaleza.webp","contentUrl":"https:\/\/www.gaveanews.com\/wp-content\/uploads\/Everton-Ribeiro-em-acao-pelo-Flamengo-na-partida-contra-o-Fortaleza.webp","width":800,"height":533,"caption":"Everton Ribeiro em a\u00e7\u00e3o pelo Flamengo na partida contra o Fortaleza (Foto: Alexandre Vidal\/Flamengo)"},{"@type":"BreadcrumbList","@id":"https:\/\/www.gaveanews.com\/index.php\/2020\/10\/20\/everton-ribeiro-comemora-fase-do-flamengo-no-brasileirao-mas-alerta-vai-ser-brigado-ate-o-final\/#breadcrumb","itemListElement":[{"@type":"ListItem","position":1,"name":"Home","item":"https:\/\/www.gaveanews.com\/"},{"@type":"ListItem","position":2,"name":"Everton Ribeiro comemora fase do Flamengo no Brasileir\u00e3o, mas alerta: &#8220;Vai ser brigado at\u00e9 o final&#8221;"}]},{"@type":"WebSite","@id":"https:\/\/www.gaveanews.com\/#website","url":"https:\/\/www.gaveanews.com\/","name":"G\u00e1vea News","description":"Veja todas as not\u00edcias sobre o Flamengo: Contrata\u00e7\u00f5es, categorias de base, resultados das partidas, tabela de classifica\u00e7\u00e3o, pr\u00f3ximos jogos!","potentialAction":[{"@type":"SearchAction","target":{"@type":"EntryPoint","urlTemplate":"https:\/\/www.gaveanews.com\/?s={search_term_string}"},"query-input":{"@type":"PropertyValueSpecification","valueRequired":true,"valueName":"search_term_string"}}],"inLanguage":"pt-BR"},{"@type":"Person","@id":"https:\/\/www.gaveanews.com\/#\/schema\/person\/2ec14f73fb96be2caf28f91afb14749d","name":"Equipe G\u00e1vea News","image":{"@type":"ImageObject","inLanguage":"pt-BR","@id":"https:\/\/www.gaveanews.com\/#\/schema\/person\/image\/","url":"https:\/\/secure.gravatar.com\/avatar\/1e1956f1facbffd3f8fa53a326721950116b3b9dc9bd44939c01180fd4a745a9?s=96&d=mm&r=g","contentUrl":"https:\/\/secure.gravatar.com\/avatar\/1e1956f1facbffd3f8fa53a326721950116b3b9dc9bd44939c01180fd4a745a9?s=96&d=mm&r=g","caption":"Equipe G\u00e1vea News"}}]}},"_links":{"self":[{"href":"https:\/\/www.gaveanews.com\/index.php\/wp-json\/wp\/v2\/posts\/49502","targetHints":{"allow":["GET"]}}],"collection":[{"href":"https:\/\/www.gaveanews.com\/index.php\/wp-json\/wp\/v2\/posts"}],"about":[{"href":"https:\/\/www.gaveanews.com\/index.php\/wp-json\/wp\/v2\/types\/post"}],"author":[{"embeddable":true,"href":"https:\/\/www.gaveanews.com\/index.php\/wp-json\/wp\/v2\/users\/1"}],"replies":[{"embeddable":true,"href":"https:\/\/www.gaveanews.com\/index.php\/wp-json\/wp\/v2\/comments?post=49502"}],"version-history":[{"count":0,"href":"https:\/\/www.gaveanews.com\/index.php\/wp-json\/wp\/v2\/posts\/49502\/revisions"}],"wp:featuredmedia":[{"embeddable":true,"href":"https:\/\/www.gaveanews.com\/index.php\/wp-json\/wp\/v2\/media\/47004"}],"wp:attachment":[{"href":"https:\/\/www.gaveanews.com\/index.php\/wp-json\/wp\/v2\/media?parent=49502"}],"wp:term":[{"taxonomy":"category","embeddable":true,"href":"https:\/\/www.gaveanews.com\/index.php\/wp-json\/wp\/v2\/categories?post=49502"},{"taxonomy":"post_tag","embeddable":true,"href":"https:\/\/www.gaveanews.com\/index.php\/wp-json\/wp\/v2\/tags?post=49502"}],"curies":[{"name":"wp","href":"https:\/\/api.w.org\/{rel}","templated":true}]}}