{"id":49527,"date":"2020-10-20T16:48:10","date_gmt":"2020-10-20T19:48:10","guid":{"rendered":"https:\/\/www.gaveanews.com\/?p=49527"},"modified":"2021-08-12T00:51:17","modified_gmt":"2021-08-12T03:51:17","slug":"flamengo-possui-dois-jogadores-pendurados-contra-junior-barranquilla","status":"publish","type":"post","link":"https:\/\/www.gaveanews.com\/index.php\/2020\/10\/20\/flamengo-possui-dois-jogadores-pendurados-contra-junior-barranquilla\/","title":{"rendered":"Flamengo possui dois jogadores pendurados contra Junior Barranquilla"},"content":{"rendered":"\n<p>Na pr\u00f3xima quarta-feira (21), o time do Flamengo ir\u00e1 enfrentar o Junior Barranquilla em partida pela Copa Libertadores. O jogo acontecer\u00e1 no Maracan\u00e3, casa do Flamengo.<\/p>\n\n\n\n<p>A partida valer\u00e1 a perman\u00eancia do time na posi\u00e7\u00e3o de lideran\u00e7a do grupo A da competi\u00e7\u00e3o. Tal objetivo s\u00f3 n\u00e3o ser\u00e1 alcan\u00e7ado se o rubro-negro perder a partida.<\/p>\n\n\n\n<p>O t\u00e9cnico Dome ter\u00e1 bastante coisa a considerar ao montar o quebra-cabe\u00e7as para o jogo, uma vez que o time possui 4 desfalques confirmados por conta de les\u00f5es <em>(Diego Alves, Gabigol, Gustavo Henrique, Jo\u00e3o Lucas)<\/em>, 1 jogador sendo poupado<em> (Rodrigo Caio)<\/em> e 1 convocado <em>(Ramon)<\/em>. Arrascaeta participou do treino coletivo nesta ter\u00e7a (20), mas ainda se caracteriza como d\u00favida.<\/p>\n\n\n\n<p>Al\u00e9m de todas estas quest\u00f5es, o time possui 2 jogadores pendurados, Filipe Lu\u00eds e Willian Ar\u00e3o. Os atletas precisar\u00e3o ter mais cuidado se entrarem em campo, pois no caso de receberem mais um cart\u00e3o amarelo, se tornar\u00e3o desfalques importantes nas oitavas de final da competi\u00e7\u00e3o. <\/p>\n\n\n\n<p><strong>Vale salientar que o levantamento dos cart\u00f5es amarelos foi realizado no site oficial da Conmebol.<\/strong><\/p>\n","protected":false},"excerpt":{"rendered":"<p>Na pr\u00f3xima quarta-feira (21), o time do Flamengo ir\u00e1 enfrentar o Junior Barranquilla em partida pela Copa Libertadores. O jogo acontecer\u00e1 no Maracan\u00e3, casa do Flamengo. A partida valer\u00e1 a perman\u00eancia do time na posi\u00e7\u00e3o de lideran\u00e7a do grupo A da competi\u00e7\u00e3o. Tal objetivo s\u00f3 n\u00e3o ser\u00e1 alcan\u00e7ado se o rubro-negro perder a partida. O [&hellip;]<\/p>\n","protected":false},"author":4,"featured_media":47166,"comment_status":"open","ping_status":"closed","sticky":false,"template":"","format":"standard","meta":{"footnotes":""},"categories":[1],"tags":[],"class_list":["post-49527","post","type-post","status-publish","format-standard","has-post-thumbnail","hentry","category-flamengo"],"yoast_head":"<!-- This site is optimized with the Yoast SEO Premium plugin v24.2 (Yoast SEO v26.9) - https:\/\/yoast.com\/product\/yoast-seo-premium-wordpress\/ -->\n<title>Flamengo possui dois jogadores pendurados contra Junior Barranquilla<\/title>\n<meta name=\"description\" content=\"Os atletas ter\u00e3o que se policiar se entrarem em campo, pois se receberem mais um cart\u00e3o amarelo na partida contra o Junior.\" \/>\n<meta name=\"robots\" content=\"index, follow, max-snippet:-1, max-image-preview:large, max-video-preview:-1\" \/>\n<link rel=\"canonical\" href=\"https:\/\/www.gaveanews.com\/index.php\/2020\/10\/20\/flamengo-possui-dois-jogadores-pendurados-contra-junior-barranquilla\/\" \/>\n<meta property=\"og:locale\" content=\"pt_BR\" \/>\n<meta property=\"og:type\" content=\"article\" \/>\n<meta property=\"og:title\" content=\"Flamengo possui dois jogadores pendurados contra Junior Barranquilla\" \/>\n<meta property=\"og:description\" content=\"Os atletas ter\u00e3o que se policiar se entrarem em campo, pois se receberem mais um cart\u00e3o amarelo na partida contra o Junior.\" \/>\n<meta property=\"og:url\" content=\"https:\/\/www.gaveanews.com\/index.php\/2020\/10\/20\/flamengo-possui-dois-jogadores-pendurados-contra-junior-barranquilla\/\" \/>\n<meta property=\"og:site_name\" content=\"G\u00e1vea News\" \/>\n<meta property=\"article:publisher\" content=\"https:\/\/facebook.com\/gaveaNews\/\" \/>\n<meta property=\"article:published_time\" content=\"2020-10-20T19:48:10+00:00\" \/>\n<meta property=\"article:modified_time\" content=\"2021-08-12T03:51:17+00:00\" \/>\n<meta property=\"og:image\" content=\"https:\/\/www.gaveanews.com\/wp-content\/uploads\/Filipe-Luis-comemora-apos-marcar-o-primeiro-gol-do-Flamengo-no-classico-contra-o-Fluminense.webp\" \/>\n\t<meta property=\"og:image:width\" content=\"800\" \/>\n\t<meta property=\"og:image:height\" content=\"533\" \/>\n\t<meta property=\"og:image:type\" content=\"image\/jpeg\" \/>\n<meta name=\"author\" content=\"Let\u00edcia Gerheim\" \/>\n<meta name=\"twitter:card\" content=\"summary_large_image\" \/>\n<meta name=\"twitter:label1\" content=\"Escrito por\" \/>\n\t<meta name=\"twitter:data1\" content=\"Let\u00edcia Gerheim\" \/>\n\t<meta name=\"twitter:label2\" content=\"Est. tempo de leitura\" \/>\n\t<meta name=\"twitter:data2\" content=\"1 minuto\" \/>\n<script type=\"application\/ld+json\" class=\"yoast-schema-graph\">{\"@context\":\"https:\/\/schema.org\",\"@graph\":[{\"@type\":\"NewsArticle\",\"@id\":\"https:\/\/www.gaveanews.com\/index.php\/2020\/10\/20\/flamengo-possui-dois-jogadores-pendurados-contra-junior-barranquilla\/#article\",\"isPartOf\":{\"@id\":\"https:\/\/www.gaveanews.com\/index.php\/2020\/10\/20\/flamengo-possui-dois-jogadores-pendurados-contra-junior-barranquilla\/\"},\"author\":{\"name\":\"Let\u00edcia Gerheim\",\"@id\":\"https:\/\/www.gaveanews.com\/#\/schema\/person\/714c67050b836198af2450ba1c142a67\"},\"headline\":\"Flamengo possui dois jogadores pendurados contra Junior Barranquilla\",\"datePublished\":\"2020-10-20T19:48:10+00:00\",\"dateModified\":\"2021-08-12T03:51:17+00:00\",\"mainEntityOfPage\":{\"@id\":\"https:\/\/www.gaveanews.com\/index.php\/2020\/10\/20\/flamengo-possui-dois-jogadores-pendurados-contra-junior-barranquilla\/\"},\"wordCount\":197,\"commentCount\":1,\"image\":{\"@id\":\"https:\/\/www.gaveanews.com\/index.php\/2020\/10\/20\/flamengo-possui-dois-jogadores-pendurados-contra-junior-barranquilla\/#primaryimage\"},\"thumbnailUrl\":\"https:\/\/www.gaveanews.com\/wp-content\/uploads\/Filipe-Luis-comemora-apos-marcar-o-primeiro-gol-do-Flamengo-no-classico-contra-o-Fluminense.webp\",\"articleSection\":[\"Flamengo\"],\"inLanguage\":\"pt-BR\",\"potentialAction\":[{\"@type\":\"CommentAction\",\"name\":\"Comment\",\"target\":[\"https:\/\/www.gaveanews.com\/index.php\/2020\/10\/20\/flamengo-possui-dois-jogadores-pendurados-contra-junior-barranquilla\/#respond\"]}],\"copyrightYear\":\"2020\",\"copyrightHolder\":{\"@id\":\"https:\/\/www.gaveanews.com\/#organization\"}},{\"@type\":\"WebPage\",\"@id\":\"https:\/\/www.gaveanews.com\/index.php\/2020\/10\/20\/flamengo-possui-dois-jogadores-pendurados-contra-junior-barranquilla\/\",\"url\":\"https:\/\/www.gaveanews.com\/index.php\/2020\/10\/20\/flamengo-possui-dois-jogadores-pendurados-contra-junior-barranquilla\/\",\"name\":\"Flamengo possui dois jogadores pendurados contra Junior Barranquilla\",\"isPartOf\":{\"@id\":\"https:\/\/www.gaveanews.com\/#website\"},\"primaryImageOfPage\":{\"@id\":\"https:\/\/www.gaveanews.com\/index.php\/2020\/10\/20\/flamengo-possui-dois-jogadores-pendurados-contra-junior-barranquilla\/#primaryimage\"},\"image\":{\"@id\":\"https:\/\/www.gaveanews.com\/index.php\/2020\/10\/20\/flamengo-possui-dois-jogadores-pendurados-contra-junior-barranquilla\/#primaryimage\"},\"thumbnailUrl\":\"https:\/\/www.gaveanews.com\/wp-content\/uploads\/Filipe-Luis-comemora-apos-marcar-o-primeiro-gol-do-Flamengo-no-classico-contra-o-Fluminense.webp\",\"datePublished\":\"2020-10-20T19:48:10+00:00\",\"dateModified\":\"2021-08-12T03:51:17+00:00\",\"author\":{\"@id\":\"https:\/\/www.gaveanews.com\/#\/schema\/person\/714c67050b836198af2450ba1c142a67\"},\"description\":\"Os atletas ter\u00e3o que se policiar se entrarem em campo, pois se receberem mais um cart\u00e3o amarelo na partida contra o Junior.\",\"breadcrumb\":{\"@id\":\"https:\/\/www.gaveanews.com\/index.php\/2020\/10\/20\/flamengo-possui-dois-jogadores-pendurados-contra-junior-barranquilla\/#breadcrumb\"},\"inLanguage\":\"pt-BR\",\"potentialAction\":[{\"@type\":\"ReadAction\",\"target\":[\"https:\/\/www.gaveanews.com\/index.php\/2020\/10\/20\/flamengo-possui-dois-jogadores-pendurados-contra-junior-barranquilla\/\"]}]},{\"@type\":\"ImageObject\",\"inLanguage\":\"pt-BR\",\"@id\":\"https:\/\/www.gaveanews.com\/index.php\/2020\/10\/20\/flamengo-possui-dois-jogadores-pendurados-contra-junior-barranquilla\/#primaryimage\",\"url\":\"https:\/\/www.gaveanews.com\/wp-content\/uploads\/Filipe-Luis-comemora-apos-marcar-o-primeiro-gol-do-Flamengo-no-classico-contra-o-Fluminense.webp\",\"contentUrl\":\"https:\/\/www.gaveanews.com\/wp-content\/uploads\/Filipe-Luis-comemora-apos-marcar-o-primeiro-gol-do-Flamengo-no-classico-contra-o-Fluminense.webp\",\"width\":800,\"height\":533,\"caption\":\"Filipe Lu\u00eds comemora ap\u00f3s marcar o primeiro gol do Flamengo no cl\u00e1ssico contra o Fluminense (Foto: Alexandre Vidal\/Flamengo)\"},{\"@type\":\"BreadcrumbList\",\"@id\":\"https:\/\/www.gaveanews.com\/index.php\/2020\/10\/20\/flamengo-possui-dois-jogadores-pendurados-contra-junior-barranquilla\/#breadcrumb\",\"itemListElement\":[{\"@type\":\"ListItem\",\"position\":1,\"name\":\"Home\",\"item\":\"https:\/\/www.gaveanews.com\/\"},{\"@type\":\"ListItem\",\"position\":2,\"name\":\"Flamengo possui dois jogadores pendurados contra Junior Barranquilla\"}]},{\"@type\":\"WebSite\",\"@id\":\"https:\/\/www.gaveanews.com\/#website\",\"url\":\"https:\/\/www.gaveanews.com\/\",\"name\":\"G\u00e1vea News\",\"description\":\"Veja todas as not\u00edcias sobre o Flamengo: Contrata\u00e7\u00f5es, categorias de base, resultados das partidas, tabela de classifica\u00e7\u00e3o, pr\u00f3ximos jogos!\",\"potentialAction\":[{\"@type\":\"SearchAction\",\"target\":{\"@type\":\"EntryPoint\",\"urlTemplate\":\"https:\/\/www.gaveanews.com\/?s={search_term_string}\"},\"query-input\":{\"@type\":\"PropertyValueSpecification\",\"valueRequired\":true,\"valueName\":\"search_term_string\"}}],\"inLanguage\":\"pt-BR\"},{\"@type\":\"Person\",\"@id\":\"https:\/\/www.gaveanews.com\/#\/schema\/person\/714c67050b836198af2450ba1c142a67\",\"name\":\"Let\u00edcia Gerheim\",\"image\":{\"@type\":\"ImageObject\",\"inLanguage\":\"pt-BR\",\"@id\":\"https:\/\/www.gaveanews.com\/#\/schema\/person\/image\/\",\"url\":\"https:\/\/secure.gravatar.com\/avatar\/60734739c50fcebfbac509e2a826ccd0ff405c019bc73aab9354f19ecad1dcb4?s=96&d=mm&r=g\",\"contentUrl\":\"https:\/\/secure.gravatar.com\/avatar\/60734739c50fcebfbac509e2a826ccd0ff405c019bc73aab9354f19ecad1dcb4?s=96&d=mm&r=g\",\"caption\":\"Let\u00edcia Gerheim\"}}]}<\/script>\n<!-- \/ Yoast SEO Premium plugin. -->","yoast_head_json":{"title":"Flamengo possui dois jogadores pendurados contra Junior Barranquilla","description":"Os atletas ter\u00e3o que se policiar se entrarem em campo, pois se receberem mais um cart\u00e3o amarelo na partida contra o Junior.","robots":{"index":"index","follow":"follow","max-snippet":"max-snippet:-1","max-image-preview":"max-image-preview:large","max-video-preview":"max-video-preview:-1"},"canonical":"https:\/\/www.gaveanews.com\/index.php\/2020\/10\/20\/flamengo-possui-dois-jogadores-pendurados-contra-junior-barranquilla\/","og_locale":"pt_BR","og_type":"article","og_title":"Flamengo possui dois jogadores pendurados contra Junior Barranquilla","og_description":"Os atletas ter\u00e3o que se policiar se entrarem em campo, pois se receberem mais um cart\u00e3o amarelo na partida contra o Junior.","og_url":"https:\/\/www.gaveanews.com\/index.php\/2020\/10\/20\/flamengo-possui-dois-jogadores-pendurados-contra-junior-barranquilla\/","og_site_name":"G\u00e1vea News","article_publisher":"https:\/\/facebook.com\/gaveaNews\/","article_published_time":"2020-10-20T19:48:10+00:00","article_modified_time":"2021-08-12T03:51:17+00:00","og_image":[{"width":800,"height":533,"url":"https:\/\/www.gaveanews.com\/wp-content\/uploads\/Filipe-Luis-comemora-apos-marcar-o-primeiro-gol-do-Flamengo-no-classico-contra-o-Fluminense.webp","type":"image\/jpeg"}],"author":"Let\u00edcia Gerheim","twitter_card":"summary_large_image","twitter_misc":{"Escrito por":"Let\u00edcia Gerheim","Est. tempo de leitura":"1 minuto"},"schema":{"@context":"https:\/\/schema.org","@graph":[{"@type":"NewsArticle","@id":"https:\/\/www.gaveanews.com\/index.php\/2020\/10\/20\/flamengo-possui-dois-jogadores-pendurados-contra-junior-barranquilla\/#article","isPartOf":{"@id":"https:\/\/www.gaveanews.com\/index.php\/2020\/10\/20\/flamengo-possui-dois-jogadores-pendurados-contra-junior-barranquilla\/"},"author":{"name":"Let\u00edcia Gerheim","@id":"https:\/\/www.gaveanews.com\/#\/schema\/person\/714c67050b836198af2450ba1c142a67"},"headline":"Flamengo possui dois jogadores pendurados contra Junior Barranquilla","datePublished":"2020-10-20T19:48:10+00:00","dateModified":"2021-08-12T03:51:17+00:00","mainEntityOfPage":{"@id":"https:\/\/www.gaveanews.com\/index.php\/2020\/10\/20\/flamengo-possui-dois-jogadores-pendurados-contra-junior-barranquilla\/"},"wordCount":197,"commentCount":1,"image":{"@id":"https:\/\/www.gaveanews.com\/index.php\/2020\/10\/20\/flamengo-possui-dois-jogadores-pendurados-contra-junior-barranquilla\/#primaryimage"},"thumbnailUrl":"https:\/\/www.gaveanews.com\/wp-content\/uploads\/Filipe-Luis-comemora-apos-marcar-o-primeiro-gol-do-Flamengo-no-classico-contra-o-Fluminense.webp","articleSection":["Flamengo"],"inLanguage":"pt-BR","potentialAction":[{"@type":"CommentAction","name":"Comment","target":["https:\/\/www.gaveanews.com\/index.php\/2020\/10\/20\/flamengo-possui-dois-jogadores-pendurados-contra-junior-barranquilla\/#respond"]}],"copyrightYear":"2020","copyrightHolder":{"@id":"https:\/\/www.gaveanews.com\/#organization"}},{"@type":"WebPage","@id":"https:\/\/www.gaveanews.com\/index.php\/2020\/10\/20\/flamengo-possui-dois-jogadores-pendurados-contra-junior-barranquilla\/","url":"https:\/\/www.gaveanews.com\/index.php\/2020\/10\/20\/flamengo-possui-dois-jogadores-pendurados-contra-junior-barranquilla\/","name":"Flamengo possui dois jogadores pendurados contra Junior Barranquilla","isPartOf":{"@id":"https:\/\/www.gaveanews.com\/#website"},"primaryImageOfPage":{"@id":"https:\/\/www.gaveanews.com\/index.php\/2020\/10\/20\/flamengo-possui-dois-jogadores-pendurados-contra-junior-barranquilla\/#primaryimage"},"image":{"@id":"https:\/\/www.gaveanews.com\/index.php\/2020\/10\/20\/flamengo-possui-dois-jogadores-pendurados-contra-junior-barranquilla\/#primaryimage"},"thumbnailUrl":"https:\/\/www.gaveanews.com\/wp-content\/uploads\/Filipe-Luis-comemora-apos-marcar-o-primeiro-gol-do-Flamengo-no-classico-contra-o-Fluminense.webp","datePublished":"2020-10-20T19:48:10+00:00","dateModified":"2021-08-12T03:51:17+00:00","author":{"@id":"https:\/\/www.gaveanews.com\/#\/schema\/person\/714c67050b836198af2450ba1c142a67"},"description":"Os atletas ter\u00e3o que se policiar se entrarem em campo, pois se receberem mais um cart\u00e3o amarelo na partida contra o Junior.","breadcrumb":{"@id":"https:\/\/www.gaveanews.com\/index.php\/2020\/10\/20\/flamengo-possui-dois-jogadores-pendurados-contra-junior-barranquilla\/#breadcrumb"},"inLanguage":"pt-BR","potentialAction":[{"@type":"ReadAction","target":["https:\/\/www.gaveanews.com\/index.php\/2020\/10\/20\/flamengo-possui-dois-jogadores-pendurados-contra-junior-barranquilla\/"]}]},{"@type":"ImageObject","inLanguage":"pt-BR","@id":"https:\/\/www.gaveanews.com\/index.php\/2020\/10\/20\/flamengo-possui-dois-jogadores-pendurados-contra-junior-barranquilla\/#primaryimage","url":"https:\/\/www.gaveanews.com\/wp-content\/uploads\/Filipe-Luis-comemora-apos-marcar-o-primeiro-gol-do-Flamengo-no-classico-contra-o-Fluminense.webp","contentUrl":"https:\/\/www.gaveanews.com\/wp-content\/uploads\/Filipe-Luis-comemora-apos-marcar-o-primeiro-gol-do-Flamengo-no-classico-contra-o-Fluminense.webp","width":800,"height":533,"caption":"Filipe Lu\u00eds comemora ap\u00f3s marcar o primeiro gol do Flamengo no cl\u00e1ssico contra o Fluminense (Foto: Alexandre Vidal\/Flamengo)"},{"@type":"BreadcrumbList","@id":"https:\/\/www.gaveanews.com\/index.php\/2020\/10\/20\/flamengo-possui-dois-jogadores-pendurados-contra-junior-barranquilla\/#breadcrumb","itemListElement":[{"@type":"ListItem","position":1,"name":"Home","item":"https:\/\/www.gaveanews.com\/"},{"@type":"ListItem","position":2,"name":"Flamengo possui dois jogadores pendurados contra Junior Barranquilla"}]},{"@type":"WebSite","@id":"https:\/\/www.gaveanews.com\/#website","url":"https:\/\/www.gaveanews.com\/","name":"G\u00e1vea News","description":"Veja todas as not\u00edcias sobre o Flamengo: Contrata\u00e7\u00f5es, categorias de base, resultados das partidas, tabela de classifica\u00e7\u00e3o, pr\u00f3ximos jogos!","potentialAction":[{"@type":"SearchAction","target":{"@type":"EntryPoint","urlTemplate":"https:\/\/www.gaveanews.com\/?s={search_term_string}"},"query-input":{"@type":"PropertyValueSpecification","valueRequired":true,"valueName":"search_term_string"}}],"inLanguage":"pt-BR"},{"@type":"Person","@id":"https:\/\/www.gaveanews.com\/#\/schema\/person\/714c67050b836198af2450ba1c142a67","name":"Let\u00edcia Gerheim","image":{"@type":"ImageObject","inLanguage":"pt-BR","@id":"https:\/\/www.gaveanews.com\/#\/schema\/person\/image\/","url":"https:\/\/secure.gravatar.com\/avatar\/60734739c50fcebfbac509e2a826ccd0ff405c019bc73aab9354f19ecad1dcb4?s=96&d=mm&r=g","contentUrl":"https:\/\/secure.gravatar.com\/avatar\/60734739c50fcebfbac509e2a826ccd0ff405c019bc73aab9354f19ecad1dcb4?s=96&d=mm&r=g","caption":"Let\u00edcia Gerheim"}}]}},"_links":{"self":[{"href":"https:\/\/www.gaveanews.com\/index.php\/wp-json\/wp\/v2\/posts\/49527","targetHints":{"allow":["GET"]}}],"collection":[{"href":"https:\/\/www.gaveanews.com\/index.php\/wp-json\/wp\/v2\/posts"}],"about":[{"href":"https:\/\/www.gaveanews.com\/index.php\/wp-json\/wp\/v2\/types\/post"}],"author":[{"embeddable":true,"href":"https:\/\/www.gaveanews.com\/index.php\/wp-json\/wp\/v2\/users\/4"}],"replies":[{"embeddable":true,"href":"https:\/\/www.gaveanews.com\/index.php\/wp-json\/wp\/v2\/comments?post=49527"}],"version-history":[{"count":0,"href":"https:\/\/www.gaveanews.com\/index.php\/wp-json\/wp\/v2\/posts\/49527\/revisions"}],"wp:featuredmedia":[{"embeddable":true,"href":"https:\/\/www.gaveanews.com\/index.php\/wp-json\/wp\/v2\/media\/47166"}],"wp:attachment":[{"href":"https:\/\/www.gaveanews.com\/index.php\/wp-json\/wp\/v2\/media?parent=49527"}],"wp:term":[{"taxonomy":"category","embeddable":true,"href":"https:\/\/www.gaveanews.com\/index.php\/wp-json\/wp\/v2\/categories?post=49527"},{"taxonomy":"post_tag","embeddable":true,"href":"https:\/\/www.gaveanews.com\/index.php\/wp-json\/wp\/v2\/tags?post=49527"}],"curies":[{"name":"wp","href":"https:\/\/api.w.org\/{rel}","templated":true}]}}