{"id":49604,"date":"2020-10-21T07:15:38","date_gmt":"2020-10-21T10:15:38","guid":{"rendered":"https:\/\/www.gaveanews.com\/?p=49604"},"modified":"2020-10-21T02:02:16","modified_gmt":"2020-10-21T05:02:16","slug":"dirigente-do-atletico-revela-discussao-com-landim-e-detona-o-flamengo-e-um-vexame","status":"publish","type":"post","link":"https:\/\/www.gaveanews.com\/index.php\/2020\/10\/21\/dirigente-do-atletico-revela-discussao-com-landim-e-detona-o-flamengo-e-um-vexame\/","title":{"rendered":"Dirigente do Atl\u00e9tico revela  discuss\u00e3o com Landim e detona o Flamengo: &#8220;\u00c9 um vexame&#8221;"},"content":{"rendered":"\n<p>Al\u00e9m de criticar fortemente Leonardo Gaciba e o S\u00e3o Paulo, pelos recentes acontecimentos com a arbitragem do Campeonato Brasileiro, L\u00e1saro C\u00e2ndido tamb\u00e9m falou do Flamengo. O vice-presidente do Atl\u00e9tico-MG revelou uma discuss\u00e3o com Rodolfo Landim, mandat\u00e1rio do clube carioca, em uma reuni\u00e3o na sede da CBF e atacou a posi\u00e7\u00e3o rubro-negra com rela\u00e7\u00e3o \u00e0 lei do mandante.<\/p>\n\n\n\n<p>O Flamengo foi um dos principais defensores da Medida Provis\u00f3ria 984, assinada em junho pelo presidente Jair Bolsonaro. De acordo com a MP, os direitos de transmiss\u00e3o de uma partida seriam todos do time mandante, que poderia decidir como negociar os valores sem a anu\u00eancia do advers\u00e1rio. A legisla\u00e7\u00e3o vigorou por quatro meses e agora perdeu a validade.<\/p>\n\n\n\n<p>&#8220;\u00c9 um vexame algu\u00e9m apoiar a lei do mandante, voc\u00ea tem que apoiar uma lei que estabelecesse uma negocia\u00e7\u00e3o coletiva. A lei do mandante n\u00e3o resolve nada, voc\u00ea vai fragmentar. Olha a dificuldade para os clubes apoiarem um projeto\u2026 Porque os clubes podiam se reunir e falar: &#8216;Olha, vamos fazer aqui a venda do Brasileir\u00e3o, \u00e9 o produto&#8217;. J\u00e1 que n\u00e3o consegue, o legislador poderia fazer isso, mas nem isso os clubes conseguem. \u00c9 briga para c\u00e1, Flamengo com uma medida para resolver e brigar com a Globo\u2026 Infelizmente isso acontece&#8221;, disse C\u00e2ndido.<\/p>\n\n\n\n<p>O vice-presidente tamb\u00e9m condenou a postura do Flamengo por, segundo ele, ser contr\u00e1rio ao aumento do n\u00famero de inscritos para o Campeonato Brasileiro.<\/p>\n\n\n\n<p>&#8220;Vou dar um exemplo: na \u00faltima reuni\u00e3o dos clubes do conselho t\u00e9cnico, a CBF apresentou uma proposta de aumentar de 40 para 50 inscritos no campeonato. Voc\u00ea acredita que o Flamengo votou contra? Tiveram 6 votos contra. O Flamengo veio com a seguinte tese: nossos jogadores j\u00e1 tiveram COVID-19, ent\u00e3o para n\u00f3s n\u00e3o foi atendido na \u00e9poca, o pedido para adiar o jogo, ent\u00e3o n\u00e3o concordamos&#8221;, disse o cartola.<\/p>\n\n\n\n<p>&#8220;Eu falei assim para o presidente do Flamengo: &#8216;Deixa eu lhe falar. Sequer tem a prova de que n\u00e3o se pode ter reinfec\u00e7\u00e3o. J\u00e1 t\u00eam casos, o v\u00edrus \u00e9 praticamente mutante, a gente tem que conhecer muitas coisas dele. Numa situa\u00e7\u00e3o de pandemia, a gente n\u00e3o pode aumentar para 50?&#8217;. N\u00e3o, o Flamengo votou contra com mais alguns clubes, mas n\u00f3s ganhamos a discuss\u00e3o. Coisas b\u00e1sicas&#8221;, revelou o vice-presidente atleticano.<\/p>\n\n\n\n<p>Retirado de: ESPN<\/p>\n","protected":false},"excerpt":{"rendered":"<p>Al\u00e9m de criticar fortemente Leonardo Gaciba e o S\u00e3o Paulo, pelos recentes acontecimentos com a arbitragem do Campeonato Brasileiro, L\u00e1saro C\u00e2ndido tamb\u00e9m falou do Flamengo. O vice-presidente do Atl\u00e9tico-MG revelou uma discuss\u00e3o com Rodolfo Landim, mandat\u00e1rio do clube carioca, em uma reuni\u00e3o na sede da CBF e atacou a posi\u00e7\u00e3o rubro-negra com rela\u00e7\u00e3o \u00e0 lei [&hellip;]<\/p>\n","protected":false},"author":1,"featured_media":15077,"comment_status":"open","ping_status":"closed","sticky":false,"template":"","format":"standard","meta":{"footnotes":""},"categories":[47],"tags":[],"class_list":["post-49604","post","type-post","status-publish","format-standard","has-post-thumbnail","hentry","category-destaques"],"yoast_head":"<!-- This site is optimized with the Yoast SEO Premium plugin v24.2 (Yoast SEO v26.9) - https:\/\/yoast.com\/product\/yoast-seo-premium-wordpress\/ -->\n<title>Dirigente do Atl\u00e9tico revela discuss\u00e3o com Landim e detona o Flamengo<\/title>\n<meta name=\"description\" content=\"L\u00e1saro C\u00e2ndid, vice-presidente do Atl\u00e9tico-MG, revelou uma discuss\u00e3o com Rodolfo Landim, mandat\u00e1rio do clube carioca, em uma reuni\u00e3o da CBF.\" \/>\n<meta name=\"robots\" content=\"index, follow, max-snippet:-1, max-image-preview:large, max-video-preview:-1\" \/>\n<link rel=\"canonical\" href=\"https:\/\/www.gaveanews.com\/index.php\/2020\/10\/21\/dirigente-do-atletico-revela-discussao-com-landim-e-detona-o-flamengo-e-um-vexame\/\" \/>\n<meta property=\"og:locale\" content=\"pt_BR\" \/>\n<meta property=\"og:type\" content=\"article\" \/>\n<meta property=\"og:title\" content=\"Dirigente do Atl\u00e9tico revela discuss\u00e3o com Landim e detona o Flamengo: &quot;\u00c9 um vexame&quot;\" \/>\n<meta property=\"og:description\" content=\"L\u00e1saro C\u00e2ndid, vice-presidente do Atl\u00e9tico-MG, revelou uma discuss\u00e3o com Rodolfo Landim, mandat\u00e1rio do clube carioca, em uma reuni\u00e3o da CBF.\" \/>\n<meta property=\"og:url\" content=\"https:\/\/www.gaveanews.com\/index.php\/2020\/10\/21\/dirigente-do-atletico-revela-discussao-com-landim-e-detona-o-flamengo-e-um-vexame\/\" \/>\n<meta property=\"og:site_name\" content=\"G\u00e1vea News\" \/>\n<meta property=\"article:publisher\" content=\"https:\/\/facebook.com\/gaveaNews\/\" \/>\n<meta property=\"article:published_time\" content=\"2020-10-21T10:15:38+00:00\" \/>\n<meta property=\"og:image\" content=\"https:\/\/www.gaveanews.com\/wp-content\/uploads\/2019\/03\/Rodolfo-Landim-durante-entrevista-coletiva-na-Gavea.webp\" \/>\n\t<meta property=\"og:image:width\" content=\"1\" \/>\n\t<meta property=\"og:image:height\" content=\"1\" \/>\n\t<meta property=\"og:image:type\" content=\"image\/jpeg\" \/>\n<meta name=\"author\" content=\"Equipe G\u00e1vea News\" \/>\n<meta name=\"twitter:card\" content=\"summary_large_image\" \/>\n<meta name=\"twitter:label1\" content=\"Escrito por\" \/>\n\t<meta name=\"twitter:data1\" content=\"Equipe G\u00e1vea News\" \/>\n\t<meta name=\"twitter:label2\" content=\"Est. tempo de leitura\" \/>\n\t<meta name=\"twitter:data2\" content=\"2 minutos\" \/>\n<script type=\"application\/ld+json\" class=\"yoast-schema-graph\">{\"@context\":\"https:\/\/schema.org\",\"@graph\":[{\"@type\":\"NewsArticle\",\"@id\":\"https:\/\/www.gaveanews.com\/index.php\/2020\/10\/21\/dirigente-do-atletico-revela-discussao-com-landim-e-detona-o-flamengo-e-um-vexame\/#article\",\"isPartOf\":{\"@id\":\"https:\/\/www.gaveanews.com\/index.php\/2020\/10\/21\/dirigente-do-atletico-revela-discussao-com-landim-e-detona-o-flamengo-e-um-vexame\/\"},\"author\":{\"name\":\"Equipe G\u00e1vea News\",\"@id\":\"https:\/\/www.gaveanews.com\/#\/schema\/person\/2ec14f73fb96be2caf28f91afb14749d\"},\"headline\":\"Dirigente do Atl\u00e9tico revela discuss\u00e3o com Landim e detona o Flamengo: &#8220;\u00c9 um vexame&#8221;\",\"datePublished\":\"2020-10-21T10:15:38+00:00\",\"mainEntityOfPage\":{\"@id\":\"https:\/\/www.gaveanews.com\/index.php\/2020\/10\/21\/dirigente-do-atletico-revela-discussao-com-landim-e-detona-o-flamengo-e-um-vexame\/\"},\"wordCount\":420,\"commentCount\":48,\"image\":{\"@id\":\"https:\/\/www.gaveanews.com\/index.php\/2020\/10\/21\/dirigente-do-atletico-revela-discussao-com-landim-e-detona-o-flamengo-e-um-vexame\/#primaryimage\"},\"thumbnailUrl\":\"https:\/\/www.gaveanews.com\/wp-content\/uploads\/2019\/03\/Rodolfo-Landim-durante-entrevista-coletiva-na-Gavea.webp\",\"articleSection\":[\"Destaques\"],\"inLanguage\":\"pt-BR\",\"potentialAction\":[{\"@type\":\"CommentAction\",\"name\":\"Comment\",\"target\":[\"https:\/\/www.gaveanews.com\/index.php\/2020\/10\/21\/dirigente-do-atletico-revela-discussao-com-landim-e-detona-o-flamengo-e-um-vexame\/#respond\"]}],\"copyrightYear\":\"2020\",\"copyrightHolder\":{\"@id\":\"https:\/\/www.gaveanews.com\/#organization\"}},{\"@type\":\"WebPage\",\"@id\":\"https:\/\/www.gaveanews.com\/index.php\/2020\/10\/21\/dirigente-do-atletico-revela-discussao-com-landim-e-detona-o-flamengo-e-um-vexame\/\",\"url\":\"https:\/\/www.gaveanews.com\/index.php\/2020\/10\/21\/dirigente-do-atletico-revela-discussao-com-landim-e-detona-o-flamengo-e-um-vexame\/\",\"name\":\"Dirigente do Atl\u00e9tico revela discuss\u00e3o com Landim e detona o Flamengo\",\"isPartOf\":{\"@id\":\"https:\/\/www.gaveanews.com\/#website\"},\"primaryImageOfPage\":{\"@id\":\"https:\/\/www.gaveanews.com\/index.php\/2020\/10\/21\/dirigente-do-atletico-revela-discussao-com-landim-e-detona-o-flamengo-e-um-vexame\/#primaryimage\"},\"image\":{\"@id\":\"https:\/\/www.gaveanews.com\/index.php\/2020\/10\/21\/dirigente-do-atletico-revela-discussao-com-landim-e-detona-o-flamengo-e-um-vexame\/#primaryimage\"},\"thumbnailUrl\":\"https:\/\/www.gaveanews.com\/wp-content\/uploads\/2019\/03\/Rodolfo-Landim-durante-entrevista-coletiva-na-Gavea.webp\",\"datePublished\":\"2020-10-21T10:15:38+00:00\",\"author\":{\"@id\":\"https:\/\/www.gaveanews.com\/#\/schema\/person\/2ec14f73fb96be2caf28f91afb14749d\"},\"description\":\"L\u00e1saro C\u00e2ndid, vice-presidente do Atl\u00e9tico-MG, revelou uma discuss\u00e3o com Rodolfo Landim, mandat\u00e1rio do clube carioca, em uma reuni\u00e3o da CBF.\",\"breadcrumb\":{\"@id\":\"https:\/\/www.gaveanews.com\/index.php\/2020\/10\/21\/dirigente-do-atletico-revela-discussao-com-landim-e-detona-o-flamengo-e-um-vexame\/#breadcrumb\"},\"inLanguage\":\"pt-BR\",\"potentialAction\":[{\"@type\":\"ReadAction\",\"target\":[\"https:\/\/www.gaveanews.com\/index.php\/2020\/10\/21\/dirigente-do-atletico-revela-discussao-com-landim-e-detona-o-flamengo-e-um-vexame\/\"]}]},{\"@type\":\"ImageObject\",\"inLanguage\":\"pt-BR\",\"@id\":\"https:\/\/www.gaveanews.com\/index.php\/2020\/10\/21\/dirigente-do-atletico-revela-discussao-com-landim-e-detona-o-flamengo-e-um-vexame\/#primaryimage\",\"url\":\"https:\/\/www.gaveanews.com\/wp-content\/uploads\/2019\/03\/Rodolfo-Landim-durante-entrevista-coletiva-na-Gavea.webp\",\"contentUrl\":\"https:\/\/www.gaveanews.com\/wp-content\/uploads\/2019\/03\/Rodolfo-Landim-durante-entrevista-coletiva-na-Gavea.webp\",\"width\":900,\"height\":599,\"caption\":\"Rodolfo Landim durante entrevista coletiva na G\u00e1vea (Foto: Ag\u00eancia Foto BR)\"},{\"@type\":\"BreadcrumbList\",\"@id\":\"https:\/\/www.gaveanews.com\/index.php\/2020\/10\/21\/dirigente-do-atletico-revela-discussao-com-landim-e-detona-o-flamengo-e-um-vexame\/#breadcrumb\",\"itemListElement\":[{\"@type\":\"ListItem\",\"position\":1,\"name\":\"Home\",\"item\":\"https:\/\/www.gaveanews.com\/\"},{\"@type\":\"ListItem\",\"position\":2,\"name\":\"Dirigente do Atl\u00e9tico revela discuss\u00e3o com Landim e detona o Flamengo: &#8220;\u00c9 um vexame&#8221;\"}]},{\"@type\":\"WebSite\",\"@id\":\"https:\/\/www.gaveanews.com\/#website\",\"url\":\"https:\/\/www.gaveanews.com\/\",\"name\":\"G\u00e1vea News\",\"description\":\"Veja todas as not\u00edcias sobre o Flamengo: Contrata\u00e7\u00f5es, categorias de base, resultados das partidas, tabela de classifica\u00e7\u00e3o, pr\u00f3ximos jogos!\",\"potentialAction\":[{\"@type\":\"SearchAction\",\"target\":{\"@type\":\"EntryPoint\",\"urlTemplate\":\"https:\/\/www.gaveanews.com\/?s={search_term_string}\"},\"query-input\":{\"@type\":\"PropertyValueSpecification\",\"valueRequired\":true,\"valueName\":\"search_term_string\"}}],\"inLanguage\":\"pt-BR\"},{\"@type\":\"Person\",\"@id\":\"https:\/\/www.gaveanews.com\/#\/schema\/person\/2ec14f73fb96be2caf28f91afb14749d\",\"name\":\"Equipe G\u00e1vea News\",\"image\":{\"@type\":\"ImageObject\",\"inLanguage\":\"pt-BR\",\"@id\":\"https:\/\/www.gaveanews.com\/#\/schema\/person\/image\/\",\"url\":\"https:\/\/secure.gravatar.com\/avatar\/1e1956f1facbffd3f8fa53a326721950116b3b9dc9bd44939c01180fd4a745a9?s=96&d=mm&r=g\",\"contentUrl\":\"https:\/\/secure.gravatar.com\/avatar\/1e1956f1facbffd3f8fa53a326721950116b3b9dc9bd44939c01180fd4a745a9?s=96&d=mm&r=g\",\"caption\":\"Equipe G\u00e1vea News\"}}]}<\/script>\n<!-- \/ Yoast SEO Premium plugin. -->","yoast_head_json":{"title":"Dirigente do Atl\u00e9tico revela discuss\u00e3o com Landim e detona o Flamengo","description":"L\u00e1saro C\u00e2ndid, vice-presidente do Atl\u00e9tico-MG, revelou uma discuss\u00e3o com Rodolfo Landim, mandat\u00e1rio do clube carioca, em uma reuni\u00e3o da CBF.","robots":{"index":"index","follow":"follow","max-snippet":"max-snippet:-1","max-image-preview":"max-image-preview:large","max-video-preview":"max-video-preview:-1"},"canonical":"https:\/\/www.gaveanews.com\/index.php\/2020\/10\/21\/dirigente-do-atletico-revela-discussao-com-landim-e-detona-o-flamengo-e-um-vexame\/","og_locale":"pt_BR","og_type":"article","og_title":"Dirigente do Atl\u00e9tico revela discuss\u00e3o com Landim e detona o Flamengo: \"\u00c9 um vexame\"","og_description":"L\u00e1saro C\u00e2ndid, vice-presidente do Atl\u00e9tico-MG, revelou uma discuss\u00e3o com Rodolfo Landim, mandat\u00e1rio do clube carioca, em uma reuni\u00e3o da CBF.","og_url":"https:\/\/www.gaveanews.com\/index.php\/2020\/10\/21\/dirigente-do-atletico-revela-discussao-com-landim-e-detona-o-flamengo-e-um-vexame\/","og_site_name":"G\u00e1vea News","article_publisher":"https:\/\/facebook.com\/gaveaNews\/","article_published_time":"2020-10-21T10:15:38+00:00","og_image":[{"url":"https:\/\/www.gaveanews.com\/wp-content\/uploads\/2019\/03\/Rodolfo-Landim-durante-entrevista-coletiva-na-Gavea.webp","width":1,"height":1,"type":"image\/jpeg"}],"author":"Equipe G\u00e1vea News","twitter_card":"summary_large_image","twitter_misc":{"Escrito por":"Equipe G\u00e1vea News","Est. tempo de leitura":"2 minutos"},"schema":{"@context":"https:\/\/schema.org","@graph":[{"@type":"NewsArticle","@id":"https:\/\/www.gaveanews.com\/index.php\/2020\/10\/21\/dirigente-do-atletico-revela-discussao-com-landim-e-detona-o-flamengo-e-um-vexame\/#article","isPartOf":{"@id":"https:\/\/www.gaveanews.com\/index.php\/2020\/10\/21\/dirigente-do-atletico-revela-discussao-com-landim-e-detona-o-flamengo-e-um-vexame\/"},"author":{"name":"Equipe G\u00e1vea News","@id":"https:\/\/www.gaveanews.com\/#\/schema\/person\/2ec14f73fb96be2caf28f91afb14749d"},"headline":"Dirigente do Atl\u00e9tico revela discuss\u00e3o com Landim e detona o Flamengo: &#8220;\u00c9 um vexame&#8221;","datePublished":"2020-10-21T10:15:38+00:00","mainEntityOfPage":{"@id":"https:\/\/www.gaveanews.com\/index.php\/2020\/10\/21\/dirigente-do-atletico-revela-discussao-com-landim-e-detona-o-flamengo-e-um-vexame\/"},"wordCount":420,"commentCount":48,"image":{"@id":"https:\/\/www.gaveanews.com\/index.php\/2020\/10\/21\/dirigente-do-atletico-revela-discussao-com-landim-e-detona-o-flamengo-e-um-vexame\/#primaryimage"},"thumbnailUrl":"https:\/\/www.gaveanews.com\/wp-content\/uploads\/2019\/03\/Rodolfo-Landim-durante-entrevista-coletiva-na-Gavea.webp","articleSection":["Destaques"],"inLanguage":"pt-BR","potentialAction":[{"@type":"CommentAction","name":"Comment","target":["https:\/\/www.gaveanews.com\/index.php\/2020\/10\/21\/dirigente-do-atletico-revela-discussao-com-landim-e-detona-o-flamengo-e-um-vexame\/#respond"]}],"copyrightYear":"2020","copyrightHolder":{"@id":"https:\/\/www.gaveanews.com\/#organization"}},{"@type":"WebPage","@id":"https:\/\/www.gaveanews.com\/index.php\/2020\/10\/21\/dirigente-do-atletico-revela-discussao-com-landim-e-detona-o-flamengo-e-um-vexame\/","url":"https:\/\/www.gaveanews.com\/index.php\/2020\/10\/21\/dirigente-do-atletico-revela-discussao-com-landim-e-detona-o-flamengo-e-um-vexame\/","name":"Dirigente do Atl\u00e9tico revela discuss\u00e3o com Landim e detona o Flamengo","isPartOf":{"@id":"https:\/\/www.gaveanews.com\/#website"},"primaryImageOfPage":{"@id":"https:\/\/www.gaveanews.com\/index.php\/2020\/10\/21\/dirigente-do-atletico-revela-discussao-com-landim-e-detona-o-flamengo-e-um-vexame\/#primaryimage"},"image":{"@id":"https:\/\/www.gaveanews.com\/index.php\/2020\/10\/21\/dirigente-do-atletico-revela-discussao-com-landim-e-detona-o-flamengo-e-um-vexame\/#primaryimage"},"thumbnailUrl":"https:\/\/www.gaveanews.com\/wp-content\/uploads\/2019\/03\/Rodolfo-Landim-durante-entrevista-coletiva-na-Gavea.webp","datePublished":"2020-10-21T10:15:38+00:00","author":{"@id":"https:\/\/www.gaveanews.com\/#\/schema\/person\/2ec14f73fb96be2caf28f91afb14749d"},"description":"L\u00e1saro C\u00e2ndid, vice-presidente do Atl\u00e9tico-MG, revelou uma discuss\u00e3o com Rodolfo Landim, mandat\u00e1rio do clube carioca, em uma reuni\u00e3o da CBF.","breadcrumb":{"@id":"https:\/\/www.gaveanews.com\/index.php\/2020\/10\/21\/dirigente-do-atletico-revela-discussao-com-landim-e-detona-o-flamengo-e-um-vexame\/#breadcrumb"},"inLanguage":"pt-BR","potentialAction":[{"@type":"ReadAction","target":["https:\/\/www.gaveanews.com\/index.php\/2020\/10\/21\/dirigente-do-atletico-revela-discussao-com-landim-e-detona-o-flamengo-e-um-vexame\/"]}]},{"@type":"ImageObject","inLanguage":"pt-BR","@id":"https:\/\/www.gaveanews.com\/index.php\/2020\/10\/21\/dirigente-do-atletico-revela-discussao-com-landim-e-detona-o-flamengo-e-um-vexame\/#primaryimage","url":"https:\/\/www.gaveanews.com\/wp-content\/uploads\/2019\/03\/Rodolfo-Landim-durante-entrevista-coletiva-na-Gavea.webp","contentUrl":"https:\/\/www.gaveanews.com\/wp-content\/uploads\/2019\/03\/Rodolfo-Landim-durante-entrevista-coletiva-na-Gavea.webp","width":900,"height":599,"caption":"Rodolfo Landim durante entrevista coletiva na G\u00e1vea (Foto: Ag\u00eancia Foto BR)"},{"@type":"BreadcrumbList","@id":"https:\/\/www.gaveanews.com\/index.php\/2020\/10\/21\/dirigente-do-atletico-revela-discussao-com-landim-e-detona-o-flamengo-e-um-vexame\/#breadcrumb","itemListElement":[{"@type":"ListItem","position":1,"name":"Home","item":"https:\/\/www.gaveanews.com\/"},{"@type":"ListItem","position":2,"name":"Dirigente do Atl\u00e9tico revela discuss\u00e3o com Landim e detona o Flamengo: &#8220;\u00c9 um vexame&#8221;"}]},{"@type":"WebSite","@id":"https:\/\/www.gaveanews.com\/#website","url":"https:\/\/www.gaveanews.com\/","name":"G\u00e1vea News","description":"Veja todas as not\u00edcias sobre o Flamengo: Contrata\u00e7\u00f5es, categorias de base, resultados das partidas, tabela de classifica\u00e7\u00e3o, pr\u00f3ximos jogos!","potentialAction":[{"@type":"SearchAction","target":{"@type":"EntryPoint","urlTemplate":"https:\/\/www.gaveanews.com\/?s={search_term_string}"},"query-input":{"@type":"PropertyValueSpecification","valueRequired":true,"valueName":"search_term_string"}}],"inLanguage":"pt-BR"},{"@type":"Person","@id":"https:\/\/www.gaveanews.com\/#\/schema\/person\/2ec14f73fb96be2caf28f91afb14749d","name":"Equipe G\u00e1vea News","image":{"@type":"ImageObject","inLanguage":"pt-BR","@id":"https:\/\/www.gaveanews.com\/#\/schema\/person\/image\/","url":"https:\/\/secure.gravatar.com\/avatar\/1e1956f1facbffd3f8fa53a326721950116b3b9dc9bd44939c01180fd4a745a9?s=96&d=mm&r=g","contentUrl":"https:\/\/secure.gravatar.com\/avatar\/1e1956f1facbffd3f8fa53a326721950116b3b9dc9bd44939c01180fd4a745a9?s=96&d=mm&r=g","caption":"Equipe G\u00e1vea News"}}]}},"_links":{"self":[{"href":"https:\/\/www.gaveanews.com\/index.php\/wp-json\/wp\/v2\/posts\/49604","targetHints":{"allow":["GET"]}}],"collection":[{"href":"https:\/\/www.gaveanews.com\/index.php\/wp-json\/wp\/v2\/posts"}],"about":[{"href":"https:\/\/www.gaveanews.com\/index.php\/wp-json\/wp\/v2\/types\/post"}],"author":[{"embeddable":true,"href":"https:\/\/www.gaveanews.com\/index.php\/wp-json\/wp\/v2\/users\/1"}],"replies":[{"embeddable":true,"href":"https:\/\/www.gaveanews.com\/index.php\/wp-json\/wp\/v2\/comments?post=49604"}],"version-history":[{"count":0,"href":"https:\/\/www.gaveanews.com\/index.php\/wp-json\/wp\/v2\/posts\/49604\/revisions"}],"wp:featuredmedia":[{"embeddable":true,"href":"https:\/\/www.gaveanews.com\/index.php\/wp-json\/wp\/v2\/media\/15077"}],"wp:attachment":[{"href":"https:\/\/www.gaveanews.com\/index.php\/wp-json\/wp\/v2\/media?parent=49604"}],"wp:term":[{"taxonomy":"category","embeddable":true,"href":"https:\/\/www.gaveanews.com\/index.php\/wp-json\/wp\/v2\/categories?post=49604"},{"taxonomy":"post_tag","embeddable":true,"href":"https:\/\/www.gaveanews.com\/index.php\/wp-json\/wp\/v2\/tags?post=49604"}],"curies":[{"name":"wp","href":"https:\/\/api.w.org\/{rel}","templated":true}]}}