{"id":49606,"date":"2020-10-21T07:45:58","date_gmt":"2020-10-21T10:45:58","guid":{"rendered":"https:\/\/www.gaveanews.com\/?p=49606"},"modified":"2020-10-21T02:07:04","modified_gmt":"2020-10-21T05:07:04","slug":"savio-afirma-que-de-arrascaeta-e-everton-ribeiro-devem-ser-titulares-absolutos","status":"publish","type":"post","link":"https:\/\/www.gaveanews.com\/index.php\/2020\/10\/21\/savio-afirma-que-de-arrascaeta-e-everton-ribeiro-devem-ser-titulares-absolutos\/","title":{"rendered":"S\u00e1vio afirma que De Arrascaeta e Everton Ribeiro devem ser titulares absolutos"},"content":{"rendered":"\n<p>O Flamengo encara o Junior Barranquilla, nesta quarta-feira, \u00e0s 21h30 (de Bras\u00edlia), pela Conmebol Libertadores. Enquanto Dom\u00e9nec Torrent quebra a cabe\u00e7a para montar a equipe que vai a campo, um \u00eddolo da torcida comentou sobre o atual time carioca, que vem de uma goleada por 5 a 1 sobre o Corinthians.<\/p>\n\n\n\n<p>Em entrevista exclusiva ao portal &#8216;ESPN&#8217;, o ex-jogador S\u00e1vio rasgou elogios ao elenco rubro-negro. Comentou sobre o rod\u00edzio feito por Dome at\u00e9 ent\u00e3o, ficou em cima do muro sobre quem deve ser o 9 da equipe e destacou que o time tem dois jogadores absolutos: \u00c9verton Ribeiro e Arrascaeta.<\/p>\n\n\n\n<p>&#8220;Vou deixar essa bomba para o Dome (sobre escalar Pedro ou Gabigol). Porque \u00e9 o seguinte, voc\u00ea citou alguns nomes e o que o Flamengo pode fazer durante as competi\u00e7\u00f5es. S\u00e3o muitos jogadores e de muito talento. Sou suspeito, porque particularmente gosto de dois e que, para mim, t\u00eam que jogar sempre (risos). Fica dif\u00edcil, sou muito f\u00e3, j\u00e1 falei algumas vezes, do Everton Ribeiro. \u00c9 um jogador com um talento a n\u00edvel nacional diferenciado. Pensa a todo momento, que taticamente \u00e9 muito bom, antev\u00ea as jogadas\u201d, afirmou S\u00e1vio.<\/p>\n\n\n\n<p>\u201cE tamb\u00e9m gosto muito do Arrascaeta. Ent\u00e3o, para mim, esses dois t\u00eam que jogar sempre. Com esses dois jogando, o Dome, com o resto, quebra a cabecinha dele&#8221;, completou.<\/p>\n\n\n\n<p>Sobre a quest\u00e3o de trocar constantes, S\u00e1vio admitiu que tem o lado positivo e o negativo. E a parte ruim geralmente fica com a torcida. Principalmente por conta de tudo que Jorge Jesus fez no ano passado formando um time-base.<\/p>\n\n\n\n<p>\u201cA quest\u00e3o de rodar muito o time, voc\u00ea vai agradar a muitos jogadores, porque se sentem mais confiantes e sabem que ter\u00e3o certa oportunidade. Agora, \u00e9 claro, se pegar bem o torcedor, ele n\u00e3o gosta que rode o time. Principalmente quando se vem de um 2019 de um time formado praticamente com 11 jogadores\u201d.<\/p>\n\n\n\n<p>\u201cQuando voc\u00ea vem de um ano como foi e inicia 2020 mais ou menos como se terminou o ano, o torcedor se adapta a algo mais equilibrado. Eu, particularmente, n\u00e3o gosto de girar muito, mesmo sabendo que fui um ex-atleta. Mas, dentro da circunst\u00e2ncia que se encontrou 2020, eu acho v\u00e1lido&#8221;, finalizou.<\/p>\n\n\n\n<p>O Flamengo encara o Junior Barranquilla, nesta quarta-feira, e depois foca na sequ\u00eancia de Brasileir\u00e3o e Copa do Brasil. O time ter\u00e1 pela frente Internacional, S\u00e3o Paulo e Atl\u00e9tico-MG, al\u00e9m dos confrontos diante do Athletico-PR.<\/p>\n\n\n\n<p>Retirado de: ESPN<\/p>\n","protected":false},"excerpt":{"rendered":"<p>O Flamengo encara o Junior Barranquilla, nesta quarta-feira, \u00e0s 21h30 (de Bras\u00edlia), pela Conmebol Libertadores. Enquanto Dom\u00e9nec Torrent quebra a cabe\u00e7a para montar a equipe que vai a campo, um \u00eddolo da torcida comentou sobre o atual time carioca, que vem de uma goleada por 5 a 1 sobre o Corinthians. Em entrevista exclusiva ao [&hellip;]<\/p>\n","protected":false},"author":1,"featured_media":46693,"comment_status":"open","ping_status":"closed","sticky":false,"template":"","format":"standard","meta":{"footnotes":""},"categories":[47],"tags":[],"class_list":["post-49606","post","type-post","status-publish","format-standard","has-post-thumbnail","hentry","category-destaques"],"yoast_head":"<!-- This site is optimized with the Yoast SEO Premium plugin v24.2 (Yoast SEO v26.9) - https:\/\/yoast.com\/product\/yoast-seo-premium-wordpress\/ -->\n<title>S\u00e1vio diz que Arrascaeta e Everton devem ser titulares absolutos no Fla<\/title>\n<meta name=\"description\" content=\"&quot;Gosto muito do Arrascaeta. Ent\u00e3o, para mim, esses 2 t\u00eam que jogar sempre. Com esses 2 jogando, o Dome, com o resto, quebra a cabe\u00e7a dele&quot;.\" \/>\n<meta name=\"robots\" content=\"index, follow, max-snippet:-1, max-image-preview:large, max-video-preview:-1\" \/>\n<link rel=\"canonical\" href=\"https:\/\/www.gaveanews.com\/index.php\/2020\/10\/21\/savio-afirma-que-de-arrascaeta-e-everton-ribeiro-devem-ser-titulares-absolutos\/\" \/>\n<meta property=\"og:locale\" content=\"pt_BR\" \/>\n<meta property=\"og:type\" content=\"article\" \/>\n<meta property=\"og:title\" content=\"S\u00e1vio afirma que De Arrascaeta e Everton Ribeiro devem ser titulares absolutos\" \/>\n<meta property=\"og:description\" content=\"&quot;Gosto muito do Arrascaeta. Ent\u00e3o, para mim, esses 2 t\u00eam que jogar sempre. Com esses 2 jogando, o Dome, com o resto, quebra a cabe\u00e7a dele&quot;.\" \/>\n<meta property=\"og:url\" content=\"https:\/\/www.gaveanews.com\/index.php\/2020\/10\/21\/savio-afirma-que-de-arrascaeta-e-everton-ribeiro-devem-ser-titulares-absolutos\/\" \/>\n<meta property=\"og:site_name\" content=\"G\u00e1vea News\" \/>\n<meta property=\"article:publisher\" content=\"https:\/\/facebook.com\/gaveaNews\/\" \/>\n<meta property=\"article:published_time\" content=\"2020-10-21T10:45:58+00:00\" \/>\n<meta property=\"og:image\" content=\"https:\/\/www.gaveanews.com\/wp-content\/uploads\/Everton-Ribeiro-em-acao-pelo-Flamengo-durante-a-partida-contra-o-Coritiba.webp\" \/>\n\t<meta property=\"og:image:width\" content=\"800\" \/>\n\t<meta property=\"og:image:height\" content=\"533\" \/>\n\t<meta property=\"og:image:type\" content=\"image\/jpeg\" \/>\n<meta name=\"author\" content=\"Equipe G\u00e1vea News\" \/>\n<meta name=\"twitter:card\" content=\"summary_large_image\" \/>\n<meta name=\"twitter:label1\" content=\"Escrito por\" \/>\n\t<meta name=\"twitter:data1\" content=\"Equipe G\u00e1vea News\" \/>\n\t<meta name=\"twitter:label2\" content=\"Est. tempo de leitura\" \/>\n\t<meta name=\"twitter:data2\" content=\"2 minutos\" \/>\n<script type=\"application\/ld+json\" class=\"yoast-schema-graph\">{\"@context\":\"https:\/\/schema.org\",\"@graph\":[{\"@type\":\"NewsArticle\",\"@id\":\"https:\/\/www.gaveanews.com\/index.php\/2020\/10\/21\/savio-afirma-que-de-arrascaeta-e-everton-ribeiro-devem-ser-titulares-absolutos\/#article\",\"isPartOf\":{\"@id\":\"https:\/\/www.gaveanews.com\/index.php\/2020\/10\/21\/savio-afirma-que-de-arrascaeta-e-everton-ribeiro-devem-ser-titulares-absolutos\/\"},\"author\":{\"name\":\"Equipe G\u00e1vea News\",\"@id\":\"https:\/\/www.gaveanews.com\/#\/schema\/person\/2ec14f73fb96be2caf28f91afb14749d\"},\"headline\":\"S\u00e1vio afirma que De Arrascaeta e Everton Ribeiro devem ser titulares absolutos\",\"datePublished\":\"2020-10-21T10:45:58+00:00\",\"mainEntityOfPage\":{\"@id\":\"https:\/\/www.gaveanews.com\/index.php\/2020\/10\/21\/savio-afirma-que-de-arrascaeta-e-everton-ribeiro-devem-ser-titulares-absolutos\/\"},\"wordCount\":432,\"commentCount\":1,\"image\":{\"@id\":\"https:\/\/www.gaveanews.com\/index.php\/2020\/10\/21\/savio-afirma-que-de-arrascaeta-e-everton-ribeiro-devem-ser-titulares-absolutos\/#primaryimage\"},\"thumbnailUrl\":\"https:\/\/www.gaveanews.com\/wp-content\/uploads\/Everton-Ribeiro-em-acao-pelo-Flamengo-durante-a-partida-contra-o-Coritiba.webp\",\"articleSection\":[\"Destaques\"],\"inLanguage\":\"pt-BR\",\"potentialAction\":[{\"@type\":\"CommentAction\",\"name\":\"Comment\",\"target\":[\"https:\/\/www.gaveanews.com\/index.php\/2020\/10\/21\/savio-afirma-que-de-arrascaeta-e-everton-ribeiro-devem-ser-titulares-absolutos\/#respond\"]}],\"copyrightYear\":\"2020\",\"copyrightHolder\":{\"@id\":\"https:\/\/www.gaveanews.com\/#organization\"}},{\"@type\":\"WebPage\",\"@id\":\"https:\/\/www.gaveanews.com\/index.php\/2020\/10\/21\/savio-afirma-que-de-arrascaeta-e-everton-ribeiro-devem-ser-titulares-absolutos\/\",\"url\":\"https:\/\/www.gaveanews.com\/index.php\/2020\/10\/21\/savio-afirma-que-de-arrascaeta-e-everton-ribeiro-devem-ser-titulares-absolutos\/\",\"name\":\"S\u00e1vio diz que Arrascaeta e Everton devem ser titulares absolutos no Fla\",\"isPartOf\":{\"@id\":\"https:\/\/www.gaveanews.com\/#website\"},\"primaryImageOfPage\":{\"@id\":\"https:\/\/www.gaveanews.com\/index.php\/2020\/10\/21\/savio-afirma-que-de-arrascaeta-e-everton-ribeiro-devem-ser-titulares-absolutos\/#primaryimage\"},\"image\":{\"@id\":\"https:\/\/www.gaveanews.com\/index.php\/2020\/10\/21\/savio-afirma-que-de-arrascaeta-e-everton-ribeiro-devem-ser-titulares-absolutos\/#primaryimage\"},\"thumbnailUrl\":\"https:\/\/www.gaveanews.com\/wp-content\/uploads\/Everton-Ribeiro-em-acao-pelo-Flamengo-durante-a-partida-contra-o-Coritiba.webp\",\"datePublished\":\"2020-10-21T10:45:58+00:00\",\"author\":{\"@id\":\"https:\/\/www.gaveanews.com\/#\/schema\/person\/2ec14f73fb96be2caf28f91afb14749d\"},\"description\":\"\\\"Gosto muito do Arrascaeta. Ent\u00e3o, para mim, esses 2 t\u00eam que jogar sempre. Com esses 2 jogando, o Dome, com o resto, quebra a cabe\u00e7a dele\\\".\",\"breadcrumb\":{\"@id\":\"https:\/\/www.gaveanews.com\/index.php\/2020\/10\/21\/savio-afirma-que-de-arrascaeta-e-everton-ribeiro-devem-ser-titulares-absolutos\/#breadcrumb\"},\"inLanguage\":\"pt-BR\",\"potentialAction\":[{\"@type\":\"ReadAction\",\"target\":[\"https:\/\/www.gaveanews.com\/index.php\/2020\/10\/21\/savio-afirma-que-de-arrascaeta-e-everton-ribeiro-devem-ser-titulares-absolutos\/\"]}]},{\"@type\":\"ImageObject\",\"inLanguage\":\"pt-BR\",\"@id\":\"https:\/\/www.gaveanews.com\/index.php\/2020\/10\/21\/savio-afirma-que-de-arrascaeta-e-everton-ribeiro-devem-ser-titulares-absolutos\/#primaryimage\",\"url\":\"https:\/\/www.gaveanews.com\/wp-content\/uploads\/Everton-Ribeiro-em-acao-pelo-Flamengo-durante-a-partida-contra-o-Coritiba.webp\",\"contentUrl\":\"https:\/\/www.gaveanews.com\/wp-content\/uploads\/Everton-Ribeiro-em-acao-pelo-Flamengo-durante-a-partida-contra-o-Coritiba.webp\",\"width\":800,\"height\":533,\"caption\":\"Everton Ribeiro em a\u00e7\u00e3o pelo Flamengo durante a partida contra o Coritiba (Foto: Alexandre Vidal\/Flamengo)\"},{\"@type\":\"BreadcrumbList\",\"@id\":\"https:\/\/www.gaveanews.com\/index.php\/2020\/10\/21\/savio-afirma-que-de-arrascaeta-e-everton-ribeiro-devem-ser-titulares-absolutos\/#breadcrumb\",\"itemListElement\":[{\"@type\":\"ListItem\",\"position\":1,\"name\":\"Home\",\"item\":\"https:\/\/www.gaveanews.com\/\"},{\"@type\":\"ListItem\",\"position\":2,\"name\":\"S\u00e1vio afirma que De Arrascaeta e Everton Ribeiro devem ser titulares absolutos\"}]},{\"@type\":\"WebSite\",\"@id\":\"https:\/\/www.gaveanews.com\/#website\",\"url\":\"https:\/\/www.gaveanews.com\/\",\"name\":\"G\u00e1vea News\",\"description\":\"Veja todas as not\u00edcias sobre o Flamengo: Contrata\u00e7\u00f5es, categorias de base, resultados das partidas, tabela de classifica\u00e7\u00e3o, pr\u00f3ximos jogos!\",\"potentialAction\":[{\"@type\":\"SearchAction\",\"target\":{\"@type\":\"EntryPoint\",\"urlTemplate\":\"https:\/\/www.gaveanews.com\/?s={search_term_string}\"},\"query-input\":{\"@type\":\"PropertyValueSpecification\",\"valueRequired\":true,\"valueName\":\"search_term_string\"}}],\"inLanguage\":\"pt-BR\"},{\"@type\":\"Person\",\"@id\":\"https:\/\/www.gaveanews.com\/#\/schema\/person\/2ec14f73fb96be2caf28f91afb14749d\",\"name\":\"Equipe G\u00e1vea News\",\"image\":{\"@type\":\"ImageObject\",\"inLanguage\":\"pt-BR\",\"@id\":\"https:\/\/www.gaveanews.com\/#\/schema\/person\/image\/\",\"url\":\"https:\/\/secure.gravatar.com\/avatar\/1e1956f1facbffd3f8fa53a326721950116b3b9dc9bd44939c01180fd4a745a9?s=96&d=mm&r=g\",\"contentUrl\":\"https:\/\/secure.gravatar.com\/avatar\/1e1956f1facbffd3f8fa53a326721950116b3b9dc9bd44939c01180fd4a745a9?s=96&d=mm&r=g\",\"caption\":\"Equipe G\u00e1vea News\"}}]}<\/script>\n<!-- \/ Yoast SEO Premium plugin. -->","yoast_head_json":{"title":"S\u00e1vio diz que Arrascaeta e Everton devem ser titulares absolutos no Fla","description":"\"Gosto muito do Arrascaeta. Ent\u00e3o, para mim, esses 2 t\u00eam que jogar sempre. Com esses 2 jogando, o Dome, com o resto, quebra a cabe\u00e7a dele\".","robots":{"index":"index","follow":"follow","max-snippet":"max-snippet:-1","max-image-preview":"max-image-preview:large","max-video-preview":"max-video-preview:-1"},"canonical":"https:\/\/www.gaveanews.com\/index.php\/2020\/10\/21\/savio-afirma-que-de-arrascaeta-e-everton-ribeiro-devem-ser-titulares-absolutos\/","og_locale":"pt_BR","og_type":"article","og_title":"S\u00e1vio afirma que De Arrascaeta e Everton Ribeiro devem ser titulares absolutos","og_description":"\"Gosto muito do Arrascaeta. Ent\u00e3o, para mim, esses 2 t\u00eam que jogar sempre. Com esses 2 jogando, o Dome, com o resto, quebra a cabe\u00e7a dele\".","og_url":"https:\/\/www.gaveanews.com\/index.php\/2020\/10\/21\/savio-afirma-que-de-arrascaeta-e-everton-ribeiro-devem-ser-titulares-absolutos\/","og_site_name":"G\u00e1vea News","article_publisher":"https:\/\/facebook.com\/gaveaNews\/","article_published_time":"2020-10-21T10:45:58+00:00","og_image":[{"width":800,"height":533,"url":"https:\/\/www.gaveanews.com\/wp-content\/uploads\/Everton-Ribeiro-em-acao-pelo-Flamengo-durante-a-partida-contra-o-Coritiba.webp","type":"image\/jpeg"}],"author":"Equipe G\u00e1vea News","twitter_card":"summary_large_image","twitter_misc":{"Escrito por":"Equipe G\u00e1vea News","Est. tempo de leitura":"2 minutos"},"schema":{"@context":"https:\/\/schema.org","@graph":[{"@type":"NewsArticle","@id":"https:\/\/www.gaveanews.com\/index.php\/2020\/10\/21\/savio-afirma-que-de-arrascaeta-e-everton-ribeiro-devem-ser-titulares-absolutos\/#article","isPartOf":{"@id":"https:\/\/www.gaveanews.com\/index.php\/2020\/10\/21\/savio-afirma-que-de-arrascaeta-e-everton-ribeiro-devem-ser-titulares-absolutos\/"},"author":{"name":"Equipe G\u00e1vea News","@id":"https:\/\/www.gaveanews.com\/#\/schema\/person\/2ec14f73fb96be2caf28f91afb14749d"},"headline":"S\u00e1vio afirma que De Arrascaeta e Everton Ribeiro devem ser titulares absolutos","datePublished":"2020-10-21T10:45:58+00:00","mainEntityOfPage":{"@id":"https:\/\/www.gaveanews.com\/index.php\/2020\/10\/21\/savio-afirma-que-de-arrascaeta-e-everton-ribeiro-devem-ser-titulares-absolutos\/"},"wordCount":432,"commentCount":1,"image":{"@id":"https:\/\/www.gaveanews.com\/index.php\/2020\/10\/21\/savio-afirma-que-de-arrascaeta-e-everton-ribeiro-devem-ser-titulares-absolutos\/#primaryimage"},"thumbnailUrl":"https:\/\/www.gaveanews.com\/wp-content\/uploads\/Everton-Ribeiro-em-acao-pelo-Flamengo-durante-a-partida-contra-o-Coritiba.webp","articleSection":["Destaques"],"inLanguage":"pt-BR","potentialAction":[{"@type":"CommentAction","name":"Comment","target":["https:\/\/www.gaveanews.com\/index.php\/2020\/10\/21\/savio-afirma-que-de-arrascaeta-e-everton-ribeiro-devem-ser-titulares-absolutos\/#respond"]}],"copyrightYear":"2020","copyrightHolder":{"@id":"https:\/\/www.gaveanews.com\/#organization"}},{"@type":"WebPage","@id":"https:\/\/www.gaveanews.com\/index.php\/2020\/10\/21\/savio-afirma-que-de-arrascaeta-e-everton-ribeiro-devem-ser-titulares-absolutos\/","url":"https:\/\/www.gaveanews.com\/index.php\/2020\/10\/21\/savio-afirma-que-de-arrascaeta-e-everton-ribeiro-devem-ser-titulares-absolutos\/","name":"S\u00e1vio diz que Arrascaeta e Everton devem ser titulares absolutos no Fla","isPartOf":{"@id":"https:\/\/www.gaveanews.com\/#website"},"primaryImageOfPage":{"@id":"https:\/\/www.gaveanews.com\/index.php\/2020\/10\/21\/savio-afirma-que-de-arrascaeta-e-everton-ribeiro-devem-ser-titulares-absolutos\/#primaryimage"},"image":{"@id":"https:\/\/www.gaveanews.com\/index.php\/2020\/10\/21\/savio-afirma-que-de-arrascaeta-e-everton-ribeiro-devem-ser-titulares-absolutos\/#primaryimage"},"thumbnailUrl":"https:\/\/www.gaveanews.com\/wp-content\/uploads\/Everton-Ribeiro-em-acao-pelo-Flamengo-durante-a-partida-contra-o-Coritiba.webp","datePublished":"2020-10-21T10:45:58+00:00","author":{"@id":"https:\/\/www.gaveanews.com\/#\/schema\/person\/2ec14f73fb96be2caf28f91afb14749d"},"description":"\"Gosto muito do Arrascaeta. Ent\u00e3o, para mim, esses 2 t\u00eam que jogar sempre. Com esses 2 jogando, o Dome, com o resto, quebra a cabe\u00e7a dele\".","breadcrumb":{"@id":"https:\/\/www.gaveanews.com\/index.php\/2020\/10\/21\/savio-afirma-que-de-arrascaeta-e-everton-ribeiro-devem-ser-titulares-absolutos\/#breadcrumb"},"inLanguage":"pt-BR","potentialAction":[{"@type":"ReadAction","target":["https:\/\/www.gaveanews.com\/index.php\/2020\/10\/21\/savio-afirma-que-de-arrascaeta-e-everton-ribeiro-devem-ser-titulares-absolutos\/"]}]},{"@type":"ImageObject","inLanguage":"pt-BR","@id":"https:\/\/www.gaveanews.com\/index.php\/2020\/10\/21\/savio-afirma-que-de-arrascaeta-e-everton-ribeiro-devem-ser-titulares-absolutos\/#primaryimage","url":"https:\/\/www.gaveanews.com\/wp-content\/uploads\/Everton-Ribeiro-em-acao-pelo-Flamengo-durante-a-partida-contra-o-Coritiba.webp","contentUrl":"https:\/\/www.gaveanews.com\/wp-content\/uploads\/Everton-Ribeiro-em-acao-pelo-Flamengo-durante-a-partida-contra-o-Coritiba.webp","width":800,"height":533,"caption":"Everton Ribeiro em a\u00e7\u00e3o pelo Flamengo durante a partida contra o Coritiba (Foto: Alexandre Vidal\/Flamengo)"},{"@type":"BreadcrumbList","@id":"https:\/\/www.gaveanews.com\/index.php\/2020\/10\/21\/savio-afirma-que-de-arrascaeta-e-everton-ribeiro-devem-ser-titulares-absolutos\/#breadcrumb","itemListElement":[{"@type":"ListItem","position":1,"name":"Home","item":"https:\/\/www.gaveanews.com\/"},{"@type":"ListItem","position":2,"name":"S\u00e1vio afirma que De Arrascaeta e Everton Ribeiro devem ser titulares absolutos"}]},{"@type":"WebSite","@id":"https:\/\/www.gaveanews.com\/#website","url":"https:\/\/www.gaveanews.com\/","name":"G\u00e1vea News","description":"Veja todas as not\u00edcias sobre o Flamengo: Contrata\u00e7\u00f5es, categorias de base, resultados das partidas, tabela de classifica\u00e7\u00e3o, pr\u00f3ximos jogos!","potentialAction":[{"@type":"SearchAction","target":{"@type":"EntryPoint","urlTemplate":"https:\/\/www.gaveanews.com\/?s={search_term_string}"},"query-input":{"@type":"PropertyValueSpecification","valueRequired":true,"valueName":"search_term_string"}}],"inLanguage":"pt-BR"},{"@type":"Person","@id":"https:\/\/www.gaveanews.com\/#\/schema\/person\/2ec14f73fb96be2caf28f91afb14749d","name":"Equipe G\u00e1vea News","image":{"@type":"ImageObject","inLanguage":"pt-BR","@id":"https:\/\/www.gaveanews.com\/#\/schema\/person\/image\/","url":"https:\/\/secure.gravatar.com\/avatar\/1e1956f1facbffd3f8fa53a326721950116b3b9dc9bd44939c01180fd4a745a9?s=96&d=mm&r=g","contentUrl":"https:\/\/secure.gravatar.com\/avatar\/1e1956f1facbffd3f8fa53a326721950116b3b9dc9bd44939c01180fd4a745a9?s=96&d=mm&r=g","caption":"Equipe G\u00e1vea News"}}]}},"_links":{"self":[{"href":"https:\/\/www.gaveanews.com\/index.php\/wp-json\/wp\/v2\/posts\/49606","targetHints":{"allow":["GET"]}}],"collection":[{"href":"https:\/\/www.gaveanews.com\/index.php\/wp-json\/wp\/v2\/posts"}],"about":[{"href":"https:\/\/www.gaveanews.com\/index.php\/wp-json\/wp\/v2\/types\/post"}],"author":[{"embeddable":true,"href":"https:\/\/www.gaveanews.com\/index.php\/wp-json\/wp\/v2\/users\/1"}],"replies":[{"embeddable":true,"href":"https:\/\/www.gaveanews.com\/index.php\/wp-json\/wp\/v2\/comments?post=49606"}],"version-history":[{"count":0,"href":"https:\/\/www.gaveanews.com\/index.php\/wp-json\/wp\/v2\/posts\/49606\/revisions"}],"wp:featuredmedia":[{"embeddable":true,"href":"https:\/\/www.gaveanews.com\/index.php\/wp-json\/wp\/v2\/media\/46693"}],"wp:attachment":[{"href":"https:\/\/www.gaveanews.com\/index.php\/wp-json\/wp\/v2\/media?parent=49606"}],"wp:term":[{"taxonomy":"category","embeddable":true,"href":"https:\/\/www.gaveanews.com\/index.php\/wp-json\/wp\/v2\/categories?post=49606"},{"taxonomy":"post_tag","embeddable":true,"href":"https:\/\/www.gaveanews.com\/index.php\/wp-json\/wp\/v2\/tags?post=49606"}],"curies":[{"name":"wp","href":"https:\/\/api.w.org\/{rel}","templated":true}]}}