{"id":49614,"date":"2020-10-21T09:16:24","date_gmt":"2020-10-21T12:16:24","guid":{"rendered":"https:\/\/www.gaveanews.com\/?p=49614"},"modified":"2021-08-12T00:51:14","modified_gmt":"2021-08-12T03:51:14","slug":"situacao-de-ramon-chega-a-um-consenso-de-ambas-as-partes","status":"publish","type":"post","link":"https:\/\/www.gaveanews.com\/index.php\/2020\/10\/21\/situacao-de-ramon-chega-a-um-consenso-de-ambas-as-partes\/","title":{"rendered":"Flamengo e CBF entram em consenso sobre situa\u00e7\u00e3o de Ramon"},"content":{"rendered":"\n<p>No dia 06 de outubro, o lateral do Meng\u00e3o, Ramon, foi convocado para a Sele\u00e7\u00e3o Brasileira Sub-20. A convoca\u00e7\u00e3o demanda a presen\u00e7a do jogador entre dos dias 21 e 31 do mesmo m\u00eas no centro de treinamento em Itu, interior de S\u00e3o Paulo.<\/p>\n\n\n\n<p>Entretanto, a diretoria do Flamengo recorreu e tentou a libera\u00e7\u00e3o do jogador para que ele n\u00e3o se tornasse mais um desfalque no time, que possui o jogador titular da posi\u00e7\u00e3o de Ramon (Filipe Lu\u00eds) pendurado para o jogo de logo mais contra o Junior Barranquilla.<\/p>\n\n\n\n<p>O coordenador geral da Sele\u00e7\u00e3o, Branco, afirmou que n\u00e3o liberaria nenhum jogador de sua convoca\u00e7\u00e3o:<\/p>\n\n\n\n<p><em><strong>\u201cV\u00e1rios (clubes) pediram libera\u00e7\u00e3o de jogadores. Se eu liberar um, tenho que liberar todos. N\u00e3o posso beneficiar ningu\u00e9m\u201d<\/strong><\/em>\u2013 disse Branco.<\/p>\n\n\n\n<p>No entanto, a diretoria do rubro-negro n\u00e3o estava disposta a liberar o jogador por conta da partida contra o Junior das 21:30h de hoje (21). Ap\u00f3s tentar concess\u00f5es, o Flamengo conseguiu entrar em um consenso com a Sele\u00e7\u00e3o. O lateral ficar\u00e1 dispon\u00edvel pelo time contra o Junior Barranquilla nesta noite e, logo ap\u00f3s a partida, seguir\u00e1 para suas obriga\u00e7\u00f5es com a CBF at\u00e9 o dia 31. <\/p>\n\n\n\n<p>Com este resultado, Ramon desfalcar\u00e1 o Mais Querido apenas contra o Internacional no domingo (25), em partida pelo Brasileir\u00e3o, e contra o Athletico (28), em duelo pela Copa do Brasil.<\/p>\n","protected":false},"excerpt":{"rendered":"<p>No dia 06 de outubro, o lateral do Meng\u00e3o, Ramon, foi convocado para a Sele\u00e7\u00e3o Brasileira Sub-20. A convoca\u00e7\u00e3o demanda a presen\u00e7a do jogador entre dos dias 21 e 31 do mesmo m\u00eas no centro de treinamento em Itu, interior de S\u00e3o Paulo. Entretanto, a diretoria do Flamengo recorreu e tentou a libera\u00e7\u00e3o do jogador [&hellip;]<\/p>\n","protected":false},"author":4,"featured_media":20799,"comment_status":"open","ping_status":"closed","sticky":false,"template":"","format":"standard","meta":{"footnotes":""},"categories":[1],"tags":[],"class_list":["post-49614","post","type-post","status-publish","format-standard","has-post-thumbnail","hentry","category-flamengo"],"yoast_head":"<!-- This site is optimized with the Yoast SEO Premium plugin v24.2 (Yoast SEO v26.9) - https:\/\/yoast.com\/product\/yoast-seo-premium-wordpress\/ -->\n<title>Flamengo e CBF entram em consenso sobre situa\u00e7\u00e3o de Ramon<\/title>\n<meta name=\"description\" content=\"A convoca\u00e7\u00e3o demanda a presen\u00e7a do jogador entre dos dias 21 e 31 do mesmo m\u00eas no centro de treinamento em Itu, interior de S\u00e3o Paulo.\" \/>\n<meta name=\"robots\" content=\"index, follow, max-snippet:-1, max-image-preview:large, max-video-preview:-1\" \/>\n<link rel=\"canonical\" href=\"https:\/\/www.gaveanews.com\/index.php\/2020\/10\/21\/situacao-de-ramon-chega-a-um-consenso-de-ambas-as-partes\/\" \/>\n<meta property=\"og:locale\" content=\"pt_BR\" \/>\n<meta property=\"og:type\" content=\"article\" \/>\n<meta property=\"og:title\" content=\"Flamengo e CBF entram em consenso sobre situa\u00e7\u00e3o de Ramon\" \/>\n<meta property=\"og:description\" content=\"A convoca\u00e7\u00e3o demanda a presen\u00e7a do jogador entre dos dias 21 e 31 do mesmo m\u00eas no centro de treinamento em Itu, interior de S\u00e3o Paulo.\" \/>\n<meta property=\"og:url\" content=\"https:\/\/www.gaveanews.com\/index.php\/2020\/10\/21\/situacao-de-ramon-chega-a-um-consenso-de-ambas-as-partes\/\" \/>\n<meta property=\"og:site_name\" content=\"G\u00e1vea News\" \/>\n<meta property=\"article:publisher\" content=\"https:\/\/facebook.com\/gaveaNews\/\" \/>\n<meta property=\"article:published_time\" content=\"2020-10-21T12:16:24+00:00\" \/>\n<meta property=\"article:modified_time\" content=\"2021-08-12T03:51:14+00:00\" \/>\n<meta property=\"og:image\" content=\"https:\/\/www.gaveanews.com\/wp-content\/uploads\/2019\/05\/Ramon-Ramos-durante-treinamento-no-Ninho-do-Urubu.webp\" \/>\n\t<meta property=\"og:image:width\" content=\"749\" \/>\n\t<meta property=\"og:image:height\" content=\"749\" \/>\n\t<meta property=\"og:image:type\" content=\"image\/jpeg\" \/>\n<meta name=\"author\" content=\"Let\u00edcia Gerheim\" \/>\n<meta name=\"twitter:card\" content=\"summary_large_image\" \/>\n<meta name=\"twitter:label1\" content=\"Escrito por\" \/>\n\t<meta name=\"twitter:data1\" content=\"Let\u00edcia Gerheim\" \/>\n\t<meta name=\"twitter:label2\" content=\"Est. tempo de leitura\" \/>\n\t<meta name=\"twitter:data2\" content=\"1 minuto\" \/>\n<script type=\"application\/ld+json\" class=\"yoast-schema-graph\">{\"@context\":\"https:\/\/schema.org\",\"@graph\":[{\"@type\":\"NewsArticle\",\"@id\":\"https:\/\/www.gaveanews.com\/index.php\/2020\/10\/21\/situacao-de-ramon-chega-a-um-consenso-de-ambas-as-partes\/#article\",\"isPartOf\":{\"@id\":\"https:\/\/www.gaveanews.com\/index.php\/2020\/10\/21\/situacao-de-ramon-chega-a-um-consenso-de-ambas-as-partes\/\"},\"author\":{\"name\":\"Let\u00edcia Gerheim\",\"@id\":\"https:\/\/www.gaveanews.com\/#\/schema\/person\/714c67050b836198af2450ba1c142a67\"},\"headline\":\"Flamengo e CBF entram em consenso sobre situa\u00e7\u00e3o de Ramon\",\"datePublished\":\"2020-10-21T12:16:24+00:00\",\"dateModified\":\"2021-08-12T03:51:14+00:00\",\"mainEntityOfPage\":{\"@id\":\"https:\/\/www.gaveanews.com\/index.php\/2020\/10\/21\/situacao-de-ramon-chega-a-um-consenso-de-ambas-as-partes\/\"},\"wordCount\":248,\"commentCount\":10,\"image\":{\"@id\":\"https:\/\/www.gaveanews.com\/index.php\/2020\/10\/21\/situacao-de-ramon-chega-a-um-consenso-de-ambas-as-partes\/#primaryimage\"},\"thumbnailUrl\":\"https:\/\/www.gaveanews.com\/wp-content\/uploads\/2019\/05\/Ramon-Ramos-durante-treinamento-no-Ninho-do-Urubu.webp\",\"articleSection\":[\"Flamengo\"],\"inLanguage\":\"pt-BR\",\"potentialAction\":[{\"@type\":\"CommentAction\",\"name\":\"Comment\",\"target\":[\"https:\/\/www.gaveanews.com\/index.php\/2020\/10\/21\/situacao-de-ramon-chega-a-um-consenso-de-ambas-as-partes\/#respond\"]}],\"copyrightYear\":\"2020\",\"copyrightHolder\":{\"@id\":\"https:\/\/www.gaveanews.com\/#organization\"}},{\"@type\":\"WebPage\",\"@id\":\"https:\/\/www.gaveanews.com\/index.php\/2020\/10\/21\/situacao-de-ramon-chega-a-um-consenso-de-ambas-as-partes\/\",\"url\":\"https:\/\/www.gaveanews.com\/index.php\/2020\/10\/21\/situacao-de-ramon-chega-a-um-consenso-de-ambas-as-partes\/\",\"name\":\"Flamengo e CBF entram em consenso sobre situa\u00e7\u00e3o de Ramon\",\"isPartOf\":{\"@id\":\"https:\/\/www.gaveanews.com\/#website\"},\"primaryImageOfPage\":{\"@id\":\"https:\/\/www.gaveanews.com\/index.php\/2020\/10\/21\/situacao-de-ramon-chega-a-um-consenso-de-ambas-as-partes\/#primaryimage\"},\"image\":{\"@id\":\"https:\/\/www.gaveanews.com\/index.php\/2020\/10\/21\/situacao-de-ramon-chega-a-um-consenso-de-ambas-as-partes\/#primaryimage\"},\"thumbnailUrl\":\"https:\/\/www.gaveanews.com\/wp-content\/uploads\/2019\/05\/Ramon-Ramos-durante-treinamento-no-Ninho-do-Urubu.webp\",\"datePublished\":\"2020-10-21T12:16:24+00:00\",\"dateModified\":\"2021-08-12T03:51:14+00:00\",\"author\":{\"@id\":\"https:\/\/www.gaveanews.com\/#\/schema\/person\/714c67050b836198af2450ba1c142a67\"},\"description\":\"A convoca\u00e7\u00e3o demanda a presen\u00e7a do jogador entre dos dias 21 e 31 do mesmo m\u00eas no centro de treinamento em Itu, interior de S\u00e3o Paulo.\",\"breadcrumb\":{\"@id\":\"https:\/\/www.gaveanews.com\/index.php\/2020\/10\/21\/situacao-de-ramon-chega-a-um-consenso-de-ambas-as-partes\/#breadcrumb\"},\"inLanguage\":\"pt-BR\",\"potentialAction\":[{\"@type\":\"ReadAction\",\"target\":[\"https:\/\/www.gaveanews.com\/index.php\/2020\/10\/21\/situacao-de-ramon-chega-a-um-consenso-de-ambas-as-partes\/\"]}]},{\"@type\":\"ImageObject\",\"inLanguage\":\"pt-BR\",\"@id\":\"https:\/\/www.gaveanews.com\/index.php\/2020\/10\/21\/situacao-de-ramon-chega-a-um-consenso-de-ambas-as-partes\/#primaryimage\",\"url\":\"https:\/\/www.gaveanews.com\/wp-content\/uploads\/2019\/05\/Ramon-Ramos-durante-treinamento-no-Ninho-do-Urubu.webp\",\"contentUrl\":\"https:\/\/www.gaveanews.com\/wp-content\/uploads\/2019\/05\/Ramon-Ramos-durante-treinamento-no-Ninho-do-Urubu.webp\",\"width\":749,\"height\":749,\"caption\":\"Ramon Ramos durante treinamento no Ninho do Urubu (Foto: Reprodu\u00e7\u00e3o\/Instagram)\"},{\"@type\":\"BreadcrumbList\",\"@id\":\"https:\/\/www.gaveanews.com\/index.php\/2020\/10\/21\/situacao-de-ramon-chega-a-um-consenso-de-ambas-as-partes\/#breadcrumb\",\"itemListElement\":[{\"@type\":\"ListItem\",\"position\":1,\"name\":\"Home\",\"item\":\"https:\/\/www.gaveanews.com\/\"},{\"@type\":\"ListItem\",\"position\":2,\"name\":\"Flamengo e CBF entram em consenso sobre situa\u00e7\u00e3o de Ramon\"}]},{\"@type\":\"WebSite\",\"@id\":\"https:\/\/www.gaveanews.com\/#website\",\"url\":\"https:\/\/www.gaveanews.com\/\",\"name\":\"G\u00e1vea News\",\"description\":\"Veja todas as not\u00edcias sobre o Flamengo: Contrata\u00e7\u00f5es, categorias de base, resultados das partidas, tabela de classifica\u00e7\u00e3o, pr\u00f3ximos jogos!\",\"potentialAction\":[{\"@type\":\"SearchAction\",\"target\":{\"@type\":\"EntryPoint\",\"urlTemplate\":\"https:\/\/www.gaveanews.com\/?s={search_term_string}\"},\"query-input\":{\"@type\":\"PropertyValueSpecification\",\"valueRequired\":true,\"valueName\":\"search_term_string\"}}],\"inLanguage\":\"pt-BR\"},{\"@type\":\"Person\",\"@id\":\"https:\/\/www.gaveanews.com\/#\/schema\/person\/714c67050b836198af2450ba1c142a67\",\"name\":\"Let\u00edcia Gerheim\",\"image\":{\"@type\":\"ImageObject\",\"inLanguage\":\"pt-BR\",\"@id\":\"https:\/\/www.gaveanews.com\/#\/schema\/person\/image\/\",\"url\":\"https:\/\/secure.gravatar.com\/avatar\/60734739c50fcebfbac509e2a826ccd0ff405c019bc73aab9354f19ecad1dcb4?s=96&d=mm&r=g\",\"contentUrl\":\"https:\/\/secure.gravatar.com\/avatar\/60734739c50fcebfbac509e2a826ccd0ff405c019bc73aab9354f19ecad1dcb4?s=96&d=mm&r=g\",\"caption\":\"Let\u00edcia Gerheim\"}}]}<\/script>\n<!-- \/ Yoast SEO Premium plugin. -->","yoast_head_json":{"title":"Flamengo e CBF entram em consenso sobre situa\u00e7\u00e3o de Ramon","description":"A convoca\u00e7\u00e3o demanda a presen\u00e7a do jogador entre dos dias 21 e 31 do mesmo m\u00eas no centro de treinamento em Itu, interior de S\u00e3o Paulo.","robots":{"index":"index","follow":"follow","max-snippet":"max-snippet:-1","max-image-preview":"max-image-preview:large","max-video-preview":"max-video-preview:-1"},"canonical":"https:\/\/www.gaveanews.com\/index.php\/2020\/10\/21\/situacao-de-ramon-chega-a-um-consenso-de-ambas-as-partes\/","og_locale":"pt_BR","og_type":"article","og_title":"Flamengo e CBF entram em consenso sobre situa\u00e7\u00e3o de Ramon","og_description":"A convoca\u00e7\u00e3o demanda a presen\u00e7a do jogador entre dos dias 21 e 31 do mesmo m\u00eas no centro de treinamento em Itu, interior de S\u00e3o Paulo.","og_url":"https:\/\/www.gaveanews.com\/index.php\/2020\/10\/21\/situacao-de-ramon-chega-a-um-consenso-de-ambas-as-partes\/","og_site_name":"G\u00e1vea News","article_publisher":"https:\/\/facebook.com\/gaveaNews\/","article_published_time":"2020-10-21T12:16:24+00:00","article_modified_time":"2021-08-12T03:51:14+00:00","og_image":[{"width":749,"height":749,"url":"https:\/\/www.gaveanews.com\/wp-content\/uploads\/2019\/05\/Ramon-Ramos-durante-treinamento-no-Ninho-do-Urubu.webp","type":"image\/jpeg"}],"author":"Let\u00edcia Gerheim","twitter_card":"summary_large_image","twitter_misc":{"Escrito por":"Let\u00edcia Gerheim","Est. tempo de leitura":"1 minuto"},"schema":{"@context":"https:\/\/schema.org","@graph":[{"@type":"NewsArticle","@id":"https:\/\/www.gaveanews.com\/index.php\/2020\/10\/21\/situacao-de-ramon-chega-a-um-consenso-de-ambas-as-partes\/#article","isPartOf":{"@id":"https:\/\/www.gaveanews.com\/index.php\/2020\/10\/21\/situacao-de-ramon-chega-a-um-consenso-de-ambas-as-partes\/"},"author":{"name":"Let\u00edcia Gerheim","@id":"https:\/\/www.gaveanews.com\/#\/schema\/person\/714c67050b836198af2450ba1c142a67"},"headline":"Flamengo e CBF entram em consenso sobre situa\u00e7\u00e3o de Ramon","datePublished":"2020-10-21T12:16:24+00:00","dateModified":"2021-08-12T03:51:14+00:00","mainEntityOfPage":{"@id":"https:\/\/www.gaveanews.com\/index.php\/2020\/10\/21\/situacao-de-ramon-chega-a-um-consenso-de-ambas-as-partes\/"},"wordCount":248,"commentCount":10,"image":{"@id":"https:\/\/www.gaveanews.com\/index.php\/2020\/10\/21\/situacao-de-ramon-chega-a-um-consenso-de-ambas-as-partes\/#primaryimage"},"thumbnailUrl":"https:\/\/www.gaveanews.com\/wp-content\/uploads\/2019\/05\/Ramon-Ramos-durante-treinamento-no-Ninho-do-Urubu.webp","articleSection":["Flamengo"],"inLanguage":"pt-BR","potentialAction":[{"@type":"CommentAction","name":"Comment","target":["https:\/\/www.gaveanews.com\/index.php\/2020\/10\/21\/situacao-de-ramon-chega-a-um-consenso-de-ambas-as-partes\/#respond"]}],"copyrightYear":"2020","copyrightHolder":{"@id":"https:\/\/www.gaveanews.com\/#organization"}},{"@type":"WebPage","@id":"https:\/\/www.gaveanews.com\/index.php\/2020\/10\/21\/situacao-de-ramon-chega-a-um-consenso-de-ambas-as-partes\/","url":"https:\/\/www.gaveanews.com\/index.php\/2020\/10\/21\/situacao-de-ramon-chega-a-um-consenso-de-ambas-as-partes\/","name":"Flamengo e CBF entram em consenso sobre situa\u00e7\u00e3o de Ramon","isPartOf":{"@id":"https:\/\/www.gaveanews.com\/#website"},"primaryImageOfPage":{"@id":"https:\/\/www.gaveanews.com\/index.php\/2020\/10\/21\/situacao-de-ramon-chega-a-um-consenso-de-ambas-as-partes\/#primaryimage"},"image":{"@id":"https:\/\/www.gaveanews.com\/index.php\/2020\/10\/21\/situacao-de-ramon-chega-a-um-consenso-de-ambas-as-partes\/#primaryimage"},"thumbnailUrl":"https:\/\/www.gaveanews.com\/wp-content\/uploads\/2019\/05\/Ramon-Ramos-durante-treinamento-no-Ninho-do-Urubu.webp","datePublished":"2020-10-21T12:16:24+00:00","dateModified":"2021-08-12T03:51:14+00:00","author":{"@id":"https:\/\/www.gaveanews.com\/#\/schema\/person\/714c67050b836198af2450ba1c142a67"},"description":"A convoca\u00e7\u00e3o demanda a presen\u00e7a do jogador entre dos dias 21 e 31 do mesmo m\u00eas no centro de treinamento em Itu, interior de S\u00e3o Paulo.","breadcrumb":{"@id":"https:\/\/www.gaveanews.com\/index.php\/2020\/10\/21\/situacao-de-ramon-chega-a-um-consenso-de-ambas-as-partes\/#breadcrumb"},"inLanguage":"pt-BR","potentialAction":[{"@type":"ReadAction","target":["https:\/\/www.gaveanews.com\/index.php\/2020\/10\/21\/situacao-de-ramon-chega-a-um-consenso-de-ambas-as-partes\/"]}]},{"@type":"ImageObject","inLanguage":"pt-BR","@id":"https:\/\/www.gaveanews.com\/index.php\/2020\/10\/21\/situacao-de-ramon-chega-a-um-consenso-de-ambas-as-partes\/#primaryimage","url":"https:\/\/www.gaveanews.com\/wp-content\/uploads\/2019\/05\/Ramon-Ramos-durante-treinamento-no-Ninho-do-Urubu.webp","contentUrl":"https:\/\/www.gaveanews.com\/wp-content\/uploads\/2019\/05\/Ramon-Ramos-durante-treinamento-no-Ninho-do-Urubu.webp","width":749,"height":749,"caption":"Ramon Ramos durante treinamento no Ninho do Urubu (Foto: Reprodu\u00e7\u00e3o\/Instagram)"},{"@type":"BreadcrumbList","@id":"https:\/\/www.gaveanews.com\/index.php\/2020\/10\/21\/situacao-de-ramon-chega-a-um-consenso-de-ambas-as-partes\/#breadcrumb","itemListElement":[{"@type":"ListItem","position":1,"name":"Home","item":"https:\/\/www.gaveanews.com\/"},{"@type":"ListItem","position":2,"name":"Flamengo e CBF entram em consenso sobre situa\u00e7\u00e3o de Ramon"}]},{"@type":"WebSite","@id":"https:\/\/www.gaveanews.com\/#website","url":"https:\/\/www.gaveanews.com\/","name":"G\u00e1vea News","description":"Veja todas as not\u00edcias sobre o Flamengo: Contrata\u00e7\u00f5es, categorias de base, resultados das partidas, tabela de classifica\u00e7\u00e3o, pr\u00f3ximos jogos!","potentialAction":[{"@type":"SearchAction","target":{"@type":"EntryPoint","urlTemplate":"https:\/\/www.gaveanews.com\/?s={search_term_string}"},"query-input":{"@type":"PropertyValueSpecification","valueRequired":true,"valueName":"search_term_string"}}],"inLanguage":"pt-BR"},{"@type":"Person","@id":"https:\/\/www.gaveanews.com\/#\/schema\/person\/714c67050b836198af2450ba1c142a67","name":"Let\u00edcia Gerheim","image":{"@type":"ImageObject","inLanguage":"pt-BR","@id":"https:\/\/www.gaveanews.com\/#\/schema\/person\/image\/","url":"https:\/\/secure.gravatar.com\/avatar\/60734739c50fcebfbac509e2a826ccd0ff405c019bc73aab9354f19ecad1dcb4?s=96&d=mm&r=g","contentUrl":"https:\/\/secure.gravatar.com\/avatar\/60734739c50fcebfbac509e2a826ccd0ff405c019bc73aab9354f19ecad1dcb4?s=96&d=mm&r=g","caption":"Let\u00edcia Gerheim"}}]}},"_links":{"self":[{"href":"https:\/\/www.gaveanews.com\/index.php\/wp-json\/wp\/v2\/posts\/49614","targetHints":{"allow":["GET"]}}],"collection":[{"href":"https:\/\/www.gaveanews.com\/index.php\/wp-json\/wp\/v2\/posts"}],"about":[{"href":"https:\/\/www.gaveanews.com\/index.php\/wp-json\/wp\/v2\/types\/post"}],"author":[{"embeddable":true,"href":"https:\/\/www.gaveanews.com\/index.php\/wp-json\/wp\/v2\/users\/4"}],"replies":[{"embeddable":true,"href":"https:\/\/www.gaveanews.com\/index.php\/wp-json\/wp\/v2\/comments?post=49614"}],"version-history":[{"count":0,"href":"https:\/\/www.gaveanews.com\/index.php\/wp-json\/wp\/v2\/posts\/49614\/revisions"}],"wp:featuredmedia":[{"embeddable":true,"href":"https:\/\/www.gaveanews.com\/index.php\/wp-json\/wp\/v2\/media\/20799"}],"wp:attachment":[{"href":"https:\/\/www.gaveanews.com\/index.php\/wp-json\/wp\/v2\/media?parent=49614"}],"wp:term":[{"taxonomy":"category","embeddable":true,"href":"https:\/\/www.gaveanews.com\/index.php\/wp-json\/wp\/v2\/categories?post=49614"},{"taxonomy":"post_tag","embeddable":true,"href":"https:\/\/www.gaveanews.com\/index.php\/wp-json\/wp\/v2\/tags?post=49614"}],"curies":[{"name":"wp","href":"https:\/\/api.w.org\/{rel}","templated":true}]}}