{"id":49629,"date":"2020-10-21T12:46:43","date_gmt":"2020-10-21T15:46:43","guid":{"rendered":"https:\/\/www.gaveanews.com\/?p=49629"},"modified":"2020-10-21T12:46:45","modified_gmt":"2020-10-21T15:46:45","slug":"de-la-cruz-no-flamengo-prioridade-e-encontrar-r-132-milhoes","status":"publish","type":"post","link":"https:\/\/www.gaveanews.com\/index.php\/2020\/10\/21\/de-la-cruz-no-flamengo-prioridade-e-encontrar-r-132-milhoes\/","title":{"rendered":"De la Cruz no Flamengo? Prioridade \u00e9 &#8216;encontrar&#8217; R$ 132 milh\u00f5es"},"content":{"rendered":"\n<p>Especulado nos \u00faltimos dias no Flamengo, o uruguaio Nicolas de la Cruz n\u00e3o est\u00e1 nos planos rubro-negros. Pelo menos por ora. \u201cA prioridade \u00e9 comprar os jogadores emprestados\u201d, afirma Marcos Braz, vice-presidente de futebol do Flamengo, em contato com o jornalista Jorge Nicola, referindo-se ao atacante Pedro e ao volante Thiago Maia.<\/p>\n\n\n\n<p>Os dois est\u00e3o cedidos ao Rubro-Negro somente at\u00e9 31 de dezembro. Braz tentou a prorroga\u00e7\u00e3o dos empr\u00e9stimos da dupla, mas ouviu \u201cn\u00e3o\u201d da Fiorentina e do Lille, donos dos direitos econ\u00f4micos do centroavante e do meio-campista, respectivamente.<\/p>\n\n\n\n<p>Para ficar com ambos, o time carioca ter\u00e1 de desembolsar R$ 132 milh\u00f5es, que equivalem a 20 milh\u00f5es de euros. Pedro vai custar 13 milh\u00f5es de euros &#8211; falta 1 milh\u00e3o de euro pelo empr\u00e9stimo e outros 12 milh\u00f5es de euros pela compra. Com a camisa rubro-negra, o atacante tem 32 jogos e 16 gols.<\/p>\n\n\n\n<p>J\u00e1 o contrato de empr\u00e9stimo entre Lille e Flamengo prev\u00ea o valor de 7 milh\u00f5es de euros para a compra de Thiago Maia, em definitivo. O detalhe \u00e9 que o clube franc\u00eas havia desembolsado 14 milh\u00f5es de euros para adquiri-lo do Santos, em 2017.<\/p>\n\n\n\n<p>Apesar de terem sido reservas durante boa parte da temporada, Pedro e Thiago Maia cresceram demais de produ\u00e7\u00e3o recentemente. O artilheiro vem de oito gols nos \u00faltimos nove jogos. J\u00e1 Thiago Maia virou titular recentemente, barrando Willian Ar\u00e3o.<\/p>\n\n\n\n<p>Retirado de: Yahoo Esportes<\/p>\n","protected":false},"excerpt":{"rendered":"<p>Especulado nos \u00faltimos dias no Flamengo, o uruguaio Nicolas de la Cruz n\u00e3o est\u00e1 nos planos rubro-negros. Pelo menos por ora. \u201cA prioridade \u00e9 comprar os jogadores emprestados\u201d, afirma Marcos Braz, vice-presidente de futebol do Flamengo, em contato com o jornalista Jorge Nicola, referindo-se ao atacante Pedro e ao volante Thiago Maia. Os dois est\u00e3o [&hellip;]<\/p>\n","protected":false},"author":1,"featured_media":46957,"comment_status":"open","ping_status":"closed","sticky":false,"template":"","format":"standard","meta":{"footnotes":""},"categories":[1],"tags":[],"class_list":["post-49629","post","type-post","status-publish","format-standard","has-post-thumbnail","hentry","category-flamengo"],"yoast_head":"<!-- This site is optimized with the Yoast SEO Premium plugin v24.2 (Yoast SEO v26.9) - https:\/\/yoast.com\/product\/yoast-seo-premium-wordpress\/ -->\n<title>De la Cruz no Flamengo? Prioridade \u00e9 &#039;encontrar&#039; R$ 132 milh\u00f5es<\/title>\n<meta name=\"robots\" content=\"index, follow, max-snippet:-1, max-image-preview:large, max-video-preview:-1\" \/>\n<link rel=\"canonical\" href=\"https:\/\/www.gaveanews.com\/index.php\/2020\/10\/21\/de-la-cruz-no-flamengo-prioridade-e-encontrar-r-132-milhoes\/\" \/>\n<meta property=\"og:locale\" content=\"pt_BR\" \/>\n<meta property=\"og:type\" content=\"article\" \/>\n<meta property=\"og:title\" content=\"De la Cruz no Flamengo? Prioridade \u00e9 &#039;encontrar&#039; R$ 132 milh\u00f5es\" \/>\n<meta property=\"og:description\" content=\"Especulado nos \u00faltimos dias no Flamengo, o uruguaio Nicolas de la Cruz n\u00e3o est\u00e1 nos planos rubro-negros. Pelo menos por ora. \u201cA prioridade \u00e9 comprar os jogadores emprestados\u201d, afirma Marcos Braz, vice-presidente de futebol do Flamengo, em contato com o jornalista Jorge Nicola, referindo-se ao atacante Pedro e ao volante Thiago Maia. Os dois est\u00e3o [&hellip;]\" \/>\n<meta property=\"og:url\" content=\"https:\/\/www.gaveanews.com\/index.php\/2020\/10\/21\/de-la-cruz-no-flamengo-prioridade-e-encontrar-r-132-milhoes\/\" \/>\n<meta property=\"og:site_name\" content=\"G\u00e1vea News\" \/>\n<meta property=\"article:publisher\" content=\"https:\/\/facebook.com\/gaveaNews\/\" \/>\n<meta property=\"article:published_time\" content=\"2020-10-21T15:46:43+00:00\" \/>\n<meta property=\"article:modified_time\" content=\"2020-10-21T15:46:45+00:00\" \/>\n<meta property=\"og:image\" content=\"https:\/\/www.gaveanews.com\/wp-content\/uploads\/Marcos-Braz-no-gramado-do-Maracana.webp\" \/>\n\t<meta property=\"og:image:width\" content=\"799\" \/>\n\t<meta property=\"og:image:height\" content=\"532\" \/>\n\t<meta property=\"og:image:type\" content=\"image\/jpeg\" \/>\n<meta name=\"author\" content=\"Equipe G\u00e1vea News\" \/>\n<meta name=\"twitter:card\" content=\"summary_large_image\" \/>\n<meta name=\"twitter:label1\" content=\"Escrito por\" \/>\n\t<meta name=\"twitter:data1\" content=\"Equipe G\u00e1vea News\" \/>\n\t<meta name=\"twitter:label2\" content=\"Est. tempo de leitura\" \/>\n\t<meta name=\"twitter:data2\" content=\"1 minuto\" \/>\n<script type=\"application\/ld+json\" class=\"yoast-schema-graph\">{\"@context\":\"https:\/\/schema.org\",\"@graph\":[{\"@type\":\"NewsArticle\",\"@id\":\"https:\/\/www.gaveanews.com\/index.php\/2020\/10\/21\/de-la-cruz-no-flamengo-prioridade-e-encontrar-r-132-milhoes\/#article\",\"isPartOf\":{\"@id\":\"https:\/\/www.gaveanews.com\/index.php\/2020\/10\/21\/de-la-cruz-no-flamengo-prioridade-e-encontrar-r-132-milhoes\/\"},\"author\":{\"name\":\"Equipe G\u00e1vea News\",\"@id\":\"https:\/\/www.gaveanews.com\/#\/schema\/person\/2ec14f73fb96be2caf28f91afb14749d\"},\"headline\":\"De la Cruz no Flamengo? Prioridade \u00e9 &#8216;encontrar&#8217; R$ 132 milh\u00f5es\",\"datePublished\":\"2020-10-21T15:46:43+00:00\",\"dateModified\":\"2020-10-21T15:46:45+00:00\",\"mainEntityOfPage\":{\"@id\":\"https:\/\/www.gaveanews.com\/index.php\/2020\/10\/21\/de-la-cruz-no-flamengo-prioridade-e-encontrar-r-132-milhoes\/\"},\"wordCount\":245,\"commentCount\":50,\"image\":{\"@id\":\"https:\/\/www.gaveanews.com\/index.php\/2020\/10\/21\/de-la-cruz-no-flamengo-prioridade-e-encontrar-r-132-milhoes\/#primaryimage\"},\"thumbnailUrl\":\"https:\/\/www.gaveanews.com\/wp-content\/uploads\/Marcos-Braz-no-gramado-do-Maracana.webp\",\"articleSection\":[\"Flamengo\"],\"inLanguage\":\"pt-BR\",\"potentialAction\":[{\"@type\":\"CommentAction\",\"name\":\"Comment\",\"target\":[\"https:\/\/www.gaveanews.com\/index.php\/2020\/10\/21\/de-la-cruz-no-flamengo-prioridade-e-encontrar-r-132-milhoes\/#respond\"]}],\"copyrightYear\":\"2020\",\"copyrightHolder\":{\"@id\":\"https:\/\/www.gaveanews.com\/#organization\"}},{\"@type\":\"WebPage\",\"@id\":\"https:\/\/www.gaveanews.com\/index.php\/2020\/10\/21\/de-la-cruz-no-flamengo-prioridade-e-encontrar-r-132-milhoes\/\",\"url\":\"https:\/\/www.gaveanews.com\/index.php\/2020\/10\/21\/de-la-cruz-no-flamengo-prioridade-e-encontrar-r-132-milhoes\/\",\"name\":\"De la Cruz no Flamengo? Prioridade \u00e9 'encontrar' R$ 132 milh\u00f5es\",\"isPartOf\":{\"@id\":\"https:\/\/www.gaveanews.com\/#website\"},\"primaryImageOfPage\":{\"@id\":\"https:\/\/www.gaveanews.com\/index.php\/2020\/10\/21\/de-la-cruz-no-flamengo-prioridade-e-encontrar-r-132-milhoes\/#primaryimage\"},\"image\":{\"@id\":\"https:\/\/www.gaveanews.com\/index.php\/2020\/10\/21\/de-la-cruz-no-flamengo-prioridade-e-encontrar-r-132-milhoes\/#primaryimage\"},\"thumbnailUrl\":\"https:\/\/www.gaveanews.com\/wp-content\/uploads\/Marcos-Braz-no-gramado-do-Maracana.webp\",\"datePublished\":\"2020-10-21T15:46:43+00:00\",\"dateModified\":\"2020-10-21T15:46:45+00:00\",\"author\":{\"@id\":\"https:\/\/www.gaveanews.com\/#\/schema\/person\/2ec14f73fb96be2caf28f91afb14749d\"},\"breadcrumb\":{\"@id\":\"https:\/\/www.gaveanews.com\/index.php\/2020\/10\/21\/de-la-cruz-no-flamengo-prioridade-e-encontrar-r-132-milhoes\/#breadcrumb\"},\"inLanguage\":\"pt-BR\",\"potentialAction\":[{\"@type\":\"ReadAction\",\"target\":[\"https:\/\/www.gaveanews.com\/index.php\/2020\/10\/21\/de-la-cruz-no-flamengo-prioridade-e-encontrar-r-132-milhoes\/\"]}]},{\"@type\":\"ImageObject\",\"inLanguage\":\"pt-BR\",\"@id\":\"https:\/\/www.gaveanews.com\/index.php\/2020\/10\/21\/de-la-cruz-no-flamengo-prioridade-e-encontrar-r-132-milhoes\/#primaryimage\",\"url\":\"https:\/\/www.gaveanews.com\/wp-content\/uploads\/Marcos-Braz-no-gramado-do-Maracana.webp\",\"contentUrl\":\"https:\/\/www.gaveanews.com\/wp-content\/uploads\/Marcos-Braz-no-gramado-do-Maracana.webp\",\"width\":799,\"height\":532,\"caption\":\"Marcos Braz no gramado do Maracan\u00e3 (Foto: Alexandre Vidal\/Flamengo)\"},{\"@type\":\"BreadcrumbList\",\"@id\":\"https:\/\/www.gaveanews.com\/index.php\/2020\/10\/21\/de-la-cruz-no-flamengo-prioridade-e-encontrar-r-132-milhoes\/#breadcrumb\",\"itemListElement\":[{\"@type\":\"ListItem\",\"position\":1,\"name\":\"Home\",\"item\":\"https:\/\/www.gaveanews.com\/\"},{\"@type\":\"ListItem\",\"position\":2,\"name\":\"De la Cruz no Flamengo? Prioridade \u00e9 &#8216;encontrar&#8217; R$ 132 milh\u00f5es\"}]},{\"@type\":\"WebSite\",\"@id\":\"https:\/\/www.gaveanews.com\/#website\",\"url\":\"https:\/\/www.gaveanews.com\/\",\"name\":\"G\u00e1vea News\",\"description\":\"Veja todas as not\u00edcias sobre o Flamengo: Contrata\u00e7\u00f5es, categorias de base, resultados das partidas, tabela de classifica\u00e7\u00e3o, pr\u00f3ximos jogos!\",\"potentialAction\":[{\"@type\":\"SearchAction\",\"target\":{\"@type\":\"EntryPoint\",\"urlTemplate\":\"https:\/\/www.gaveanews.com\/?s={search_term_string}\"},\"query-input\":{\"@type\":\"PropertyValueSpecification\",\"valueRequired\":true,\"valueName\":\"search_term_string\"}}],\"inLanguage\":\"pt-BR\"},{\"@type\":\"Person\",\"@id\":\"https:\/\/www.gaveanews.com\/#\/schema\/person\/2ec14f73fb96be2caf28f91afb14749d\",\"name\":\"Equipe G\u00e1vea News\",\"image\":{\"@type\":\"ImageObject\",\"inLanguage\":\"pt-BR\",\"@id\":\"https:\/\/www.gaveanews.com\/#\/schema\/person\/image\/\",\"url\":\"https:\/\/secure.gravatar.com\/avatar\/1e1956f1facbffd3f8fa53a326721950116b3b9dc9bd44939c01180fd4a745a9?s=96&d=mm&r=g\",\"contentUrl\":\"https:\/\/secure.gravatar.com\/avatar\/1e1956f1facbffd3f8fa53a326721950116b3b9dc9bd44939c01180fd4a745a9?s=96&d=mm&r=g\",\"caption\":\"Equipe G\u00e1vea News\"}}]}<\/script>\n<!-- \/ Yoast SEO Premium plugin. -->","yoast_head_json":{"title":"De la Cruz no Flamengo? Prioridade \u00e9 'encontrar' R$ 132 milh\u00f5es","robots":{"index":"index","follow":"follow","max-snippet":"max-snippet:-1","max-image-preview":"max-image-preview:large","max-video-preview":"max-video-preview:-1"},"canonical":"https:\/\/www.gaveanews.com\/index.php\/2020\/10\/21\/de-la-cruz-no-flamengo-prioridade-e-encontrar-r-132-milhoes\/","og_locale":"pt_BR","og_type":"article","og_title":"De la Cruz no Flamengo? Prioridade \u00e9 'encontrar' R$ 132 milh\u00f5es","og_description":"Especulado nos \u00faltimos dias no Flamengo, o uruguaio Nicolas de la Cruz n\u00e3o est\u00e1 nos planos rubro-negros. Pelo menos por ora. \u201cA prioridade \u00e9 comprar os jogadores emprestados\u201d, afirma Marcos Braz, vice-presidente de futebol do Flamengo, em contato com o jornalista Jorge Nicola, referindo-se ao atacante Pedro e ao volante Thiago Maia. Os dois est\u00e3o [&hellip;]","og_url":"https:\/\/www.gaveanews.com\/index.php\/2020\/10\/21\/de-la-cruz-no-flamengo-prioridade-e-encontrar-r-132-milhoes\/","og_site_name":"G\u00e1vea News","article_publisher":"https:\/\/facebook.com\/gaveaNews\/","article_published_time":"2020-10-21T15:46:43+00:00","article_modified_time":"2020-10-21T15:46:45+00:00","og_image":[{"width":799,"height":532,"url":"https:\/\/www.gaveanews.com\/wp-content\/uploads\/Marcos-Braz-no-gramado-do-Maracana.webp","type":"image\/jpeg"}],"author":"Equipe G\u00e1vea News","twitter_card":"summary_large_image","twitter_misc":{"Escrito por":"Equipe G\u00e1vea News","Est. tempo de leitura":"1 minuto"},"schema":{"@context":"https:\/\/schema.org","@graph":[{"@type":"NewsArticle","@id":"https:\/\/www.gaveanews.com\/index.php\/2020\/10\/21\/de-la-cruz-no-flamengo-prioridade-e-encontrar-r-132-milhoes\/#article","isPartOf":{"@id":"https:\/\/www.gaveanews.com\/index.php\/2020\/10\/21\/de-la-cruz-no-flamengo-prioridade-e-encontrar-r-132-milhoes\/"},"author":{"name":"Equipe G\u00e1vea News","@id":"https:\/\/www.gaveanews.com\/#\/schema\/person\/2ec14f73fb96be2caf28f91afb14749d"},"headline":"De la Cruz no Flamengo? Prioridade \u00e9 &#8216;encontrar&#8217; R$ 132 milh\u00f5es","datePublished":"2020-10-21T15:46:43+00:00","dateModified":"2020-10-21T15:46:45+00:00","mainEntityOfPage":{"@id":"https:\/\/www.gaveanews.com\/index.php\/2020\/10\/21\/de-la-cruz-no-flamengo-prioridade-e-encontrar-r-132-milhoes\/"},"wordCount":245,"commentCount":50,"image":{"@id":"https:\/\/www.gaveanews.com\/index.php\/2020\/10\/21\/de-la-cruz-no-flamengo-prioridade-e-encontrar-r-132-milhoes\/#primaryimage"},"thumbnailUrl":"https:\/\/www.gaveanews.com\/wp-content\/uploads\/Marcos-Braz-no-gramado-do-Maracana.webp","articleSection":["Flamengo"],"inLanguage":"pt-BR","potentialAction":[{"@type":"CommentAction","name":"Comment","target":["https:\/\/www.gaveanews.com\/index.php\/2020\/10\/21\/de-la-cruz-no-flamengo-prioridade-e-encontrar-r-132-milhoes\/#respond"]}],"copyrightYear":"2020","copyrightHolder":{"@id":"https:\/\/www.gaveanews.com\/#organization"}},{"@type":"WebPage","@id":"https:\/\/www.gaveanews.com\/index.php\/2020\/10\/21\/de-la-cruz-no-flamengo-prioridade-e-encontrar-r-132-milhoes\/","url":"https:\/\/www.gaveanews.com\/index.php\/2020\/10\/21\/de-la-cruz-no-flamengo-prioridade-e-encontrar-r-132-milhoes\/","name":"De la Cruz no Flamengo? Prioridade \u00e9 'encontrar' R$ 132 milh\u00f5es","isPartOf":{"@id":"https:\/\/www.gaveanews.com\/#website"},"primaryImageOfPage":{"@id":"https:\/\/www.gaveanews.com\/index.php\/2020\/10\/21\/de-la-cruz-no-flamengo-prioridade-e-encontrar-r-132-milhoes\/#primaryimage"},"image":{"@id":"https:\/\/www.gaveanews.com\/index.php\/2020\/10\/21\/de-la-cruz-no-flamengo-prioridade-e-encontrar-r-132-milhoes\/#primaryimage"},"thumbnailUrl":"https:\/\/www.gaveanews.com\/wp-content\/uploads\/Marcos-Braz-no-gramado-do-Maracana.webp","datePublished":"2020-10-21T15:46:43+00:00","dateModified":"2020-10-21T15:46:45+00:00","author":{"@id":"https:\/\/www.gaveanews.com\/#\/schema\/person\/2ec14f73fb96be2caf28f91afb14749d"},"breadcrumb":{"@id":"https:\/\/www.gaveanews.com\/index.php\/2020\/10\/21\/de-la-cruz-no-flamengo-prioridade-e-encontrar-r-132-milhoes\/#breadcrumb"},"inLanguage":"pt-BR","potentialAction":[{"@type":"ReadAction","target":["https:\/\/www.gaveanews.com\/index.php\/2020\/10\/21\/de-la-cruz-no-flamengo-prioridade-e-encontrar-r-132-milhoes\/"]}]},{"@type":"ImageObject","inLanguage":"pt-BR","@id":"https:\/\/www.gaveanews.com\/index.php\/2020\/10\/21\/de-la-cruz-no-flamengo-prioridade-e-encontrar-r-132-milhoes\/#primaryimage","url":"https:\/\/www.gaveanews.com\/wp-content\/uploads\/Marcos-Braz-no-gramado-do-Maracana.webp","contentUrl":"https:\/\/www.gaveanews.com\/wp-content\/uploads\/Marcos-Braz-no-gramado-do-Maracana.webp","width":799,"height":532,"caption":"Marcos Braz no gramado do Maracan\u00e3 (Foto: Alexandre Vidal\/Flamengo)"},{"@type":"BreadcrumbList","@id":"https:\/\/www.gaveanews.com\/index.php\/2020\/10\/21\/de-la-cruz-no-flamengo-prioridade-e-encontrar-r-132-milhoes\/#breadcrumb","itemListElement":[{"@type":"ListItem","position":1,"name":"Home","item":"https:\/\/www.gaveanews.com\/"},{"@type":"ListItem","position":2,"name":"De la Cruz no Flamengo? Prioridade \u00e9 &#8216;encontrar&#8217; R$ 132 milh\u00f5es"}]},{"@type":"WebSite","@id":"https:\/\/www.gaveanews.com\/#website","url":"https:\/\/www.gaveanews.com\/","name":"G\u00e1vea News","description":"Veja todas as not\u00edcias sobre o Flamengo: Contrata\u00e7\u00f5es, categorias de base, resultados das partidas, tabela de classifica\u00e7\u00e3o, pr\u00f3ximos jogos!","potentialAction":[{"@type":"SearchAction","target":{"@type":"EntryPoint","urlTemplate":"https:\/\/www.gaveanews.com\/?s={search_term_string}"},"query-input":{"@type":"PropertyValueSpecification","valueRequired":true,"valueName":"search_term_string"}}],"inLanguage":"pt-BR"},{"@type":"Person","@id":"https:\/\/www.gaveanews.com\/#\/schema\/person\/2ec14f73fb96be2caf28f91afb14749d","name":"Equipe G\u00e1vea News","image":{"@type":"ImageObject","inLanguage":"pt-BR","@id":"https:\/\/www.gaveanews.com\/#\/schema\/person\/image\/","url":"https:\/\/secure.gravatar.com\/avatar\/1e1956f1facbffd3f8fa53a326721950116b3b9dc9bd44939c01180fd4a745a9?s=96&d=mm&r=g","contentUrl":"https:\/\/secure.gravatar.com\/avatar\/1e1956f1facbffd3f8fa53a326721950116b3b9dc9bd44939c01180fd4a745a9?s=96&d=mm&r=g","caption":"Equipe G\u00e1vea News"}}]}},"_links":{"self":[{"href":"https:\/\/www.gaveanews.com\/index.php\/wp-json\/wp\/v2\/posts\/49629","targetHints":{"allow":["GET"]}}],"collection":[{"href":"https:\/\/www.gaveanews.com\/index.php\/wp-json\/wp\/v2\/posts"}],"about":[{"href":"https:\/\/www.gaveanews.com\/index.php\/wp-json\/wp\/v2\/types\/post"}],"author":[{"embeddable":true,"href":"https:\/\/www.gaveanews.com\/index.php\/wp-json\/wp\/v2\/users\/1"}],"replies":[{"embeddable":true,"href":"https:\/\/www.gaveanews.com\/index.php\/wp-json\/wp\/v2\/comments?post=49629"}],"version-history":[{"count":0,"href":"https:\/\/www.gaveanews.com\/index.php\/wp-json\/wp\/v2\/posts\/49629\/revisions"}],"wp:featuredmedia":[{"embeddable":true,"href":"https:\/\/www.gaveanews.com\/index.php\/wp-json\/wp\/v2\/media\/46957"}],"wp:attachment":[{"href":"https:\/\/www.gaveanews.com\/index.php\/wp-json\/wp\/v2\/media?parent=49629"}],"wp:term":[{"taxonomy":"category","embeddable":true,"href":"https:\/\/www.gaveanews.com\/index.php\/wp-json\/wp\/v2\/categories?post=49629"},{"taxonomy":"post_tag","embeddable":true,"href":"https:\/\/www.gaveanews.com\/index.php\/wp-json\/wp\/v2\/tags?post=49629"}],"curies":[{"name":"wp","href":"https:\/\/api.w.org\/{rel}","templated":true}]}}