{"id":49643,"date":"2020-10-21T15:15:00","date_gmt":"2020-10-21T18:15:00","guid":{"rendered":"https:\/\/www.gaveanews.com\/?p=49643"},"modified":"2024-04-06T23:04:07","modified_gmt":"2024-04-07T02:04:07","slug":"mauro-cezar-pereira-var-nao-foi-devidamente-testado-deveriam-ter-testado-mais","status":"publish","type":"post","link":"https:\/\/www.gaveanews.com\/index.php\/2020\/10\/21\/mauro-cezar-pereira-var-nao-foi-devidamente-testado-deveriam-ter-testado-mais\/","title":{"rendered":"Mauro Cezar Pereira: &#8220;VAR n\u00e3o foi devidamente testado, deveriam ter testado mais&#8221;"},"content":{"rendered":"\n<p>Adotado pelo futebol para reduzir os erros de arbitragem, o VAR tem sido criticado em sua aplica\u00e7\u00e3o principalmente no futebol brasileiro, inclusive com pedido de anula\u00e7\u00e3o de jogo ap\u00f3s lance n\u00e3o revisado, no caso do Gr\u00eamio, e em erro na linha da marca\u00e7\u00e3o de impedimento, no caso do S\u00e3o Paulo.<\/p>\n\n\n\n<p>No podcast &#8216;Posse de Bola #66&#8217;, Mauro Cezar Pereira diz que h\u00e1 m\u00e1 vontade de torcedores e imprensa na an\u00e1lise sobre o aux\u00edlio de v\u00eddeo na arbitragem do futebol, mas acredita que o sistema n\u00e3o foi testado o suficiente para prever quest\u00f5es como as que s\u00e3o discutidas hoje.<\/p>\n\n\n\n<p>&#8220;Acho que a\u00ed tem dois aspectos, situa\u00e7\u00f5es discut\u00edveis do VAR e uma m\u00e1 vontade muito grande de parte da torcida e parte da imprensa tamb\u00e9m. Por exemplo, n\u00e3o tem o menor cabimento voc\u00ea debater em um programa na televis\u00e3o, na internet, onde for, acertos do VAR. O VAR acertou em dez lances &#8216;a favor&#8217; de um determinado time, ou seja, evitou dez vezes que determinado time fosse prejudicado, a\u00ed algu\u00e9m vai l\u00e1 e debate isso e diz &#8216;o time foi beneficiado&#8217;. N\u00e3o tem benef\u00edcio, foi uma corre\u00e7\u00e3o&#8221;, diz Mauro Cezar.<\/p>\n\n\n\n<p>&#8220;Agora, h\u00e1 muitos erros, acontecem muitos erros. A demora muitas vezes enorme para se analisar, essa situa\u00e7\u00e3o do jogo Atl\u00e9tico-MG e S\u00e3o Paulo, um lance que \u00e9 pouco comentado que foi o p\u00eanalti dado para o Atl\u00e9tico-MG contra o Goi\u00e1s quando estava 0 a 0, que eu achei incr\u00edvel aquele p\u00eanalti ter sido marcado com a utiliza\u00e7\u00e3o do v\u00eddeo, n\u00e3o vi nenhum contato do goleiro com o Sasha. S\u00e3o situa\u00e7\u00f5es que mesmo com o VAR os caras cometem erros bizarros, me parece que com a frequ\u00eancia maior do que l\u00e1 fora&#8221;, completa.<\/p>\n\n\n\n<p>O jornalista acredita que o VAR deveria ter passado por mais testes antes de passar a ser utilizado no futebol, o que Juca Kfouri concorda e v\u00ea em est\u00e1gio diferente de excel\u00eancia em rela\u00e7\u00e3o a outros esportes como basquete e t\u00eanis.<\/p>\n\n\n\n<p>&#8220;Primeiro eu acho que o VAR n\u00e3o foi devidamente testado, eu me lembro que de uma hora para outra a Fifa, &#8216;agora vai ter v\u00eddeo&#8217;, eu acho que deveriam ter testado mais e muitas situa\u00e7\u00f5es que est\u00e3o acontecendo hoje n\u00f3s dever\u00edamos ter detectado em experi\u00eancias, especialmente a situa\u00e7\u00e3o da frustra\u00e7\u00e3o&#8221;, diz Mauro Cezar.<\/p>\n\n\n\n<p>&#8220;De fato, o problema \u00e9 que eu acho que acabou sendo pouco testado, s\u00e3o diversas situa\u00e7\u00f5es sobre as quais ningu\u00e9m pensou. \u00c9 diferente do que voc\u00ea v\u00ea na NBA, \u00e9 diferente do que voc\u00ea v\u00ea no t\u00eanis, \u00e9 diferente do que voc\u00ea v\u00ea em outros esportes, no futebol ainda a arbitragem eletr\u00f4nica n\u00e3o atingiu seu n\u00edvel de excel\u00eancia, mas atingir\u00e1&#8221;, conclui Juca.<\/p>\n\n\n\n<p>Retirado de: UOL<\/p>\n","protected":false},"excerpt":{"rendered":"<p>Adotado pelo futebol para reduzir os erros de arbitragem, o VAR tem sido criticado em sua aplica\u00e7\u00e3o principalmente no futebol brasileiro, inclusive com pedido de anula\u00e7\u00e3o de jogo ap\u00f3s lance n\u00e3o revisado, no caso do Gr\u00eamio, e em erro na linha da marca\u00e7\u00e3o de impedimento, no caso do S\u00e3o Paulo. No podcast &#8216;Posse de Bola [&hellip;]<\/p>\n","protected":false},"author":1,"featured_media":47445,"comment_status":"open","ping_status":"closed","sticky":false,"template":"","format":"standard","meta":{"footnotes":""},"categories":[47],"tags":[170],"class_list":["post-49643","post","type-post","status-publish","format-standard","has-post-thumbnail","hentry","category-destaques","tag-mauro-cezar-pereira"],"yoast_head":"<!-- This site is optimized with the Yoast SEO Premium plugin v24.2 (Yoast SEO v26.9) - https:\/\/yoast.com\/product\/yoast-seo-premium-wordpress\/ -->\n<title>Mauro: &quot;VAR n\u00e3o foi devidamente testado, deveriam ter testado mais&quot;<\/title>\n<meta name=\"description\" content=\"Adotado pelo futebol para reduzir os erros de arbitragem, o VAR tem sido criticado em sua aplica\u00e7\u00e3o principalmente no futebol brasileiro.\" \/>\n<meta name=\"robots\" content=\"index, follow, max-snippet:-1, max-image-preview:large, max-video-preview:-1\" \/>\n<link rel=\"canonical\" href=\"https:\/\/www.gaveanews.com\/index.php\/2020\/10\/21\/mauro-cezar-pereira-var-nao-foi-devidamente-testado-deveriam-ter-testado-mais\/\" \/>\n<meta property=\"og:locale\" content=\"pt_BR\" \/>\n<meta property=\"og:type\" content=\"article\" \/>\n<meta property=\"og:title\" content=\"Mauro Cezar Pereira: &quot;VAR n\u00e3o foi devidamente testado, deveriam ter testado mais&quot;\" \/>\n<meta property=\"og:description\" content=\"Adotado pelo futebol para reduzir os erros de arbitragem, o VAR tem sido criticado em sua aplica\u00e7\u00e3o principalmente no futebol brasileiro.\" \/>\n<meta property=\"og:url\" content=\"https:\/\/www.gaveanews.com\/index.php\/2020\/10\/21\/mauro-cezar-pereira-var-nao-foi-devidamente-testado-deveriam-ter-testado-mais\/\" \/>\n<meta property=\"og:site_name\" content=\"G\u00e1vea News\" \/>\n<meta property=\"article:publisher\" content=\"https:\/\/facebook.com\/gaveaNews\/\" \/>\n<meta property=\"article:published_time\" content=\"2020-10-21T18:15:00+00:00\" \/>\n<meta property=\"article:modified_time\" content=\"2024-04-07T02:04:07+00:00\" \/>\n<meta property=\"og:image\" content=\"https:\/\/www.gaveanews.com\/wp-content\/uploads\/Mauro-Cezar-Pereira-durante-um-programa-da-ESPN.webp\" \/>\n\t<meta property=\"og:image:width\" content=\"846\" \/>\n\t<meta property=\"og:image:height\" content=\"529\" \/>\n\t<meta property=\"og:image:type\" content=\"image\/jpeg\" \/>\n<meta name=\"author\" content=\"Equipe G\u00e1vea News\" \/>\n<meta name=\"twitter:card\" content=\"summary_large_image\" \/>\n<meta name=\"twitter:label1\" content=\"Escrito por\" \/>\n\t<meta name=\"twitter:data1\" content=\"Equipe G\u00e1vea News\" \/>\n\t<meta name=\"twitter:label2\" content=\"Est. tempo de leitura\" \/>\n\t<meta name=\"twitter:data2\" content=\"2 minutos\" \/>\n<script type=\"application\/ld+json\" class=\"yoast-schema-graph\">{\"@context\":\"https:\/\/schema.org\",\"@graph\":[{\"@type\":\"NewsArticle\",\"@id\":\"https:\/\/www.gaveanews.com\/index.php\/2020\/10\/21\/mauro-cezar-pereira-var-nao-foi-devidamente-testado-deveriam-ter-testado-mais\/#article\",\"isPartOf\":{\"@id\":\"https:\/\/www.gaveanews.com\/index.php\/2020\/10\/21\/mauro-cezar-pereira-var-nao-foi-devidamente-testado-deveriam-ter-testado-mais\/\"},\"author\":{\"name\":\"Equipe G\u00e1vea News\",\"@id\":\"https:\/\/www.gaveanews.com\/#\/schema\/person\/2ec14f73fb96be2caf28f91afb14749d\"},\"headline\":\"Mauro Cezar Pereira: &#8220;VAR n\u00e3o foi devidamente testado, deveriam ter testado mais&#8221;\",\"datePublished\":\"2020-10-21T18:15:00+00:00\",\"dateModified\":\"2024-04-07T02:04:07+00:00\",\"mainEntityOfPage\":{\"@id\":\"https:\/\/www.gaveanews.com\/index.php\/2020\/10\/21\/mauro-cezar-pereira-var-nao-foi-devidamente-testado-deveriam-ter-testado-mais\/\"},\"wordCount\":501,\"commentCount\":1,\"image\":{\"@id\":\"https:\/\/www.gaveanews.com\/index.php\/2020\/10\/21\/mauro-cezar-pereira-var-nao-foi-devidamente-testado-deveriam-ter-testado-mais\/#primaryimage\"},\"thumbnailUrl\":\"https:\/\/www.gaveanews.com\/wp-content\/uploads\/Mauro-Cezar-Pereira-durante-um-programa-da-ESPN.webp\",\"keywords\":[\"Mauro Cezar Pereira\"],\"articleSection\":[\"Destaques\"],\"inLanguage\":\"pt-BR\",\"potentialAction\":[{\"@type\":\"CommentAction\",\"name\":\"Comment\",\"target\":[\"https:\/\/www.gaveanews.com\/index.php\/2020\/10\/21\/mauro-cezar-pereira-var-nao-foi-devidamente-testado-deveriam-ter-testado-mais\/#respond\"]}],\"copyrightYear\":\"2020\",\"copyrightHolder\":{\"@id\":\"https:\/\/www.gaveanews.com\/#organization\"}},{\"@type\":\"WebPage\",\"@id\":\"https:\/\/www.gaveanews.com\/index.php\/2020\/10\/21\/mauro-cezar-pereira-var-nao-foi-devidamente-testado-deveriam-ter-testado-mais\/\",\"url\":\"https:\/\/www.gaveanews.com\/index.php\/2020\/10\/21\/mauro-cezar-pereira-var-nao-foi-devidamente-testado-deveriam-ter-testado-mais\/\",\"name\":\"Mauro: \\\"VAR n\u00e3o foi devidamente testado, deveriam ter testado mais\\\"\",\"isPartOf\":{\"@id\":\"https:\/\/www.gaveanews.com\/#website\"},\"primaryImageOfPage\":{\"@id\":\"https:\/\/www.gaveanews.com\/index.php\/2020\/10\/21\/mauro-cezar-pereira-var-nao-foi-devidamente-testado-deveriam-ter-testado-mais\/#primaryimage\"},\"image\":{\"@id\":\"https:\/\/www.gaveanews.com\/index.php\/2020\/10\/21\/mauro-cezar-pereira-var-nao-foi-devidamente-testado-deveriam-ter-testado-mais\/#primaryimage\"},\"thumbnailUrl\":\"https:\/\/www.gaveanews.com\/wp-content\/uploads\/Mauro-Cezar-Pereira-durante-um-programa-da-ESPN.webp\",\"datePublished\":\"2020-10-21T18:15:00+00:00\",\"dateModified\":\"2024-04-07T02:04:07+00:00\",\"author\":{\"@id\":\"https:\/\/www.gaveanews.com\/#\/schema\/person\/2ec14f73fb96be2caf28f91afb14749d\"},\"description\":\"Adotado pelo futebol para reduzir os erros de arbitragem, o VAR tem sido criticado em sua aplica\u00e7\u00e3o principalmente no futebol brasileiro.\",\"breadcrumb\":{\"@id\":\"https:\/\/www.gaveanews.com\/index.php\/2020\/10\/21\/mauro-cezar-pereira-var-nao-foi-devidamente-testado-deveriam-ter-testado-mais\/#breadcrumb\"},\"inLanguage\":\"pt-BR\",\"potentialAction\":[{\"@type\":\"ReadAction\",\"target\":[\"https:\/\/www.gaveanews.com\/index.php\/2020\/10\/21\/mauro-cezar-pereira-var-nao-foi-devidamente-testado-deveriam-ter-testado-mais\/\"]}]},{\"@type\":\"ImageObject\",\"inLanguage\":\"pt-BR\",\"@id\":\"https:\/\/www.gaveanews.com\/index.php\/2020\/10\/21\/mauro-cezar-pereira-var-nao-foi-devidamente-testado-deveriam-ter-testado-mais\/#primaryimage\",\"url\":\"https:\/\/www.gaveanews.com\/wp-content\/uploads\/Mauro-Cezar-Pereira-durante-um-programa-da-ESPN.webp\",\"contentUrl\":\"https:\/\/www.gaveanews.com\/wp-content\/uploads\/Mauro-Cezar-Pereira-durante-um-programa-da-ESPN.webp\",\"width\":846,\"height\":529,\"caption\":\"Mauro Cezar Pereira durante um programa da ESPN (Foto: Reprodu\u00e7\u00e3o)\"},{\"@type\":\"BreadcrumbList\",\"@id\":\"https:\/\/www.gaveanews.com\/index.php\/2020\/10\/21\/mauro-cezar-pereira-var-nao-foi-devidamente-testado-deveriam-ter-testado-mais\/#breadcrumb\",\"itemListElement\":[{\"@type\":\"ListItem\",\"position\":1,\"name\":\"Home\",\"item\":\"https:\/\/www.gaveanews.com\/\"},{\"@type\":\"ListItem\",\"position\":2,\"name\":\"Mauro Cezar Pereira: &#8220;VAR n\u00e3o foi devidamente testado, deveriam ter testado mais&#8221;\"}]},{\"@type\":\"WebSite\",\"@id\":\"https:\/\/www.gaveanews.com\/#website\",\"url\":\"https:\/\/www.gaveanews.com\/\",\"name\":\"G\u00e1vea News\",\"description\":\"Veja todas as not\u00edcias sobre o Flamengo: Contrata\u00e7\u00f5es, categorias de base, resultados das partidas, tabela de classifica\u00e7\u00e3o, pr\u00f3ximos jogos!\",\"potentialAction\":[{\"@type\":\"SearchAction\",\"target\":{\"@type\":\"EntryPoint\",\"urlTemplate\":\"https:\/\/www.gaveanews.com\/?s={search_term_string}\"},\"query-input\":{\"@type\":\"PropertyValueSpecification\",\"valueRequired\":true,\"valueName\":\"search_term_string\"}}],\"inLanguage\":\"pt-BR\"},{\"@type\":\"Person\",\"@id\":\"https:\/\/www.gaveanews.com\/#\/schema\/person\/2ec14f73fb96be2caf28f91afb14749d\",\"name\":\"Equipe G\u00e1vea News\",\"image\":{\"@type\":\"ImageObject\",\"inLanguage\":\"pt-BR\",\"@id\":\"https:\/\/www.gaveanews.com\/#\/schema\/person\/image\/\",\"url\":\"https:\/\/secure.gravatar.com\/avatar\/1e1956f1facbffd3f8fa53a326721950116b3b9dc9bd44939c01180fd4a745a9?s=96&d=mm&r=g\",\"contentUrl\":\"https:\/\/secure.gravatar.com\/avatar\/1e1956f1facbffd3f8fa53a326721950116b3b9dc9bd44939c01180fd4a745a9?s=96&d=mm&r=g\",\"caption\":\"Equipe G\u00e1vea News\"}}]}<\/script>\n<!-- \/ Yoast SEO Premium plugin. -->","yoast_head_json":{"title":"Mauro: \"VAR n\u00e3o foi devidamente testado, deveriam ter testado mais\"","description":"Adotado pelo futebol para reduzir os erros de arbitragem, o VAR tem sido criticado em sua aplica\u00e7\u00e3o principalmente no futebol brasileiro.","robots":{"index":"index","follow":"follow","max-snippet":"max-snippet:-1","max-image-preview":"max-image-preview:large","max-video-preview":"max-video-preview:-1"},"canonical":"https:\/\/www.gaveanews.com\/index.php\/2020\/10\/21\/mauro-cezar-pereira-var-nao-foi-devidamente-testado-deveriam-ter-testado-mais\/","og_locale":"pt_BR","og_type":"article","og_title":"Mauro Cezar Pereira: \"VAR n\u00e3o foi devidamente testado, deveriam ter testado mais\"","og_description":"Adotado pelo futebol para reduzir os erros de arbitragem, o VAR tem sido criticado em sua aplica\u00e7\u00e3o principalmente no futebol brasileiro.","og_url":"https:\/\/www.gaveanews.com\/index.php\/2020\/10\/21\/mauro-cezar-pereira-var-nao-foi-devidamente-testado-deveriam-ter-testado-mais\/","og_site_name":"G\u00e1vea News","article_publisher":"https:\/\/facebook.com\/gaveaNews\/","article_published_time":"2020-10-21T18:15:00+00:00","article_modified_time":"2024-04-07T02:04:07+00:00","og_image":[{"width":846,"height":529,"url":"https:\/\/www.gaveanews.com\/wp-content\/uploads\/Mauro-Cezar-Pereira-durante-um-programa-da-ESPN.webp","type":"image\/jpeg"}],"author":"Equipe G\u00e1vea News","twitter_card":"summary_large_image","twitter_misc":{"Escrito por":"Equipe G\u00e1vea News","Est. tempo de leitura":"2 minutos"},"schema":{"@context":"https:\/\/schema.org","@graph":[{"@type":"NewsArticle","@id":"https:\/\/www.gaveanews.com\/index.php\/2020\/10\/21\/mauro-cezar-pereira-var-nao-foi-devidamente-testado-deveriam-ter-testado-mais\/#article","isPartOf":{"@id":"https:\/\/www.gaveanews.com\/index.php\/2020\/10\/21\/mauro-cezar-pereira-var-nao-foi-devidamente-testado-deveriam-ter-testado-mais\/"},"author":{"name":"Equipe G\u00e1vea News","@id":"https:\/\/www.gaveanews.com\/#\/schema\/person\/2ec14f73fb96be2caf28f91afb14749d"},"headline":"Mauro Cezar Pereira: &#8220;VAR n\u00e3o foi devidamente testado, deveriam ter testado mais&#8221;","datePublished":"2020-10-21T18:15:00+00:00","dateModified":"2024-04-07T02:04:07+00:00","mainEntityOfPage":{"@id":"https:\/\/www.gaveanews.com\/index.php\/2020\/10\/21\/mauro-cezar-pereira-var-nao-foi-devidamente-testado-deveriam-ter-testado-mais\/"},"wordCount":501,"commentCount":1,"image":{"@id":"https:\/\/www.gaveanews.com\/index.php\/2020\/10\/21\/mauro-cezar-pereira-var-nao-foi-devidamente-testado-deveriam-ter-testado-mais\/#primaryimage"},"thumbnailUrl":"https:\/\/www.gaveanews.com\/wp-content\/uploads\/Mauro-Cezar-Pereira-durante-um-programa-da-ESPN.webp","keywords":["Mauro Cezar Pereira"],"articleSection":["Destaques"],"inLanguage":"pt-BR","potentialAction":[{"@type":"CommentAction","name":"Comment","target":["https:\/\/www.gaveanews.com\/index.php\/2020\/10\/21\/mauro-cezar-pereira-var-nao-foi-devidamente-testado-deveriam-ter-testado-mais\/#respond"]}],"copyrightYear":"2020","copyrightHolder":{"@id":"https:\/\/www.gaveanews.com\/#organization"}},{"@type":"WebPage","@id":"https:\/\/www.gaveanews.com\/index.php\/2020\/10\/21\/mauro-cezar-pereira-var-nao-foi-devidamente-testado-deveriam-ter-testado-mais\/","url":"https:\/\/www.gaveanews.com\/index.php\/2020\/10\/21\/mauro-cezar-pereira-var-nao-foi-devidamente-testado-deveriam-ter-testado-mais\/","name":"Mauro: \"VAR n\u00e3o foi devidamente testado, deveriam ter testado mais\"","isPartOf":{"@id":"https:\/\/www.gaveanews.com\/#website"},"primaryImageOfPage":{"@id":"https:\/\/www.gaveanews.com\/index.php\/2020\/10\/21\/mauro-cezar-pereira-var-nao-foi-devidamente-testado-deveriam-ter-testado-mais\/#primaryimage"},"image":{"@id":"https:\/\/www.gaveanews.com\/index.php\/2020\/10\/21\/mauro-cezar-pereira-var-nao-foi-devidamente-testado-deveriam-ter-testado-mais\/#primaryimage"},"thumbnailUrl":"https:\/\/www.gaveanews.com\/wp-content\/uploads\/Mauro-Cezar-Pereira-durante-um-programa-da-ESPN.webp","datePublished":"2020-10-21T18:15:00+00:00","dateModified":"2024-04-07T02:04:07+00:00","author":{"@id":"https:\/\/www.gaveanews.com\/#\/schema\/person\/2ec14f73fb96be2caf28f91afb14749d"},"description":"Adotado pelo futebol para reduzir os erros de arbitragem, o VAR tem sido criticado em sua aplica\u00e7\u00e3o principalmente no futebol brasileiro.","breadcrumb":{"@id":"https:\/\/www.gaveanews.com\/index.php\/2020\/10\/21\/mauro-cezar-pereira-var-nao-foi-devidamente-testado-deveriam-ter-testado-mais\/#breadcrumb"},"inLanguage":"pt-BR","potentialAction":[{"@type":"ReadAction","target":["https:\/\/www.gaveanews.com\/index.php\/2020\/10\/21\/mauro-cezar-pereira-var-nao-foi-devidamente-testado-deveriam-ter-testado-mais\/"]}]},{"@type":"ImageObject","inLanguage":"pt-BR","@id":"https:\/\/www.gaveanews.com\/index.php\/2020\/10\/21\/mauro-cezar-pereira-var-nao-foi-devidamente-testado-deveriam-ter-testado-mais\/#primaryimage","url":"https:\/\/www.gaveanews.com\/wp-content\/uploads\/Mauro-Cezar-Pereira-durante-um-programa-da-ESPN.webp","contentUrl":"https:\/\/www.gaveanews.com\/wp-content\/uploads\/Mauro-Cezar-Pereira-durante-um-programa-da-ESPN.webp","width":846,"height":529,"caption":"Mauro Cezar Pereira durante um programa da ESPN (Foto: Reprodu\u00e7\u00e3o)"},{"@type":"BreadcrumbList","@id":"https:\/\/www.gaveanews.com\/index.php\/2020\/10\/21\/mauro-cezar-pereira-var-nao-foi-devidamente-testado-deveriam-ter-testado-mais\/#breadcrumb","itemListElement":[{"@type":"ListItem","position":1,"name":"Home","item":"https:\/\/www.gaveanews.com\/"},{"@type":"ListItem","position":2,"name":"Mauro Cezar Pereira: &#8220;VAR n\u00e3o foi devidamente testado, deveriam ter testado mais&#8221;"}]},{"@type":"WebSite","@id":"https:\/\/www.gaveanews.com\/#website","url":"https:\/\/www.gaveanews.com\/","name":"G\u00e1vea News","description":"Veja todas as not\u00edcias sobre o Flamengo: Contrata\u00e7\u00f5es, categorias de base, resultados das partidas, tabela de classifica\u00e7\u00e3o, pr\u00f3ximos jogos!","potentialAction":[{"@type":"SearchAction","target":{"@type":"EntryPoint","urlTemplate":"https:\/\/www.gaveanews.com\/?s={search_term_string}"},"query-input":{"@type":"PropertyValueSpecification","valueRequired":true,"valueName":"search_term_string"}}],"inLanguage":"pt-BR"},{"@type":"Person","@id":"https:\/\/www.gaveanews.com\/#\/schema\/person\/2ec14f73fb96be2caf28f91afb14749d","name":"Equipe G\u00e1vea News","image":{"@type":"ImageObject","inLanguage":"pt-BR","@id":"https:\/\/www.gaveanews.com\/#\/schema\/person\/image\/","url":"https:\/\/secure.gravatar.com\/avatar\/1e1956f1facbffd3f8fa53a326721950116b3b9dc9bd44939c01180fd4a745a9?s=96&d=mm&r=g","contentUrl":"https:\/\/secure.gravatar.com\/avatar\/1e1956f1facbffd3f8fa53a326721950116b3b9dc9bd44939c01180fd4a745a9?s=96&d=mm&r=g","caption":"Equipe G\u00e1vea News"}}]}},"_links":{"self":[{"href":"https:\/\/www.gaveanews.com\/index.php\/wp-json\/wp\/v2\/posts\/49643","targetHints":{"allow":["GET"]}}],"collection":[{"href":"https:\/\/www.gaveanews.com\/index.php\/wp-json\/wp\/v2\/posts"}],"about":[{"href":"https:\/\/www.gaveanews.com\/index.php\/wp-json\/wp\/v2\/types\/post"}],"author":[{"embeddable":true,"href":"https:\/\/www.gaveanews.com\/index.php\/wp-json\/wp\/v2\/users\/1"}],"replies":[{"embeddable":true,"href":"https:\/\/www.gaveanews.com\/index.php\/wp-json\/wp\/v2\/comments?post=49643"}],"version-history":[{"count":1,"href":"https:\/\/www.gaveanews.com\/index.php\/wp-json\/wp\/v2\/posts\/49643\/revisions"}],"predecessor-version":[{"id":134471,"href":"https:\/\/www.gaveanews.com\/index.php\/wp-json\/wp\/v2\/posts\/49643\/revisions\/134471"}],"wp:featuredmedia":[{"embeddable":true,"href":"https:\/\/www.gaveanews.com\/index.php\/wp-json\/wp\/v2\/media\/47445"}],"wp:attachment":[{"href":"https:\/\/www.gaveanews.com\/index.php\/wp-json\/wp\/v2\/media?parent=49643"}],"wp:term":[{"taxonomy":"category","embeddable":true,"href":"https:\/\/www.gaveanews.com\/index.php\/wp-json\/wp\/v2\/categories?post=49643"},{"taxonomy":"post_tag","embeddable":true,"href":"https:\/\/www.gaveanews.com\/index.php\/wp-json\/wp\/v2\/tags?post=49643"}],"curies":[{"name":"wp","href":"https:\/\/api.w.org\/{rel}","templated":true}]}}