{"id":49692,"date":"2020-10-22T00:04:24","date_gmt":"2020-10-22T03:04:24","guid":{"rendered":"https:\/\/www.gaveanews.com\/?p=49692"},"modified":"2020-10-23T01:40:45","modified_gmt":"2020-10-23T04:40:45","slug":"bruno-henrique-elogia-elenco-do-flamengo-apos-vitoria-contra-junior-quem-entra-da-conta-do-recado","status":"publish","type":"post","link":"https:\/\/www.gaveanews.com\/index.php\/2020\/10\/22\/bruno-henrique-elogia-elenco-do-flamengo-apos-vitoria-contra-junior-quem-entra-da-conta-do-recado\/","title":{"rendered":"Bruno Henrique elogia elenco do Flamengo ap\u00f3s vit\u00f3ria contra Junior: &#8216;Quem entra, d\u00e1 conta do recado&#8217;"},"content":{"rendered":"\n<p>O Flamengo venceu o Junior Barranquilla por 3 a 1, nesta quarta-feira, no Maracan\u00e3, e garantiu a primeira coloca\u00e7\u00e3o no Grupo A da Libertadores. Por\u00e9m, o Rubro-Negro estava escalado com uma equipe &#8220;mista&#8221;, j\u00e1 que o foco est\u00e1 no Internacional, advers\u00e1rio do pr\u00f3ximo domingo, em duelo que vale a lideran\u00e7a do Brasileiro. Autor de um dos gols da vit\u00f3ria contra os colombianos, Bruno Henrique elogiou as pe\u00e7as do elenco.<\/p>\n\n\n\n<p>\u2014 O Mister sempre diz para a gente pensar jogo a jogo. Est\u00e1vamos focados nesse jogo e conseguimos fazer esse feito hoje. A partir de agora o grupo est\u00e1 focado no jogo de domingo. A gente soube trabalhar, fazer um grande jogo. Os meninos que entraram deram conta do recado. Nosso grupo \u00e9 fant\u00e1stico, quem entra para jogar consegue dar conta do recado \u2014 comemorou Bruno Henrique.<\/p>\n\n\n\n<p>O gol marcado pelo camisa 27 chamou a aten\u00e7\u00e3o pela sua impuls\u00e3o (assista abaixo). Aos 29 minutos do segundo tempo, Matheuzinho cobrou escanteio e o Rei da Am\u00e9rica subiu no terceiro andar para cabecear no cantinho do goleiro Viera. Questionado sobre o trabalho em jogadas a\u00e9reas, ele brincou.<\/p>\n\n\n\n<figure class=\"wp-block-embed-instagram wp-block-embed is-type-rich is-provider-instagram\"><div class=\"wp-block-embed__wrapper\">\nhttps:\/\/www.instagram.com\/p\/CGoNrMEBwik\/\n<\/div><\/figure>\n\n\n\n<p>\u2014 Todo mundo pergunta se j\u00e1 fiz trabalho espec\u00edfico porque eu tenho uma impuls\u00e3o muito boa. N\u00e3o fa\u00e7o nada espec\u00edfico, \u00e9 o corpo, o bi\u00f3tipo. Mais uma vez eu fui feliz de marcar o gol de cabe\u00e7a \u2014 disse Bruno Henrique.<\/p>\n\n\n\n<p>O atacante est\u00e1 suspenso pelo terceiro cart\u00e3o amarelo e n\u00e3o enfrenta o Internacional, neste domingo, no Beira-Rio. Por\u00e9m, desejou sorte aos companheiros.<\/p>\n\n\n\n<p>\u2014 N\u00e3o estarei em campo domingo, mas tenho certeza que o grupo est\u00e1 focado. Vale lideran\u00e7a e vamos para Porto Alegre com a cabe\u00e7a de vencer \u2014 completou.<\/p>\n\n\n\n<p>Agora, o Flamengo aguarda o sorteio que define o advers\u00e1rio das oitavas de final, que ser\u00e1 realizado em 23 de outubro. Os confrontos desta fase ser\u00e3o disputados nos dias 24 e 26 de novembro, para os jogos de ida, e 1\u00ba e 3 de dezembro, para os da volta.<\/p>\n\n\n\n<p>Retirado de: Extra<\/p>\n","protected":false},"excerpt":{"rendered":"<p>O Flamengo venceu o Junior Barranquilla por 3 a 1, nesta quarta-feira, no Maracan\u00e3, e garantiu a primeira coloca\u00e7\u00e3o no Grupo A da Libertadores. Por\u00e9m, o Rubro-Negro estava escalado com uma equipe &#8220;mista&#8221;, j\u00e1 que o foco est\u00e1 no Internacional, advers\u00e1rio do pr\u00f3ximo domingo, em duelo que vale a lideran\u00e7a do Brasileiro. Autor de um [&hellip;]<\/p>\n","protected":false},"author":1,"featured_media":48270,"comment_status":"open","ping_status":"closed","sticky":false,"template":"","format":"standard","meta":{"footnotes":""},"categories":[47],"tags":[],"class_list":["post-49692","post","type-post","status-publish","format-standard","has-post-thumbnail","hentry","category-destaques"],"yoast_head":"<!-- This site is optimized with the Yoast SEO Premium plugin v24.2 (Yoast SEO v26.9) - https:\/\/yoast.com\/product\/yoast-seo-premium-wordpress\/ -->\n<title>Bruno Henrique elogia elenco do Flamengo ap\u00f3s vit\u00f3ria contra Junior<\/title>\n<meta name=\"robots\" content=\"index, follow, max-snippet:-1, max-image-preview:large, max-video-preview:-1\" \/>\n<link rel=\"canonical\" href=\"https:\/\/www.gaveanews.com\/index.php\/2020\/10\/22\/bruno-henrique-elogia-elenco-do-flamengo-apos-vitoria-contra-junior-quem-entra-da-conta-do-recado\/\" \/>\n<meta property=\"og:locale\" content=\"pt_BR\" \/>\n<meta property=\"og:type\" content=\"article\" \/>\n<meta property=\"og:title\" content=\"Bruno Henrique elogia elenco do Flamengo ap\u00f3s vit\u00f3ria contra Junior: &#039;Quem entra, d\u00e1 conta do recado&#039;\" \/>\n<meta property=\"og:description\" content=\"O Flamengo venceu o Junior Barranquilla por 3 a 1, nesta quarta-feira, no Maracan\u00e3, e garantiu a primeira coloca\u00e7\u00e3o no Grupo A da Libertadores. Por\u00e9m, o Rubro-Negro estava escalado com uma equipe &#8220;mista&#8221;, j\u00e1 que o foco est\u00e1 no Internacional, advers\u00e1rio do pr\u00f3ximo domingo, em duelo que vale a lideran\u00e7a do Brasileiro. Autor de um [&hellip;]\" \/>\n<meta property=\"og:url\" content=\"https:\/\/www.gaveanews.com\/index.php\/2020\/10\/22\/bruno-henrique-elogia-elenco-do-flamengo-apos-vitoria-contra-junior-quem-entra-da-conta-do-recado\/\" \/>\n<meta property=\"og:site_name\" content=\"G\u00e1vea News\" \/>\n<meta property=\"article:publisher\" content=\"https:\/\/facebook.com\/gaveaNews\/\" \/>\n<meta property=\"article:published_time\" content=\"2020-10-22T03:04:24+00:00\" \/>\n<meta property=\"article:modified_time\" content=\"2020-10-23T04:40:45+00:00\" \/>\n<meta property=\"og:image\" content=\"https:\/\/www.gaveanews.com\/wp-content\/uploads\/Bruno-Henrique-em-acao-pelo-Flamengo-na-partida-contra-o-Independiente-del-Valle-pela-Copa-Libertadores-de-2020.webp\" \/>\n\t<meta property=\"og:image:width\" content=\"799\" \/>\n\t<meta property=\"og:image:height\" content=\"532\" \/>\n\t<meta property=\"og:image:type\" content=\"image\/jpeg\" \/>\n<meta name=\"author\" content=\"Equipe G\u00e1vea News\" \/>\n<meta name=\"twitter:card\" content=\"summary_large_image\" \/>\n<meta name=\"twitter:label1\" content=\"Escrito por\" \/>\n\t<meta name=\"twitter:data1\" content=\"Equipe G\u00e1vea News\" \/>\n\t<meta name=\"twitter:label2\" content=\"Est. tempo de leitura\" \/>\n\t<meta name=\"twitter:data2\" content=\"2 minutos\" \/>\n<script type=\"application\/ld+json\" class=\"yoast-schema-graph\">{\"@context\":\"https:\/\/schema.org\",\"@graph\":[{\"@type\":\"NewsArticle\",\"@id\":\"https:\/\/www.gaveanews.com\/index.php\/2020\/10\/22\/bruno-henrique-elogia-elenco-do-flamengo-apos-vitoria-contra-junior-quem-entra-da-conta-do-recado\/#article\",\"isPartOf\":{\"@id\":\"https:\/\/www.gaveanews.com\/index.php\/2020\/10\/22\/bruno-henrique-elogia-elenco-do-flamengo-apos-vitoria-contra-junior-quem-entra-da-conta-do-recado\/\"},\"author\":{\"name\":\"Equipe G\u00e1vea News\",\"@id\":\"https:\/\/www.gaveanews.com\/#\/schema\/person\/2ec14f73fb96be2caf28f91afb14749d\"},\"headline\":\"Bruno Henrique elogia elenco do Flamengo ap\u00f3s vit\u00f3ria contra Junior: &#8216;Quem entra, d\u00e1 conta do recado&#8217;\",\"datePublished\":\"2020-10-22T03:04:24+00:00\",\"dateModified\":\"2020-10-23T04:40:45+00:00\",\"mainEntityOfPage\":{\"@id\":\"https:\/\/www.gaveanews.com\/index.php\/2020\/10\/22\/bruno-henrique-elogia-elenco-do-flamengo-apos-vitoria-contra-junior-quem-entra-da-conta-do-recado\/\"},\"wordCount\":362,\"commentCount\":3,\"image\":{\"@id\":\"https:\/\/www.gaveanews.com\/index.php\/2020\/10\/22\/bruno-henrique-elogia-elenco-do-flamengo-apos-vitoria-contra-junior-quem-entra-da-conta-do-recado\/#primaryimage\"},\"thumbnailUrl\":\"https:\/\/www.gaveanews.com\/wp-content\/uploads\/Bruno-Henrique-em-acao-pelo-Flamengo-na-partida-contra-o-Independiente-del-Valle-pela-Copa-Libertadores-de-2020.webp\",\"articleSection\":[\"Destaques\"],\"inLanguage\":\"pt-BR\",\"potentialAction\":[{\"@type\":\"CommentAction\",\"name\":\"Comment\",\"target\":[\"https:\/\/www.gaveanews.com\/index.php\/2020\/10\/22\/bruno-henrique-elogia-elenco-do-flamengo-apos-vitoria-contra-junior-quem-entra-da-conta-do-recado\/#respond\"]}],\"copyrightYear\":\"2020\",\"copyrightHolder\":{\"@id\":\"https:\/\/www.gaveanews.com\/#organization\"}},{\"@type\":\"WebPage\",\"@id\":\"https:\/\/www.gaveanews.com\/index.php\/2020\/10\/22\/bruno-henrique-elogia-elenco-do-flamengo-apos-vitoria-contra-junior-quem-entra-da-conta-do-recado\/\",\"url\":\"https:\/\/www.gaveanews.com\/index.php\/2020\/10\/22\/bruno-henrique-elogia-elenco-do-flamengo-apos-vitoria-contra-junior-quem-entra-da-conta-do-recado\/\",\"name\":\"Bruno Henrique elogia elenco do Flamengo ap\u00f3s vit\u00f3ria contra Junior\",\"isPartOf\":{\"@id\":\"https:\/\/www.gaveanews.com\/#website\"},\"primaryImageOfPage\":{\"@id\":\"https:\/\/www.gaveanews.com\/index.php\/2020\/10\/22\/bruno-henrique-elogia-elenco-do-flamengo-apos-vitoria-contra-junior-quem-entra-da-conta-do-recado\/#primaryimage\"},\"image\":{\"@id\":\"https:\/\/www.gaveanews.com\/index.php\/2020\/10\/22\/bruno-henrique-elogia-elenco-do-flamengo-apos-vitoria-contra-junior-quem-entra-da-conta-do-recado\/#primaryimage\"},\"thumbnailUrl\":\"https:\/\/www.gaveanews.com\/wp-content\/uploads\/Bruno-Henrique-em-acao-pelo-Flamengo-na-partida-contra-o-Independiente-del-Valle-pela-Copa-Libertadores-de-2020.webp\",\"datePublished\":\"2020-10-22T03:04:24+00:00\",\"dateModified\":\"2020-10-23T04:40:45+00:00\",\"author\":{\"@id\":\"https:\/\/www.gaveanews.com\/#\/schema\/person\/2ec14f73fb96be2caf28f91afb14749d\"},\"breadcrumb\":{\"@id\":\"https:\/\/www.gaveanews.com\/index.php\/2020\/10\/22\/bruno-henrique-elogia-elenco-do-flamengo-apos-vitoria-contra-junior-quem-entra-da-conta-do-recado\/#breadcrumb\"},\"inLanguage\":\"pt-BR\",\"potentialAction\":[{\"@type\":\"ReadAction\",\"target\":[\"https:\/\/www.gaveanews.com\/index.php\/2020\/10\/22\/bruno-henrique-elogia-elenco-do-flamengo-apos-vitoria-contra-junior-quem-entra-da-conta-do-recado\/\"]}]},{\"@type\":\"ImageObject\",\"inLanguage\":\"pt-BR\",\"@id\":\"https:\/\/www.gaveanews.com\/index.php\/2020\/10\/22\/bruno-henrique-elogia-elenco-do-flamengo-apos-vitoria-contra-junior-quem-entra-da-conta-do-recado\/#primaryimage\",\"url\":\"https:\/\/www.gaveanews.com\/wp-content\/uploads\/Bruno-Henrique-em-acao-pelo-Flamengo-na-partida-contra-o-Independiente-del-Valle-pela-Copa-Libertadores-de-2020.webp\",\"contentUrl\":\"https:\/\/www.gaveanews.com\/wp-content\/uploads\/Bruno-Henrique-em-acao-pelo-Flamengo-na-partida-contra-o-Independiente-del-Valle-pela-Copa-Libertadores-de-2020.webp\",\"width\":799,\"height\":532,\"caption\":\"Bruno Henrique em a\u00e7\u00e3o pelo Flamengo na partida contra o Independiente del Valle pela Copa Libertadores de 2020 (Foto: Alexandre Vidal\/Flamengo)\"},{\"@type\":\"BreadcrumbList\",\"@id\":\"https:\/\/www.gaveanews.com\/index.php\/2020\/10\/22\/bruno-henrique-elogia-elenco-do-flamengo-apos-vitoria-contra-junior-quem-entra-da-conta-do-recado\/#breadcrumb\",\"itemListElement\":[{\"@type\":\"ListItem\",\"position\":1,\"name\":\"Home\",\"item\":\"https:\/\/www.gaveanews.com\/\"},{\"@type\":\"ListItem\",\"position\":2,\"name\":\"Bruno Henrique elogia elenco do Flamengo ap\u00f3s vit\u00f3ria contra Junior: &#8216;Quem entra, d\u00e1 conta do recado&#8217;\"}]},{\"@type\":\"WebSite\",\"@id\":\"https:\/\/www.gaveanews.com\/#website\",\"url\":\"https:\/\/www.gaveanews.com\/\",\"name\":\"G\u00e1vea News\",\"description\":\"Veja todas as not\u00edcias sobre o Flamengo: Contrata\u00e7\u00f5es, categorias de base, resultados das partidas, tabela de classifica\u00e7\u00e3o, pr\u00f3ximos jogos!\",\"potentialAction\":[{\"@type\":\"SearchAction\",\"target\":{\"@type\":\"EntryPoint\",\"urlTemplate\":\"https:\/\/www.gaveanews.com\/?s={search_term_string}\"},\"query-input\":{\"@type\":\"PropertyValueSpecification\",\"valueRequired\":true,\"valueName\":\"search_term_string\"}}],\"inLanguage\":\"pt-BR\"},{\"@type\":\"Person\",\"@id\":\"https:\/\/www.gaveanews.com\/#\/schema\/person\/2ec14f73fb96be2caf28f91afb14749d\",\"name\":\"Equipe G\u00e1vea News\",\"image\":{\"@type\":\"ImageObject\",\"inLanguage\":\"pt-BR\",\"@id\":\"https:\/\/www.gaveanews.com\/#\/schema\/person\/image\/\",\"url\":\"https:\/\/secure.gravatar.com\/avatar\/1e1956f1facbffd3f8fa53a326721950116b3b9dc9bd44939c01180fd4a745a9?s=96&d=mm&r=g\",\"contentUrl\":\"https:\/\/secure.gravatar.com\/avatar\/1e1956f1facbffd3f8fa53a326721950116b3b9dc9bd44939c01180fd4a745a9?s=96&d=mm&r=g\",\"caption\":\"Equipe G\u00e1vea News\"}}]}<\/script>\n<!-- \/ Yoast SEO Premium plugin. -->","yoast_head_json":{"title":"Bruno Henrique elogia elenco do Flamengo ap\u00f3s vit\u00f3ria contra Junior","robots":{"index":"index","follow":"follow","max-snippet":"max-snippet:-1","max-image-preview":"max-image-preview:large","max-video-preview":"max-video-preview:-1"},"canonical":"https:\/\/www.gaveanews.com\/index.php\/2020\/10\/22\/bruno-henrique-elogia-elenco-do-flamengo-apos-vitoria-contra-junior-quem-entra-da-conta-do-recado\/","og_locale":"pt_BR","og_type":"article","og_title":"Bruno Henrique elogia elenco do Flamengo ap\u00f3s vit\u00f3ria contra Junior: 'Quem entra, d\u00e1 conta do recado'","og_description":"O Flamengo venceu o Junior Barranquilla por 3 a 1, nesta quarta-feira, no Maracan\u00e3, e garantiu a primeira coloca\u00e7\u00e3o no Grupo A da Libertadores. Por\u00e9m, o Rubro-Negro estava escalado com uma equipe &#8220;mista&#8221;, j\u00e1 que o foco est\u00e1 no Internacional, advers\u00e1rio do pr\u00f3ximo domingo, em duelo que vale a lideran\u00e7a do Brasileiro. Autor de um [&hellip;]","og_url":"https:\/\/www.gaveanews.com\/index.php\/2020\/10\/22\/bruno-henrique-elogia-elenco-do-flamengo-apos-vitoria-contra-junior-quem-entra-da-conta-do-recado\/","og_site_name":"G\u00e1vea News","article_publisher":"https:\/\/facebook.com\/gaveaNews\/","article_published_time":"2020-10-22T03:04:24+00:00","article_modified_time":"2020-10-23T04:40:45+00:00","og_image":[{"width":799,"height":532,"url":"https:\/\/www.gaveanews.com\/wp-content\/uploads\/Bruno-Henrique-em-acao-pelo-Flamengo-na-partida-contra-o-Independiente-del-Valle-pela-Copa-Libertadores-de-2020.webp","type":"image\/jpeg"}],"author":"Equipe G\u00e1vea News","twitter_card":"summary_large_image","twitter_misc":{"Escrito por":"Equipe G\u00e1vea News","Est. tempo de leitura":"2 minutos"},"schema":{"@context":"https:\/\/schema.org","@graph":[{"@type":"NewsArticle","@id":"https:\/\/www.gaveanews.com\/index.php\/2020\/10\/22\/bruno-henrique-elogia-elenco-do-flamengo-apos-vitoria-contra-junior-quem-entra-da-conta-do-recado\/#article","isPartOf":{"@id":"https:\/\/www.gaveanews.com\/index.php\/2020\/10\/22\/bruno-henrique-elogia-elenco-do-flamengo-apos-vitoria-contra-junior-quem-entra-da-conta-do-recado\/"},"author":{"name":"Equipe G\u00e1vea News","@id":"https:\/\/www.gaveanews.com\/#\/schema\/person\/2ec14f73fb96be2caf28f91afb14749d"},"headline":"Bruno Henrique elogia elenco do Flamengo ap\u00f3s vit\u00f3ria contra Junior: &#8216;Quem entra, d\u00e1 conta do recado&#8217;","datePublished":"2020-10-22T03:04:24+00:00","dateModified":"2020-10-23T04:40:45+00:00","mainEntityOfPage":{"@id":"https:\/\/www.gaveanews.com\/index.php\/2020\/10\/22\/bruno-henrique-elogia-elenco-do-flamengo-apos-vitoria-contra-junior-quem-entra-da-conta-do-recado\/"},"wordCount":362,"commentCount":3,"image":{"@id":"https:\/\/www.gaveanews.com\/index.php\/2020\/10\/22\/bruno-henrique-elogia-elenco-do-flamengo-apos-vitoria-contra-junior-quem-entra-da-conta-do-recado\/#primaryimage"},"thumbnailUrl":"https:\/\/www.gaveanews.com\/wp-content\/uploads\/Bruno-Henrique-em-acao-pelo-Flamengo-na-partida-contra-o-Independiente-del-Valle-pela-Copa-Libertadores-de-2020.webp","articleSection":["Destaques"],"inLanguage":"pt-BR","potentialAction":[{"@type":"CommentAction","name":"Comment","target":["https:\/\/www.gaveanews.com\/index.php\/2020\/10\/22\/bruno-henrique-elogia-elenco-do-flamengo-apos-vitoria-contra-junior-quem-entra-da-conta-do-recado\/#respond"]}],"copyrightYear":"2020","copyrightHolder":{"@id":"https:\/\/www.gaveanews.com\/#organization"}},{"@type":"WebPage","@id":"https:\/\/www.gaveanews.com\/index.php\/2020\/10\/22\/bruno-henrique-elogia-elenco-do-flamengo-apos-vitoria-contra-junior-quem-entra-da-conta-do-recado\/","url":"https:\/\/www.gaveanews.com\/index.php\/2020\/10\/22\/bruno-henrique-elogia-elenco-do-flamengo-apos-vitoria-contra-junior-quem-entra-da-conta-do-recado\/","name":"Bruno Henrique elogia elenco do Flamengo ap\u00f3s vit\u00f3ria contra Junior","isPartOf":{"@id":"https:\/\/www.gaveanews.com\/#website"},"primaryImageOfPage":{"@id":"https:\/\/www.gaveanews.com\/index.php\/2020\/10\/22\/bruno-henrique-elogia-elenco-do-flamengo-apos-vitoria-contra-junior-quem-entra-da-conta-do-recado\/#primaryimage"},"image":{"@id":"https:\/\/www.gaveanews.com\/index.php\/2020\/10\/22\/bruno-henrique-elogia-elenco-do-flamengo-apos-vitoria-contra-junior-quem-entra-da-conta-do-recado\/#primaryimage"},"thumbnailUrl":"https:\/\/www.gaveanews.com\/wp-content\/uploads\/Bruno-Henrique-em-acao-pelo-Flamengo-na-partida-contra-o-Independiente-del-Valle-pela-Copa-Libertadores-de-2020.webp","datePublished":"2020-10-22T03:04:24+00:00","dateModified":"2020-10-23T04:40:45+00:00","author":{"@id":"https:\/\/www.gaveanews.com\/#\/schema\/person\/2ec14f73fb96be2caf28f91afb14749d"},"breadcrumb":{"@id":"https:\/\/www.gaveanews.com\/index.php\/2020\/10\/22\/bruno-henrique-elogia-elenco-do-flamengo-apos-vitoria-contra-junior-quem-entra-da-conta-do-recado\/#breadcrumb"},"inLanguage":"pt-BR","potentialAction":[{"@type":"ReadAction","target":["https:\/\/www.gaveanews.com\/index.php\/2020\/10\/22\/bruno-henrique-elogia-elenco-do-flamengo-apos-vitoria-contra-junior-quem-entra-da-conta-do-recado\/"]}]},{"@type":"ImageObject","inLanguage":"pt-BR","@id":"https:\/\/www.gaveanews.com\/index.php\/2020\/10\/22\/bruno-henrique-elogia-elenco-do-flamengo-apos-vitoria-contra-junior-quem-entra-da-conta-do-recado\/#primaryimage","url":"https:\/\/www.gaveanews.com\/wp-content\/uploads\/Bruno-Henrique-em-acao-pelo-Flamengo-na-partida-contra-o-Independiente-del-Valle-pela-Copa-Libertadores-de-2020.webp","contentUrl":"https:\/\/www.gaveanews.com\/wp-content\/uploads\/Bruno-Henrique-em-acao-pelo-Flamengo-na-partida-contra-o-Independiente-del-Valle-pela-Copa-Libertadores-de-2020.webp","width":799,"height":532,"caption":"Bruno Henrique em a\u00e7\u00e3o pelo Flamengo na partida contra o Independiente del Valle pela Copa Libertadores de 2020 (Foto: Alexandre Vidal\/Flamengo)"},{"@type":"BreadcrumbList","@id":"https:\/\/www.gaveanews.com\/index.php\/2020\/10\/22\/bruno-henrique-elogia-elenco-do-flamengo-apos-vitoria-contra-junior-quem-entra-da-conta-do-recado\/#breadcrumb","itemListElement":[{"@type":"ListItem","position":1,"name":"Home","item":"https:\/\/www.gaveanews.com\/"},{"@type":"ListItem","position":2,"name":"Bruno Henrique elogia elenco do Flamengo ap\u00f3s vit\u00f3ria contra Junior: &#8216;Quem entra, d\u00e1 conta do recado&#8217;"}]},{"@type":"WebSite","@id":"https:\/\/www.gaveanews.com\/#website","url":"https:\/\/www.gaveanews.com\/","name":"G\u00e1vea News","description":"Veja todas as not\u00edcias sobre o Flamengo: Contrata\u00e7\u00f5es, categorias de base, resultados das partidas, tabela de classifica\u00e7\u00e3o, pr\u00f3ximos jogos!","potentialAction":[{"@type":"SearchAction","target":{"@type":"EntryPoint","urlTemplate":"https:\/\/www.gaveanews.com\/?s={search_term_string}"},"query-input":{"@type":"PropertyValueSpecification","valueRequired":true,"valueName":"search_term_string"}}],"inLanguage":"pt-BR"},{"@type":"Person","@id":"https:\/\/www.gaveanews.com\/#\/schema\/person\/2ec14f73fb96be2caf28f91afb14749d","name":"Equipe G\u00e1vea News","image":{"@type":"ImageObject","inLanguage":"pt-BR","@id":"https:\/\/www.gaveanews.com\/#\/schema\/person\/image\/","url":"https:\/\/secure.gravatar.com\/avatar\/1e1956f1facbffd3f8fa53a326721950116b3b9dc9bd44939c01180fd4a745a9?s=96&d=mm&r=g","contentUrl":"https:\/\/secure.gravatar.com\/avatar\/1e1956f1facbffd3f8fa53a326721950116b3b9dc9bd44939c01180fd4a745a9?s=96&d=mm&r=g","caption":"Equipe G\u00e1vea News"}}]}},"_links":{"self":[{"href":"https:\/\/www.gaveanews.com\/index.php\/wp-json\/wp\/v2\/posts\/49692","targetHints":{"allow":["GET"]}}],"collection":[{"href":"https:\/\/www.gaveanews.com\/index.php\/wp-json\/wp\/v2\/posts"}],"about":[{"href":"https:\/\/www.gaveanews.com\/index.php\/wp-json\/wp\/v2\/types\/post"}],"author":[{"embeddable":true,"href":"https:\/\/www.gaveanews.com\/index.php\/wp-json\/wp\/v2\/users\/1"}],"replies":[{"embeddable":true,"href":"https:\/\/www.gaveanews.com\/index.php\/wp-json\/wp\/v2\/comments?post=49692"}],"version-history":[{"count":0,"href":"https:\/\/www.gaveanews.com\/index.php\/wp-json\/wp\/v2\/posts\/49692\/revisions"}],"wp:featuredmedia":[{"embeddable":true,"href":"https:\/\/www.gaveanews.com\/index.php\/wp-json\/wp\/v2\/media\/48270"}],"wp:attachment":[{"href":"https:\/\/www.gaveanews.com\/index.php\/wp-json\/wp\/v2\/media?parent=49692"}],"wp:term":[{"taxonomy":"category","embeddable":true,"href":"https:\/\/www.gaveanews.com\/index.php\/wp-json\/wp\/v2\/categories?post=49692"},{"taxonomy":"post_tag","embeddable":true,"href":"https:\/\/www.gaveanews.com\/index.php\/wp-json\/wp\/v2\/tags?post=49692"}],"curies":[{"name":"wp","href":"https:\/\/api.w.org\/{rel}","templated":true}]}}