{"id":49695,"date":"2020-10-22T00:34:12","date_gmt":"2020-10-22T03:34:12","guid":{"rendered":"https:\/\/www.gaveanews.com\/?p=49695"},"modified":"2020-10-22T00:34:16","modified_gmt":"2020-10-22T03:34:16","slug":"flamengo-fecha-a-fase-de-grupos-da-libertadores-com-a-sua-terceira-melhor-campanha-na-historia","status":"publish","type":"post","link":"https:\/\/www.gaveanews.com\/index.php\/2020\/10\/22\/flamengo-fecha-a-fase-de-grupos-da-libertadores-com-a-sua-terceira-melhor-campanha-na-historia\/","title":{"rendered":"Flamengo fecha a fase de grupos da Libertadores com a sua terceira melhor campanha na hist\u00f3ria"},"content":{"rendered":"\n<p>Com a vit\u00f3ria sobre o Junior Barranquilha nesta quarta-feira (21), o Flamengo chegou aos 15 pontos, garantiu o primeiro lugar do Grupo A e fez sua terceira melhor campanha em fase de grupos da Libertadores. O atual aproveitamento fica atr\u00e1s apenas das campanhas de 1984 e 2007. Em ambas ocasi\u00f5es, o rubro-negro terminou com cinco vit\u00f3rias e um empate.<\/p>\n\n\n\n<p>Um detalhe importante \u00e9 que em 84, o sistema de pontua\u00e7\u00e3o era diferente: a vit\u00f3ria valia dois pontos e n\u00e3o tr\u00eas como hoje. Por isso, o clube da G\u00e1vea terminou aquela edi\u00e7\u00e3o com \u201capenas\u201d 11 pontos. Naquele ano, o Flamengo enfrentou Junior Barranquilha, Am\u00e9rica de Cali e Santos na fase de grupos, com direito a duas goleadas sobre o rival brasileiro (4 a 1 em casa e 5 a 0 fora). O time acabaria eliminado na semifinal, perdendo o desempate (na \u00e9poca a semifinal era disputada em grupos de tr\u00eas times) para o ent\u00e3o campe\u00e3o Gr\u00eamio.<\/p>\n\n\n\n<p>J\u00e1 em 2007, o rubro-negro encarou Real Potos\u00ed, Paran\u00e1 e Maracaibo na fase de grupos. O \u00fanico empate foi diante da equipe boliviana, na altitude de quase 4 mil metros de Potos\u00ed. Curiosamente, um time que ficou marcado pela qualidade discut\u00edvel dos jogadores, como a dupla de zaga Mois\u00e9s e Irineu. A equipe acabaria eliminada nas oitavas de final para o Defensor Sporting.<\/p>\n\n\n\n<h2 class=\"wp-block-heading\">Flamengo garante terceiro lugar geral<\/h2>\n\n\n\n<p>A vit\u00f3ria foi importante n\u00e3o somente para o Flamengo garantir o primeiro lugar, mas tamb\u00e9m para o time de Dome se colocar entre os tr\u00eas melhores da fase de grupos. Com os 15 pontos, o rubro-negro fica atr\u00e1s apenas de Santos e Palmeiras na tabela geral dos classificados para as oitavas de final.<\/p>\n\n\n\n<p>Com isso, o clube da G\u00e1vea garante a vantagem de decidir em casa os confrontos do mata-mata, desde que n\u00e3o seja contra Palmeiras ou Santos.<\/p>\n\n\n\n<p>O alviverde paulista terminou com a melhor campanha da primeira fase, com 16 pontos e 15 gols de saldo. O alvinegro terminou com os mesmos 16 pontos, mas com cinco gols de saldo. Com 15 pontos e seis gols de saldo Flamengo e Nacional-URU t\u00eam a mesma campanha, mas o rubro-negro leva a melhor nos gols-pr\u00f3 (14 a 9).<\/p>\n\n\n\n<p>Nesta sexta-feira, ser\u00e3o sorteados os confrontos do mata-mata da Libertadores. Nas oitavas de final, o Flamengo pegar\u00e1 uma das equipes classificadas em segundo lugar.<\/p>\n\n\n\n<p>Retirado de: Hashtag Rubro-Negro<\/p>\n","protected":false},"excerpt":{"rendered":"<p>Com a vit\u00f3ria sobre o Junior Barranquilha nesta quarta-feira (21), o Flamengo chegou aos 15 pontos, garantiu o primeiro lugar do Grupo A e fez sua terceira melhor campanha em fase de grupos da Libertadores. O atual aproveitamento fica atr\u00e1s apenas das campanhas de 1984 e 2007. Em ambas ocasi\u00f5es, o rubro-negro terminou com cinco [&hellip;]<\/p>\n","protected":false},"author":1,"featured_media":14851,"comment_status":"open","ping_status":"closed","sticky":false,"template":"","format":"standard","meta":{"footnotes":""},"categories":[47],"tags":[],"class_list":["post-49695","post","type-post","status-publish","format-standard","has-post-thumbnail","hentry","category-destaques"],"yoast_head":"<!-- This site is optimized with the Yoast SEO Premium plugin v24.2 (Yoast SEO v26.9) - https:\/\/yoast.com\/product\/yoast-seo-premium-wordpress\/ -->\n<title>Flamengo conquista sua 3\u00aa melhor campanha na hist\u00f3ria da Libertadores<\/title>\n<meta name=\"description\" content=\"Com a vit\u00f3ria sobre o Junior Barranquilha nesta quarta-feira (21), o Flamengo chegou aos 15 pontos, garantiu o primeiro lugar do Grupo A.\" \/>\n<meta name=\"robots\" content=\"index, follow, max-snippet:-1, max-image-preview:large, max-video-preview:-1\" \/>\n<link rel=\"canonical\" href=\"https:\/\/www.gaveanews.com\/index.php\/2020\/10\/22\/flamengo-fecha-a-fase-de-grupos-da-libertadores-com-a-sua-terceira-melhor-campanha-na-historia\/\" \/>\n<meta property=\"og:locale\" content=\"pt_BR\" \/>\n<meta property=\"og:type\" content=\"article\" \/>\n<meta property=\"og:title\" content=\"Flamengo fecha a fase de grupos da Libertadores com a sua terceira melhor campanha na hist\u00f3ria\" \/>\n<meta property=\"og:description\" content=\"Com a vit\u00f3ria sobre o Junior Barranquilha nesta quarta-feira (21), o Flamengo chegou aos 15 pontos, garantiu o primeiro lugar do Grupo A.\" \/>\n<meta property=\"og:url\" content=\"https:\/\/www.gaveanews.com\/index.php\/2020\/10\/22\/flamengo-fecha-a-fase-de-grupos-da-libertadores-com-a-sua-terceira-melhor-campanha-na-historia\/\" \/>\n<meta property=\"og:site_name\" content=\"G\u00e1vea News\" \/>\n<meta property=\"article:publisher\" content=\"https:\/\/facebook.com\/gaveaNews\/\" \/>\n<meta property=\"article:published_time\" content=\"2020-10-22T03:34:12+00:00\" \/>\n<meta property=\"article:modified_time\" content=\"2020-10-22T03:34:16+00:00\" \/>\n<meta property=\"og:image\" content=\"https:\/\/www.gaveanews.com\/wp-content\/uploads\/2019\/03\/Taca-da-Copa-Libertadores-da-America.webp\" \/>\n\t<meta property=\"og:image:width\" content=\"1\" \/>\n\t<meta property=\"og:image:height\" content=\"1\" \/>\n\t<meta property=\"og:image:type\" content=\"image\/jpeg\" \/>\n<meta name=\"author\" content=\"Equipe G\u00e1vea News\" \/>\n<meta name=\"twitter:card\" content=\"summary_large_image\" \/>\n<meta name=\"twitter:label1\" content=\"Escrito por\" \/>\n\t<meta name=\"twitter:data1\" content=\"Equipe G\u00e1vea News\" \/>\n\t<meta name=\"twitter:label2\" content=\"Est. tempo de leitura\" \/>\n\t<meta name=\"twitter:data2\" content=\"2 minutos\" \/>\n<script type=\"application\/ld+json\" class=\"yoast-schema-graph\">{\"@context\":\"https:\/\/schema.org\",\"@graph\":[{\"@type\":\"NewsArticle\",\"@id\":\"https:\/\/www.gaveanews.com\/index.php\/2020\/10\/22\/flamengo-fecha-a-fase-de-grupos-da-libertadores-com-a-sua-terceira-melhor-campanha-na-historia\/#article\",\"isPartOf\":{\"@id\":\"https:\/\/www.gaveanews.com\/index.php\/2020\/10\/22\/flamengo-fecha-a-fase-de-grupos-da-libertadores-com-a-sua-terceira-melhor-campanha-na-historia\/\"},\"author\":{\"name\":\"Equipe G\u00e1vea News\",\"@id\":\"https:\/\/www.gaveanews.com\/#\/schema\/person\/2ec14f73fb96be2caf28f91afb14749d\"},\"headline\":\"Flamengo fecha a fase de grupos da Libertadores com a sua terceira melhor campanha na hist\u00f3ria\",\"datePublished\":\"2020-10-22T03:34:12+00:00\",\"dateModified\":\"2020-10-22T03:34:16+00:00\",\"mainEntityOfPage\":{\"@id\":\"https:\/\/www.gaveanews.com\/index.php\/2020\/10\/22\/flamengo-fecha-a-fase-de-grupos-da-libertadores-com-a-sua-terceira-melhor-campanha-na-historia\/\"},\"wordCount\":411,\"commentCount\":1,\"image\":{\"@id\":\"https:\/\/www.gaveanews.com\/index.php\/2020\/10\/22\/flamengo-fecha-a-fase-de-grupos-da-libertadores-com-a-sua-terceira-melhor-campanha-na-historia\/#primaryimage\"},\"thumbnailUrl\":\"https:\/\/www.gaveanews.com\/wp-content\/uploads\/2019\/03\/Taca-da-Copa-Libertadores-da-America.webp\",\"articleSection\":[\"Destaques\"],\"inLanguage\":\"pt-BR\",\"potentialAction\":[{\"@type\":\"CommentAction\",\"name\":\"Comment\",\"target\":[\"https:\/\/www.gaveanews.com\/index.php\/2020\/10\/22\/flamengo-fecha-a-fase-de-grupos-da-libertadores-com-a-sua-terceira-melhor-campanha-na-historia\/#respond\"]}],\"copyrightYear\":\"2020\",\"copyrightHolder\":{\"@id\":\"https:\/\/www.gaveanews.com\/#organization\"}},{\"@type\":\"WebPage\",\"@id\":\"https:\/\/www.gaveanews.com\/index.php\/2020\/10\/22\/flamengo-fecha-a-fase-de-grupos-da-libertadores-com-a-sua-terceira-melhor-campanha-na-historia\/\",\"url\":\"https:\/\/www.gaveanews.com\/index.php\/2020\/10\/22\/flamengo-fecha-a-fase-de-grupos-da-libertadores-com-a-sua-terceira-melhor-campanha-na-historia\/\",\"name\":\"Flamengo conquista sua 3\u00aa melhor campanha na hist\u00f3ria da Libertadores\",\"isPartOf\":{\"@id\":\"https:\/\/www.gaveanews.com\/#website\"},\"primaryImageOfPage\":{\"@id\":\"https:\/\/www.gaveanews.com\/index.php\/2020\/10\/22\/flamengo-fecha-a-fase-de-grupos-da-libertadores-com-a-sua-terceira-melhor-campanha-na-historia\/#primaryimage\"},\"image\":{\"@id\":\"https:\/\/www.gaveanews.com\/index.php\/2020\/10\/22\/flamengo-fecha-a-fase-de-grupos-da-libertadores-com-a-sua-terceira-melhor-campanha-na-historia\/#primaryimage\"},\"thumbnailUrl\":\"https:\/\/www.gaveanews.com\/wp-content\/uploads\/2019\/03\/Taca-da-Copa-Libertadores-da-America.webp\",\"datePublished\":\"2020-10-22T03:34:12+00:00\",\"dateModified\":\"2020-10-22T03:34:16+00:00\",\"author\":{\"@id\":\"https:\/\/www.gaveanews.com\/#\/schema\/person\/2ec14f73fb96be2caf28f91afb14749d\"},\"description\":\"Com a vit\u00f3ria sobre o Junior Barranquilha nesta quarta-feira (21), o Flamengo chegou aos 15 pontos, garantiu o primeiro lugar do Grupo A.\",\"breadcrumb\":{\"@id\":\"https:\/\/www.gaveanews.com\/index.php\/2020\/10\/22\/flamengo-fecha-a-fase-de-grupos-da-libertadores-com-a-sua-terceira-melhor-campanha-na-historia\/#breadcrumb\"},\"inLanguage\":\"pt-BR\",\"potentialAction\":[{\"@type\":\"ReadAction\",\"target\":[\"https:\/\/www.gaveanews.com\/index.php\/2020\/10\/22\/flamengo-fecha-a-fase-de-grupos-da-libertadores-com-a-sua-terceira-melhor-campanha-na-historia\/\"]}]},{\"@type\":\"ImageObject\",\"inLanguage\":\"pt-BR\",\"@id\":\"https:\/\/www.gaveanews.com\/index.php\/2020\/10\/22\/flamengo-fecha-a-fase-de-grupos-da-libertadores-com-a-sua-terceira-melhor-campanha-na-historia\/#primaryimage\",\"url\":\"https:\/\/www.gaveanews.com\/wp-content\/uploads\/2019\/03\/Taca-da-Copa-Libertadores-da-America.webp\",\"contentUrl\":\"https:\/\/www.gaveanews.com\/wp-content\/uploads\/2019\/03\/Taca-da-Copa-Libertadores-da-America.webp\",\"caption\":\"Ta\u00e7a da Copa Libertadores da Am\u00e9rica (Foto: Divulga\u00e7\u00e3o\/Conmebol)\"},{\"@type\":\"BreadcrumbList\",\"@id\":\"https:\/\/www.gaveanews.com\/index.php\/2020\/10\/22\/flamengo-fecha-a-fase-de-grupos-da-libertadores-com-a-sua-terceira-melhor-campanha-na-historia\/#breadcrumb\",\"itemListElement\":[{\"@type\":\"ListItem\",\"position\":1,\"name\":\"Home\",\"item\":\"https:\/\/www.gaveanews.com\/\"},{\"@type\":\"ListItem\",\"position\":2,\"name\":\"Flamengo fecha a fase de grupos da Libertadores com a sua terceira melhor campanha na hist\u00f3ria\"}]},{\"@type\":\"WebSite\",\"@id\":\"https:\/\/www.gaveanews.com\/#website\",\"url\":\"https:\/\/www.gaveanews.com\/\",\"name\":\"G\u00e1vea News\",\"description\":\"Veja todas as not\u00edcias sobre o Flamengo: Contrata\u00e7\u00f5es, categorias de base, resultados das partidas, tabela de classifica\u00e7\u00e3o, pr\u00f3ximos jogos!\",\"potentialAction\":[{\"@type\":\"SearchAction\",\"target\":{\"@type\":\"EntryPoint\",\"urlTemplate\":\"https:\/\/www.gaveanews.com\/?s={search_term_string}\"},\"query-input\":{\"@type\":\"PropertyValueSpecification\",\"valueRequired\":true,\"valueName\":\"search_term_string\"}}],\"inLanguage\":\"pt-BR\"},{\"@type\":\"Person\",\"@id\":\"https:\/\/www.gaveanews.com\/#\/schema\/person\/2ec14f73fb96be2caf28f91afb14749d\",\"name\":\"Equipe G\u00e1vea News\",\"image\":{\"@type\":\"ImageObject\",\"inLanguage\":\"pt-BR\",\"@id\":\"https:\/\/www.gaveanews.com\/#\/schema\/person\/image\/\",\"url\":\"https:\/\/secure.gravatar.com\/avatar\/1e1956f1facbffd3f8fa53a326721950116b3b9dc9bd44939c01180fd4a745a9?s=96&d=mm&r=g\",\"contentUrl\":\"https:\/\/secure.gravatar.com\/avatar\/1e1956f1facbffd3f8fa53a326721950116b3b9dc9bd44939c01180fd4a745a9?s=96&d=mm&r=g\",\"caption\":\"Equipe G\u00e1vea News\"}}]}<\/script>\n<!-- \/ Yoast SEO Premium plugin. -->","yoast_head_json":{"title":"Flamengo conquista sua 3\u00aa melhor campanha na hist\u00f3ria da Libertadores","description":"Com a vit\u00f3ria sobre o Junior Barranquilha nesta quarta-feira (21), o Flamengo chegou aos 15 pontos, garantiu o primeiro lugar do Grupo A.","robots":{"index":"index","follow":"follow","max-snippet":"max-snippet:-1","max-image-preview":"max-image-preview:large","max-video-preview":"max-video-preview:-1"},"canonical":"https:\/\/www.gaveanews.com\/index.php\/2020\/10\/22\/flamengo-fecha-a-fase-de-grupos-da-libertadores-com-a-sua-terceira-melhor-campanha-na-historia\/","og_locale":"pt_BR","og_type":"article","og_title":"Flamengo fecha a fase de grupos da Libertadores com a sua terceira melhor campanha na hist\u00f3ria","og_description":"Com a vit\u00f3ria sobre o Junior Barranquilha nesta quarta-feira (21), o Flamengo chegou aos 15 pontos, garantiu o primeiro lugar do Grupo A.","og_url":"https:\/\/www.gaveanews.com\/index.php\/2020\/10\/22\/flamengo-fecha-a-fase-de-grupos-da-libertadores-com-a-sua-terceira-melhor-campanha-na-historia\/","og_site_name":"G\u00e1vea News","article_publisher":"https:\/\/facebook.com\/gaveaNews\/","article_published_time":"2020-10-22T03:34:12+00:00","article_modified_time":"2020-10-22T03:34:16+00:00","og_image":[{"url":"https:\/\/www.gaveanews.com\/wp-content\/uploads\/2019\/03\/Taca-da-Copa-Libertadores-da-America.webp","width":1,"height":1,"type":"image\/jpeg"}],"author":"Equipe G\u00e1vea News","twitter_card":"summary_large_image","twitter_misc":{"Escrito por":"Equipe G\u00e1vea News","Est. tempo de leitura":"2 minutos"},"schema":{"@context":"https:\/\/schema.org","@graph":[{"@type":"NewsArticle","@id":"https:\/\/www.gaveanews.com\/index.php\/2020\/10\/22\/flamengo-fecha-a-fase-de-grupos-da-libertadores-com-a-sua-terceira-melhor-campanha-na-historia\/#article","isPartOf":{"@id":"https:\/\/www.gaveanews.com\/index.php\/2020\/10\/22\/flamengo-fecha-a-fase-de-grupos-da-libertadores-com-a-sua-terceira-melhor-campanha-na-historia\/"},"author":{"name":"Equipe G\u00e1vea News","@id":"https:\/\/www.gaveanews.com\/#\/schema\/person\/2ec14f73fb96be2caf28f91afb14749d"},"headline":"Flamengo fecha a fase de grupos da Libertadores com a sua terceira melhor campanha na hist\u00f3ria","datePublished":"2020-10-22T03:34:12+00:00","dateModified":"2020-10-22T03:34:16+00:00","mainEntityOfPage":{"@id":"https:\/\/www.gaveanews.com\/index.php\/2020\/10\/22\/flamengo-fecha-a-fase-de-grupos-da-libertadores-com-a-sua-terceira-melhor-campanha-na-historia\/"},"wordCount":411,"commentCount":1,"image":{"@id":"https:\/\/www.gaveanews.com\/index.php\/2020\/10\/22\/flamengo-fecha-a-fase-de-grupos-da-libertadores-com-a-sua-terceira-melhor-campanha-na-historia\/#primaryimage"},"thumbnailUrl":"https:\/\/www.gaveanews.com\/wp-content\/uploads\/2019\/03\/Taca-da-Copa-Libertadores-da-America.webp","articleSection":["Destaques"],"inLanguage":"pt-BR","potentialAction":[{"@type":"CommentAction","name":"Comment","target":["https:\/\/www.gaveanews.com\/index.php\/2020\/10\/22\/flamengo-fecha-a-fase-de-grupos-da-libertadores-com-a-sua-terceira-melhor-campanha-na-historia\/#respond"]}],"copyrightYear":"2020","copyrightHolder":{"@id":"https:\/\/www.gaveanews.com\/#organization"}},{"@type":"WebPage","@id":"https:\/\/www.gaveanews.com\/index.php\/2020\/10\/22\/flamengo-fecha-a-fase-de-grupos-da-libertadores-com-a-sua-terceira-melhor-campanha-na-historia\/","url":"https:\/\/www.gaveanews.com\/index.php\/2020\/10\/22\/flamengo-fecha-a-fase-de-grupos-da-libertadores-com-a-sua-terceira-melhor-campanha-na-historia\/","name":"Flamengo conquista sua 3\u00aa melhor campanha na hist\u00f3ria da Libertadores","isPartOf":{"@id":"https:\/\/www.gaveanews.com\/#website"},"primaryImageOfPage":{"@id":"https:\/\/www.gaveanews.com\/index.php\/2020\/10\/22\/flamengo-fecha-a-fase-de-grupos-da-libertadores-com-a-sua-terceira-melhor-campanha-na-historia\/#primaryimage"},"image":{"@id":"https:\/\/www.gaveanews.com\/index.php\/2020\/10\/22\/flamengo-fecha-a-fase-de-grupos-da-libertadores-com-a-sua-terceira-melhor-campanha-na-historia\/#primaryimage"},"thumbnailUrl":"https:\/\/www.gaveanews.com\/wp-content\/uploads\/2019\/03\/Taca-da-Copa-Libertadores-da-America.webp","datePublished":"2020-10-22T03:34:12+00:00","dateModified":"2020-10-22T03:34:16+00:00","author":{"@id":"https:\/\/www.gaveanews.com\/#\/schema\/person\/2ec14f73fb96be2caf28f91afb14749d"},"description":"Com a vit\u00f3ria sobre o Junior Barranquilha nesta quarta-feira (21), o Flamengo chegou aos 15 pontos, garantiu o primeiro lugar do Grupo A.","breadcrumb":{"@id":"https:\/\/www.gaveanews.com\/index.php\/2020\/10\/22\/flamengo-fecha-a-fase-de-grupos-da-libertadores-com-a-sua-terceira-melhor-campanha-na-historia\/#breadcrumb"},"inLanguage":"pt-BR","potentialAction":[{"@type":"ReadAction","target":["https:\/\/www.gaveanews.com\/index.php\/2020\/10\/22\/flamengo-fecha-a-fase-de-grupos-da-libertadores-com-a-sua-terceira-melhor-campanha-na-historia\/"]}]},{"@type":"ImageObject","inLanguage":"pt-BR","@id":"https:\/\/www.gaveanews.com\/index.php\/2020\/10\/22\/flamengo-fecha-a-fase-de-grupos-da-libertadores-com-a-sua-terceira-melhor-campanha-na-historia\/#primaryimage","url":"https:\/\/www.gaveanews.com\/wp-content\/uploads\/2019\/03\/Taca-da-Copa-Libertadores-da-America.webp","contentUrl":"https:\/\/www.gaveanews.com\/wp-content\/uploads\/2019\/03\/Taca-da-Copa-Libertadores-da-America.webp","caption":"Ta\u00e7a da Copa Libertadores da Am\u00e9rica (Foto: Divulga\u00e7\u00e3o\/Conmebol)"},{"@type":"BreadcrumbList","@id":"https:\/\/www.gaveanews.com\/index.php\/2020\/10\/22\/flamengo-fecha-a-fase-de-grupos-da-libertadores-com-a-sua-terceira-melhor-campanha-na-historia\/#breadcrumb","itemListElement":[{"@type":"ListItem","position":1,"name":"Home","item":"https:\/\/www.gaveanews.com\/"},{"@type":"ListItem","position":2,"name":"Flamengo fecha a fase de grupos da Libertadores com a sua terceira melhor campanha na hist\u00f3ria"}]},{"@type":"WebSite","@id":"https:\/\/www.gaveanews.com\/#website","url":"https:\/\/www.gaveanews.com\/","name":"G\u00e1vea News","description":"Veja todas as not\u00edcias sobre o Flamengo: Contrata\u00e7\u00f5es, categorias de base, resultados das partidas, tabela de classifica\u00e7\u00e3o, pr\u00f3ximos jogos!","potentialAction":[{"@type":"SearchAction","target":{"@type":"EntryPoint","urlTemplate":"https:\/\/www.gaveanews.com\/?s={search_term_string}"},"query-input":{"@type":"PropertyValueSpecification","valueRequired":true,"valueName":"search_term_string"}}],"inLanguage":"pt-BR"},{"@type":"Person","@id":"https:\/\/www.gaveanews.com\/#\/schema\/person\/2ec14f73fb96be2caf28f91afb14749d","name":"Equipe G\u00e1vea News","image":{"@type":"ImageObject","inLanguage":"pt-BR","@id":"https:\/\/www.gaveanews.com\/#\/schema\/person\/image\/","url":"https:\/\/secure.gravatar.com\/avatar\/1e1956f1facbffd3f8fa53a326721950116b3b9dc9bd44939c01180fd4a745a9?s=96&d=mm&r=g","contentUrl":"https:\/\/secure.gravatar.com\/avatar\/1e1956f1facbffd3f8fa53a326721950116b3b9dc9bd44939c01180fd4a745a9?s=96&d=mm&r=g","caption":"Equipe G\u00e1vea News"}}]}},"_links":{"self":[{"href":"https:\/\/www.gaveanews.com\/index.php\/wp-json\/wp\/v2\/posts\/49695","targetHints":{"allow":["GET"]}}],"collection":[{"href":"https:\/\/www.gaveanews.com\/index.php\/wp-json\/wp\/v2\/posts"}],"about":[{"href":"https:\/\/www.gaveanews.com\/index.php\/wp-json\/wp\/v2\/types\/post"}],"author":[{"embeddable":true,"href":"https:\/\/www.gaveanews.com\/index.php\/wp-json\/wp\/v2\/users\/1"}],"replies":[{"embeddable":true,"href":"https:\/\/www.gaveanews.com\/index.php\/wp-json\/wp\/v2\/comments?post=49695"}],"version-history":[{"count":0,"href":"https:\/\/www.gaveanews.com\/index.php\/wp-json\/wp\/v2\/posts\/49695\/revisions"}],"wp:featuredmedia":[{"embeddable":true,"href":"https:\/\/www.gaveanews.com\/index.php\/wp-json\/wp\/v2\/media\/14851"}],"wp:attachment":[{"href":"https:\/\/www.gaveanews.com\/index.php\/wp-json\/wp\/v2\/media?parent=49695"}],"wp:term":[{"taxonomy":"category","embeddable":true,"href":"https:\/\/www.gaveanews.com\/index.php\/wp-json\/wp\/v2\/categories?post=49695"},{"taxonomy":"post_tag","embeddable":true,"href":"https:\/\/www.gaveanews.com\/index.php\/wp-json\/wp\/v2\/tags?post=49695"}],"curies":[{"name":"wp","href":"https:\/\/api.w.org\/{rel}","templated":true}]}}