{"id":49697,"date":"2020-10-22T01:00:52","date_gmt":"2020-10-22T04:00:52","guid":{"rendered":"https:\/\/www.gaveanews.com\/?p=49697"},"modified":"2020-10-22T00:46:46","modified_gmt":"2020-10-22T03:46:46","slug":"ale-oliveira-usa-gol-de-vinicius-junior-para-debochar-do-vasco-e-e-exaltado-nas-redes-sociais","status":"publish","type":"post","link":"https:\/\/www.gaveanews.com\/index.php\/2020\/10\/22\/ale-oliveira-usa-gol-de-vinicius-junior-para-debochar-do-vasco-e-e-exaltado-nas-redes-sociais\/","title":{"rendered":"Al\u00ea Oliveira usa gol de Vinicius Junior para debochar do Vasco e \u00e9 exaltado nas redes sociais"},"content":{"rendered":"\n<p>O Real Madrid entrou em campo nesta quarta-feira (21) e acabou sendo derrotado pelo Shakhtar Donestk. Em partida v\u00e1lida pela 1\u00aa rodada da fase de grupos da Champions League, o time ucraniano acabou vencendo por 3 a 2 com jogo agitado.<\/p>\n\n\n\n<p>Reserva, Vinicius Junior acabou entrando no segundo tempo e bateu o recorde do gol mais r\u00e1pido de um suplente na hist\u00f3ria da Champions. Isso chamou a aten\u00e7\u00e3o do comentarista Al\u00ea Oliveira, da Turner, que tirou sarro do Vasco da Gama para exaltar o momento do jogador formado pelo Flamengo.<\/p>\n\n\n\n<p>\u201cMais r\u00e1pido que o \u2018Asaian\u2019, o monstro. Mais r\u00e1pido que o MC Livinho no Audax. Mais r\u00e1pido que o Vasco na lideran\u00e7a do campeonato. Mais r\u00e1pido at\u00e9 que meu \u00faltimo noivado\u201d, brincou Al\u00ea Oliveira durante o confronto entre Real Madrid e Shakhtar.<\/p>\n\n\n\n<h3 class=\"wp-block-heading\">Confira a repercuss\u00e3o sobre o coment\u00e1rio do Al\u00ea Oliveira:<\/h3>\n\n\n\n<figure class=\"wp-block-embed-twitter wp-block-embed is-type-rich is-provider-twitter\"><div class=\"wp-block-embed__wrapper\">\n<blockquote class=\"twitter-tweet\" data-width=\"550\" data-dnt=\"true\"><p lang=\"pt\" dir=\"ltr\">\u201cGol do Vinicius J\u00fanior foi mais r\u00e1pido que a lideran\u00e7a do Vasco\u201d<br><br>Al\u00ea Oliveira<\/p>&mdash; Rei da Resenha \ud83c\udde7\ud83c\uddf7 (@resenhadorei) <a href=\"https:\/\/twitter.com\/resenhadorei\/status\/1318978225511440384?ref_src=twsrc%5Etfw\">October 21, 2020<\/a><\/blockquote><script async src=\"https:\/\/platform.twitter.com\/widgets.js\" charset=\"utf-8\"><\/script>\n<\/div><\/figure>\n\n\n\n<figure class=\"wp-block-embed-twitter wp-block-embed is-type-rich is-provider-twitter\"><div class=\"wp-block-embed__wrapper\">\n<blockquote class=\"twitter-tweet\" data-width=\"550\" data-dnt=\"true\"><p lang=\"pt\" dir=\"ltr\">Os Vasca\u00ednos depois do coment\u00e1rio do Al\u00ea Oliveira <br><br>\u201c gol do Vinicius J\u00fanior foi mais r\u00e1pido que o Vasco na lideran\u00e7a \u201c<br><br>Hahahahaha, Vini Malvadeza consegue fazer piada com o Vasco at\u00e9 na Champions. <a href=\"https:\/\/t.co\/ofyXC6aEXU\">pic.twitter.com\/ofyXC6aEXU<\/a><\/p>&mdash; Pedro Cardoso \u270d\ufe0e (@021PedroCardoso) <a href=\"https:\/\/twitter.com\/021PedroCardoso\/status\/1318986239119413248?ref_src=twsrc%5Etfw\">October 21, 2020<\/a><\/blockquote><script async src=\"https:\/\/platform.twitter.com\/widgets.js\" charset=\"utf-8\"><\/script>\n<\/div><\/figure>\n\n\n\n<figure class=\"wp-block-embed-twitter wp-block-embed is-type-rich is-provider-twitter\"><div class=\"wp-block-embed__wrapper\">\n<blockquote class=\"twitter-tweet\" data-width=\"550\" data-dnt=\"true\"><p lang=\"pt\" dir=\"ltr\">&quot;mais r\u00e1pido que o Vasco na lideran\u00e7a o Vin\u00edcius Junior&quot; KKKKKKKKKK Ale oliveira \u00e9 o melhor comentarista do Brasil<\/p>&mdash; tetinha \ud83c\udf2a\ufe0f (@_Luiz03_) <a href=\"https:\/\/twitter.com\/_Luiz03_\/status\/1318978300933509120?ref_src=twsrc%5Etfw\">October 21, 2020<\/a><\/blockquote><script async src=\"https:\/\/platform.twitter.com\/widgets.js\" charset=\"utf-8\"><\/script>\n<\/div><\/figure>\n\n\n\n<figure class=\"wp-block-embed-twitter wp-block-embed is-type-rich is-provider-twitter\"><div class=\"wp-block-embed__wrapper\">\nhttps:\/\/twitter.com\/VitorPetris\/status\/1318978466386247680?ref_src=twsrc%5Etfw%7Ctwcamp%5Etweetembed%7Ctwterm%5E1318978466386247680%7Ctwgr%5Eshare_3%2Ccontainerclick_0&#038;ref_url=https%3A%2F%2Fwww.torcedores.com%2Fnoticias%2F2020%2F10%2Fale-oliveira-exaltado-vinicius-junior-sarro-vasco\n<\/div><\/figure>\n\n\n\n<figure class=\"wp-block-embed-twitter wp-block-embed is-type-rich is-provider-twitter\"><div class=\"wp-block-embed__wrapper\">\n<blockquote class=\"twitter-tweet\" data-width=\"550\" data-dnt=\"true\"><p lang=\"pt\" dir=\"ltr\">Al\u00ea Oliveira: &quot;Mais r\u00e1pido o Bolt, mais r\u00e1pido que o meu \u00faltimo noivado, mais r\u00e1pido que o Vasco na lideran\u00e7a do Brasileir\u00e3o&quot; KKKKKKKKKKKKKKKKKKKKKKKKKKKKK <a href=\"https:\/\/t.co\/0RrytSvG4i\">https:\/\/t.co\/0RrytSvG4i<\/a><\/p>&mdash; plrafinha (@crf_plrafinha) <a href=\"https:\/\/twitter.com\/crf_plrafinha\/status\/1318990569859911681?ref_src=twsrc%5Etfw\">October 21, 2020<\/a><\/blockquote><script async src=\"https:\/\/platform.twitter.com\/widgets.js\" charset=\"utf-8\"><\/script>\n<\/div><\/figure>\n\n\n\n<figure class=\"wp-block-embed-twitter wp-block-embed is-type-rich is-provider-twitter\"><div class=\"wp-block-embed__wrapper\">\n<blockquote class=\"twitter-tweet\" data-width=\"550\" data-dnt=\"true\"><p lang=\"pt\" dir=\"ltr\">Ale Oliveira \u00e9 o melhor q n\u00f3s temos kkkk<\/p>&mdash; G U S T O\ud83e\uddbf (@augustossnts) <a href=\"https:\/\/twitter.com\/augustossnts\/status\/1318979119024099333?ref_src=twsrc%5Etfw\">October 21, 2020<\/a><\/blockquote><script async src=\"https:\/\/platform.twitter.com\/widgets.js\" charset=\"utf-8\"><\/script>\n<\/div><\/figure>\n\n\n\n<figure class=\"wp-block-embed-twitter wp-block-embed is-type-rich is-provider-twitter\"><div class=\"wp-block-embed__wrapper\">\n<blockquote class=\"twitter-tweet\" data-width=\"550\" data-dnt=\"true\"><p lang=\"pt\" dir=\"ltr\">Mano o ale oliveira comentando \u00e9 o melhor de todos mane kkkk<\/p>&mdash; KV \ud83e\udd19\ud83c\udffe (@kvklein19) <a href=\"https:\/\/twitter.com\/kvklein19\/status\/1318978981107032065?ref_src=twsrc%5Etfw\">October 21, 2020<\/a><\/blockquote><script async src=\"https:\/\/platform.twitter.com\/widgets.js\" charset=\"utf-8\"><\/script>\n<\/div><\/figure>\n\n\n\n<figure class=\"wp-block-embed-twitter wp-block-embed is-type-rich is-provider-twitter\"><div class=\"wp-block-embed__wrapper\">\n<blockquote class=\"twitter-tweet\" data-width=\"550\" data-dnt=\"true\"><p lang=\"pt\" dir=\"ltr\">&quot;Mais r\u00e1pido que o Vasco na lideran\u00e7a&quot; KKKKKKK, esse Al\u00ea Oliveira gasta<\/p>&mdash; Lukas (@lukinhas_ffc) <a href=\"https:\/\/twitter.com\/lukinhas_ffc\/status\/1318978872428449793?ref_src=twsrc%5Etfw\">October 21, 2020<\/a><\/blockquote><script async src=\"https:\/\/platform.twitter.com\/widgets.js\" charset=\"utf-8\"><\/script>\n<\/div><\/figure>\n\n\n\n<h3 class=\"wp-block-heading\">Como foi o jogo<\/h3>\n\n\n\n<p>A equipe do Real Madrid acabou sofrendo com os brasileiros do time ucraniano. Maycon, Dentinho (ex-Corinthians), Tet\u00ea (ex-Gr\u00eamio), Marcos Ant\u00f4nio (ex-Athletico) e o capit\u00e3o Marlos (ex-S\u00e3o Paulo, naturalizado ucraniano) acabaram dominando a etapa inicial.<\/p>\n\n\n\n<p>Tet\u00ea acabou abriu o placar aos 29 minutos do primeiro tempo. Momentos depois, Dentinho disputou a bola com Varane e o zagueiro do Real Madrid acabou mandando para dentro do pr\u00f3prio gol. Na sequ\u00eancia, com assist\u00eancia do ex-meia do Gr\u00eamio, Manor Solomon fez o terceiro.<\/p>\n\n\n\n<p>Na volta do intervalo, o Real Madrid teve uma grande mudan\u00e7a. Vinicius Junior saiu do banco da equipe de Zinedine Zidane. Antes do brasileiro se destacar, o meia Luka Modric aproveitou espa\u00e7o, chutou de lado e diminuiu para os merengues. Minutos depois, Vinicius Junior marcou o segundo. Por\u00e9m, no fim, a posi\u00e7\u00e3o de impedimento do atacante ex-Flamengo fez com que o VAR anulasse o empate do Real.<\/p>\n\n\n\n<p>Retirado de: Torcedores<\/p>\n","protected":false},"excerpt":{"rendered":"<p>O Real Madrid entrou em campo nesta quarta-feira (21) e acabou sendo derrotado pelo Shakhtar Donestk. Em partida v\u00e1lida pela 1\u00aa rodada da fase de grupos da Champions League, o time ucraniano acabou vencendo por 3 a 2 com jogo agitado. Reserva, Vinicius Junior acabou entrando no segundo tempo e bateu o recorde do gol [&hellip;]<\/p>\n","protected":false},"author":1,"featured_media":15221,"comment_status":"open","ping_status":"closed","sticky":false,"template":"","format":"standard","meta":{"footnotes":""},"categories":[47],"tags":[],"class_list":["post-49697","post","type-post","status-publish","format-standard","has-post-thumbnail","hentry","category-destaques"],"yoast_head":"<!-- This site is optimized with the Yoast SEO Premium plugin v24.2 (Yoast SEO v26.9) - https:\/\/yoast.com\/product\/yoast-seo-premium-wordpress\/ -->\n<title>Al\u00ea Oliveira usa gol de Vinicius Junior para debochar do Vasco<\/title>\n<meta name=\"description\" content=\"Al\u00ea Oliveira, da Turner, que tirou sarro do Vasco da Gama para exaltar o momento do jogador formado pelo Flamengo.\" \/>\n<meta name=\"robots\" content=\"index, follow, max-snippet:-1, max-image-preview:large, max-video-preview:-1\" \/>\n<link rel=\"canonical\" href=\"https:\/\/www.gaveanews.com\/index.php\/2020\/10\/22\/ale-oliveira-usa-gol-de-vinicius-junior-para-debochar-do-vasco-e-e-exaltado-nas-redes-sociais\/\" \/>\n<meta property=\"og:locale\" content=\"pt_BR\" \/>\n<meta property=\"og:type\" content=\"article\" \/>\n<meta property=\"og:title\" content=\"Al\u00ea Oliveira usa gol de Vinicius Junior para debochar do Vasco e \u00e9 exaltado nas redes sociais\" \/>\n<meta property=\"og:description\" content=\"Al\u00ea Oliveira, da Turner, que tirou sarro do Vasco da Gama para exaltar o momento do jogador formado pelo Flamengo.\" \/>\n<meta property=\"og:url\" content=\"https:\/\/www.gaveanews.com\/index.php\/2020\/10\/22\/ale-oliveira-usa-gol-de-vinicius-junior-para-debochar-do-vasco-e-e-exaltado-nas-redes-sociais\/\" \/>\n<meta property=\"og:site_name\" content=\"G\u00e1vea News\" \/>\n<meta property=\"article:publisher\" content=\"https:\/\/facebook.com\/gaveaNews\/\" \/>\n<meta property=\"article:published_time\" content=\"2020-10-22T04:00:52+00:00\" \/>\n<meta property=\"og:image\" content=\"https:\/\/www.gaveanews.com\/wp-content\/uploads\/2019\/03\/Vinicius-Junior-em-acao-pelo-Real-Madrid.webp\" \/>\n\t<meta property=\"og:image:width\" content=\"1\" \/>\n\t<meta property=\"og:image:height\" content=\"1\" \/>\n\t<meta property=\"og:image:type\" content=\"image\/jpeg\" \/>\n<meta name=\"author\" content=\"Equipe G\u00e1vea News\" \/>\n<meta name=\"twitter:card\" content=\"summary_large_image\" \/>\n<meta name=\"twitter:label1\" content=\"Escrito por\" \/>\n\t<meta name=\"twitter:data1\" content=\"Equipe G\u00e1vea News\" \/>\n\t<meta name=\"twitter:label2\" content=\"Est. tempo de leitura\" \/>\n\t<meta name=\"twitter:data2\" content=\"3 minutos\" \/>\n<script type=\"application\/ld+json\" class=\"yoast-schema-graph\">{\"@context\":\"https:\/\/schema.org\",\"@graph\":[{\"@type\":\"NewsArticle\",\"@id\":\"https:\/\/www.gaveanews.com\/index.php\/2020\/10\/22\/ale-oliveira-usa-gol-de-vinicius-junior-para-debochar-do-vasco-e-e-exaltado-nas-redes-sociais\/#article\",\"isPartOf\":{\"@id\":\"https:\/\/www.gaveanews.com\/index.php\/2020\/10\/22\/ale-oliveira-usa-gol-de-vinicius-junior-para-debochar-do-vasco-e-e-exaltado-nas-redes-sociais\/\"},\"author\":{\"name\":\"Equipe G\u00e1vea News\",\"@id\":\"https:\/\/www.gaveanews.com\/#\/schema\/person\/2ec14f73fb96be2caf28f91afb14749d\"},\"headline\":\"Al\u00ea Oliveira usa gol de Vinicius Junior para debochar do Vasco e \u00e9 exaltado nas redes sociais\",\"datePublished\":\"2020-10-22T04:00:52+00:00\",\"mainEntityOfPage\":{\"@id\":\"https:\/\/www.gaveanews.com\/index.php\/2020\/10\/22\/ale-oliveira-usa-gol-de-vinicius-junior-para-debochar-do-vasco-e-e-exaltado-nas-redes-sociais\/\"},\"wordCount\":562,\"commentCount\":2,\"image\":{\"@id\":\"https:\/\/www.gaveanews.com\/index.php\/2020\/10\/22\/ale-oliveira-usa-gol-de-vinicius-junior-para-debochar-do-vasco-e-e-exaltado-nas-redes-sociais\/#primaryimage\"},\"thumbnailUrl\":\"https:\/\/www.gaveanews.com\/wp-content\/uploads\/2019\/03\/Vinicius-Junior-em-acao-pelo-Real-Madrid.webp\",\"articleSection\":[\"Destaques\"],\"inLanguage\":\"pt-BR\",\"potentialAction\":[{\"@type\":\"CommentAction\",\"name\":\"Comment\",\"target\":[\"https:\/\/www.gaveanews.com\/index.php\/2020\/10\/22\/ale-oliveira-usa-gol-de-vinicius-junior-para-debochar-do-vasco-e-e-exaltado-nas-redes-sociais\/#respond\"]}],\"copyrightYear\":\"2020\",\"copyrightHolder\":{\"@id\":\"https:\/\/www.gaveanews.com\/#organization\"}},{\"@type\":\"WebPage\",\"@id\":\"https:\/\/www.gaveanews.com\/index.php\/2020\/10\/22\/ale-oliveira-usa-gol-de-vinicius-junior-para-debochar-do-vasco-e-e-exaltado-nas-redes-sociais\/\",\"url\":\"https:\/\/www.gaveanews.com\/index.php\/2020\/10\/22\/ale-oliveira-usa-gol-de-vinicius-junior-para-debochar-do-vasco-e-e-exaltado-nas-redes-sociais\/\",\"name\":\"Al\u00ea Oliveira usa gol de Vinicius Junior para debochar do Vasco\",\"isPartOf\":{\"@id\":\"https:\/\/www.gaveanews.com\/#website\"},\"primaryImageOfPage\":{\"@id\":\"https:\/\/www.gaveanews.com\/index.php\/2020\/10\/22\/ale-oliveira-usa-gol-de-vinicius-junior-para-debochar-do-vasco-e-e-exaltado-nas-redes-sociais\/#primaryimage\"},\"image\":{\"@id\":\"https:\/\/www.gaveanews.com\/index.php\/2020\/10\/22\/ale-oliveira-usa-gol-de-vinicius-junior-para-debochar-do-vasco-e-e-exaltado-nas-redes-sociais\/#primaryimage\"},\"thumbnailUrl\":\"https:\/\/www.gaveanews.com\/wp-content\/uploads\/2019\/03\/Vinicius-Junior-em-acao-pelo-Real-Madrid.webp\",\"datePublished\":\"2020-10-22T04:00:52+00:00\",\"author\":{\"@id\":\"https:\/\/www.gaveanews.com\/#\/schema\/person\/2ec14f73fb96be2caf28f91afb14749d\"},\"description\":\"Al\u00ea Oliveira, da Turner, que tirou sarro do Vasco da Gama para exaltar o momento do jogador formado pelo Flamengo.\",\"breadcrumb\":{\"@id\":\"https:\/\/www.gaveanews.com\/index.php\/2020\/10\/22\/ale-oliveira-usa-gol-de-vinicius-junior-para-debochar-do-vasco-e-e-exaltado-nas-redes-sociais\/#breadcrumb\"},\"inLanguage\":\"pt-BR\",\"potentialAction\":[{\"@type\":\"ReadAction\",\"target\":[\"https:\/\/www.gaveanews.com\/index.php\/2020\/10\/22\/ale-oliveira-usa-gol-de-vinicius-junior-para-debochar-do-vasco-e-e-exaltado-nas-redes-sociais\/\"]}]},{\"@type\":\"ImageObject\",\"inLanguage\":\"pt-BR\",\"@id\":\"https:\/\/www.gaveanews.com\/index.php\/2020\/10\/22\/ale-oliveira-usa-gol-de-vinicius-junior-para-debochar-do-vasco-e-e-exaltado-nas-redes-sociais\/#primaryimage\",\"url\":\"https:\/\/www.gaveanews.com\/wp-content\/uploads\/2019\/03\/Vinicius-Junior-em-acao-pelo-Real-Madrid.webp\",\"contentUrl\":\"https:\/\/www.gaveanews.com\/wp-content\/uploads\/2019\/03\/Vinicius-Junior-em-acao-pelo-Real-Madrid.webp\",\"caption\":\"Vinicius Junior em a\u00e7\u00e3o pelo Real Madrid (Foto: Javier Soriano\/AFP)\"},{\"@type\":\"BreadcrumbList\",\"@id\":\"https:\/\/www.gaveanews.com\/index.php\/2020\/10\/22\/ale-oliveira-usa-gol-de-vinicius-junior-para-debochar-do-vasco-e-e-exaltado-nas-redes-sociais\/#breadcrumb\",\"itemListElement\":[{\"@type\":\"ListItem\",\"position\":1,\"name\":\"Home\",\"item\":\"https:\/\/www.gaveanews.com\/\"},{\"@type\":\"ListItem\",\"position\":2,\"name\":\"Al\u00ea Oliveira usa gol de Vinicius Junior para debochar do Vasco e \u00e9 exaltado nas redes sociais\"}]},{\"@type\":\"WebSite\",\"@id\":\"https:\/\/www.gaveanews.com\/#website\",\"url\":\"https:\/\/www.gaveanews.com\/\",\"name\":\"G\u00e1vea News\",\"description\":\"Veja todas as not\u00edcias sobre o Flamengo: Contrata\u00e7\u00f5es, categorias de base, resultados das partidas, tabela de classifica\u00e7\u00e3o, pr\u00f3ximos jogos!\",\"potentialAction\":[{\"@type\":\"SearchAction\",\"target\":{\"@type\":\"EntryPoint\",\"urlTemplate\":\"https:\/\/www.gaveanews.com\/?s={search_term_string}\"},\"query-input\":{\"@type\":\"PropertyValueSpecification\",\"valueRequired\":true,\"valueName\":\"search_term_string\"}}],\"inLanguage\":\"pt-BR\"},{\"@type\":\"Person\",\"@id\":\"https:\/\/www.gaveanews.com\/#\/schema\/person\/2ec14f73fb96be2caf28f91afb14749d\",\"name\":\"Equipe G\u00e1vea News\",\"image\":{\"@type\":\"ImageObject\",\"inLanguage\":\"pt-BR\",\"@id\":\"https:\/\/www.gaveanews.com\/#\/schema\/person\/image\/\",\"url\":\"https:\/\/secure.gravatar.com\/avatar\/1e1956f1facbffd3f8fa53a326721950116b3b9dc9bd44939c01180fd4a745a9?s=96&d=mm&r=g\",\"contentUrl\":\"https:\/\/secure.gravatar.com\/avatar\/1e1956f1facbffd3f8fa53a326721950116b3b9dc9bd44939c01180fd4a745a9?s=96&d=mm&r=g\",\"caption\":\"Equipe G\u00e1vea News\"}}]}<\/script>\n<!-- \/ Yoast SEO Premium plugin. -->","yoast_head_json":{"title":"Al\u00ea Oliveira usa gol de Vinicius Junior para debochar do Vasco","description":"Al\u00ea Oliveira, da Turner, que tirou sarro do Vasco da Gama para exaltar o momento do jogador formado pelo Flamengo.","robots":{"index":"index","follow":"follow","max-snippet":"max-snippet:-1","max-image-preview":"max-image-preview:large","max-video-preview":"max-video-preview:-1"},"canonical":"https:\/\/www.gaveanews.com\/index.php\/2020\/10\/22\/ale-oliveira-usa-gol-de-vinicius-junior-para-debochar-do-vasco-e-e-exaltado-nas-redes-sociais\/","og_locale":"pt_BR","og_type":"article","og_title":"Al\u00ea Oliveira usa gol de Vinicius Junior para debochar do Vasco e \u00e9 exaltado nas redes sociais","og_description":"Al\u00ea Oliveira, da Turner, que tirou sarro do Vasco da Gama para exaltar o momento do jogador formado pelo Flamengo.","og_url":"https:\/\/www.gaveanews.com\/index.php\/2020\/10\/22\/ale-oliveira-usa-gol-de-vinicius-junior-para-debochar-do-vasco-e-e-exaltado-nas-redes-sociais\/","og_site_name":"G\u00e1vea News","article_publisher":"https:\/\/facebook.com\/gaveaNews\/","article_published_time":"2020-10-22T04:00:52+00:00","og_image":[{"url":"https:\/\/www.gaveanews.com\/wp-content\/uploads\/2019\/03\/Vinicius-Junior-em-acao-pelo-Real-Madrid.webp","width":1,"height":1,"type":"image\/jpeg"}],"author":"Equipe G\u00e1vea News","twitter_card":"summary_large_image","twitter_misc":{"Escrito por":"Equipe G\u00e1vea News","Est. tempo de leitura":"3 minutos"},"schema":{"@context":"https:\/\/schema.org","@graph":[{"@type":"NewsArticle","@id":"https:\/\/www.gaveanews.com\/index.php\/2020\/10\/22\/ale-oliveira-usa-gol-de-vinicius-junior-para-debochar-do-vasco-e-e-exaltado-nas-redes-sociais\/#article","isPartOf":{"@id":"https:\/\/www.gaveanews.com\/index.php\/2020\/10\/22\/ale-oliveira-usa-gol-de-vinicius-junior-para-debochar-do-vasco-e-e-exaltado-nas-redes-sociais\/"},"author":{"name":"Equipe G\u00e1vea News","@id":"https:\/\/www.gaveanews.com\/#\/schema\/person\/2ec14f73fb96be2caf28f91afb14749d"},"headline":"Al\u00ea Oliveira usa gol de Vinicius Junior para debochar do Vasco e \u00e9 exaltado nas redes sociais","datePublished":"2020-10-22T04:00:52+00:00","mainEntityOfPage":{"@id":"https:\/\/www.gaveanews.com\/index.php\/2020\/10\/22\/ale-oliveira-usa-gol-de-vinicius-junior-para-debochar-do-vasco-e-e-exaltado-nas-redes-sociais\/"},"wordCount":562,"commentCount":2,"image":{"@id":"https:\/\/www.gaveanews.com\/index.php\/2020\/10\/22\/ale-oliveira-usa-gol-de-vinicius-junior-para-debochar-do-vasco-e-e-exaltado-nas-redes-sociais\/#primaryimage"},"thumbnailUrl":"https:\/\/www.gaveanews.com\/wp-content\/uploads\/2019\/03\/Vinicius-Junior-em-acao-pelo-Real-Madrid.webp","articleSection":["Destaques"],"inLanguage":"pt-BR","potentialAction":[{"@type":"CommentAction","name":"Comment","target":["https:\/\/www.gaveanews.com\/index.php\/2020\/10\/22\/ale-oliveira-usa-gol-de-vinicius-junior-para-debochar-do-vasco-e-e-exaltado-nas-redes-sociais\/#respond"]}],"copyrightYear":"2020","copyrightHolder":{"@id":"https:\/\/www.gaveanews.com\/#organization"}},{"@type":"WebPage","@id":"https:\/\/www.gaveanews.com\/index.php\/2020\/10\/22\/ale-oliveira-usa-gol-de-vinicius-junior-para-debochar-do-vasco-e-e-exaltado-nas-redes-sociais\/","url":"https:\/\/www.gaveanews.com\/index.php\/2020\/10\/22\/ale-oliveira-usa-gol-de-vinicius-junior-para-debochar-do-vasco-e-e-exaltado-nas-redes-sociais\/","name":"Al\u00ea Oliveira usa gol de Vinicius Junior para debochar do Vasco","isPartOf":{"@id":"https:\/\/www.gaveanews.com\/#website"},"primaryImageOfPage":{"@id":"https:\/\/www.gaveanews.com\/index.php\/2020\/10\/22\/ale-oliveira-usa-gol-de-vinicius-junior-para-debochar-do-vasco-e-e-exaltado-nas-redes-sociais\/#primaryimage"},"image":{"@id":"https:\/\/www.gaveanews.com\/index.php\/2020\/10\/22\/ale-oliveira-usa-gol-de-vinicius-junior-para-debochar-do-vasco-e-e-exaltado-nas-redes-sociais\/#primaryimage"},"thumbnailUrl":"https:\/\/www.gaveanews.com\/wp-content\/uploads\/2019\/03\/Vinicius-Junior-em-acao-pelo-Real-Madrid.webp","datePublished":"2020-10-22T04:00:52+00:00","author":{"@id":"https:\/\/www.gaveanews.com\/#\/schema\/person\/2ec14f73fb96be2caf28f91afb14749d"},"description":"Al\u00ea Oliveira, da Turner, que tirou sarro do Vasco da Gama para exaltar o momento do jogador formado pelo Flamengo.","breadcrumb":{"@id":"https:\/\/www.gaveanews.com\/index.php\/2020\/10\/22\/ale-oliveira-usa-gol-de-vinicius-junior-para-debochar-do-vasco-e-e-exaltado-nas-redes-sociais\/#breadcrumb"},"inLanguage":"pt-BR","potentialAction":[{"@type":"ReadAction","target":["https:\/\/www.gaveanews.com\/index.php\/2020\/10\/22\/ale-oliveira-usa-gol-de-vinicius-junior-para-debochar-do-vasco-e-e-exaltado-nas-redes-sociais\/"]}]},{"@type":"ImageObject","inLanguage":"pt-BR","@id":"https:\/\/www.gaveanews.com\/index.php\/2020\/10\/22\/ale-oliveira-usa-gol-de-vinicius-junior-para-debochar-do-vasco-e-e-exaltado-nas-redes-sociais\/#primaryimage","url":"https:\/\/www.gaveanews.com\/wp-content\/uploads\/2019\/03\/Vinicius-Junior-em-acao-pelo-Real-Madrid.webp","contentUrl":"https:\/\/www.gaveanews.com\/wp-content\/uploads\/2019\/03\/Vinicius-Junior-em-acao-pelo-Real-Madrid.webp","caption":"Vinicius Junior em a\u00e7\u00e3o pelo Real Madrid (Foto: Javier Soriano\/AFP)"},{"@type":"BreadcrumbList","@id":"https:\/\/www.gaveanews.com\/index.php\/2020\/10\/22\/ale-oliveira-usa-gol-de-vinicius-junior-para-debochar-do-vasco-e-e-exaltado-nas-redes-sociais\/#breadcrumb","itemListElement":[{"@type":"ListItem","position":1,"name":"Home","item":"https:\/\/www.gaveanews.com\/"},{"@type":"ListItem","position":2,"name":"Al\u00ea Oliveira usa gol de Vinicius Junior para debochar do Vasco e \u00e9 exaltado nas redes sociais"}]},{"@type":"WebSite","@id":"https:\/\/www.gaveanews.com\/#website","url":"https:\/\/www.gaveanews.com\/","name":"G\u00e1vea News","description":"Veja todas as not\u00edcias sobre o Flamengo: Contrata\u00e7\u00f5es, categorias de base, resultados das partidas, tabela de classifica\u00e7\u00e3o, pr\u00f3ximos jogos!","potentialAction":[{"@type":"SearchAction","target":{"@type":"EntryPoint","urlTemplate":"https:\/\/www.gaveanews.com\/?s={search_term_string}"},"query-input":{"@type":"PropertyValueSpecification","valueRequired":true,"valueName":"search_term_string"}}],"inLanguage":"pt-BR"},{"@type":"Person","@id":"https:\/\/www.gaveanews.com\/#\/schema\/person\/2ec14f73fb96be2caf28f91afb14749d","name":"Equipe G\u00e1vea News","image":{"@type":"ImageObject","inLanguage":"pt-BR","@id":"https:\/\/www.gaveanews.com\/#\/schema\/person\/image\/","url":"https:\/\/secure.gravatar.com\/avatar\/1e1956f1facbffd3f8fa53a326721950116b3b9dc9bd44939c01180fd4a745a9?s=96&d=mm&r=g","contentUrl":"https:\/\/secure.gravatar.com\/avatar\/1e1956f1facbffd3f8fa53a326721950116b3b9dc9bd44939c01180fd4a745a9?s=96&d=mm&r=g","caption":"Equipe G\u00e1vea News"}}]}},"_links":{"self":[{"href":"https:\/\/www.gaveanews.com\/index.php\/wp-json\/wp\/v2\/posts\/49697","targetHints":{"allow":["GET"]}}],"collection":[{"href":"https:\/\/www.gaveanews.com\/index.php\/wp-json\/wp\/v2\/posts"}],"about":[{"href":"https:\/\/www.gaveanews.com\/index.php\/wp-json\/wp\/v2\/types\/post"}],"author":[{"embeddable":true,"href":"https:\/\/www.gaveanews.com\/index.php\/wp-json\/wp\/v2\/users\/1"}],"replies":[{"embeddable":true,"href":"https:\/\/www.gaveanews.com\/index.php\/wp-json\/wp\/v2\/comments?post=49697"}],"version-history":[{"count":0,"href":"https:\/\/www.gaveanews.com\/index.php\/wp-json\/wp\/v2\/posts\/49697\/revisions"}],"wp:featuredmedia":[{"embeddable":true,"href":"https:\/\/www.gaveanews.com\/index.php\/wp-json\/wp\/v2\/media\/15221"}],"wp:attachment":[{"href":"https:\/\/www.gaveanews.com\/index.php\/wp-json\/wp\/v2\/media?parent=49697"}],"wp:term":[{"taxonomy":"category","embeddable":true,"href":"https:\/\/www.gaveanews.com\/index.php\/wp-json\/wp\/v2\/categories?post=49697"},{"taxonomy":"post_tag","embeddable":true,"href":"https:\/\/www.gaveanews.com\/index.php\/wp-json\/wp\/v2\/tags?post=49697"}],"curies":[{"name":"wp","href":"https:\/\/api.w.org\/{rel}","templated":true}]}}