{"id":49707,"date":"2020-10-22T01:29:48","date_gmt":"2020-10-22T04:29:48","guid":{"rendered":"https:\/\/www.gaveanews.com\/?p=49707"},"modified":"2020-10-22T01:29:52","modified_gmt":"2020-10-22T04:29:52","slug":"apos-estreia-no-flamengo-gomes-se-emociona-ao-lembrar-do-avo-assista","status":"publish","type":"post","link":"https:\/\/www.gaveanews.com\/index.php\/2020\/10\/22\/apos-estreia-no-flamengo-gomes-se-emociona-ao-lembrar-do-avo-assista\/","title":{"rendered":"Ap\u00f3s estreia no Flamengo, Gomes se emociona ao lembrar do av\u00f4; assista"},"content":{"rendered":"\n<p>Escolhido para substituir Ar\u00e3o no intervalo da vit\u00f3ria do Flamengo sobre o Junior Barranquilla por 3 a 1, quarta-feira, no Maracan\u00e3, o volante Gomes realizou seu sonho. Dele e do av\u00f4.<\/p>\n\n\n\n<p>Em entrevista ap\u00f3s a partida, Gomes se emocionou ao lembrar de Mirinho, que morreu h\u00e1 pouco mais de um ano e n\u00e3o conseguiu ver o neto em campo no profissional do Flamengo.<\/p>\n\n\n\n<p>\u2014 Estou muito feliz com o que est\u00e1 acontecendo comigo. Batalho por isso h\u00e1 muito tempo, e hoje gra\u00e7as a Deus pude estrear no profissional e realizar um sonho. Muito feliz. Espero poder dar muitas alegrias. Quero dedicar essa estreia ao meu av\u00f4 (se emociona)\u2026 que morreu h\u00e1 um ano e pouco. \u00c9 para voc\u00ea, v\u00f4. Realizamos nosso sonho.<\/p>\n\n\n\n<figure class=\"wp-block-embed-twitter wp-block-embed is-type-rich is-provider-twitter\"><div class=\"wp-block-embed__wrapper\">\n<blockquote class=\"twitter-tweet\" data-width=\"550\" data-dnt=\"true\"><p lang=\"pt\" dir=\"ltr\">O <a href=\"https:\/\/twitter.com\/hashtag\/GarotoDoNinho?src=hash&amp;ref_src=twsrc%5Etfw\">#GarotoDoNinho<\/a> <a href=\"https:\/\/twitter.com\/GomesOficial08?ref_src=twsrc%5Etfw\">@GomesOficial08<\/a> estreou no profissional, realizou o sonho e dedicou a partida ao av\u00f4. Muita emo\u00e7\u00e3o! \u2764\ufe0f <a href=\"https:\/\/twitter.com\/hashtag\/VamosFlamengo?src=hash&amp;ref_src=twsrc%5Etfw\">#VamosFlamengo<\/a> <a href=\"https:\/\/t.co\/xKTIAoiVFS\">pic.twitter.com\/xKTIAoiVFS<\/a><\/p>&mdash; Flamengo (@Flamengo) <a href=\"https:\/\/twitter.com\/Flamengo\/status\/1319117670965514247?ref_src=twsrc%5Etfw\">October 22, 2020<\/a><\/blockquote><script async src=\"https:\/\/platform.twitter.com\/widgets.js\" charset=\"utf-8\"><\/script>\n<\/div><\/figure>\n\n\n\n<p>Retirado de: Globo Esporte<\/p>\n","protected":false},"excerpt":{"rendered":"<p>Escolhido para substituir Ar\u00e3o no intervalo da vit\u00f3ria do Flamengo sobre o Junior Barranquilla por 3 a 1, quarta-feira, no Maracan\u00e3, o volante Gomes realizou seu sonho. Dele e do av\u00f4. Em entrevista ap\u00f3s a partida, Gomes se emocionou ao lembrar de Mirinho, que morreu h\u00e1 pouco mais de um ano e n\u00e3o conseguiu ver [&hellip;]<\/p>\n","protected":false},"author":1,"featured_media":49708,"comment_status":"open","ping_status":"closed","sticky":false,"template":"","format":"standard","meta":{"footnotes":""},"categories":[40],"tags":[],"class_list":["post-49707","post","type-post","status-publish","format-standard","has-post-thumbnail","hentry","category-video"],"yoast_head":"<!-- This site is optimized with the Yoast SEO Premium plugin v24.2 (Yoast SEO v26.9) - https:\/\/yoast.com\/product\/yoast-seo-premium-wordpress\/ -->\n<title>V\u00eddeo: Ap\u00f3s estreia no Flamengo, Gomes se emociona ao lembrar do av\u00f4<\/title>\n<meta name=\"description\" content=\"Volante entrou no intervalo da partida contra o Junior Barranquilla, quarta-feira, no Maracan\u00e3, pela Libertadores.\" \/>\n<meta name=\"robots\" content=\"index, follow, max-snippet:-1, max-image-preview:large, max-video-preview:-1\" \/>\n<link rel=\"canonical\" href=\"https:\/\/www.gaveanews.com\/index.php\/2020\/10\/22\/apos-estreia-no-flamengo-gomes-se-emociona-ao-lembrar-do-avo-assista\/\" \/>\n<meta property=\"og:locale\" content=\"pt_BR\" \/>\n<meta property=\"og:type\" content=\"article\" \/>\n<meta property=\"og:title\" content=\"Ap\u00f3s estreia no Flamengo, Gomes se emociona ao lembrar do av\u00f4; assista\" \/>\n<meta property=\"og:description\" content=\"Volante entrou no intervalo da partida contra o Junior Barranquilla, quarta-feira, no Maracan\u00e3, pela Libertadores.\" \/>\n<meta property=\"og:url\" content=\"https:\/\/www.gaveanews.com\/index.php\/2020\/10\/22\/apos-estreia-no-flamengo-gomes-se-emociona-ao-lembrar-do-avo-assista\/\" \/>\n<meta property=\"og:site_name\" content=\"G\u00e1vea News\" \/>\n<meta property=\"article:publisher\" content=\"https:\/\/facebook.com\/gaveaNews\/\" \/>\n<meta property=\"article:published_time\" content=\"2020-10-22T04:29:48+00:00\" \/>\n<meta property=\"article:modified_time\" content=\"2020-10-22T04:29:52+00:00\" \/>\n<meta property=\"og:image\" content=\"https:\/\/www.gaveanews.com\/wp-content\/uploads\/Gomes-disputa-uma-bola-de-cabeca-com-o-atacante-Borja.webp\" \/>\n\t<meta property=\"og:image:width\" content=\"984\" \/>\n\t<meta property=\"og:image:height\" content=\"655\" \/>\n\t<meta property=\"og:image:type\" content=\"image\/jpeg\" \/>\n<meta name=\"author\" content=\"Equipe G\u00e1vea News\" \/>\n<meta name=\"twitter:card\" content=\"summary_large_image\" \/>\n<meta name=\"twitter:label1\" content=\"Escrito por\" \/>\n\t<meta name=\"twitter:data1\" content=\"Equipe G\u00e1vea News\" \/>\n\t<meta name=\"twitter:label2\" content=\"Est. tempo de leitura\" \/>\n\t<meta name=\"twitter:data2\" content=\"1 minuto\" \/>\n<script type=\"application\/ld+json\" class=\"yoast-schema-graph\">{\"@context\":\"https:\/\/schema.org\",\"@graph\":[{\"@type\":\"NewsArticle\",\"@id\":\"https:\/\/www.gaveanews.com\/index.php\/2020\/10\/22\/apos-estreia-no-flamengo-gomes-se-emociona-ao-lembrar-do-avo-assista\/#article\",\"isPartOf\":{\"@id\":\"https:\/\/www.gaveanews.com\/index.php\/2020\/10\/22\/apos-estreia-no-flamengo-gomes-se-emociona-ao-lembrar-do-avo-assista\/\"},\"author\":{\"name\":\"Equipe G\u00e1vea News\",\"@id\":\"https:\/\/www.gaveanews.com\/#\/schema\/person\/2ec14f73fb96be2caf28f91afb14749d\"},\"headline\":\"Ap\u00f3s estreia no Flamengo, Gomes se emociona ao lembrar do av\u00f4; assista\",\"datePublished\":\"2020-10-22T04:29:48+00:00\",\"dateModified\":\"2020-10-22T04:29:52+00:00\",\"mainEntityOfPage\":{\"@id\":\"https:\/\/www.gaveanews.com\/index.php\/2020\/10\/22\/apos-estreia-no-flamengo-gomes-se-emociona-ao-lembrar-do-avo-assista\/\"},\"wordCount\":145,\"commentCount\":8,\"image\":{\"@id\":\"https:\/\/www.gaveanews.com\/index.php\/2020\/10\/22\/apos-estreia-no-flamengo-gomes-se-emociona-ao-lembrar-do-avo-assista\/#primaryimage\"},\"thumbnailUrl\":\"https:\/\/www.gaveanews.com\/wp-content\/uploads\/Gomes-disputa-uma-bola-de-cabeca-com-o-atacante-Borja.webp\",\"articleSection\":[\"V\u00eddeos\"],\"inLanguage\":\"pt-BR\",\"potentialAction\":[{\"@type\":\"CommentAction\",\"name\":\"Comment\",\"target\":[\"https:\/\/www.gaveanews.com\/index.php\/2020\/10\/22\/apos-estreia-no-flamengo-gomes-se-emociona-ao-lembrar-do-avo-assista\/#respond\"]}],\"copyrightYear\":\"2020\",\"copyrightHolder\":{\"@id\":\"https:\/\/www.gaveanews.com\/#organization\"}},{\"@type\":\"WebPage\",\"@id\":\"https:\/\/www.gaveanews.com\/index.php\/2020\/10\/22\/apos-estreia-no-flamengo-gomes-se-emociona-ao-lembrar-do-avo-assista\/\",\"url\":\"https:\/\/www.gaveanews.com\/index.php\/2020\/10\/22\/apos-estreia-no-flamengo-gomes-se-emociona-ao-lembrar-do-avo-assista\/\",\"name\":\"V\u00eddeo: Ap\u00f3s estreia no Flamengo, Gomes se emociona ao lembrar do av\u00f4\",\"isPartOf\":{\"@id\":\"https:\/\/www.gaveanews.com\/#website\"},\"primaryImageOfPage\":{\"@id\":\"https:\/\/www.gaveanews.com\/index.php\/2020\/10\/22\/apos-estreia-no-flamengo-gomes-se-emociona-ao-lembrar-do-avo-assista\/#primaryimage\"},\"image\":{\"@id\":\"https:\/\/www.gaveanews.com\/index.php\/2020\/10\/22\/apos-estreia-no-flamengo-gomes-se-emociona-ao-lembrar-do-avo-assista\/#primaryimage\"},\"thumbnailUrl\":\"https:\/\/www.gaveanews.com\/wp-content\/uploads\/Gomes-disputa-uma-bola-de-cabeca-com-o-atacante-Borja.webp\",\"datePublished\":\"2020-10-22T04:29:48+00:00\",\"dateModified\":\"2020-10-22T04:29:52+00:00\",\"author\":{\"@id\":\"https:\/\/www.gaveanews.com\/#\/schema\/person\/2ec14f73fb96be2caf28f91afb14749d\"},\"description\":\"Volante entrou no intervalo da partida contra o Junior Barranquilla, quarta-feira, no Maracan\u00e3, pela Libertadores.\",\"breadcrumb\":{\"@id\":\"https:\/\/www.gaveanews.com\/index.php\/2020\/10\/22\/apos-estreia-no-flamengo-gomes-se-emociona-ao-lembrar-do-avo-assista\/#breadcrumb\"},\"inLanguage\":\"pt-BR\",\"potentialAction\":[{\"@type\":\"ReadAction\",\"target\":[\"https:\/\/www.gaveanews.com\/index.php\/2020\/10\/22\/apos-estreia-no-flamengo-gomes-se-emociona-ao-lembrar-do-avo-assista\/\"]}]},{\"@type\":\"ImageObject\",\"inLanguage\":\"pt-BR\",\"@id\":\"https:\/\/www.gaveanews.com\/index.php\/2020\/10\/22\/apos-estreia-no-flamengo-gomes-se-emociona-ao-lembrar-do-avo-assista\/#primaryimage\",\"url\":\"https:\/\/www.gaveanews.com\/wp-content\/uploads\/Gomes-disputa-uma-bola-de-cabeca-com-o-atacante-Borja.webp\",\"contentUrl\":\"https:\/\/www.gaveanews.com\/wp-content\/uploads\/Gomes-disputa-uma-bola-de-cabeca-com-o-atacante-Borja.webp\",\"width\":984,\"height\":655,\"caption\":\"Gomes disputa uma bola de cabe\u00e7a com o atacante Borja (Foto: Staff Images\/Conmebol)\"},{\"@type\":\"BreadcrumbList\",\"@id\":\"https:\/\/www.gaveanews.com\/index.php\/2020\/10\/22\/apos-estreia-no-flamengo-gomes-se-emociona-ao-lembrar-do-avo-assista\/#breadcrumb\",\"itemListElement\":[{\"@type\":\"ListItem\",\"position\":1,\"name\":\"Home\",\"item\":\"https:\/\/www.gaveanews.com\/\"},{\"@type\":\"ListItem\",\"position\":2,\"name\":\"Ap\u00f3s estreia no Flamengo, Gomes se emociona ao lembrar do av\u00f4; assista\"}]},{\"@type\":\"WebSite\",\"@id\":\"https:\/\/www.gaveanews.com\/#website\",\"url\":\"https:\/\/www.gaveanews.com\/\",\"name\":\"G\u00e1vea News\",\"description\":\"Veja todas as not\u00edcias sobre o Flamengo: Contrata\u00e7\u00f5es, categorias de base, resultados das partidas, tabela de classifica\u00e7\u00e3o, pr\u00f3ximos jogos!\",\"potentialAction\":[{\"@type\":\"SearchAction\",\"target\":{\"@type\":\"EntryPoint\",\"urlTemplate\":\"https:\/\/www.gaveanews.com\/?s={search_term_string}\"},\"query-input\":{\"@type\":\"PropertyValueSpecification\",\"valueRequired\":true,\"valueName\":\"search_term_string\"}}],\"inLanguage\":\"pt-BR\"},{\"@type\":\"Person\",\"@id\":\"https:\/\/www.gaveanews.com\/#\/schema\/person\/2ec14f73fb96be2caf28f91afb14749d\",\"name\":\"Equipe G\u00e1vea News\",\"image\":{\"@type\":\"ImageObject\",\"inLanguage\":\"pt-BR\",\"@id\":\"https:\/\/www.gaveanews.com\/#\/schema\/person\/image\/\",\"url\":\"https:\/\/secure.gravatar.com\/avatar\/1e1956f1facbffd3f8fa53a326721950116b3b9dc9bd44939c01180fd4a745a9?s=96&d=mm&r=g\",\"contentUrl\":\"https:\/\/secure.gravatar.com\/avatar\/1e1956f1facbffd3f8fa53a326721950116b3b9dc9bd44939c01180fd4a745a9?s=96&d=mm&r=g\",\"caption\":\"Equipe G\u00e1vea News\"}}]}<\/script>\n<!-- \/ Yoast SEO Premium plugin. -->","yoast_head_json":{"title":"V\u00eddeo: Ap\u00f3s estreia no Flamengo, Gomes se emociona ao lembrar do av\u00f4","description":"Volante entrou no intervalo da partida contra o Junior Barranquilla, quarta-feira, no Maracan\u00e3, pela Libertadores.","robots":{"index":"index","follow":"follow","max-snippet":"max-snippet:-1","max-image-preview":"max-image-preview:large","max-video-preview":"max-video-preview:-1"},"canonical":"https:\/\/www.gaveanews.com\/index.php\/2020\/10\/22\/apos-estreia-no-flamengo-gomes-se-emociona-ao-lembrar-do-avo-assista\/","og_locale":"pt_BR","og_type":"article","og_title":"Ap\u00f3s estreia no Flamengo, Gomes se emociona ao lembrar do av\u00f4; assista","og_description":"Volante entrou no intervalo da partida contra o Junior Barranquilla, quarta-feira, no Maracan\u00e3, pela Libertadores.","og_url":"https:\/\/www.gaveanews.com\/index.php\/2020\/10\/22\/apos-estreia-no-flamengo-gomes-se-emociona-ao-lembrar-do-avo-assista\/","og_site_name":"G\u00e1vea News","article_publisher":"https:\/\/facebook.com\/gaveaNews\/","article_published_time":"2020-10-22T04:29:48+00:00","article_modified_time":"2020-10-22T04:29:52+00:00","og_image":[{"width":984,"height":655,"url":"https:\/\/www.gaveanews.com\/wp-content\/uploads\/Gomes-disputa-uma-bola-de-cabeca-com-o-atacante-Borja.webp","type":"image\/jpeg"}],"author":"Equipe G\u00e1vea News","twitter_card":"summary_large_image","twitter_misc":{"Escrito por":"Equipe G\u00e1vea News","Est. tempo de leitura":"1 minuto"},"schema":{"@context":"https:\/\/schema.org","@graph":[{"@type":"NewsArticle","@id":"https:\/\/www.gaveanews.com\/index.php\/2020\/10\/22\/apos-estreia-no-flamengo-gomes-se-emociona-ao-lembrar-do-avo-assista\/#article","isPartOf":{"@id":"https:\/\/www.gaveanews.com\/index.php\/2020\/10\/22\/apos-estreia-no-flamengo-gomes-se-emociona-ao-lembrar-do-avo-assista\/"},"author":{"name":"Equipe G\u00e1vea News","@id":"https:\/\/www.gaveanews.com\/#\/schema\/person\/2ec14f73fb96be2caf28f91afb14749d"},"headline":"Ap\u00f3s estreia no Flamengo, Gomes se emociona ao lembrar do av\u00f4; assista","datePublished":"2020-10-22T04:29:48+00:00","dateModified":"2020-10-22T04:29:52+00:00","mainEntityOfPage":{"@id":"https:\/\/www.gaveanews.com\/index.php\/2020\/10\/22\/apos-estreia-no-flamengo-gomes-se-emociona-ao-lembrar-do-avo-assista\/"},"wordCount":145,"commentCount":8,"image":{"@id":"https:\/\/www.gaveanews.com\/index.php\/2020\/10\/22\/apos-estreia-no-flamengo-gomes-se-emociona-ao-lembrar-do-avo-assista\/#primaryimage"},"thumbnailUrl":"https:\/\/www.gaveanews.com\/wp-content\/uploads\/Gomes-disputa-uma-bola-de-cabeca-com-o-atacante-Borja.webp","articleSection":["V\u00eddeos"],"inLanguage":"pt-BR","potentialAction":[{"@type":"CommentAction","name":"Comment","target":["https:\/\/www.gaveanews.com\/index.php\/2020\/10\/22\/apos-estreia-no-flamengo-gomes-se-emociona-ao-lembrar-do-avo-assista\/#respond"]}],"copyrightYear":"2020","copyrightHolder":{"@id":"https:\/\/www.gaveanews.com\/#organization"}},{"@type":"WebPage","@id":"https:\/\/www.gaveanews.com\/index.php\/2020\/10\/22\/apos-estreia-no-flamengo-gomes-se-emociona-ao-lembrar-do-avo-assista\/","url":"https:\/\/www.gaveanews.com\/index.php\/2020\/10\/22\/apos-estreia-no-flamengo-gomes-se-emociona-ao-lembrar-do-avo-assista\/","name":"V\u00eddeo: Ap\u00f3s estreia no Flamengo, Gomes se emociona ao lembrar do av\u00f4","isPartOf":{"@id":"https:\/\/www.gaveanews.com\/#website"},"primaryImageOfPage":{"@id":"https:\/\/www.gaveanews.com\/index.php\/2020\/10\/22\/apos-estreia-no-flamengo-gomes-se-emociona-ao-lembrar-do-avo-assista\/#primaryimage"},"image":{"@id":"https:\/\/www.gaveanews.com\/index.php\/2020\/10\/22\/apos-estreia-no-flamengo-gomes-se-emociona-ao-lembrar-do-avo-assista\/#primaryimage"},"thumbnailUrl":"https:\/\/www.gaveanews.com\/wp-content\/uploads\/Gomes-disputa-uma-bola-de-cabeca-com-o-atacante-Borja.webp","datePublished":"2020-10-22T04:29:48+00:00","dateModified":"2020-10-22T04:29:52+00:00","author":{"@id":"https:\/\/www.gaveanews.com\/#\/schema\/person\/2ec14f73fb96be2caf28f91afb14749d"},"description":"Volante entrou no intervalo da partida contra o Junior Barranquilla, quarta-feira, no Maracan\u00e3, pela Libertadores.","breadcrumb":{"@id":"https:\/\/www.gaveanews.com\/index.php\/2020\/10\/22\/apos-estreia-no-flamengo-gomes-se-emociona-ao-lembrar-do-avo-assista\/#breadcrumb"},"inLanguage":"pt-BR","potentialAction":[{"@type":"ReadAction","target":["https:\/\/www.gaveanews.com\/index.php\/2020\/10\/22\/apos-estreia-no-flamengo-gomes-se-emociona-ao-lembrar-do-avo-assista\/"]}]},{"@type":"ImageObject","inLanguage":"pt-BR","@id":"https:\/\/www.gaveanews.com\/index.php\/2020\/10\/22\/apos-estreia-no-flamengo-gomes-se-emociona-ao-lembrar-do-avo-assista\/#primaryimage","url":"https:\/\/www.gaveanews.com\/wp-content\/uploads\/Gomes-disputa-uma-bola-de-cabeca-com-o-atacante-Borja.webp","contentUrl":"https:\/\/www.gaveanews.com\/wp-content\/uploads\/Gomes-disputa-uma-bola-de-cabeca-com-o-atacante-Borja.webp","width":984,"height":655,"caption":"Gomes disputa uma bola de cabe\u00e7a com o atacante Borja (Foto: Staff Images\/Conmebol)"},{"@type":"BreadcrumbList","@id":"https:\/\/www.gaveanews.com\/index.php\/2020\/10\/22\/apos-estreia-no-flamengo-gomes-se-emociona-ao-lembrar-do-avo-assista\/#breadcrumb","itemListElement":[{"@type":"ListItem","position":1,"name":"Home","item":"https:\/\/www.gaveanews.com\/"},{"@type":"ListItem","position":2,"name":"Ap\u00f3s estreia no Flamengo, Gomes se emociona ao lembrar do av\u00f4; assista"}]},{"@type":"WebSite","@id":"https:\/\/www.gaveanews.com\/#website","url":"https:\/\/www.gaveanews.com\/","name":"G\u00e1vea News","description":"Veja todas as not\u00edcias sobre o Flamengo: Contrata\u00e7\u00f5es, categorias de base, resultados das partidas, tabela de classifica\u00e7\u00e3o, pr\u00f3ximos jogos!","potentialAction":[{"@type":"SearchAction","target":{"@type":"EntryPoint","urlTemplate":"https:\/\/www.gaveanews.com\/?s={search_term_string}"},"query-input":{"@type":"PropertyValueSpecification","valueRequired":true,"valueName":"search_term_string"}}],"inLanguage":"pt-BR"},{"@type":"Person","@id":"https:\/\/www.gaveanews.com\/#\/schema\/person\/2ec14f73fb96be2caf28f91afb14749d","name":"Equipe G\u00e1vea News","image":{"@type":"ImageObject","inLanguage":"pt-BR","@id":"https:\/\/www.gaveanews.com\/#\/schema\/person\/image\/","url":"https:\/\/secure.gravatar.com\/avatar\/1e1956f1facbffd3f8fa53a326721950116b3b9dc9bd44939c01180fd4a745a9?s=96&d=mm&r=g","contentUrl":"https:\/\/secure.gravatar.com\/avatar\/1e1956f1facbffd3f8fa53a326721950116b3b9dc9bd44939c01180fd4a745a9?s=96&d=mm&r=g","caption":"Equipe G\u00e1vea News"}}]}},"_links":{"self":[{"href":"https:\/\/www.gaveanews.com\/index.php\/wp-json\/wp\/v2\/posts\/49707","targetHints":{"allow":["GET"]}}],"collection":[{"href":"https:\/\/www.gaveanews.com\/index.php\/wp-json\/wp\/v2\/posts"}],"about":[{"href":"https:\/\/www.gaveanews.com\/index.php\/wp-json\/wp\/v2\/types\/post"}],"author":[{"embeddable":true,"href":"https:\/\/www.gaveanews.com\/index.php\/wp-json\/wp\/v2\/users\/1"}],"replies":[{"embeddable":true,"href":"https:\/\/www.gaveanews.com\/index.php\/wp-json\/wp\/v2\/comments?post=49707"}],"version-history":[{"count":0,"href":"https:\/\/www.gaveanews.com\/index.php\/wp-json\/wp\/v2\/posts\/49707\/revisions"}],"wp:featuredmedia":[{"embeddable":true,"href":"https:\/\/www.gaveanews.com\/index.php\/wp-json\/wp\/v2\/media\/49708"}],"wp:attachment":[{"href":"https:\/\/www.gaveanews.com\/index.php\/wp-json\/wp\/v2\/media?parent=49707"}],"wp:term":[{"taxonomy":"category","embeddable":true,"href":"https:\/\/www.gaveanews.com\/index.php\/wp-json\/wp\/v2\/categories?post=49707"},{"taxonomy":"post_tag","embeddable":true,"href":"https:\/\/www.gaveanews.com\/index.php\/wp-json\/wp\/v2\/tags?post=49707"}],"curies":[{"name":"wp","href":"https:\/\/api.w.org\/{rel}","templated":true}]}}