{"id":49731,"date":"2020-10-22T08:15:52","date_gmt":"2020-10-22T11:15:52","guid":{"rendered":"https:\/\/www.gaveanews.com\/?p=49731"},"modified":"2020-10-22T03:32:10","modified_gmt":"2020-10-22T06:32:10","slug":"rodolfo-landim-gustavo-oliveira-e-marcos-braz-falam-sobre-a-reformulacao-do-socio-torcedor-do-flamengo","status":"publish","type":"post","link":"https:\/\/www.gaveanews.com\/index.php\/2020\/10\/22\/rodolfo-landim-gustavo-oliveira-e-marcos-braz-falam-sobre-a-reformulacao-do-socio-torcedor-do-flamengo\/","title":{"rendered":"Rodolfo Landim, Gustavo Oliveira e Marcos Braz falam sobre a reformula\u00e7\u00e3o do s\u00f3cio-torcedor do Flamengo"},"content":{"rendered":"\n<p>Nesta quarta-feira (21), a FlaTV conversou com o Presidente Rodolfo Landim e os Vice-Presidentes de Comunica\u00e7\u00e3o e Marketing, Gustavo Oliveira, e Futebol, Marcos Braz, para fazer um grande an\u00fancio: a reformula\u00e7\u00e3o do programa de s\u00f3cio-torcedor do Flamengo, que agora se chama Na\u00e7\u00e3o.<\/p>\n\n\n\n<p>A conversa foi exibida no canal oficial do Flamengo no YouTube no pr\u00e9-jogo do duelo contra o Junior Barranquilla, pela fase de grupos da Conmebol Libertadores 2020, e deu um gostinho das novidades que est\u00e3o por vir.<\/p>\n\n\n\n<p>\u2014 O que n\u00f3s estamos entregando \u00e9 uma evolu\u00e7\u00e3o do que a gente j\u00e1 entregava para o s\u00f3cio-torcedor. A partir do dia 28 de outubro n\u00f3s entregaremos mais ainda. Ent\u00e3o, al\u00e9m dos descontos e prioridade em ingressos, que j\u00e1 temos muito fortes, estamos acrescentando conte\u00fados, intera\u00e7\u00e3o e muitas outras coisas &#8211; declarou o Vice-Presidente de Comunica\u00e7\u00e3o e Marketing, Gustavo Oliveira.<\/p>\n\n\n\n<p>E a primeira e mais not\u00e1vel mudan\u00e7a \u00e9 a nova marca, que ganhou um design mais moderno e com refer\u00eancia direta \u00e0 Maior Torcida do Mundo. Tamb\u00e9m durante o bate-papo com a FlaTV, Gustavo Oliveira explicou um pouco sobre o conceito da novidade:<\/p>\n\n\n\n<p>\u2014 Uma marca deve ser simples e direta no entendimento do que representa, al\u00e9m de bonita. O grande m\u00e9rito dessa nova marca do s\u00f3cio-torcedor do Flamengo \u00e9 que ela traz uma das coisas mais representativas da torcida, a bandeira do Flamengo tremulando. Al\u00e9m disso, temos o nome: Na\u00e7\u00e3o. Eu n\u00e3o preciso dizer mais nada. Na\u00e7\u00e3o \u00e9 Flamengo. O rubro-negro sabe o que \u00e9 Na\u00e7\u00e3o, n\u00e3o precisa falar que \u00e9 rubro-negra. Ent\u00e3o n\u00f3s juntamos o nome Na\u00e7\u00e3o e a bandeira do Flamengo, em uma marca bonita e muito forte, uma liga\u00e7\u00e3o entre o clube e sua torcida.<\/p>\n\n\n\n<p>Al\u00e9m das mudan\u00e7as na marca, a conversa tamb\u00e9m abordou a import\u00e2ncia dos s\u00f3cios-torcedores para o sucesso desportivo do clube. O Vice-Presidente de Futebol, Marcos Braz, destacou essa uni\u00e3o:<\/p>\n\n\n\n<p>\u2014 A previsibilidade das receitas \u00e9 fundamental para ir ao mercado fazer contrata\u00e7\u00f5es. Voc\u00ea ganha facilidade para trazer jogadores, porque tem seguran\u00e7a dos recursos. Voc\u00ea pode se programar, fazer um planejamento muito maior e, a\u00ed sim, disputar com os grandes clubes do mundo por alguns jogadores \u2013 como foi o caso do Isla, recentemente, para dar um exemplo.<\/p>\n\n\n\n<p>O Presidente do Clube, Rodolfo Landim, tamb\u00e9m fez quest\u00e3o de destacar a import\u00e2ncia de cada s\u00f3cio-torcedor e agradeceu o apoio deles.<\/p>\n\n\n\n<p>\u2014 Eles s\u00e3o fundamentais para definirmos nosso patamar de investimentos. Eu queria agradecer demais a todos os s\u00f3cios-torcedores que se mantiveram fi\u00e9is ao clube, mesmo durante esse per\u00edodo de pandemia e paralisa\u00e7\u00e3o do p\u00fablico nos est\u00e1dios. Eles foram essenciais para que pud\u00e9ssemos manter nossos compromissos. Vamos continuar trabalhando para oferecer cada vez mais conte\u00fados e produtos para nossos s\u00f3cios-torcedores, vamos tentar ampliar essa rela\u00e7\u00e3o.<\/p>\n\n\n\n<p>Retirado de: Site Oficial do Flamengo<\/p>\n","protected":false},"excerpt":{"rendered":"<p>Nesta quarta-feira (21), a FlaTV conversou com o Presidente Rodolfo Landim e os Vice-Presidentes de Comunica\u00e7\u00e3o e Marketing, Gustavo Oliveira, e Futebol, Marcos Braz, para fazer um grande an\u00fancio: a reformula\u00e7\u00e3o do programa de s\u00f3cio-torcedor do Flamengo, que agora se chama Na\u00e7\u00e3o. A conversa foi exibida no canal oficial do Flamengo no YouTube no pr\u00e9-jogo [&hellip;]<\/p>\n","protected":false},"author":1,"featured_media":15077,"comment_status":"open","ping_status":"closed","sticky":false,"template":"","format":"standard","meta":{"footnotes":""},"categories":[47],"tags":[],"class_list":["post-49731","post","type-post","status-publish","format-standard","has-post-thumbnail","hentry","category-destaques"],"yoast_head":"<!-- This site is optimized with the Yoast SEO Premium plugin v24.2 (Yoast SEO v26.9) - https:\/\/yoast.com\/product\/yoast-seo-premium-wordpress\/ -->\n<title>Landim e Braz falam sobre a reformula\u00e7\u00e3o do programa de s\u00f3cio-torcedor<\/title>\n<meta name=\"description\" content=\"&quot;Eles s\u00e3o fundamentais para definirmos nosso patamar de investimentos. Eu queria agradecer demais a todos os s\u00f3cios-torcedores&quot;.\" \/>\n<meta name=\"robots\" content=\"index, follow, max-snippet:-1, max-image-preview:large, max-video-preview:-1\" \/>\n<link rel=\"canonical\" href=\"https:\/\/www.gaveanews.com\/index.php\/2020\/10\/22\/rodolfo-landim-gustavo-oliveira-e-marcos-braz-falam-sobre-a-reformulacao-do-socio-torcedor-do-flamengo\/\" \/>\n<meta property=\"og:locale\" content=\"pt_BR\" \/>\n<meta property=\"og:type\" content=\"article\" \/>\n<meta property=\"og:title\" content=\"Rodolfo Landim, Gustavo Oliveira e Marcos Braz falam sobre a reformula\u00e7\u00e3o do s\u00f3cio-torcedor do Flamengo\" \/>\n<meta property=\"og:description\" content=\"&quot;Eles s\u00e3o fundamentais para definirmos nosso patamar de investimentos. Eu queria agradecer demais a todos os s\u00f3cios-torcedores&quot;.\" \/>\n<meta property=\"og:url\" content=\"https:\/\/www.gaveanews.com\/index.php\/2020\/10\/22\/rodolfo-landim-gustavo-oliveira-e-marcos-braz-falam-sobre-a-reformulacao-do-socio-torcedor-do-flamengo\/\" \/>\n<meta property=\"og:site_name\" content=\"G\u00e1vea News\" \/>\n<meta property=\"article:publisher\" content=\"https:\/\/facebook.com\/gaveaNews\/\" \/>\n<meta property=\"article:published_time\" content=\"2020-10-22T11:15:52+00:00\" \/>\n<meta property=\"og:image\" content=\"https:\/\/www.gaveanews.com\/wp-content\/uploads\/2019\/03\/Rodolfo-Landim-durante-entrevista-coletiva-na-Gavea.webp\" \/>\n\t<meta property=\"og:image:width\" content=\"1\" \/>\n\t<meta property=\"og:image:height\" content=\"1\" \/>\n\t<meta property=\"og:image:type\" content=\"image\/jpeg\" \/>\n<meta name=\"author\" content=\"Equipe G\u00e1vea News\" \/>\n<meta name=\"twitter:card\" content=\"summary_large_image\" \/>\n<meta name=\"twitter:label1\" content=\"Escrito por\" \/>\n\t<meta name=\"twitter:data1\" content=\"Equipe G\u00e1vea News\" \/>\n\t<meta name=\"twitter:label2\" content=\"Est. tempo de leitura\" \/>\n\t<meta name=\"twitter:data2\" content=\"2 minutos\" \/>\n<script type=\"application\/ld+json\" class=\"yoast-schema-graph\">{\"@context\":\"https:\/\/schema.org\",\"@graph\":[{\"@type\":\"NewsArticle\",\"@id\":\"https:\/\/www.gaveanews.com\/index.php\/2020\/10\/22\/rodolfo-landim-gustavo-oliveira-e-marcos-braz-falam-sobre-a-reformulacao-do-socio-torcedor-do-flamengo\/#article\",\"isPartOf\":{\"@id\":\"https:\/\/www.gaveanews.com\/index.php\/2020\/10\/22\/rodolfo-landim-gustavo-oliveira-e-marcos-braz-falam-sobre-a-reformulacao-do-socio-torcedor-do-flamengo\/\"},\"author\":{\"name\":\"Equipe G\u00e1vea News\",\"@id\":\"https:\/\/www.gaveanews.com\/#\/schema\/person\/2ec14f73fb96be2caf28f91afb14749d\"},\"headline\":\"Rodolfo Landim, Gustavo Oliveira e Marcos Braz falam sobre a reformula\u00e7\u00e3o do s\u00f3cio-torcedor do Flamengo\",\"datePublished\":\"2020-10-22T11:15:52+00:00\",\"mainEntityOfPage\":{\"@id\":\"https:\/\/www.gaveanews.com\/index.php\/2020\/10\/22\/rodolfo-landim-gustavo-oliveira-e-marcos-braz-falam-sobre-a-reformulacao-do-socio-torcedor-do-flamengo\/\"},\"wordCount\":512,\"commentCount\":5,\"image\":{\"@id\":\"https:\/\/www.gaveanews.com\/index.php\/2020\/10\/22\/rodolfo-landim-gustavo-oliveira-e-marcos-braz-falam-sobre-a-reformulacao-do-socio-torcedor-do-flamengo\/#primaryimage\"},\"thumbnailUrl\":\"https:\/\/www.gaveanews.com\/wp-content\/uploads\/2019\/03\/Rodolfo-Landim-durante-entrevista-coletiva-na-Gavea.webp\",\"articleSection\":[\"Destaques\"],\"inLanguage\":\"pt-BR\",\"potentialAction\":[{\"@type\":\"CommentAction\",\"name\":\"Comment\",\"target\":[\"https:\/\/www.gaveanews.com\/index.php\/2020\/10\/22\/rodolfo-landim-gustavo-oliveira-e-marcos-braz-falam-sobre-a-reformulacao-do-socio-torcedor-do-flamengo\/#respond\"]}],\"copyrightYear\":\"2020\",\"copyrightHolder\":{\"@id\":\"https:\/\/www.gaveanews.com\/#organization\"}},{\"@type\":\"WebPage\",\"@id\":\"https:\/\/www.gaveanews.com\/index.php\/2020\/10\/22\/rodolfo-landim-gustavo-oliveira-e-marcos-braz-falam-sobre-a-reformulacao-do-socio-torcedor-do-flamengo\/\",\"url\":\"https:\/\/www.gaveanews.com\/index.php\/2020\/10\/22\/rodolfo-landim-gustavo-oliveira-e-marcos-braz-falam-sobre-a-reformulacao-do-socio-torcedor-do-flamengo\/\",\"name\":\"Landim e Braz falam sobre a reformula\u00e7\u00e3o do programa de s\u00f3cio-torcedor\",\"isPartOf\":{\"@id\":\"https:\/\/www.gaveanews.com\/#website\"},\"primaryImageOfPage\":{\"@id\":\"https:\/\/www.gaveanews.com\/index.php\/2020\/10\/22\/rodolfo-landim-gustavo-oliveira-e-marcos-braz-falam-sobre-a-reformulacao-do-socio-torcedor-do-flamengo\/#primaryimage\"},\"image\":{\"@id\":\"https:\/\/www.gaveanews.com\/index.php\/2020\/10\/22\/rodolfo-landim-gustavo-oliveira-e-marcos-braz-falam-sobre-a-reformulacao-do-socio-torcedor-do-flamengo\/#primaryimage\"},\"thumbnailUrl\":\"https:\/\/www.gaveanews.com\/wp-content\/uploads\/2019\/03\/Rodolfo-Landim-durante-entrevista-coletiva-na-Gavea.webp\",\"datePublished\":\"2020-10-22T11:15:52+00:00\",\"author\":{\"@id\":\"https:\/\/www.gaveanews.com\/#\/schema\/person\/2ec14f73fb96be2caf28f91afb14749d\"},\"description\":\"\\\"Eles s\u00e3o fundamentais para definirmos nosso patamar de investimentos. Eu queria agradecer demais a todos os s\u00f3cios-torcedores\\\".\",\"breadcrumb\":{\"@id\":\"https:\/\/www.gaveanews.com\/index.php\/2020\/10\/22\/rodolfo-landim-gustavo-oliveira-e-marcos-braz-falam-sobre-a-reformulacao-do-socio-torcedor-do-flamengo\/#breadcrumb\"},\"inLanguage\":\"pt-BR\",\"potentialAction\":[{\"@type\":\"ReadAction\",\"target\":[\"https:\/\/www.gaveanews.com\/index.php\/2020\/10\/22\/rodolfo-landim-gustavo-oliveira-e-marcos-braz-falam-sobre-a-reformulacao-do-socio-torcedor-do-flamengo\/\"]}]},{\"@type\":\"ImageObject\",\"inLanguage\":\"pt-BR\",\"@id\":\"https:\/\/www.gaveanews.com\/index.php\/2020\/10\/22\/rodolfo-landim-gustavo-oliveira-e-marcos-braz-falam-sobre-a-reformulacao-do-socio-torcedor-do-flamengo\/#primaryimage\",\"url\":\"https:\/\/www.gaveanews.com\/wp-content\/uploads\/2019\/03\/Rodolfo-Landim-durante-entrevista-coletiva-na-Gavea.webp\",\"contentUrl\":\"https:\/\/www.gaveanews.com\/wp-content\/uploads\/2019\/03\/Rodolfo-Landim-durante-entrevista-coletiva-na-Gavea.webp\",\"width\":900,\"height\":599,\"caption\":\"Rodolfo Landim durante entrevista coletiva na G\u00e1vea (Foto: Ag\u00eancia Foto BR)\"},{\"@type\":\"BreadcrumbList\",\"@id\":\"https:\/\/www.gaveanews.com\/index.php\/2020\/10\/22\/rodolfo-landim-gustavo-oliveira-e-marcos-braz-falam-sobre-a-reformulacao-do-socio-torcedor-do-flamengo\/#breadcrumb\",\"itemListElement\":[{\"@type\":\"ListItem\",\"position\":1,\"name\":\"Home\",\"item\":\"https:\/\/www.gaveanews.com\/\"},{\"@type\":\"ListItem\",\"position\":2,\"name\":\"Rodolfo Landim, Gustavo Oliveira e Marcos Braz falam sobre a reformula\u00e7\u00e3o do s\u00f3cio-torcedor do Flamengo\"}]},{\"@type\":\"WebSite\",\"@id\":\"https:\/\/www.gaveanews.com\/#website\",\"url\":\"https:\/\/www.gaveanews.com\/\",\"name\":\"G\u00e1vea News\",\"description\":\"Veja todas as not\u00edcias sobre o Flamengo: Contrata\u00e7\u00f5es, categorias de base, resultados das partidas, tabela de classifica\u00e7\u00e3o, pr\u00f3ximos jogos!\",\"potentialAction\":[{\"@type\":\"SearchAction\",\"target\":{\"@type\":\"EntryPoint\",\"urlTemplate\":\"https:\/\/www.gaveanews.com\/?s={search_term_string}\"},\"query-input\":{\"@type\":\"PropertyValueSpecification\",\"valueRequired\":true,\"valueName\":\"search_term_string\"}}],\"inLanguage\":\"pt-BR\"},{\"@type\":\"Person\",\"@id\":\"https:\/\/www.gaveanews.com\/#\/schema\/person\/2ec14f73fb96be2caf28f91afb14749d\",\"name\":\"Equipe G\u00e1vea News\",\"image\":{\"@type\":\"ImageObject\",\"inLanguage\":\"pt-BR\",\"@id\":\"https:\/\/www.gaveanews.com\/#\/schema\/person\/image\/\",\"url\":\"https:\/\/secure.gravatar.com\/avatar\/1e1956f1facbffd3f8fa53a326721950116b3b9dc9bd44939c01180fd4a745a9?s=96&d=mm&r=g\",\"contentUrl\":\"https:\/\/secure.gravatar.com\/avatar\/1e1956f1facbffd3f8fa53a326721950116b3b9dc9bd44939c01180fd4a745a9?s=96&d=mm&r=g\",\"caption\":\"Equipe G\u00e1vea News\"}}]}<\/script>\n<!-- \/ Yoast SEO Premium plugin. -->","yoast_head_json":{"title":"Landim e Braz falam sobre a reformula\u00e7\u00e3o do programa de s\u00f3cio-torcedor","description":"\"Eles s\u00e3o fundamentais para definirmos nosso patamar de investimentos. Eu queria agradecer demais a todos os s\u00f3cios-torcedores\".","robots":{"index":"index","follow":"follow","max-snippet":"max-snippet:-1","max-image-preview":"max-image-preview:large","max-video-preview":"max-video-preview:-1"},"canonical":"https:\/\/www.gaveanews.com\/index.php\/2020\/10\/22\/rodolfo-landim-gustavo-oliveira-e-marcos-braz-falam-sobre-a-reformulacao-do-socio-torcedor-do-flamengo\/","og_locale":"pt_BR","og_type":"article","og_title":"Rodolfo Landim, Gustavo Oliveira e Marcos Braz falam sobre a reformula\u00e7\u00e3o do s\u00f3cio-torcedor do Flamengo","og_description":"\"Eles s\u00e3o fundamentais para definirmos nosso patamar de investimentos. Eu queria agradecer demais a todos os s\u00f3cios-torcedores\".","og_url":"https:\/\/www.gaveanews.com\/index.php\/2020\/10\/22\/rodolfo-landim-gustavo-oliveira-e-marcos-braz-falam-sobre-a-reformulacao-do-socio-torcedor-do-flamengo\/","og_site_name":"G\u00e1vea News","article_publisher":"https:\/\/facebook.com\/gaveaNews\/","article_published_time":"2020-10-22T11:15:52+00:00","og_image":[{"url":"https:\/\/www.gaveanews.com\/wp-content\/uploads\/2019\/03\/Rodolfo-Landim-durante-entrevista-coletiva-na-Gavea.webp","width":1,"height":1,"type":"image\/jpeg"}],"author":"Equipe G\u00e1vea News","twitter_card":"summary_large_image","twitter_misc":{"Escrito por":"Equipe G\u00e1vea News","Est. tempo de leitura":"2 minutos"},"schema":{"@context":"https:\/\/schema.org","@graph":[{"@type":"NewsArticle","@id":"https:\/\/www.gaveanews.com\/index.php\/2020\/10\/22\/rodolfo-landim-gustavo-oliveira-e-marcos-braz-falam-sobre-a-reformulacao-do-socio-torcedor-do-flamengo\/#article","isPartOf":{"@id":"https:\/\/www.gaveanews.com\/index.php\/2020\/10\/22\/rodolfo-landim-gustavo-oliveira-e-marcos-braz-falam-sobre-a-reformulacao-do-socio-torcedor-do-flamengo\/"},"author":{"name":"Equipe G\u00e1vea News","@id":"https:\/\/www.gaveanews.com\/#\/schema\/person\/2ec14f73fb96be2caf28f91afb14749d"},"headline":"Rodolfo Landim, Gustavo Oliveira e Marcos Braz falam sobre a reformula\u00e7\u00e3o do s\u00f3cio-torcedor do Flamengo","datePublished":"2020-10-22T11:15:52+00:00","mainEntityOfPage":{"@id":"https:\/\/www.gaveanews.com\/index.php\/2020\/10\/22\/rodolfo-landim-gustavo-oliveira-e-marcos-braz-falam-sobre-a-reformulacao-do-socio-torcedor-do-flamengo\/"},"wordCount":512,"commentCount":5,"image":{"@id":"https:\/\/www.gaveanews.com\/index.php\/2020\/10\/22\/rodolfo-landim-gustavo-oliveira-e-marcos-braz-falam-sobre-a-reformulacao-do-socio-torcedor-do-flamengo\/#primaryimage"},"thumbnailUrl":"https:\/\/www.gaveanews.com\/wp-content\/uploads\/2019\/03\/Rodolfo-Landim-durante-entrevista-coletiva-na-Gavea.webp","articleSection":["Destaques"],"inLanguage":"pt-BR","potentialAction":[{"@type":"CommentAction","name":"Comment","target":["https:\/\/www.gaveanews.com\/index.php\/2020\/10\/22\/rodolfo-landim-gustavo-oliveira-e-marcos-braz-falam-sobre-a-reformulacao-do-socio-torcedor-do-flamengo\/#respond"]}],"copyrightYear":"2020","copyrightHolder":{"@id":"https:\/\/www.gaveanews.com\/#organization"}},{"@type":"WebPage","@id":"https:\/\/www.gaveanews.com\/index.php\/2020\/10\/22\/rodolfo-landim-gustavo-oliveira-e-marcos-braz-falam-sobre-a-reformulacao-do-socio-torcedor-do-flamengo\/","url":"https:\/\/www.gaveanews.com\/index.php\/2020\/10\/22\/rodolfo-landim-gustavo-oliveira-e-marcos-braz-falam-sobre-a-reformulacao-do-socio-torcedor-do-flamengo\/","name":"Landim e Braz falam sobre a reformula\u00e7\u00e3o do programa de s\u00f3cio-torcedor","isPartOf":{"@id":"https:\/\/www.gaveanews.com\/#website"},"primaryImageOfPage":{"@id":"https:\/\/www.gaveanews.com\/index.php\/2020\/10\/22\/rodolfo-landim-gustavo-oliveira-e-marcos-braz-falam-sobre-a-reformulacao-do-socio-torcedor-do-flamengo\/#primaryimage"},"image":{"@id":"https:\/\/www.gaveanews.com\/index.php\/2020\/10\/22\/rodolfo-landim-gustavo-oliveira-e-marcos-braz-falam-sobre-a-reformulacao-do-socio-torcedor-do-flamengo\/#primaryimage"},"thumbnailUrl":"https:\/\/www.gaveanews.com\/wp-content\/uploads\/2019\/03\/Rodolfo-Landim-durante-entrevista-coletiva-na-Gavea.webp","datePublished":"2020-10-22T11:15:52+00:00","author":{"@id":"https:\/\/www.gaveanews.com\/#\/schema\/person\/2ec14f73fb96be2caf28f91afb14749d"},"description":"\"Eles s\u00e3o fundamentais para definirmos nosso patamar de investimentos. Eu queria agradecer demais a todos os s\u00f3cios-torcedores\".","breadcrumb":{"@id":"https:\/\/www.gaveanews.com\/index.php\/2020\/10\/22\/rodolfo-landim-gustavo-oliveira-e-marcos-braz-falam-sobre-a-reformulacao-do-socio-torcedor-do-flamengo\/#breadcrumb"},"inLanguage":"pt-BR","potentialAction":[{"@type":"ReadAction","target":["https:\/\/www.gaveanews.com\/index.php\/2020\/10\/22\/rodolfo-landim-gustavo-oliveira-e-marcos-braz-falam-sobre-a-reformulacao-do-socio-torcedor-do-flamengo\/"]}]},{"@type":"ImageObject","inLanguage":"pt-BR","@id":"https:\/\/www.gaveanews.com\/index.php\/2020\/10\/22\/rodolfo-landim-gustavo-oliveira-e-marcos-braz-falam-sobre-a-reformulacao-do-socio-torcedor-do-flamengo\/#primaryimage","url":"https:\/\/www.gaveanews.com\/wp-content\/uploads\/2019\/03\/Rodolfo-Landim-durante-entrevista-coletiva-na-Gavea.webp","contentUrl":"https:\/\/www.gaveanews.com\/wp-content\/uploads\/2019\/03\/Rodolfo-Landim-durante-entrevista-coletiva-na-Gavea.webp","width":900,"height":599,"caption":"Rodolfo Landim durante entrevista coletiva na G\u00e1vea (Foto: Ag\u00eancia Foto BR)"},{"@type":"BreadcrumbList","@id":"https:\/\/www.gaveanews.com\/index.php\/2020\/10\/22\/rodolfo-landim-gustavo-oliveira-e-marcos-braz-falam-sobre-a-reformulacao-do-socio-torcedor-do-flamengo\/#breadcrumb","itemListElement":[{"@type":"ListItem","position":1,"name":"Home","item":"https:\/\/www.gaveanews.com\/"},{"@type":"ListItem","position":2,"name":"Rodolfo Landim, Gustavo Oliveira e Marcos Braz falam sobre a reformula\u00e7\u00e3o do s\u00f3cio-torcedor do Flamengo"}]},{"@type":"WebSite","@id":"https:\/\/www.gaveanews.com\/#website","url":"https:\/\/www.gaveanews.com\/","name":"G\u00e1vea News","description":"Veja todas as not\u00edcias sobre o Flamengo: Contrata\u00e7\u00f5es, categorias de base, resultados das partidas, tabela de classifica\u00e7\u00e3o, pr\u00f3ximos jogos!","potentialAction":[{"@type":"SearchAction","target":{"@type":"EntryPoint","urlTemplate":"https:\/\/www.gaveanews.com\/?s={search_term_string}"},"query-input":{"@type":"PropertyValueSpecification","valueRequired":true,"valueName":"search_term_string"}}],"inLanguage":"pt-BR"},{"@type":"Person","@id":"https:\/\/www.gaveanews.com\/#\/schema\/person\/2ec14f73fb96be2caf28f91afb14749d","name":"Equipe G\u00e1vea News","image":{"@type":"ImageObject","inLanguage":"pt-BR","@id":"https:\/\/www.gaveanews.com\/#\/schema\/person\/image\/","url":"https:\/\/secure.gravatar.com\/avatar\/1e1956f1facbffd3f8fa53a326721950116b3b9dc9bd44939c01180fd4a745a9?s=96&d=mm&r=g","contentUrl":"https:\/\/secure.gravatar.com\/avatar\/1e1956f1facbffd3f8fa53a326721950116b3b9dc9bd44939c01180fd4a745a9?s=96&d=mm&r=g","caption":"Equipe G\u00e1vea News"}}]}},"_links":{"self":[{"href":"https:\/\/www.gaveanews.com\/index.php\/wp-json\/wp\/v2\/posts\/49731","targetHints":{"allow":["GET"]}}],"collection":[{"href":"https:\/\/www.gaveanews.com\/index.php\/wp-json\/wp\/v2\/posts"}],"about":[{"href":"https:\/\/www.gaveanews.com\/index.php\/wp-json\/wp\/v2\/types\/post"}],"author":[{"embeddable":true,"href":"https:\/\/www.gaveanews.com\/index.php\/wp-json\/wp\/v2\/users\/1"}],"replies":[{"embeddable":true,"href":"https:\/\/www.gaveanews.com\/index.php\/wp-json\/wp\/v2\/comments?post=49731"}],"version-history":[{"count":0,"href":"https:\/\/www.gaveanews.com\/index.php\/wp-json\/wp\/v2\/posts\/49731\/revisions"}],"wp:featuredmedia":[{"embeddable":true,"href":"https:\/\/www.gaveanews.com\/index.php\/wp-json\/wp\/v2\/media\/15077"}],"wp:attachment":[{"href":"https:\/\/www.gaveanews.com\/index.php\/wp-json\/wp\/v2\/media?parent=49731"}],"wp:term":[{"taxonomy":"category","embeddable":true,"href":"https:\/\/www.gaveanews.com\/index.php\/wp-json\/wp\/v2\/categories?post=49731"},{"taxonomy":"post_tag","embeddable":true,"href":"https:\/\/www.gaveanews.com\/index.php\/wp-json\/wp\/v2\/tags?post=49731"}],"curies":[{"name":"wp","href":"https:\/\/api.w.org\/{rel}","templated":true}]}}