{"id":49733,"date":"2020-10-22T08:15:01","date_gmt":"2020-10-22T11:15:01","guid":{"rendered":"https:\/\/www.gaveanews.com\/?p=49733"},"modified":"2020-10-22T03:40:38","modified_gmt":"2020-10-22T06:40:38","slug":"por-lincoln-e-vitinho-torcedores-do-flamengo-exaltam-domenec","status":"publish","type":"post","link":"https:\/\/www.gaveanews.com\/index.php\/2020\/10\/22\/por-lincoln-e-vitinho-torcedores-do-flamengo-exaltam-domenec\/","title":{"rendered":"Por Lincoln e Vitinho, torcedores do Flamengo exaltam Dom\u00e8nec"},"content":{"rendered":"\n<p>O Flamengo mais uma vez venceu sob o comando do espanhol Dom\u00e8nec Torrent. O Rubro-Negro bateu o Junior de Barranquilla por 3 a1 no Maracan\u00e3 pela 6\u00aa rodada da fase de grupos da Libertadores e contou com mais uma boa atua\u00e7\u00e3o dos atacantes Lincoln e Vitinho.<\/p>\n\n\n\n<p>A dupla voltou a jogar bem e Lincoln fez um dos gols do Flamengo, comprovando que vive um outro momento em rela\u00e7\u00e3o a alguns meses atr\u00e1s, quando vinha sendo muito criticado pela torcida.<\/p>\n\n\n\n<p>O reconhecimento da torcida flamenguista vem aumentando a cada boa atua\u00e7\u00e3o de cada um deles, mas boa parte dos m\u00e9ritos est\u00e3o sendo dados ao t\u00e9cnico Dom\u00e8nec Torrent. Torcedores atribu\u00edram o bom momento de Linciln e Vitinho ao t\u00e9cnico espanhol.<\/p>\n\n\n\n<h3 class=\"wp-block-heading\">Veja a repercuss\u00e3o de torcedores do Flamengo:<\/h3>\n\n\n\n<figure class=\"wp-block-embed-twitter wp-block-embed is-type-rich is-provider-twitter\"><div class=\"wp-block-embed__wrapper\">\n<blockquote class=\"twitter-tweet\" data-width=\"550\" data-dnt=\"true\"><p lang=\"pt\" dir=\"ltr\">DOME TA RECUPERANDO VITINHO E LINCOLN ESSE \u00c9 O TWEET<\/p>&mdash; \u0618 (@crf_lenubills) <a href=\"https:\/\/twitter.com\/crf_lenubills\/status\/1319086291682758658?ref_src=twsrc%5Etfw\">October 22, 2020<\/a><\/blockquote><script async src=\"https:\/\/platform.twitter.com\/widgets.js\" charset=\"utf-8\"><\/script>\n<\/div><\/figure>\n\n\n\n<figure class=\"wp-block-embed-twitter wp-block-embed is-type-rich is-provider-twitter\"><div class=\"wp-block-embed__wrapper\">\n<blockquote class=\"twitter-tweet\" data-width=\"550\" data-dnt=\"true\"><p lang=\"pt\" dir=\"ltr\">Dome transformou Lincoln e Vitinho e at\u00e9 o Diego, ainda tem gente q critica esse homem maravilhoso<\/p>&mdash; we (@wecrf) <a href=\"https:\/\/twitter.com\/wecrf\/status\/1319087135975145472?ref_src=twsrc%5Etfw\">October 22, 2020<\/a><\/blockquote><script async src=\"https:\/\/platform.twitter.com\/widgets.js\" charset=\"utf-8\"><\/script>\n<\/div><\/figure>\n\n\n\n<figure class=\"wp-block-embed-twitter wp-block-embed is-type-rich is-provider-twitter\"><div class=\"wp-block-embed__wrapper\">\n<blockquote class=\"twitter-tweet\" data-width=\"550\" data-dnt=\"true\"><p lang=\"pt\" dir=\"ltr\">E o dome q ressucitou o vitin<\/p>&mdash; LEOuis Vuitton (@ganjadorofc) <a href=\"https:\/\/twitter.com\/ganjadorofc\/status\/1317923112382496768?ref_src=twsrc%5Etfw\">October 18, 2020<\/a><\/blockquote><script async src=\"https:\/\/platform.twitter.com\/widgets.js\" charset=\"utf-8\"><\/script>\n<\/div><\/figure>\n\n\n\n<figure class=\"wp-block-embed-twitter wp-block-embed is-type-rich is-provider-twitter\"><div class=\"wp-block-embed__wrapper\">\n<blockquote class=\"twitter-tweet\" data-width=\"550\" data-dnt=\"true\"><p lang=\"pt\" dir=\"ltr\">Dome fez um milagre maior que do Jesus<br><br>RESSUSCITOU VITINHO E LINCOLN<\/p>&mdash; luiz (@erickpulgwr) <a href=\"https:\/\/twitter.com\/erickpulgwr\/status\/1319084895436754949?ref_src=twsrc%5Etfw\">October 22, 2020<\/a><\/blockquote><script async src=\"https:\/\/platform.twitter.com\/widgets.js\" charset=\"utf-8\"><\/script>\n<\/div><\/figure>\n\n\n\n<figure class=\"wp-block-embed-twitter wp-block-embed is-type-rich is-provider-twitter\"><div class=\"wp-block-embed__wrapper\">\n<blockquote class=\"twitter-tweet\" data-width=\"550\" data-dnt=\"true\"><p lang=\"pt\" dir=\"ltr\">domenec conseguiu ressuscitar lincoln e vitinho, um milagre que nem jesus conseguiu fazer<\/p>&mdash; silvia \u1d9c\u02b3\u1da0 (@arrasccaetta) <a href=\"https:\/\/twitter.com\/arrasccaetta\/status\/1319085416583172097?ref_src=twsrc%5Etfw\">October 22, 2020<\/a><\/blockquote><script async src=\"https:\/\/platform.twitter.com\/widgets.js\" charset=\"utf-8\"><\/script>\n<\/div><\/figure>\n\n\n\n<figure class=\"wp-block-embed-twitter wp-block-embed is-type-rich is-provider-twitter\"><div class=\"wp-block-embed__wrapper\">\nhttps:\/\/twitter.com\/trinlogy\/status\/1319084884959297543?ref_src=twsrc%5Etfw%7Ctwcamp%5Etweetembed%7Ctwterm%5E1319084884959297543%7Ctwgr%5Eshare_3%2Ccontainerclick_0&#038;ref_url=https%3A%2F%2Fhashtagrubronegro.com%2Ftorcedores-do-flamengo-exaltam-feito-de-dome-ressuscitou-lincoln-e-vitinho%2F\n<\/div><\/figure>\n\n\n\n<figure class=\"wp-block-embed-twitter wp-block-embed is-type-rich is-provider-twitter\"><div class=\"wp-block-embed__wrapper\">\n<blockquote class=\"twitter-tweet\" data-width=\"550\" data-dnt=\"true\"><p lang=\"pt\" dir=\"ltr\">Dome n\u00e3o \u00e9 Jesus mas est\u00e1 operando milagres, colocou Lincoln e Vitinho pra jogarem<\/p>&mdash; RAY (@rayymayrinck) <a href=\"https:\/\/twitter.com\/rayymayrinck\/status\/1319084971081039875?ref_src=twsrc%5Etfw\">October 22, 2020<\/a><\/blockquote><script async src=\"https:\/\/platform.twitter.com\/widgets.js\" charset=\"utf-8\"><\/script>\n<\/div><\/figure>\n\n\n\n<figure class=\"wp-block-embed-twitter wp-block-embed is-type-rich is-provider-twitter\"><div class=\"wp-block-embed__wrapper\">\n<blockquote class=\"twitter-tweet\" data-width=\"550\" data-dnt=\"true\"><p lang=\"pt\" dir=\"ltr\">Eis os mist\u00e9rios Jesus fez Ar\u00e3o jogar. Agora \u00e9 a vez do Dome fazer Vitinho e Lincoln \u2764\ufe0f<\/p>&mdash; Samara Nascimento (@SamaraNCunha) <a href=\"https:\/\/twitter.com\/SamaraNCunha\/status\/1319085888966623233?ref_src=twsrc%5Etfw\">October 22, 2020<\/a><\/blockquote><script async src=\"https:\/\/platform.twitter.com\/widgets.js\" charset=\"utf-8\"><\/script>\n<\/div><\/figure>\n\n\n\n<figure class=\"wp-block-embed-twitter wp-block-embed is-type-rich is-provider-twitter\"><div class=\"wp-block-embed__wrapper\">\n<blockquote class=\"twitter-tweet\" data-width=\"550\" data-dnt=\"true\"><p lang=\"pt\" dir=\"ltr\">Dome recuperar Vitinho e Lincoln. Isso \u00e9 pra poucos.<\/p>&mdash; FLAn\u00e1tico (@_flanatico) <a href=\"https:\/\/twitter.com\/_flanatico\/status\/1319085746301652993?ref_src=twsrc%5Etfw\">October 22, 2020<\/a><\/blockquote><script async src=\"https:\/\/platform.twitter.com\/widgets.js\" charset=\"utf-8\"><\/script>\n<\/div><\/figure>\n\n\n\n<figure class=\"wp-block-embed-twitter wp-block-embed is-type-rich is-provider-twitter\"><div class=\"wp-block-embed__wrapper\">\n<blockquote class=\"twitter-tweet\" data-width=\"550\" data-dnt=\"true\"><p lang=\"pt\" dir=\"ltr\">Criticamos mt o dome, mal sabiamos que ele tava num projeto secreto pra fazer vitinho e Lincoln jogar, agr ngm segura mais.<\/p>&mdash; esteves (@jvestevesdc) <a href=\"https:\/\/twitter.com\/jvestevesdc\/status\/1319085463748173824?ref_src=twsrc%5Etfw\">October 22, 2020<\/a><\/blockquote><script async src=\"https:\/\/platform.twitter.com\/widgets.js\" charset=\"utf-8\"><\/script>\n<\/div><\/figure>\n\n\n\n<p>Retirado de: Hashtag Rubro-Negro<\/p>\n","protected":false},"excerpt":{"rendered":"<p>O Flamengo mais uma vez venceu sob o comando do espanhol Dom\u00e8nec Torrent. O Rubro-Negro bateu o Junior de Barranquilla por 3 a1 no Maracan\u00e3 pela 6\u00aa rodada da fase de grupos da Libertadores e contou com mais uma boa atua\u00e7\u00e3o dos atacantes Lincoln e Vitinho. A dupla voltou a jogar bem e Lincoln fez [&hellip;]<\/p>\n","protected":false},"author":1,"featured_media":49040,"comment_status":"open","ping_status":"closed","sticky":false,"template":"","format":"standard","meta":{"footnotes":""},"categories":[47],"tags":[],"class_list":["post-49733","post","type-post","status-publish","format-standard","has-post-thumbnail","hentry","category-destaques"],"yoast_head":"<!-- This site is optimized with the Yoast SEO Premium plugin v24.2 (Yoast SEO v26.9) - https:\/\/yoast.com\/product\/yoast-seo-premium-wordpress\/ -->\n<title>Por Lincoln e Vitinho, torcedores do Flamengo exaltam Dom\u00e8nec<\/title>\n<meta name=\"description\" content=\"A dupla voltou a jogar bem e Lincoln fez um dos gols do Flamengo, comprovando que vive um outro momento em rela\u00e7\u00e3o a alguns meses atr\u00e1s.\" \/>\n<meta name=\"robots\" content=\"index, follow, max-snippet:-1, max-image-preview:large, max-video-preview:-1\" \/>\n<link rel=\"canonical\" href=\"https:\/\/www.gaveanews.com\/index.php\/2020\/10\/22\/por-lincoln-e-vitinho-torcedores-do-flamengo-exaltam-domenec\/\" \/>\n<meta property=\"og:locale\" content=\"pt_BR\" \/>\n<meta property=\"og:type\" content=\"article\" \/>\n<meta property=\"og:title\" content=\"Por Lincoln e Vitinho, torcedores do Flamengo exaltam Dom\u00e8nec\" \/>\n<meta property=\"og:description\" content=\"A dupla voltou a jogar bem e Lincoln fez um dos gols do Flamengo, comprovando que vive um outro momento em rela\u00e7\u00e3o a alguns meses atr\u00e1s.\" \/>\n<meta property=\"og:url\" content=\"https:\/\/www.gaveanews.com\/index.php\/2020\/10\/22\/por-lincoln-e-vitinho-torcedores-do-flamengo-exaltam-domenec\/\" \/>\n<meta property=\"og:site_name\" content=\"G\u00e1vea News\" \/>\n<meta property=\"article:publisher\" content=\"https:\/\/facebook.com\/gaveaNews\/\" \/>\n<meta property=\"article:published_time\" content=\"2020-10-22T11:15:01+00:00\" \/>\n<meta property=\"og:image\" content=\"https:\/\/www.gaveanews.com\/wp-content\/uploads\/Ramon-esquerda-Lincoln-centro-e-Vitinho-direita-durante-treinamento-do-Flamengo-no-Ninho-do-Urubu.webp\" \/>\n\t<meta property=\"og:image:width\" content=\"799\" \/>\n\t<meta property=\"og:image:height\" content=\"532\" \/>\n\t<meta property=\"og:image:type\" content=\"image\/jpeg\" \/>\n<meta name=\"author\" content=\"Equipe G\u00e1vea News\" \/>\n<meta name=\"twitter:card\" content=\"summary_large_image\" \/>\n<meta name=\"twitter:label1\" content=\"Escrito por\" \/>\n\t<meta name=\"twitter:data1\" content=\"Equipe G\u00e1vea News\" \/>\n\t<meta name=\"twitter:label2\" content=\"Est. tempo de leitura\" \/>\n\t<meta name=\"twitter:data2\" content=\"2 minutos\" \/>\n<script type=\"application\/ld+json\" class=\"yoast-schema-graph\">{\"@context\":\"https:\/\/schema.org\",\"@graph\":[{\"@type\":\"NewsArticle\",\"@id\":\"https:\/\/www.gaveanews.com\/index.php\/2020\/10\/22\/por-lincoln-e-vitinho-torcedores-do-flamengo-exaltam-domenec\/#article\",\"isPartOf\":{\"@id\":\"https:\/\/www.gaveanews.com\/index.php\/2020\/10\/22\/por-lincoln-e-vitinho-torcedores-do-flamengo-exaltam-domenec\/\"},\"author\":{\"name\":\"Equipe G\u00e1vea News\",\"@id\":\"https:\/\/www.gaveanews.com\/#\/schema\/person\/2ec14f73fb96be2caf28f91afb14749d\"},\"headline\":\"Por Lincoln e Vitinho, torcedores do Flamengo exaltam Dom\u00e8nec\",\"datePublished\":\"2020-10-22T11:15:01+00:00\",\"mainEntityOfPage\":{\"@id\":\"https:\/\/www.gaveanews.com\/index.php\/2020\/10\/22\/por-lincoln-e-vitinho-torcedores-do-flamengo-exaltam-domenec\/\"},\"wordCount\":413,\"commentCount\":6,\"image\":{\"@id\":\"https:\/\/www.gaveanews.com\/index.php\/2020\/10\/22\/por-lincoln-e-vitinho-torcedores-do-flamengo-exaltam-domenec\/#primaryimage\"},\"thumbnailUrl\":\"https:\/\/www.gaveanews.com\/wp-content\/uploads\/Ramon-esquerda-Lincoln-centro-e-Vitinho-direita-durante-treinamento-do-Flamengo-no-Ninho-do-Urubu.webp\",\"articleSection\":[\"Destaques\"],\"inLanguage\":\"pt-BR\",\"potentialAction\":[{\"@type\":\"CommentAction\",\"name\":\"Comment\",\"target\":[\"https:\/\/www.gaveanews.com\/index.php\/2020\/10\/22\/por-lincoln-e-vitinho-torcedores-do-flamengo-exaltam-domenec\/#respond\"]}],\"copyrightYear\":\"2020\",\"copyrightHolder\":{\"@id\":\"https:\/\/www.gaveanews.com\/#organization\"}},{\"@type\":\"WebPage\",\"@id\":\"https:\/\/www.gaveanews.com\/index.php\/2020\/10\/22\/por-lincoln-e-vitinho-torcedores-do-flamengo-exaltam-domenec\/\",\"url\":\"https:\/\/www.gaveanews.com\/index.php\/2020\/10\/22\/por-lincoln-e-vitinho-torcedores-do-flamengo-exaltam-domenec\/\",\"name\":\"Por Lincoln e Vitinho, torcedores do Flamengo exaltam Dom\u00e8nec\",\"isPartOf\":{\"@id\":\"https:\/\/www.gaveanews.com\/#website\"},\"primaryImageOfPage\":{\"@id\":\"https:\/\/www.gaveanews.com\/index.php\/2020\/10\/22\/por-lincoln-e-vitinho-torcedores-do-flamengo-exaltam-domenec\/#primaryimage\"},\"image\":{\"@id\":\"https:\/\/www.gaveanews.com\/index.php\/2020\/10\/22\/por-lincoln-e-vitinho-torcedores-do-flamengo-exaltam-domenec\/#primaryimage\"},\"thumbnailUrl\":\"https:\/\/www.gaveanews.com\/wp-content\/uploads\/Ramon-esquerda-Lincoln-centro-e-Vitinho-direita-durante-treinamento-do-Flamengo-no-Ninho-do-Urubu.webp\",\"datePublished\":\"2020-10-22T11:15:01+00:00\",\"author\":{\"@id\":\"https:\/\/www.gaveanews.com\/#\/schema\/person\/2ec14f73fb96be2caf28f91afb14749d\"},\"description\":\"A dupla voltou a jogar bem e Lincoln fez um dos gols do Flamengo, comprovando que vive um outro momento em rela\u00e7\u00e3o a alguns meses atr\u00e1s.\",\"breadcrumb\":{\"@id\":\"https:\/\/www.gaveanews.com\/index.php\/2020\/10\/22\/por-lincoln-e-vitinho-torcedores-do-flamengo-exaltam-domenec\/#breadcrumb\"},\"inLanguage\":\"pt-BR\",\"potentialAction\":[{\"@type\":\"ReadAction\",\"target\":[\"https:\/\/www.gaveanews.com\/index.php\/2020\/10\/22\/por-lincoln-e-vitinho-torcedores-do-flamengo-exaltam-domenec\/\"]}]},{\"@type\":\"ImageObject\",\"inLanguage\":\"pt-BR\",\"@id\":\"https:\/\/www.gaveanews.com\/index.php\/2020\/10\/22\/por-lincoln-e-vitinho-torcedores-do-flamengo-exaltam-domenec\/#primaryimage\",\"url\":\"https:\/\/www.gaveanews.com\/wp-content\/uploads\/Ramon-esquerda-Lincoln-centro-e-Vitinho-direita-durante-treinamento-do-Flamengo-no-Ninho-do-Urubu.webp\",\"contentUrl\":\"https:\/\/www.gaveanews.com\/wp-content\/uploads\/Ramon-esquerda-Lincoln-centro-e-Vitinho-direita-durante-treinamento-do-Flamengo-no-Ninho-do-Urubu.webp\",\"width\":799,\"height\":532,\"caption\":\"Ramon (esquerda), Lincoln (centro) e Vitinho (direita), durante treinamento do Flamengo no Ninho do Urubu (Foto: Alexandre Vidal\/Flamengo)\"},{\"@type\":\"BreadcrumbList\",\"@id\":\"https:\/\/www.gaveanews.com\/index.php\/2020\/10\/22\/por-lincoln-e-vitinho-torcedores-do-flamengo-exaltam-domenec\/#breadcrumb\",\"itemListElement\":[{\"@type\":\"ListItem\",\"position\":1,\"name\":\"Home\",\"item\":\"https:\/\/www.gaveanews.com\/\"},{\"@type\":\"ListItem\",\"position\":2,\"name\":\"Por Lincoln e Vitinho, torcedores do Flamengo exaltam Dom\u00e8nec\"}]},{\"@type\":\"WebSite\",\"@id\":\"https:\/\/www.gaveanews.com\/#website\",\"url\":\"https:\/\/www.gaveanews.com\/\",\"name\":\"G\u00e1vea News\",\"description\":\"Veja todas as not\u00edcias sobre o Flamengo: Contrata\u00e7\u00f5es, categorias de base, resultados das partidas, tabela de classifica\u00e7\u00e3o, pr\u00f3ximos jogos!\",\"potentialAction\":[{\"@type\":\"SearchAction\",\"target\":{\"@type\":\"EntryPoint\",\"urlTemplate\":\"https:\/\/www.gaveanews.com\/?s={search_term_string}\"},\"query-input\":{\"@type\":\"PropertyValueSpecification\",\"valueRequired\":true,\"valueName\":\"search_term_string\"}}],\"inLanguage\":\"pt-BR\"},{\"@type\":\"Person\",\"@id\":\"https:\/\/www.gaveanews.com\/#\/schema\/person\/2ec14f73fb96be2caf28f91afb14749d\",\"name\":\"Equipe G\u00e1vea News\",\"image\":{\"@type\":\"ImageObject\",\"inLanguage\":\"pt-BR\",\"@id\":\"https:\/\/www.gaveanews.com\/#\/schema\/person\/image\/\",\"url\":\"https:\/\/secure.gravatar.com\/avatar\/1e1956f1facbffd3f8fa53a326721950116b3b9dc9bd44939c01180fd4a745a9?s=96&d=mm&r=g\",\"contentUrl\":\"https:\/\/secure.gravatar.com\/avatar\/1e1956f1facbffd3f8fa53a326721950116b3b9dc9bd44939c01180fd4a745a9?s=96&d=mm&r=g\",\"caption\":\"Equipe G\u00e1vea News\"}}]}<\/script>\n<!-- \/ Yoast SEO Premium plugin. -->","yoast_head_json":{"title":"Por Lincoln e Vitinho, torcedores do Flamengo exaltam Dom\u00e8nec","description":"A dupla voltou a jogar bem e Lincoln fez um dos gols do Flamengo, comprovando que vive um outro momento em rela\u00e7\u00e3o a alguns meses atr\u00e1s.","robots":{"index":"index","follow":"follow","max-snippet":"max-snippet:-1","max-image-preview":"max-image-preview:large","max-video-preview":"max-video-preview:-1"},"canonical":"https:\/\/www.gaveanews.com\/index.php\/2020\/10\/22\/por-lincoln-e-vitinho-torcedores-do-flamengo-exaltam-domenec\/","og_locale":"pt_BR","og_type":"article","og_title":"Por Lincoln e Vitinho, torcedores do Flamengo exaltam Dom\u00e8nec","og_description":"A dupla voltou a jogar bem e Lincoln fez um dos gols do Flamengo, comprovando que vive um outro momento em rela\u00e7\u00e3o a alguns meses atr\u00e1s.","og_url":"https:\/\/www.gaveanews.com\/index.php\/2020\/10\/22\/por-lincoln-e-vitinho-torcedores-do-flamengo-exaltam-domenec\/","og_site_name":"G\u00e1vea News","article_publisher":"https:\/\/facebook.com\/gaveaNews\/","article_published_time":"2020-10-22T11:15:01+00:00","og_image":[{"width":799,"height":532,"url":"https:\/\/www.gaveanews.com\/wp-content\/uploads\/Ramon-esquerda-Lincoln-centro-e-Vitinho-direita-durante-treinamento-do-Flamengo-no-Ninho-do-Urubu.webp","type":"image\/jpeg"}],"author":"Equipe G\u00e1vea News","twitter_card":"summary_large_image","twitter_misc":{"Escrito por":"Equipe G\u00e1vea News","Est. tempo de leitura":"2 minutos"},"schema":{"@context":"https:\/\/schema.org","@graph":[{"@type":"NewsArticle","@id":"https:\/\/www.gaveanews.com\/index.php\/2020\/10\/22\/por-lincoln-e-vitinho-torcedores-do-flamengo-exaltam-domenec\/#article","isPartOf":{"@id":"https:\/\/www.gaveanews.com\/index.php\/2020\/10\/22\/por-lincoln-e-vitinho-torcedores-do-flamengo-exaltam-domenec\/"},"author":{"name":"Equipe G\u00e1vea News","@id":"https:\/\/www.gaveanews.com\/#\/schema\/person\/2ec14f73fb96be2caf28f91afb14749d"},"headline":"Por Lincoln e Vitinho, torcedores do Flamengo exaltam Dom\u00e8nec","datePublished":"2020-10-22T11:15:01+00:00","mainEntityOfPage":{"@id":"https:\/\/www.gaveanews.com\/index.php\/2020\/10\/22\/por-lincoln-e-vitinho-torcedores-do-flamengo-exaltam-domenec\/"},"wordCount":413,"commentCount":6,"image":{"@id":"https:\/\/www.gaveanews.com\/index.php\/2020\/10\/22\/por-lincoln-e-vitinho-torcedores-do-flamengo-exaltam-domenec\/#primaryimage"},"thumbnailUrl":"https:\/\/www.gaveanews.com\/wp-content\/uploads\/Ramon-esquerda-Lincoln-centro-e-Vitinho-direita-durante-treinamento-do-Flamengo-no-Ninho-do-Urubu.webp","articleSection":["Destaques"],"inLanguage":"pt-BR","potentialAction":[{"@type":"CommentAction","name":"Comment","target":["https:\/\/www.gaveanews.com\/index.php\/2020\/10\/22\/por-lincoln-e-vitinho-torcedores-do-flamengo-exaltam-domenec\/#respond"]}],"copyrightYear":"2020","copyrightHolder":{"@id":"https:\/\/www.gaveanews.com\/#organization"}},{"@type":"WebPage","@id":"https:\/\/www.gaveanews.com\/index.php\/2020\/10\/22\/por-lincoln-e-vitinho-torcedores-do-flamengo-exaltam-domenec\/","url":"https:\/\/www.gaveanews.com\/index.php\/2020\/10\/22\/por-lincoln-e-vitinho-torcedores-do-flamengo-exaltam-domenec\/","name":"Por Lincoln e Vitinho, torcedores do Flamengo exaltam Dom\u00e8nec","isPartOf":{"@id":"https:\/\/www.gaveanews.com\/#website"},"primaryImageOfPage":{"@id":"https:\/\/www.gaveanews.com\/index.php\/2020\/10\/22\/por-lincoln-e-vitinho-torcedores-do-flamengo-exaltam-domenec\/#primaryimage"},"image":{"@id":"https:\/\/www.gaveanews.com\/index.php\/2020\/10\/22\/por-lincoln-e-vitinho-torcedores-do-flamengo-exaltam-domenec\/#primaryimage"},"thumbnailUrl":"https:\/\/www.gaveanews.com\/wp-content\/uploads\/Ramon-esquerda-Lincoln-centro-e-Vitinho-direita-durante-treinamento-do-Flamengo-no-Ninho-do-Urubu.webp","datePublished":"2020-10-22T11:15:01+00:00","author":{"@id":"https:\/\/www.gaveanews.com\/#\/schema\/person\/2ec14f73fb96be2caf28f91afb14749d"},"description":"A dupla voltou a jogar bem e Lincoln fez um dos gols do Flamengo, comprovando que vive um outro momento em rela\u00e7\u00e3o a alguns meses atr\u00e1s.","breadcrumb":{"@id":"https:\/\/www.gaveanews.com\/index.php\/2020\/10\/22\/por-lincoln-e-vitinho-torcedores-do-flamengo-exaltam-domenec\/#breadcrumb"},"inLanguage":"pt-BR","potentialAction":[{"@type":"ReadAction","target":["https:\/\/www.gaveanews.com\/index.php\/2020\/10\/22\/por-lincoln-e-vitinho-torcedores-do-flamengo-exaltam-domenec\/"]}]},{"@type":"ImageObject","inLanguage":"pt-BR","@id":"https:\/\/www.gaveanews.com\/index.php\/2020\/10\/22\/por-lincoln-e-vitinho-torcedores-do-flamengo-exaltam-domenec\/#primaryimage","url":"https:\/\/www.gaveanews.com\/wp-content\/uploads\/Ramon-esquerda-Lincoln-centro-e-Vitinho-direita-durante-treinamento-do-Flamengo-no-Ninho-do-Urubu.webp","contentUrl":"https:\/\/www.gaveanews.com\/wp-content\/uploads\/Ramon-esquerda-Lincoln-centro-e-Vitinho-direita-durante-treinamento-do-Flamengo-no-Ninho-do-Urubu.webp","width":799,"height":532,"caption":"Ramon (esquerda), Lincoln (centro) e Vitinho (direita), durante treinamento do Flamengo no Ninho do Urubu (Foto: Alexandre Vidal\/Flamengo)"},{"@type":"BreadcrumbList","@id":"https:\/\/www.gaveanews.com\/index.php\/2020\/10\/22\/por-lincoln-e-vitinho-torcedores-do-flamengo-exaltam-domenec\/#breadcrumb","itemListElement":[{"@type":"ListItem","position":1,"name":"Home","item":"https:\/\/www.gaveanews.com\/"},{"@type":"ListItem","position":2,"name":"Por Lincoln e Vitinho, torcedores do Flamengo exaltam Dom\u00e8nec"}]},{"@type":"WebSite","@id":"https:\/\/www.gaveanews.com\/#website","url":"https:\/\/www.gaveanews.com\/","name":"G\u00e1vea News","description":"Veja todas as not\u00edcias sobre o Flamengo: Contrata\u00e7\u00f5es, categorias de base, resultados das partidas, tabela de classifica\u00e7\u00e3o, pr\u00f3ximos jogos!","potentialAction":[{"@type":"SearchAction","target":{"@type":"EntryPoint","urlTemplate":"https:\/\/www.gaveanews.com\/?s={search_term_string}"},"query-input":{"@type":"PropertyValueSpecification","valueRequired":true,"valueName":"search_term_string"}}],"inLanguage":"pt-BR"},{"@type":"Person","@id":"https:\/\/www.gaveanews.com\/#\/schema\/person\/2ec14f73fb96be2caf28f91afb14749d","name":"Equipe G\u00e1vea News","image":{"@type":"ImageObject","inLanguage":"pt-BR","@id":"https:\/\/www.gaveanews.com\/#\/schema\/person\/image\/","url":"https:\/\/secure.gravatar.com\/avatar\/1e1956f1facbffd3f8fa53a326721950116b3b9dc9bd44939c01180fd4a745a9?s=96&d=mm&r=g","contentUrl":"https:\/\/secure.gravatar.com\/avatar\/1e1956f1facbffd3f8fa53a326721950116b3b9dc9bd44939c01180fd4a745a9?s=96&d=mm&r=g","caption":"Equipe G\u00e1vea News"}}]}},"_links":{"self":[{"href":"https:\/\/www.gaveanews.com\/index.php\/wp-json\/wp\/v2\/posts\/49733","targetHints":{"allow":["GET"]}}],"collection":[{"href":"https:\/\/www.gaveanews.com\/index.php\/wp-json\/wp\/v2\/posts"}],"about":[{"href":"https:\/\/www.gaveanews.com\/index.php\/wp-json\/wp\/v2\/types\/post"}],"author":[{"embeddable":true,"href":"https:\/\/www.gaveanews.com\/index.php\/wp-json\/wp\/v2\/users\/1"}],"replies":[{"embeddable":true,"href":"https:\/\/www.gaveanews.com\/index.php\/wp-json\/wp\/v2\/comments?post=49733"}],"version-history":[{"count":0,"href":"https:\/\/www.gaveanews.com\/index.php\/wp-json\/wp\/v2\/posts\/49733\/revisions"}],"wp:featuredmedia":[{"embeddable":true,"href":"https:\/\/www.gaveanews.com\/index.php\/wp-json\/wp\/v2\/media\/49040"}],"wp:attachment":[{"href":"https:\/\/www.gaveanews.com\/index.php\/wp-json\/wp\/v2\/media?parent=49733"}],"wp:term":[{"taxonomy":"category","embeddable":true,"href":"https:\/\/www.gaveanews.com\/index.php\/wp-json\/wp\/v2\/categories?post=49733"},{"taxonomy":"post_tag","embeddable":true,"href":"https:\/\/www.gaveanews.com\/index.php\/wp-json\/wp\/v2\/tags?post=49733"}],"curies":[{"name":"wp","href":"https:\/\/api.w.org\/{rel}","templated":true}]}}