{"id":49755,"date":"2020-10-22T09:46:55","date_gmt":"2020-10-22T12:46:55","guid":{"rendered":"https:\/\/www.gaveanews.com\/?p=49755"},"modified":"2020-10-22T09:50:01","modified_gmt":"2020-10-22T12:50:01","slug":"flamengo-volta-a-falar-com-cbf-em-meio-a-guerra-de-bastidores-do-brasileiro","status":"publish","type":"post","link":"https:\/\/www.gaveanews.com\/index.php\/2020\/10\/22\/flamengo-volta-a-falar-com-cbf-em-meio-a-guerra-de-bastidores-do-brasileiro\/","title":{"rendered":"Flamengo volta a falar com a CBF em meio \u00e0 guerra de bastidores"},"content":{"rendered":"\n<p>Em meio a uma guerra de clubes nos bastidores do Brasileiro, o Flamengo voltou a conversar com a CBF depois de seguidos atritos entre as partes. Uma reuni\u00e3o entre os presidentes Rog\u00e9rio Caboclo e Rodolfo Landim, teve debate sobre arbitragem e sobre volta de p\u00fablico aos est\u00e1dios.<\/p>\n\n\n\n<p>A visita rubro-negra \u00e0 sede da CBF nesta ter\u00e7a-feira, divulgada pela entidade, ocorreu logo ap\u00f3s outros clubes que disputam a lideran\u00e7a do Brasileiro com o time carioca reclamarem de arbitragem. O Atl\u00e9tico-MG e S\u00e3o Paulo fizeram questionamentos recentes a decis\u00f5es de \u00e1rbitros em jogos recentes. O Internacional s\u00f3 tinha protestado pela arbitragem do Gre-Nal.<\/p>\n\n\n\n<p>A rela\u00e7\u00e3o entre Flamengo e CBF teve um estremecimento no conflito relacionado ao surto de Covid do time. A entidade n\u00e3o quis adiar um jogo com o Palmeiras. E, em reuni\u00e3o sobre volta de p\u00fablico, Caboclo afirmou que a entidade iria favorecer s\u00f3 um clube, em meio \u00e0 discuss\u00e3o com o presidente da Ferj, Rubens Lopes. Havia uma discord\u00e2ncia em rela\u00e7\u00e3o ao retorno dos torcedores.<\/p>\n\n\n\n<p>Nesta ter\u00e7a-feira, Landim falou com Caboclo sobre crit\u00e9rios de arbitragem. N\u00e3o houve at\u00e9 agora reclama\u00e7\u00f5es p\u00fablicas do Flamengo sobre lances de arbitragem, nem of\u00edcios \u00e0 CBF.<\/p>\n\n\n\n<p>Al\u00e9m disso, outro ponto abordado foi a quest\u00e3o da volta de p\u00fablico aos est\u00e1dios. A reuni\u00e3o da \u00faltima sexta-feira entre os clubes deixou sob suspenso qualquer retorno at\u00e9 o pr\u00f3ximo encontro daqui a duas semanas. H\u00e1 s\u00f3 uma determina\u00e7\u00e3o de que a volta tem que ser com isonomia com direito para todos os clubes.<\/p>\n\n\n\n<p>A diretoria do Flamengo, no entanto, esperava ter pelo menos uma perspectiva de retorno e crit\u00e9rios mais definidos como percentual de p\u00fablico permitido. H\u00e1 um otimismo de que, depois da elei\u00e7\u00e3o, o retorno de p\u00fablico possa ter um andamento com os governos.<\/p>\n\n\n\n<p>Apesar da conversa, dirigentes do Flamengo continuam insatisfeitos com o que consideram um tratamento que os prejudicou dentro da CBF. Na reuni\u00e3o da \u00faltima sexta-feira, entre clubes, foi aprovado o aumento de inscri\u00e7\u00f5es para o Brasileiro de 40 para 50 jogadores. A agremia\u00e7\u00e3o rubro-negra foi contra alegando que, quando seu time teve um surto de Covid, n\u00e3o pode se utilizar desse aumento de inscri\u00e7\u00f5es e agora outras equipes teriam essa possibilidade. No entendimento rubro-negro, n\u00e3o deveria haver mudan\u00e7a de regra no meio do campeonato se n\u00e3o fosse por unanimidade.<\/p>\n\n\n\n<p>Entre alguns clubes, houve desconforto com o Flamengo por essa oposi\u00e7\u00e3o. Mas, desta vez, o clube n\u00e3o esteve isolado: a vota\u00e7\u00e3o foi por 8 x 12 em favor do aumento de inscri\u00e7\u00f5es.<\/p>\n\n\n\n<p>Na briga de bastidores do Brasileiro, o Atl\u00e9tico-MG enviar\u00e1 a sua terceira representa\u00e7\u00e3o com reclama\u00e7\u00e3o de arbitragem neste Brasileiro. Questiona desta vez um suposto p\u00eanalti n\u00e3o marcado diante do Bahia. O vice-presidente clube, Lasaro C\u00e2ndido, chegou a dizer que o chefe de arbitragem, Leonardo Gaciba, n\u00e3o tinha condi\u00e7\u00f5es morais de continuar declara\u00e7\u00e3o no Twitter. O clube sente-se pouco ouvido em suas reclama\u00e7\u00f5es \u00e0 CBF.<\/p>\n\n\n\n<p>Enquanto isso, Gr\u00eamio e S\u00e3o Paulo entraram com a\u00e7\u00f5es pedindo anula\u00e7\u00f5es de jogos no STJD mesmo que os supostos erros de arbitragem n\u00e3o tenham sido de direito (aplica\u00e7\u00e3o de regra). Foram a\u00e7\u00f5es recha\u00e7adas pelo tribunal.<\/p>\n\n\n\n<p>Por enquanto, a CBF v\u00ea os movimentos dos clubes como a press\u00e3o normal para este momento do Brasileiro, como ocorre todo o ano. Gaciba, no entanto, ficou desgastado com as reclama\u00e7\u00f5es dos clubes e com o erro de escala que cometeu no jogo com o S\u00e3o Paulo x Gr\u00eamio, o que gerou boa parte da press\u00e3o sobre a entidade. Neste cen\u00e1rio de disputa, o Flamengo moveu uma pe\u00e7a no tabuleiro.<\/p>\n\n\n\n<p>Retirado de: Rodrigo Mattos\/UOL<\/p>\n","protected":false},"excerpt":{"rendered":"<p>Em meio a uma guerra de clubes nos bastidores do Brasileiro, o Flamengo voltou a conversar com a CBF depois de seguidos atritos entre as partes. Uma reuni\u00e3o entre os presidentes Rog\u00e9rio Caboclo e Rodolfo Landim, teve debate sobre arbitragem e sobre volta de p\u00fablico aos est\u00e1dios. A visita rubro-negra \u00e0 sede da CBF nesta [&hellip;]<\/p>\n","protected":false},"author":1,"featured_media":15077,"comment_status":"open","ping_status":"closed","sticky":false,"template":"","format":"standard","meta":{"footnotes":""},"categories":[1],"tags":[],"class_list":["post-49755","post","type-post","status-publish","format-standard","has-post-thumbnail","hentry","category-flamengo"],"yoast_head":"<!-- This site is optimized with the Yoast SEO Premium plugin v24.2 (Yoast SEO v26.9) - https:\/\/yoast.com\/product\/yoast-seo-premium-wordpress\/ -->\n<title>Flamengo volta a falar com a CBF em meio \u00e0 guerra de bastidores<\/title>\n<meta name=\"description\" content=\"Em meio a uma guerra de clubes nos bastidores do Brasileiro, o Flamengo voltou a conversar com a CBF depois de seguidos atritos.\" \/>\n<meta name=\"robots\" content=\"index, follow, max-snippet:-1, max-image-preview:large, max-video-preview:-1\" \/>\n<link rel=\"canonical\" href=\"https:\/\/www.gaveanews.com\/index.php\/2020\/10\/22\/flamengo-volta-a-falar-com-cbf-em-meio-a-guerra-de-bastidores-do-brasileiro\/\" \/>\n<meta property=\"og:locale\" content=\"pt_BR\" \/>\n<meta property=\"og:type\" content=\"article\" \/>\n<meta property=\"og:title\" content=\"Flamengo volta a falar com a CBF em meio \u00e0 guerra de bastidores\" \/>\n<meta property=\"og:description\" content=\"Em meio a uma guerra de clubes nos bastidores do Brasileiro, o Flamengo voltou a conversar com a CBF depois de seguidos atritos.\" \/>\n<meta property=\"og:url\" content=\"https:\/\/www.gaveanews.com\/index.php\/2020\/10\/22\/flamengo-volta-a-falar-com-cbf-em-meio-a-guerra-de-bastidores-do-brasileiro\/\" \/>\n<meta property=\"og:site_name\" content=\"G\u00e1vea News\" \/>\n<meta property=\"article:publisher\" content=\"https:\/\/facebook.com\/gaveaNews\/\" \/>\n<meta property=\"article:published_time\" content=\"2020-10-22T12:46:55+00:00\" \/>\n<meta property=\"article:modified_time\" content=\"2020-10-22T12:50:01+00:00\" \/>\n<meta property=\"og:image\" content=\"https:\/\/www.gaveanews.com\/wp-content\/uploads\/2019\/03\/Rodolfo-Landim-durante-entrevista-coletiva-na-Gavea.webp\" \/>\n\t<meta property=\"og:image:width\" content=\"1\" \/>\n\t<meta property=\"og:image:height\" content=\"1\" \/>\n\t<meta property=\"og:image:type\" content=\"image\/jpeg\" \/>\n<meta name=\"author\" content=\"Equipe G\u00e1vea News\" \/>\n<meta name=\"twitter:card\" content=\"summary_large_image\" \/>\n<meta name=\"twitter:label1\" content=\"Escrito por\" \/>\n\t<meta name=\"twitter:data1\" content=\"Equipe G\u00e1vea News\" \/>\n\t<meta name=\"twitter:label2\" content=\"Est. tempo de leitura\" \/>\n\t<meta name=\"twitter:data2\" content=\"3 minutos\" \/>\n<script type=\"application\/ld+json\" class=\"yoast-schema-graph\">{\"@context\":\"https:\/\/schema.org\",\"@graph\":[{\"@type\":\"NewsArticle\",\"@id\":\"https:\/\/www.gaveanews.com\/index.php\/2020\/10\/22\/flamengo-volta-a-falar-com-cbf-em-meio-a-guerra-de-bastidores-do-brasileiro\/#article\",\"isPartOf\":{\"@id\":\"https:\/\/www.gaveanews.com\/index.php\/2020\/10\/22\/flamengo-volta-a-falar-com-cbf-em-meio-a-guerra-de-bastidores-do-brasileiro\/\"},\"author\":{\"name\":\"Equipe G\u00e1vea News\",\"@id\":\"https:\/\/www.gaveanews.com\/#\/schema\/person\/2ec14f73fb96be2caf28f91afb14749d\"},\"headline\":\"Flamengo volta a falar com a CBF em meio \u00e0 guerra de bastidores\",\"datePublished\":\"2020-10-22T12:46:55+00:00\",\"dateModified\":\"2020-10-22T12:50:01+00:00\",\"mainEntityOfPage\":{\"@id\":\"https:\/\/www.gaveanews.com\/index.php\/2020\/10\/22\/flamengo-volta-a-falar-com-cbf-em-meio-a-guerra-de-bastidores-do-brasileiro\/\"},\"wordCount\":658,\"commentCount\":1,\"image\":{\"@id\":\"https:\/\/www.gaveanews.com\/index.php\/2020\/10\/22\/flamengo-volta-a-falar-com-cbf-em-meio-a-guerra-de-bastidores-do-brasileiro\/#primaryimage\"},\"thumbnailUrl\":\"https:\/\/www.gaveanews.com\/wp-content\/uploads\/2019\/03\/Rodolfo-Landim-durante-entrevista-coletiva-na-Gavea.webp\",\"articleSection\":[\"Flamengo\"],\"inLanguage\":\"pt-BR\",\"potentialAction\":[{\"@type\":\"CommentAction\",\"name\":\"Comment\",\"target\":[\"https:\/\/www.gaveanews.com\/index.php\/2020\/10\/22\/flamengo-volta-a-falar-com-cbf-em-meio-a-guerra-de-bastidores-do-brasileiro\/#respond\"]}],\"copyrightYear\":\"2020\",\"copyrightHolder\":{\"@id\":\"https:\/\/www.gaveanews.com\/#organization\"}},{\"@type\":\"WebPage\",\"@id\":\"https:\/\/www.gaveanews.com\/index.php\/2020\/10\/22\/flamengo-volta-a-falar-com-cbf-em-meio-a-guerra-de-bastidores-do-brasileiro\/\",\"url\":\"https:\/\/www.gaveanews.com\/index.php\/2020\/10\/22\/flamengo-volta-a-falar-com-cbf-em-meio-a-guerra-de-bastidores-do-brasileiro\/\",\"name\":\"Flamengo volta a falar com a CBF em meio \u00e0 guerra de bastidores\",\"isPartOf\":{\"@id\":\"https:\/\/www.gaveanews.com\/#website\"},\"primaryImageOfPage\":{\"@id\":\"https:\/\/www.gaveanews.com\/index.php\/2020\/10\/22\/flamengo-volta-a-falar-com-cbf-em-meio-a-guerra-de-bastidores-do-brasileiro\/#primaryimage\"},\"image\":{\"@id\":\"https:\/\/www.gaveanews.com\/index.php\/2020\/10\/22\/flamengo-volta-a-falar-com-cbf-em-meio-a-guerra-de-bastidores-do-brasileiro\/#primaryimage\"},\"thumbnailUrl\":\"https:\/\/www.gaveanews.com\/wp-content\/uploads\/2019\/03\/Rodolfo-Landim-durante-entrevista-coletiva-na-Gavea.webp\",\"datePublished\":\"2020-10-22T12:46:55+00:00\",\"dateModified\":\"2020-10-22T12:50:01+00:00\",\"author\":{\"@id\":\"https:\/\/www.gaveanews.com\/#\/schema\/person\/2ec14f73fb96be2caf28f91afb14749d\"},\"description\":\"Em meio a uma guerra de clubes nos bastidores do Brasileiro, o Flamengo voltou a conversar com a CBF depois de seguidos atritos.\",\"breadcrumb\":{\"@id\":\"https:\/\/www.gaveanews.com\/index.php\/2020\/10\/22\/flamengo-volta-a-falar-com-cbf-em-meio-a-guerra-de-bastidores-do-brasileiro\/#breadcrumb\"},\"inLanguage\":\"pt-BR\",\"potentialAction\":[{\"@type\":\"ReadAction\",\"target\":[\"https:\/\/www.gaveanews.com\/index.php\/2020\/10\/22\/flamengo-volta-a-falar-com-cbf-em-meio-a-guerra-de-bastidores-do-brasileiro\/\"]}]},{\"@type\":\"ImageObject\",\"inLanguage\":\"pt-BR\",\"@id\":\"https:\/\/www.gaveanews.com\/index.php\/2020\/10\/22\/flamengo-volta-a-falar-com-cbf-em-meio-a-guerra-de-bastidores-do-brasileiro\/#primaryimage\",\"url\":\"https:\/\/www.gaveanews.com\/wp-content\/uploads\/2019\/03\/Rodolfo-Landim-durante-entrevista-coletiva-na-Gavea.webp\",\"contentUrl\":\"https:\/\/www.gaveanews.com\/wp-content\/uploads\/2019\/03\/Rodolfo-Landim-durante-entrevista-coletiva-na-Gavea.webp\",\"width\":900,\"height\":599,\"caption\":\"Rodolfo Landim durante entrevista coletiva na G\u00e1vea (Foto: Ag\u00eancia Foto BR)\"},{\"@type\":\"BreadcrumbList\",\"@id\":\"https:\/\/www.gaveanews.com\/index.php\/2020\/10\/22\/flamengo-volta-a-falar-com-cbf-em-meio-a-guerra-de-bastidores-do-brasileiro\/#breadcrumb\",\"itemListElement\":[{\"@type\":\"ListItem\",\"position\":1,\"name\":\"Home\",\"item\":\"https:\/\/www.gaveanews.com\/\"},{\"@type\":\"ListItem\",\"position\":2,\"name\":\"Flamengo volta a falar com a CBF em meio \u00e0 guerra de bastidores\"}]},{\"@type\":\"WebSite\",\"@id\":\"https:\/\/www.gaveanews.com\/#website\",\"url\":\"https:\/\/www.gaveanews.com\/\",\"name\":\"G\u00e1vea News\",\"description\":\"Veja todas as not\u00edcias sobre o Flamengo: Contrata\u00e7\u00f5es, categorias de base, resultados das partidas, tabela de classifica\u00e7\u00e3o, pr\u00f3ximos jogos!\",\"potentialAction\":[{\"@type\":\"SearchAction\",\"target\":{\"@type\":\"EntryPoint\",\"urlTemplate\":\"https:\/\/www.gaveanews.com\/?s={search_term_string}\"},\"query-input\":{\"@type\":\"PropertyValueSpecification\",\"valueRequired\":true,\"valueName\":\"search_term_string\"}}],\"inLanguage\":\"pt-BR\"},{\"@type\":\"Person\",\"@id\":\"https:\/\/www.gaveanews.com\/#\/schema\/person\/2ec14f73fb96be2caf28f91afb14749d\",\"name\":\"Equipe G\u00e1vea News\",\"image\":{\"@type\":\"ImageObject\",\"inLanguage\":\"pt-BR\",\"@id\":\"https:\/\/www.gaveanews.com\/#\/schema\/person\/image\/\",\"url\":\"https:\/\/secure.gravatar.com\/avatar\/1e1956f1facbffd3f8fa53a326721950116b3b9dc9bd44939c01180fd4a745a9?s=96&d=mm&r=g\",\"contentUrl\":\"https:\/\/secure.gravatar.com\/avatar\/1e1956f1facbffd3f8fa53a326721950116b3b9dc9bd44939c01180fd4a745a9?s=96&d=mm&r=g\",\"caption\":\"Equipe G\u00e1vea News\"}}]}<\/script>\n<!-- \/ Yoast SEO Premium plugin. -->","yoast_head_json":{"title":"Flamengo volta a falar com a CBF em meio \u00e0 guerra de bastidores","description":"Em meio a uma guerra de clubes nos bastidores do Brasileiro, o Flamengo voltou a conversar com a CBF depois de seguidos atritos.","robots":{"index":"index","follow":"follow","max-snippet":"max-snippet:-1","max-image-preview":"max-image-preview:large","max-video-preview":"max-video-preview:-1"},"canonical":"https:\/\/www.gaveanews.com\/index.php\/2020\/10\/22\/flamengo-volta-a-falar-com-cbf-em-meio-a-guerra-de-bastidores-do-brasileiro\/","og_locale":"pt_BR","og_type":"article","og_title":"Flamengo volta a falar com a CBF em meio \u00e0 guerra de bastidores","og_description":"Em meio a uma guerra de clubes nos bastidores do Brasileiro, o Flamengo voltou a conversar com a CBF depois de seguidos atritos.","og_url":"https:\/\/www.gaveanews.com\/index.php\/2020\/10\/22\/flamengo-volta-a-falar-com-cbf-em-meio-a-guerra-de-bastidores-do-brasileiro\/","og_site_name":"G\u00e1vea News","article_publisher":"https:\/\/facebook.com\/gaveaNews\/","article_published_time":"2020-10-22T12:46:55+00:00","article_modified_time":"2020-10-22T12:50:01+00:00","og_image":[{"url":"https:\/\/www.gaveanews.com\/wp-content\/uploads\/2019\/03\/Rodolfo-Landim-durante-entrevista-coletiva-na-Gavea.webp","width":1,"height":1,"type":"image\/jpeg"}],"author":"Equipe G\u00e1vea News","twitter_card":"summary_large_image","twitter_misc":{"Escrito por":"Equipe G\u00e1vea News","Est. tempo de leitura":"3 minutos"},"schema":{"@context":"https:\/\/schema.org","@graph":[{"@type":"NewsArticle","@id":"https:\/\/www.gaveanews.com\/index.php\/2020\/10\/22\/flamengo-volta-a-falar-com-cbf-em-meio-a-guerra-de-bastidores-do-brasileiro\/#article","isPartOf":{"@id":"https:\/\/www.gaveanews.com\/index.php\/2020\/10\/22\/flamengo-volta-a-falar-com-cbf-em-meio-a-guerra-de-bastidores-do-brasileiro\/"},"author":{"name":"Equipe G\u00e1vea News","@id":"https:\/\/www.gaveanews.com\/#\/schema\/person\/2ec14f73fb96be2caf28f91afb14749d"},"headline":"Flamengo volta a falar com a CBF em meio \u00e0 guerra de bastidores","datePublished":"2020-10-22T12:46:55+00:00","dateModified":"2020-10-22T12:50:01+00:00","mainEntityOfPage":{"@id":"https:\/\/www.gaveanews.com\/index.php\/2020\/10\/22\/flamengo-volta-a-falar-com-cbf-em-meio-a-guerra-de-bastidores-do-brasileiro\/"},"wordCount":658,"commentCount":1,"image":{"@id":"https:\/\/www.gaveanews.com\/index.php\/2020\/10\/22\/flamengo-volta-a-falar-com-cbf-em-meio-a-guerra-de-bastidores-do-brasileiro\/#primaryimage"},"thumbnailUrl":"https:\/\/www.gaveanews.com\/wp-content\/uploads\/2019\/03\/Rodolfo-Landim-durante-entrevista-coletiva-na-Gavea.webp","articleSection":["Flamengo"],"inLanguage":"pt-BR","potentialAction":[{"@type":"CommentAction","name":"Comment","target":["https:\/\/www.gaveanews.com\/index.php\/2020\/10\/22\/flamengo-volta-a-falar-com-cbf-em-meio-a-guerra-de-bastidores-do-brasileiro\/#respond"]}],"copyrightYear":"2020","copyrightHolder":{"@id":"https:\/\/www.gaveanews.com\/#organization"}},{"@type":"WebPage","@id":"https:\/\/www.gaveanews.com\/index.php\/2020\/10\/22\/flamengo-volta-a-falar-com-cbf-em-meio-a-guerra-de-bastidores-do-brasileiro\/","url":"https:\/\/www.gaveanews.com\/index.php\/2020\/10\/22\/flamengo-volta-a-falar-com-cbf-em-meio-a-guerra-de-bastidores-do-brasileiro\/","name":"Flamengo volta a falar com a CBF em meio \u00e0 guerra de bastidores","isPartOf":{"@id":"https:\/\/www.gaveanews.com\/#website"},"primaryImageOfPage":{"@id":"https:\/\/www.gaveanews.com\/index.php\/2020\/10\/22\/flamengo-volta-a-falar-com-cbf-em-meio-a-guerra-de-bastidores-do-brasileiro\/#primaryimage"},"image":{"@id":"https:\/\/www.gaveanews.com\/index.php\/2020\/10\/22\/flamengo-volta-a-falar-com-cbf-em-meio-a-guerra-de-bastidores-do-brasileiro\/#primaryimage"},"thumbnailUrl":"https:\/\/www.gaveanews.com\/wp-content\/uploads\/2019\/03\/Rodolfo-Landim-durante-entrevista-coletiva-na-Gavea.webp","datePublished":"2020-10-22T12:46:55+00:00","dateModified":"2020-10-22T12:50:01+00:00","author":{"@id":"https:\/\/www.gaveanews.com\/#\/schema\/person\/2ec14f73fb96be2caf28f91afb14749d"},"description":"Em meio a uma guerra de clubes nos bastidores do Brasileiro, o Flamengo voltou a conversar com a CBF depois de seguidos atritos.","breadcrumb":{"@id":"https:\/\/www.gaveanews.com\/index.php\/2020\/10\/22\/flamengo-volta-a-falar-com-cbf-em-meio-a-guerra-de-bastidores-do-brasileiro\/#breadcrumb"},"inLanguage":"pt-BR","potentialAction":[{"@type":"ReadAction","target":["https:\/\/www.gaveanews.com\/index.php\/2020\/10\/22\/flamengo-volta-a-falar-com-cbf-em-meio-a-guerra-de-bastidores-do-brasileiro\/"]}]},{"@type":"ImageObject","inLanguage":"pt-BR","@id":"https:\/\/www.gaveanews.com\/index.php\/2020\/10\/22\/flamengo-volta-a-falar-com-cbf-em-meio-a-guerra-de-bastidores-do-brasileiro\/#primaryimage","url":"https:\/\/www.gaveanews.com\/wp-content\/uploads\/2019\/03\/Rodolfo-Landim-durante-entrevista-coletiva-na-Gavea.webp","contentUrl":"https:\/\/www.gaveanews.com\/wp-content\/uploads\/2019\/03\/Rodolfo-Landim-durante-entrevista-coletiva-na-Gavea.webp","width":900,"height":599,"caption":"Rodolfo Landim durante entrevista coletiva na G\u00e1vea (Foto: Ag\u00eancia Foto BR)"},{"@type":"BreadcrumbList","@id":"https:\/\/www.gaveanews.com\/index.php\/2020\/10\/22\/flamengo-volta-a-falar-com-cbf-em-meio-a-guerra-de-bastidores-do-brasileiro\/#breadcrumb","itemListElement":[{"@type":"ListItem","position":1,"name":"Home","item":"https:\/\/www.gaveanews.com\/"},{"@type":"ListItem","position":2,"name":"Flamengo volta a falar com a CBF em meio \u00e0 guerra de bastidores"}]},{"@type":"WebSite","@id":"https:\/\/www.gaveanews.com\/#website","url":"https:\/\/www.gaveanews.com\/","name":"G\u00e1vea News","description":"Veja todas as not\u00edcias sobre o Flamengo: Contrata\u00e7\u00f5es, categorias de base, resultados das partidas, tabela de classifica\u00e7\u00e3o, pr\u00f3ximos jogos!","potentialAction":[{"@type":"SearchAction","target":{"@type":"EntryPoint","urlTemplate":"https:\/\/www.gaveanews.com\/?s={search_term_string}"},"query-input":{"@type":"PropertyValueSpecification","valueRequired":true,"valueName":"search_term_string"}}],"inLanguage":"pt-BR"},{"@type":"Person","@id":"https:\/\/www.gaveanews.com\/#\/schema\/person\/2ec14f73fb96be2caf28f91afb14749d","name":"Equipe G\u00e1vea News","image":{"@type":"ImageObject","inLanguage":"pt-BR","@id":"https:\/\/www.gaveanews.com\/#\/schema\/person\/image\/","url":"https:\/\/secure.gravatar.com\/avatar\/1e1956f1facbffd3f8fa53a326721950116b3b9dc9bd44939c01180fd4a745a9?s=96&d=mm&r=g","contentUrl":"https:\/\/secure.gravatar.com\/avatar\/1e1956f1facbffd3f8fa53a326721950116b3b9dc9bd44939c01180fd4a745a9?s=96&d=mm&r=g","caption":"Equipe G\u00e1vea News"}}]}},"_links":{"self":[{"href":"https:\/\/www.gaveanews.com\/index.php\/wp-json\/wp\/v2\/posts\/49755","targetHints":{"allow":["GET"]}}],"collection":[{"href":"https:\/\/www.gaveanews.com\/index.php\/wp-json\/wp\/v2\/posts"}],"about":[{"href":"https:\/\/www.gaveanews.com\/index.php\/wp-json\/wp\/v2\/types\/post"}],"author":[{"embeddable":true,"href":"https:\/\/www.gaveanews.com\/index.php\/wp-json\/wp\/v2\/users\/1"}],"replies":[{"embeddable":true,"href":"https:\/\/www.gaveanews.com\/index.php\/wp-json\/wp\/v2\/comments?post=49755"}],"version-history":[{"count":0,"href":"https:\/\/www.gaveanews.com\/index.php\/wp-json\/wp\/v2\/posts\/49755\/revisions"}],"wp:featuredmedia":[{"embeddable":true,"href":"https:\/\/www.gaveanews.com\/index.php\/wp-json\/wp\/v2\/media\/15077"}],"wp:attachment":[{"href":"https:\/\/www.gaveanews.com\/index.php\/wp-json\/wp\/v2\/media?parent=49755"}],"wp:term":[{"taxonomy":"category","embeddable":true,"href":"https:\/\/www.gaveanews.com\/index.php\/wp-json\/wp\/v2\/categories?post=49755"},{"taxonomy":"post_tag","embeddable":true,"href":"https:\/\/www.gaveanews.com\/index.php\/wp-json\/wp\/v2\/tags?post=49755"}],"curies":[{"name":"wp","href":"https:\/\/api.w.org\/{rel}","templated":true}]}}