{"id":49778,"date":"2020-10-22T12:39:32","date_gmt":"2020-10-22T15:39:32","guid":{"rendered":"https:\/\/www.gaveanews.com\/?p=49778"},"modified":"2020-10-22T12:39:35","modified_gmt":"2020-10-22T15:39:35","slug":"ex-flamengo-jorge-jesus-volta-ao-tribunal-em-portugal","status":"publish","type":"post","link":"https:\/\/www.gaveanews.com\/index.php\/2020\/10\/22\/ex-flamengo-jorge-jesus-volta-ao-tribunal-em-portugal\/","title":{"rendered":"Ex-Flamengo, Jorge Jesus volta ao tribunal em Portugal"},"content":{"rendered":"\n<p>A manh\u00e3 da \u00faltima ter\u00e7a-feira foi diferente para Jorge Jesus em Portugal. Nada de treino no Benfica. O treinador teve que, mais uma vez, se apresentar diante de um tribunal, desta vez para ser ouvido sobre o caso conhecido como \u201cFootball Leaks\u201d.<\/p>\n\n\n\n<p>Jesus, que em janeiro j\u00e1 havia se apresentado diante de uma corte, para falar sobre a invas\u00e3o de torcedores ao CT do Sporting, quando era t\u00e9cnico do time, foi ouvido desta vez depois de ter sido um dos alvos do hacker Rui Pinto.<\/p>\n\n\n\n<p>Em setembro de 2015, o Mister teve seu contrato com o Sporting vazado pelo \u201cFootball Leaks\u201d, com a revela\u00e7\u00e3o de que seus ganhos seriam um recorde no pa\u00eds europeu: 5 milh\u00f5es de euros (R$ 33 milh\u00f5es hoje) por temporada, al\u00e9m de pr\u00eamios.<\/p>\n\n\n\n<p>&#8220;Os contratos dos treinadores n\u00e3o s\u00e3o sigilosos, soube que o meu contrato com Sporting se tornou p\u00fablico, mas isso n\u00e3o me perturba\u201d, disse Jesus. \u201cN\u00e3o liguei para isso. A mim, n\u00e3o criou instabilidade nenhuma\u201d, completou.<\/p>\n\n\n\n<p>Se a divulga\u00e7\u00e3o do contrato n\u00e3o incomodou Jesus, algumas perguntas nesta ter\u00e7a, sim. \u201cSe quer que lhe diga nem sei o que estou fazendo aqui no tribunal. Mas \u00e9 obrigat\u00f3rio, n\u00e3o \u00e9?\u201d, disparou ele, em um depoimento de pouco mais de 15 minutos.<\/p>\n\n\n\n<p>Outa quest\u00e3o que irritou Jesus foi ter de responder mais de uma vez sobre Budapeste, na Hungria, onde Rui Pinto morava. \u201cMas eu n\u00e3o falo portugu\u00eas?! J\u00e1 disse que s\u00f3 estive em Budapeste uma vez, aos 19 anos, quando fui l\u00e1 jogar.\u201d<\/p>\n\n\n\n<p>Jesus ainda se confundiu ao responder sobre o per\u00edodo em que treinou o Sporting, citando os anos entre 2014 e 2016, quando, na verdade, o comandou entre 2015 e 2018. Ele garantiu que em todo per\u00edodo, por\u00e9m, nunca usou o e-mail do clube.<\/p>\n\n\n\n<p>\u201cNem sabia que tinha conta de e-mail no Sporting. N\u00e3o sei se o Sporting me criou essa conta. Se o fez, eu n\u00e3o tinha conhecimento\u201d, disse o Mister. \u201cSe eu usei (a conta de e-mail)? N\u00e3o, nem no Benfica, nem no Sporting\u201d, acrescentou.<\/p>\n\n\n\n<p>Rui Pinto, criador do site \u201cFootball Leaks\u201d, responde por um total de 90 crimes em Portugal: al\u00e9m de infra\u00e7\u00f5es cibern\u00e9ticas, tamb\u00e9m por tentativa de extors\u00e3o, em den\u00fancia feita pelo fundo de investimentos \u201cDoyen Sports\u201d.<\/p>\n\n\n\n<p>Retirado de: ESPN<\/p>\n","protected":false},"excerpt":{"rendered":"<p>A manh\u00e3 da \u00faltima ter\u00e7a-feira foi diferente para Jorge Jesus em Portugal. Nada de treino no Benfica. O treinador teve que, mais uma vez, se apresentar diante de um tribunal, desta vez para ser ouvido sobre o caso conhecido como \u201cFootball Leaks\u201d. Jesus, que em janeiro j\u00e1 havia se apresentado diante de uma corte, para [&hellip;]<\/p>\n","protected":false},"author":1,"featured_media":35656,"comment_status":"open","ping_status":"closed","sticky":false,"template":"","format":"standard","meta":{"footnotes":""},"categories":[47],"tags":[],"class_list":["post-49778","post","type-post","status-publish","format-standard","has-post-thumbnail","hentry","category-destaques"],"yoast_head":"<!-- This site is optimized with the Yoast SEO Premium plugin v24.2 (Yoast SEO v26.9) - https:\/\/yoast.com\/product\/yoast-seo-premium-wordpress\/ -->\n<title>Ex-Flamengo, Jorge Jesus volta ao tribunal em Portugal<\/title>\n<meta name=\"description\" content=\"Jesus teve que, mais uma vez, se apresentar diante de um tribunal, desta vez para ser ouvido sobre o caso conhecido como \u201cFootball Leaks\u201d.\" \/>\n<meta name=\"robots\" content=\"index, follow, max-snippet:-1, max-image-preview:large, max-video-preview:-1\" \/>\n<link rel=\"canonical\" href=\"https:\/\/www.gaveanews.com\/index.php\/2020\/10\/22\/ex-flamengo-jorge-jesus-volta-ao-tribunal-em-portugal\/\" \/>\n<meta property=\"og:locale\" content=\"pt_BR\" \/>\n<meta property=\"og:type\" content=\"article\" \/>\n<meta property=\"og:title\" content=\"Ex-Flamengo, Jorge Jesus volta ao tribunal em Portugal\" \/>\n<meta property=\"og:description\" content=\"Jesus teve que, mais uma vez, se apresentar diante de um tribunal, desta vez para ser ouvido sobre o caso conhecido como \u201cFootball Leaks\u201d.\" \/>\n<meta property=\"og:url\" content=\"https:\/\/www.gaveanews.com\/index.php\/2020\/10\/22\/ex-flamengo-jorge-jesus-volta-ao-tribunal-em-portugal\/\" \/>\n<meta property=\"og:site_name\" content=\"G\u00e1vea News\" \/>\n<meta property=\"article:publisher\" content=\"https:\/\/facebook.com\/gaveaNews\/\" \/>\n<meta property=\"article:published_time\" content=\"2020-10-22T15:39:32+00:00\" \/>\n<meta property=\"article:modified_time\" content=\"2020-10-22T15:39:35+00:00\" \/>\n<meta property=\"og:image\" content=\"https:\/\/www.gaveanews.com\/wp-content\/uploads\/xJESUS-FLAMENGO-RIO.jpg.pagespeed.ic_.LEzT0Ga02q.webp\" \/>\n\t<meta property=\"og:image:width\" content=\"1086\" \/>\n\t<meta property=\"og:image:height\" content=\"652\" \/>\n\t<meta property=\"og:image:type\" content=\"image\/jpeg\" \/>\n<meta name=\"author\" content=\"Equipe G\u00e1vea News\" \/>\n<meta name=\"twitter:card\" content=\"summary_large_image\" \/>\n<meta name=\"twitter:label1\" content=\"Escrito por\" \/>\n\t<meta name=\"twitter:data1\" content=\"Equipe G\u00e1vea News\" \/>\n\t<meta name=\"twitter:label2\" content=\"Est. tempo de leitura\" \/>\n\t<meta name=\"twitter:data2\" content=\"2 minutos\" \/>\n<script type=\"application\/ld+json\" class=\"yoast-schema-graph\">{\"@context\":\"https:\/\/schema.org\",\"@graph\":[{\"@type\":\"NewsArticle\",\"@id\":\"https:\/\/www.gaveanews.com\/index.php\/2020\/10\/22\/ex-flamengo-jorge-jesus-volta-ao-tribunal-em-portugal\/#article\",\"isPartOf\":{\"@id\":\"https:\/\/www.gaveanews.com\/index.php\/2020\/10\/22\/ex-flamengo-jorge-jesus-volta-ao-tribunal-em-portugal\/\"},\"author\":{\"name\":\"Equipe G\u00e1vea News\",\"@id\":\"https:\/\/www.gaveanews.com\/#\/schema\/person\/2ec14f73fb96be2caf28f91afb14749d\"},\"headline\":\"Ex-Flamengo, Jorge Jesus volta ao tribunal em Portugal\",\"datePublished\":\"2020-10-22T15:39:32+00:00\",\"dateModified\":\"2020-10-22T15:39:35+00:00\",\"mainEntityOfPage\":{\"@id\":\"https:\/\/www.gaveanews.com\/index.php\/2020\/10\/22\/ex-flamengo-jorge-jesus-volta-ao-tribunal-em-portugal\/\"},\"wordCount\":401,\"commentCount\":1,\"image\":{\"@id\":\"https:\/\/www.gaveanews.com\/index.php\/2020\/10\/22\/ex-flamengo-jorge-jesus-volta-ao-tribunal-em-portugal\/#primaryimage\"},\"thumbnailUrl\":\"https:\/\/www.gaveanews.com\/wp-content\/uploads\/xJESUS-FLAMENGO-RIO.webp.pagespeed.ic_.LEzT0Ga02q.webp\",\"articleSection\":[\"Destaques\"],\"inLanguage\":\"pt-BR\",\"potentialAction\":[{\"@type\":\"CommentAction\",\"name\":\"Comment\",\"target\":[\"https:\/\/www.gaveanews.com\/index.php\/2020\/10\/22\/ex-flamengo-jorge-jesus-volta-ao-tribunal-em-portugal\/#respond\"]}],\"copyrightYear\":\"2020\",\"copyrightHolder\":{\"@id\":\"https:\/\/www.gaveanews.com\/#organization\"}},{\"@type\":\"WebPage\",\"@id\":\"https:\/\/www.gaveanews.com\/index.php\/2020\/10\/22\/ex-flamengo-jorge-jesus-volta-ao-tribunal-em-portugal\/\",\"url\":\"https:\/\/www.gaveanews.com\/index.php\/2020\/10\/22\/ex-flamengo-jorge-jesus-volta-ao-tribunal-em-portugal\/\",\"name\":\"Ex-Flamengo, Jorge Jesus volta ao tribunal em Portugal\",\"isPartOf\":{\"@id\":\"https:\/\/www.gaveanews.com\/#website\"},\"primaryImageOfPage\":{\"@id\":\"https:\/\/www.gaveanews.com\/index.php\/2020\/10\/22\/ex-flamengo-jorge-jesus-volta-ao-tribunal-em-portugal\/#primaryimage\"},\"image\":{\"@id\":\"https:\/\/www.gaveanews.com\/index.php\/2020\/10\/22\/ex-flamengo-jorge-jesus-volta-ao-tribunal-em-portugal\/#primaryimage\"},\"thumbnailUrl\":\"https:\/\/www.gaveanews.com\/wp-content\/uploads\/xJESUS-FLAMENGO-RIO.webp.pagespeed.ic_.LEzT0Ga02q.webp\",\"datePublished\":\"2020-10-22T15:39:32+00:00\",\"dateModified\":\"2020-10-22T15:39:35+00:00\",\"author\":{\"@id\":\"https:\/\/www.gaveanews.com\/#\/schema\/person\/2ec14f73fb96be2caf28f91afb14749d\"},\"description\":\"Jesus teve que, mais uma vez, se apresentar diante de um tribunal, desta vez para ser ouvido sobre o caso conhecido como \u201cFootball Leaks\u201d.\",\"breadcrumb\":{\"@id\":\"https:\/\/www.gaveanews.com\/index.php\/2020\/10\/22\/ex-flamengo-jorge-jesus-volta-ao-tribunal-em-portugal\/#breadcrumb\"},\"inLanguage\":\"pt-BR\",\"potentialAction\":[{\"@type\":\"ReadAction\",\"target\":[\"https:\/\/www.gaveanews.com\/index.php\/2020\/10\/22\/ex-flamengo-jorge-jesus-volta-ao-tribunal-em-portugal\/\"]}]},{\"@type\":\"ImageObject\",\"inLanguage\":\"pt-BR\",\"@id\":\"https:\/\/www.gaveanews.com\/index.php\/2020\/10\/22\/ex-flamengo-jorge-jesus-volta-ao-tribunal-em-portugal\/#primaryimage\",\"url\":\"https:\/\/www.gaveanews.com\/wp-content\/uploads\/xJESUS-FLAMENGO-RIO.webp.pagespeed.ic_.LEzT0Ga02q.webp\",\"contentUrl\":\"https:\/\/www.gaveanews.com\/wp-content\/uploads\/xJESUS-FLAMENGO-RIO.webp.pagespeed.ic_.LEzT0Ga02q.webp\",\"width\":1086,\"height\":652},{\"@type\":\"BreadcrumbList\",\"@id\":\"https:\/\/www.gaveanews.com\/index.php\/2020\/10\/22\/ex-flamengo-jorge-jesus-volta-ao-tribunal-em-portugal\/#breadcrumb\",\"itemListElement\":[{\"@type\":\"ListItem\",\"position\":1,\"name\":\"Home\",\"item\":\"https:\/\/www.gaveanews.com\/\"},{\"@type\":\"ListItem\",\"position\":2,\"name\":\"Ex-Flamengo, Jorge Jesus volta ao tribunal em Portugal\"}]},{\"@type\":\"WebSite\",\"@id\":\"https:\/\/www.gaveanews.com\/#website\",\"url\":\"https:\/\/www.gaveanews.com\/\",\"name\":\"G\u00e1vea News\",\"description\":\"Veja todas as not\u00edcias sobre o Flamengo: Contrata\u00e7\u00f5es, categorias de base, resultados das partidas, tabela de classifica\u00e7\u00e3o, pr\u00f3ximos jogos!\",\"potentialAction\":[{\"@type\":\"SearchAction\",\"target\":{\"@type\":\"EntryPoint\",\"urlTemplate\":\"https:\/\/www.gaveanews.com\/?s={search_term_string}\"},\"query-input\":{\"@type\":\"PropertyValueSpecification\",\"valueRequired\":true,\"valueName\":\"search_term_string\"}}],\"inLanguage\":\"pt-BR\"},{\"@type\":\"Person\",\"@id\":\"https:\/\/www.gaveanews.com\/#\/schema\/person\/2ec14f73fb96be2caf28f91afb14749d\",\"name\":\"Equipe G\u00e1vea News\",\"image\":{\"@type\":\"ImageObject\",\"inLanguage\":\"pt-BR\",\"@id\":\"https:\/\/www.gaveanews.com\/#\/schema\/person\/image\/\",\"url\":\"https:\/\/secure.gravatar.com\/avatar\/1e1956f1facbffd3f8fa53a326721950116b3b9dc9bd44939c01180fd4a745a9?s=96&d=mm&r=g\",\"contentUrl\":\"https:\/\/secure.gravatar.com\/avatar\/1e1956f1facbffd3f8fa53a326721950116b3b9dc9bd44939c01180fd4a745a9?s=96&d=mm&r=g\",\"caption\":\"Equipe G\u00e1vea News\"}}]}<\/script>\n<!-- \/ Yoast SEO Premium plugin. -->","yoast_head_json":{"title":"Ex-Flamengo, Jorge Jesus volta ao tribunal em Portugal","description":"Jesus teve que, mais uma vez, se apresentar diante de um tribunal, desta vez para ser ouvido sobre o caso conhecido como \u201cFootball Leaks\u201d.","robots":{"index":"index","follow":"follow","max-snippet":"max-snippet:-1","max-image-preview":"max-image-preview:large","max-video-preview":"max-video-preview:-1"},"canonical":"https:\/\/www.gaveanews.com\/index.php\/2020\/10\/22\/ex-flamengo-jorge-jesus-volta-ao-tribunal-em-portugal\/","og_locale":"pt_BR","og_type":"article","og_title":"Ex-Flamengo, Jorge Jesus volta ao tribunal em Portugal","og_description":"Jesus teve que, mais uma vez, se apresentar diante de um tribunal, desta vez para ser ouvido sobre o caso conhecido como \u201cFootball Leaks\u201d.","og_url":"https:\/\/www.gaveanews.com\/index.php\/2020\/10\/22\/ex-flamengo-jorge-jesus-volta-ao-tribunal-em-portugal\/","og_site_name":"G\u00e1vea News","article_publisher":"https:\/\/facebook.com\/gaveaNews\/","article_published_time":"2020-10-22T15:39:32+00:00","article_modified_time":"2020-10-22T15:39:35+00:00","og_image":[{"width":1086,"height":652,"url":"https:\/\/www.gaveanews.com\/wp-content\/uploads\/xJESUS-FLAMENGO-RIO.jpg.pagespeed.ic_.LEzT0Ga02q.webp","type":"image\/jpeg"}],"author":"Equipe G\u00e1vea News","twitter_card":"summary_large_image","twitter_misc":{"Escrito por":"Equipe G\u00e1vea News","Est. tempo de leitura":"2 minutos"},"schema":{"@context":"https:\/\/schema.org","@graph":[{"@type":"NewsArticle","@id":"https:\/\/www.gaveanews.com\/index.php\/2020\/10\/22\/ex-flamengo-jorge-jesus-volta-ao-tribunal-em-portugal\/#article","isPartOf":{"@id":"https:\/\/www.gaveanews.com\/index.php\/2020\/10\/22\/ex-flamengo-jorge-jesus-volta-ao-tribunal-em-portugal\/"},"author":{"name":"Equipe G\u00e1vea News","@id":"https:\/\/www.gaveanews.com\/#\/schema\/person\/2ec14f73fb96be2caf28f91afb14749d"},"headline":"Ex-Flamengo, Jorge Jesus volta ao tribunal em Portugal","datePublished":"2020-10-22T15:39:32+00:00","dateModified":"2020-10-22T15:39:35+00:00","mainEntityOfPage":{"@id":"https:\/\/www.gaveanews.com\/index.php\/2020\/10\/22\/ex-flamengo-jorge-jesus-volta-ao-tribunal-em-portugal\/"},"wordCount":401,"commentCount":1,"image":{"@id":"https:\/\/www.gaveanews.com\/index.php\/2020\/10\/22\/ex-flamengo-jorge-jesus-volta-ao-tribunal-em-portugal\/#primaryimage"},"thumbnailUrl":"https:\/\/www.gaveanews.com\/wp-content\/uploads\/xJESUS-FLAMENGO-RIO.webp.pagespeed.ic_.LEzT0Ga02q.webp","articleSection":["Destaques"],"inLanguage":"pt-BR","potentialAction":[{"@type":"CommentAction","name":"Comment","target":["https:\/\/www.gaveanews.com\/index.php\/2020\/10\/22\/ex-flamengo-jorge-jesus-volta-ao-tribunal-em-portugal\/#respond"]}],"copyrightYear":"2020","copyrightHolder":{"@id":"https:\/\/www.gaveanews.com\/#organization"}},{"@type":"WebPage","@id":"https:\/\/www.gaveanews.com\/index.php\/2020\/10\/22\/ex-flamengo-jorge-jesus-volta-ao-tribunal-em-portugal\/","url":"https:\/\/www.gaveanews.com\/index.php\/2020\/10\/22\/ex-flamengo-jorge-jesus-volta-ao-tribunal-em-portugal\/","name":"Ex-Flamengo, Jorge Jesus volta ao tribunal em Portugal","isPartOf":{"@id":"https:\/\/www.gaveanews.com\/#website"},"primaryImageOfPage":{"@id":"https:\/\/www.gaveanews.com\/index.php\/2020\/10\/22\/ex-flamengo-jorge-jesus-volta-ao-tribunal-em-portugal\/#primaryimage"},"image":{"@id":"https:\/\/www.gaveanews.com\/index.php\/2020\/10\/22\/ex-flamengo-jorge-jesus-volta-ao-tribunal-em-portugal\/#primaryimage"},"thumbnailUrl":"https:\/\/www.gaveanews.com\/wp-content\/uploads\/xJESUS-FLAMENGO-RIO.webp.pagespeed.ic_.LEzT0Ga02q.webp","datePublished":"2020-10-22T15:39:32+00:00","dateModified":"2020-10-22T15:39:35+00:00","author":{"@id":"https:\/\/www.gaveanews.com\/#\/schema\/person\/2ec14f73fb96be2caf28f91afb14749d"},"description":"Jesus teve que, mais uma vez, se apresentar diante de um tribunal, desta vez para ser ouvido sobre o caso conhecido como \u201cFootball Leaks\u201d.","breadcrumb":{"@id":"https:\/\/www.gaveanews.com\/index.php\/2020\/10\/22\/ex-flamengo-jorge-jesus-volta-ao-tribunal-em-portugal\/#breadcrumb"},"inLanguage":"pt-BR","potentialAction":[{"@type":"ReadAction","target":["https:\/\/www.gaveanews.com\/index.php\/2020\/10\/22\/ex-flamengo-jorge-jesus-volta-ao-tribunal-em-portugal\/"]}]},{"@type":"ImageObject","inLanguage":"pt-BR","@id":"https:\/\/www.gaveanews.com\/index.php\/2020\/10\/22\/ex-flamengo-jorge-jesus-volta-ao-tribunal-em-portugal\/#primaryimage","url":"https:\/\/www.gaveanews.com\/wp-content\/uploads\/xJESUS-FLAMENGO-RIO.webp.pagespeed.ic_.LEzT0Ga02q.webp","contentUrl":"https:\/\/www.gaveanews.com\/wp-content\/uploads\/xJESUS-FLAMENGO-RIO.webp.pagespeed.ic_.LEzT0Ga02q.webp","width":1086,"height":652},{"@type":"BreadcrumbList","@id":"https:\/\/www.gaveanews.com\/index.php\/2020\/10\/22\/ex-flamengo-jorge-jesus-volta-ao-tribunal-em-portugal\/#breadcrumb","itemListElement":[{"@type":"ListItem","position":1,"name":"Home","item":"https:\/\/www.gaveanews.com\/"},{"@type":"ListItem","position":2,"name":"Ex-Flamengo, Jorge Jesus volta ao tribunal em Portugal"}]},{"@type":"WebSite","@id":"https:\/\/www.gaveanews.com\/#website","url":"https:\/\/www.gaveanews.com\/","name":"G\u00e1vea News","description":"Veja todas as not\u00edcias sobre o Flamengo: Contrata\u00e7\u00f5es, categorias de base, resultados das partidas, tabela de classifica\u00e7\u00e3o, pr\u00f3ximos jogos!","potentialAction":[{"@type":"SearchAction","target":{"@type":"EntryPoint","urlTemplate":"https:\/\/www.gaveanews.com\/?s={search_term_string}"},"query-input":{"@type":"PropertyValueSpecification","valueRequired":true,"valueName":"search_term_string"}}],"inLanguage":"pt-BR"},{"@type":"Person","@id":"https:\/\/www.gaveanews.com\/#\/schema\/person\/2ec14f73fb96be2caf28f91afb14749d","name":"Equipe G\u00e1vea News","image":{"@type":"ImageObject","inLanguage":"pt-BR","@id":"https:\/\/www.gaveanews.com\/#\/schema\/person\/image\/","url":"https:\/\/secure.gravatar.com\/avatar\/1e1956f1facbffd3f8fa53a326721950116b3b9dc9bd44939c01180fd4a745a9?s=96&d=mm&r=g","contentUrl":"https:\/\/secure.gravatar.com\/avatar\/1e1956f1facbffd3f8fa53a326721950116b3b9dc9bd44939c01180fd4a745a9?s=96&d=mm&r=g","caption":"Equipe G\u00e1vea News"}}]}},"_links":{"self":[{"href":"https:\/\/www.gaveanews.com\/index.php\/wp-json\/wp\/v2\/posts\/49778","targetHints":{"allow":["GET"]}}],"collection":[{"href":"https:\/\/www.gaveanews.com\/index.php\/wp-json\/wp\/v2\/posts"}],"about":[{"href":"https:\/\/www.gaveanews.com\/index.php\/wp-json\/wp\/v2\/types\/post"}],"author":[{"embeddable":true,"href":"https:\/\/www.gaveanews.com\/index.php\/wp-json\/wp\/v2\/users\/1"}],"replies":[{"embeddable":true,"href":"https:\/\/www.gaveanews.com\/index.php\/wp-json\/wp\/v2\/comments?post=49778"}],"version-history":[{"count":0,"href":"https:\/\/www.gaveanews.com\/index.php\/wp-json\/wp\/v2\/posts\/49778\/revisions"}],"wp:featuredmedia":[{"embeddable":true,"href":"https:\/\/www.gaveanews.com\/index.php\/wp-json\/wp\/v2\/media\/35656"}],"wp:attachment":[{"href":"https:\/\/www.gaveanews.com\/index.php\/wp-json\/wp\/v2\/media?parent=49778"}],"wp:term":[{"taxonomy":"category","embeddable":true,"href":"https:\/\/www.gaveanews.com\/index.php\/wp-json\/wp\/v2\/categories?post=49778"},{"taxonomy":"post_tag","embeddable":true,"href":"https:\/\/www.gaveanews.com\/index.php\/wp-json\/wp\/v2\/tags?post=49778"}],"curies":[{"name":"wp","href":"https:\/\/api.w.org\/{rel}","templated":true}]}}