{"id":49816,"date":"2020-10-22T16:16:36","date_gmt":"2020-10-22T19:16:36","guid":{"rendered":"https:\/\/www.gaveanews.com\/?p=49816"},"modified":"2021-08-12T00:51:03","modified_gmt":"2021-08-12T03:51:03","slug":"jorge-jesus-comenta-publicacao-de-diego-com-direito-a-coracaozinho","status":"publish","type":"post","link":"https:\/\/www.gaveanews.com\/index.php\/2020\/10\/22\/jorge-jesus-comenta-publicacao-de-diego-com-direito-a-coracaozinho\/","title":{"rendered":"Jorge Jesus comenta publica\u00e7\u00e3o de Diego, com direito a &#8216;cora\u00e7\u00e3ozinho&#8217;"},"content":{"rendered":"\n<p>Ap\u00f3s a partida contra o Junior Barranquilla na noite de ontem (21) pela Libertadores,<a href=\"https:\/\/www.gaveanews.com\/index.php\/2020\/10\/22\/apos-partida-contra-jr-diego-ironiza-comentarista-em-redes-sociais\/\"> Diego Ribas fez uma publica\u00e7\u00e3o em suas redes sociais ironizando o coment\u00e1rio de um narrador<\/a>.<\/p>\n\n\n\n<p>O post do jogador foi t\u00e3o curioso que chamou a aten\u00e7\u00e3o de fora do pa\u00eds. O ex-t\u00e9cnico do time do carioca, Jorge Jesus, que comentou: <strong><em>&#8220;boa&#8221;<\/em><\/strong>, seguido de um emoji de cora\u00e7\u00e3o para o meia do Flamengo.<\/p>\n\n\n\n<figure class=\"wp-block-image size-large\"><img decoding=\"async\" src=\"https:\/\/colunadofla.com\/wp-content\/uploads\/2020\/10\/WhatsApp-Image-2020-10-22-at-13.39.40.webp\" alt=\"\"\/><\/figure>\n\n\n\n<p>Com o ex-t\u00e9cnico portugu\u00eas, Diego conquistou cinco t\u00edtulos (Brasileir\u00e3o, Libertadores, Supercopa, Recopa e Campeonato Carioca).<\/p>\n","protected":false},"excerpt":{"rendered":"<p>Ap\u00f3s a partida contra o Junior Barranquilla na noite de ontem (21) pela Libertadores, Diego Ribas fez uma publica\u00e7\u00e3o em suas redes sociais ironizando o coment\u00e1rio de um narrador. O post do jogador foi t\u00e3o curioso que chamou a aten\u00e7\u00e3o de fora do pa\u00eds. O ex-t\u00e9cnico do time do carioca, Jorge Jesus, que comentou: &#8220;boa&#8221;, [&hellip;]<\/p>\n","protected":false},"author":4,"featured_media":46966,"comment_status":"open","ping_status":"closed","sticky":false,"template":"","format":"standard","meta":{"footnotes":""},"categories":[1],"tags":[],"class_list":["post-49816","post","type-post","status-publish","format-standard","has-post-thumbnail","hentry","category-flamengo"],"yoast_head":"<!-- This site is optimized with the Yoast SEO Premium plugin v24.2 (Yoast SEO v26.9) - https:\/\/yoast.com\/product\/yoast-seo-premium-wordpress\/ -->\n<title>Jorge Jesus comenta publica\u00e7\u00e3o de Diego, com direito a &#039;cora\u00e7\u00e3ozinho&#039;<\/title>\n<meta name=\"description\" content=\"Ap\u00f3s a do Flamengo partida contra o Jr Barranquilla na noite de ontem, Diego Ribas fez uma publica\u00e7\u00e3o ironizando o coment\u00e1rio de um narrador.\" \/>\n<meta name=\"robots\" content=\"index, follow, max-snippet:-1, max-image-preview:large, max-video-preview:-1\" \/>\n<link rel=\"canonical\" href=\"https:\/\/www.gaveanews.com\/index.php\/2020\/10\/22\/jorge-jesus-comenta-publicacao-de-diego-com-direito-a-coracaozinho\/\" \/>\n<meta property=\"og:locale\" content=\"pt_BR\" \/>\n<meta property=\"og:type\" content=\"article\" \/>\n<meta property=\"og:title\" content=\"Jorge Jesus comenta publica\u00e7\u00e3o de Diego, com direito a &#039;cora\u00e7\u00e3ozinho&#039;\" \/>\n<meta property=\"og:description\" content=\"Ap\u00f3s a do Flamengo partida contra o Jr Barranquilla na noite de ontem, Diego Ribas fez uma publica\u00e7\u00e3o ironizando o coment\u00e1rio de um narrador.\" \/>\n<meta property=\"og:url\" content=\"https:\/\/www.gaveanews.com\/index.php\/2020\/10\/22\/jorge-jesus-comenta-publicacao-de-diego-com-direito-a-coracaozinho\/\" \/>\n<meta property=\"og:site_name\" content=\"G\u00e1vea News\" \/>\n<meta property=\"article:publisher\" content=\"https:\/\/facebook.com\/gaveaNews\/\" \/>\n<meta property=\"article:published_time\" content=\"2020-10-22T19:16:36+00:00\" \/>\n<meta property=\"article:modified_time\" content=\"2021-08-12T03:51:03+00:00\" \/>\n<meta property=\"og:image\" content=\"https:\/\/www.gaveanews.com\/wp-content\/uploads\/Diego-Ribas-com-a-bola-dominada-no-gramado-do-Maracana.webp\" \/>\n\t<meta property=\"og:image:width\" content=\"799\" \/>\n\t<meta property=\"og:image:height\" content=\"532\" \/>\n\t<meta property=\"og:image:type\" content=\"image\/jpeg\" \/>\n<meta name=\"author\" content=\"Let\u00edcia Gerheim\" \/>\n<meta name=\"twitter:card\" content=\"summary_large_image\" \/>\n<meta name=\"twitter:label1\" content=\"Escrito por\" \/>\n\t<meta name=\"twitter:data1\" content=\"Let\u00edcia Gerheim\" \/>\n<script type=\"application\/ld+json\" class=\"yoast-schema-graph\">{\"@context\":\"https:\/\/schema.org\",\"@graph\":[{\"@type\":\"NewsArticle\",\"@id\":\"https:\/\/www.gaveanews.com\/index.php\/2020\/10\/22\/jorge-jesus-comenta-publicacao-de-diego-com-direito-a-coracaozinho\/#article\",\"isPartOf\":{\"@id\":\"https:\/\/www.gaveanews.com\/index.php\/2020\/10\/22\/jorge-jesus-comenta-publicacao-de-diego-com-direito-a-coracaozinho\/\"},\"author\":{\"name\":\"Let\u00edcia Gerheim\",\"@id\":\"https:\/\/www.gaveanews.com\/#\/schema\/person\/714c67050b836198af2450ba1c142a67\"},\"headline\":\"Jorge Jesus comenta publica\u00e7\u00e3o de Diego, com direito a &#8216;cora\u00e7\u00e3ozinho&#8217;\",\"datePublished\":\"2020-10-22T19:16:36+00:00\",\"dateModified\":\"2021-08-12T03:51:03+00:00\",\"mainEntityOfPage\":{\"@id\":\"https:\/\/www.gaveanews.com\/index.php\/2020\/10\/22\/jorge-jesus-comenta-publicacao-de-diego-com-direito-a-coracaozinho\/\"},\"wordCount\":104,\"commentCount\":19,\"image\":{\"@id\":\"https:\/\/www.gaveanews.com\/index.php\/2020\/10\/22\/jorge-jesus-comenta-publicacao-de-diego-com-direito-a-coracaozinho\/#primaryimage\"},\"thumbnailUrl\":\"https:\/\/www.gaveanews.com\/wp-content\/uploads\/Diego-Ribas-com-a-bola-dominada-no-gramado-do-Maracana.webp\",\"articleSection\":[\"Flamengo\"],\"inLanguage\":\"pt-BR\",\"potentialAction\":[{\"@type\":\"CommentAction\",\"name\":\"Comment\",\"target\":[\"https:\/\/www.gaveanews.com\/index.php\/2020\/10\/22\/jorge-jesus-comenta-publicacao-de-diego-com-direito-a-coracaozinho\/#respond\"]}],\"copyrightYear\":\"2020\",\"copyrightHolder\":{\"@id\":\"https:\/\/www.gaveanews.com\/#organization\"}},{\"@type\":\"WebPage\",\"@id\":\"https:\/\/www.gaveanews.com\/index.php\/2020\/10\/22\/jorge-jesus-comenta-publicacao-de-diego-com-direito-a-coracaozinho\/\",\"url\":\"https:\/\/www.gaveanews.com\/index.php\/2020\/10\/22\/jorge-jesus-comenta-publicacao-de-diego-com-direito-a-coracaozinho\/\",\"name\":\"Jorge Jesus comenta publica\u00e7\u00e3o de Diego, com direito a 'cora\u00e7\u00e3ozinho'\",\"isPartOf\":{\"@id\":\"https:\/\/www.gaveanews.com\/#website\"},\"primaryImageOfPage\":{\"@id\":\"https:\/\/www.gaveanews.com\/index.php\/2020\/10\/22\/jorge-jesus-comenta-publicacao-de-diego-com-direito-a-coracaozinho\/#primaryimage\"},\"image\":{\"@id\":\"https:\/\/www.gaveanews.com\/index.php\/2020\/10\/22\/jorge-jesus-comenta-publicacao-de-diego-com-direito-a-coracaozinho\/#primaryimage\"},\"thumbnailUrl\":\"https:\/\/www.gaveanews.com\/wp-content\/uploads\/Diego-Ribas-com-a-bola-dominada-no-gramado-do-Maracana.webp\",\"datePublished\":\"2020-10-22T19:16:36+00:00\",\"dateModified\":\"2021-08-12T03:51:03+00:00\",\"author\":{\"@id\":\"https:\/\/www.gaveanews.com\/#\/schema\/person\/714c67050b836198af2450ba1c142a67\"},\"description\":\"Ap\u00f3s a do Flamengo partida contra o Jr Barranquilla na noite de ontem, Diego Ribas fez uma publica\u00e7\u00e3o ironizando o coment\u00e1rio de um narrador.\",\"breadcrumb\":{\"@id\":\"https:\/\/www.gaveanews.com\/index.php\/2020\/10\/22\/jorge-jesus-comenta-publicacao-de-diego-com-direito-a-coracaozinho\/#breadcrumb\"},\"inLanguage\":\"pt-BR\",\"potentialAction\":[{\"@type\":\"ReadAction\",\"target\":[\"https:\/\/www.gaveanews.com\/index.php\/2020\/10\/22\/jorge-jesus-comenta-publicacao-de-diego-com-direito-a-coracaozinho\/\"]}]},{\"@type\":\"ImageObject\",\"inLanguage\":\"pt-BR\",\"@id\":\"https:\/\/www.gaveanews.com\/index.php\/2020\/10\/22\/jorge-jesus-comenta-publicacao-de-diego-com-direito-a-coracaozinho\/#primaryimage\",\"url\":\"https:\/\/www.gaveanews.com\/wp-content\/uploads\/Diego-Ribas-com-a-bola-dominada-no-gramado-do-Maracana.webp\",\"contentUrl\":\"https:\/\/www.gaveanews.com\/wp-content\/uploads\/Diego-Ribas-com-a-bola-dominada-no-gramado-do-Maracana.webp\",\"width\":799,\"height\":532,\"caption\":\"Diego Ribas com a bola dominada no gramado do Maracan\u00e3 (Foto: Alexandre Vidal\/Flamengo)\"},{\"@type\":\"BreadcrumbList\",\"@id\":\"https:\/\/www.gaveanews.com\/index.php\/2020\/10\/22\/jorge-jesus-comenta-publicacao-de-diego-com-direito-a-coracaozinho\/#breadcrumb\",\"itemListElement\":[{\"@type\":\"ListItem\",\"position\":1,\"name\":\"Home\",\"item\":\"https:\/\/www.gaveanews.com\/\"},{\"@type\":\"ListItem\",\"position\":2,\"name\":\"Jorge Jesus comenta publica\u00e7\u00e3o de Diego, com direito a &#8216;cora\u00e7\u00e3ozinho&#8217;\"}]},{\"@type\":\"WebSite\",\"@id\":\"https:\/\/www.gaveanews.com\/#website\",\"url\":\"https:\/\/www.gaveanews.com\/\",\"name\":\"G\u00e1vea News\",\"description\":\"Veja todas as not\u00edcias sobre o Flamengo: Contrata\u00e7\u00f5es, categorias de base, resultados das partidas, tabela de classifica\u00e7\u00e3o, pr\u00f3ximos jogos!\",\"potentialAction\":[{\"@type\":\"SearchAction\",\"target\":{\"@type\":\"EntryPoint\",\"urlTemplate\":\"https:\/\/www.gaveanews.com\/?s={search_term_string}\"},\"query-input\":{\"@type\":\"PropertyValueSpecification\",\"valueRequired\":true,\"valueName\":\"search_term_string\"}}],\"inLanguage\":\"pt-BR\"},{\"@type\":\"Person\",\"@id\":\"https:\/\/www.gaveanews.com\/#\/schema\/person\/714c67050b836198af2450ba1c142a67\",\"name\":\"Let\u00edcia Gerheim\",\"image\":{\"@type\":\"ImageObject\",\"inLanguage\":\"pt-BR\",\"@id\":\"https:\/\/www.gaveanews.com\/#\/schema\/person\/image\/\",\"url\":\"https:\/\/secure.gravatar.com\/avatar\/60734739c50fcebfbac509e2a826ccd0ff405c019bc73aab9354f19ecad1dcb4?s=96&d=mm&r=g\",\"contentUrl\":\"https:\/\/secure.gravatar.com\/avatar\/60734739c50fcebfbac509e2a826ccd0ff405c019bc73aab9354f19ecad1dcb4?s=96&d=mm&r=g\",\"caption\":\"Let\u00edcia Gerheim\"}}]}<\/script>\n<!-- \/ Yoast SEO Premium plugin. -->","yoast_head_json":{"title":"Jorge Jesus comenta publica\u00e7\u00e3o de Diego, com direito a 'cora\u00e7\u00e3ozinho'","description":"Ap\u00f3s a do Flamengo partida contra o Jr Barranquilla na noite de ontem, Diego Ribas fez uma publica\u00e7\u00e3o ironizando o coment\u00e1rio de um narrador.","robots":{"index":"index","follow":"follow","max-snippet":"max-snippet:-1","max-image-preview":"max-image-preview:large","max-video-preview":"max-video-preview:-1"},"canonical":"https:\/\/www.gaveanews.com\/index.php\/2020\/10\/22\/jorge-jesus-comenta-publicacao-de-diego-com-direito-a-coracaozinho\/","og_locale":"pt_BR","og_type":"article","og_title":"Jorge Jesus comenta publica\u00e7\u00e3o de Diego, com direito a 'cora\u00e7\u00e3ozinho'","og_description":"Ap\u00f3s a do Flamengo partida contra o Jr Barranquilla na noite de ontem, Diego Ribas fez uma publica\u00e7\u00e3o ironizando o coment\u00e1rio de um narrador.","og_url":"https:\/\/www.gaveanews.com\/index.php\/2020\/10\/22\/jorge-jesus-comenta-publicacao-de-diego-com-direito-a-coracaozinho\/","og_site_name":"G\u00e1vea News","article_publisher":"https:\/\/facebook.com\/gaveaNews\/","article_published_time":"2020-10-22T19:16:36+00:00","article_modified_time":"2021-08-12T03:51:03+00:00","og_image":[{"width":799,"height":532,"url":"https:\/\/www.gaveanews.com\/wp-content\/uploads\/Diego-Ribas-com-a-bola-dominada-no-gramado-do-Maracana.webp","type":"image\/jpeg"}],"author":"Let\u00edcia Gerheim","twitter_card":"summary_large_image","twitter_misc":{"Escrito por":"Let\u00edcia Gerheim"},"schema":{"@context":"https:\/\/schema.org","@graph":[{"@type":"NewsArticle","@id":"https:\/\/www.gaveanews.com\/index.php\/2020\/10\/22\/jorge-jesus-comenta-publicacao-de-diego-com-direito-a-coracaozinho\/#article","isPartOf":{"@id":"https:\/\/www.gaveanews.com\/index.php\/2020\/10\/22\/jorge-jesus-comenta-publicacao-de-diego-com-direito-a-coracaozinho\/"},"author":{"name":"Let\u00edcia Gerheim","@id":"https:\/\/www.gaveanews.com\/#\/schema\/person\/714c67050b836198af2450ba1c142a67"},"headline":"Jorge Jesus comenta publica\u00e7\u00e3o de Diego, com direito a &#8216;cora\u00e7\u00e3ozinho&#8217;","datePublished":"2020-10-22T19:16:36+00:00","dateModified":"2021-08-12T03:51:03+00:00","mainEntityOfPage":{"@id":"https:\/\/www.gaveanews.com\/index.php\/2020\/10\/22\/jorge-jesus-comenta-publicacao-de-diego-com-direito-a-coracaozinho\/"},"wordCount":104,"commentCount":19,"image":{"@id":"https:\/\/www.gaveanews.com\/index.php\/2020\/10\/22\/jorge-jesus-comenta-publicacao-de-diego-com-direito-a-coracaozinho\/#primaryimage"},"thumbnailUrl":"https:\/\/www.gaveanews.com\/wp-content\/uploads\/Diego-Ribas-com-a-bola-dominada-no-gramado-do-Maracana.webp","articleSection":["Flamengo"],"inLanguage":"pt-BR","potentialAction":[{"@type":"CommentAction","name":"Comment","target":["https:\/\/www.gaveanews.com\/index.php\/2020\/10\/22\/jorge-jesus-comenta-publicacao-de-diego-com-direito-a-coracaozinho\/#respond"]}],"copyrightYear":"2020","copyrightHolder":{"@id":"https:\/\/www.gaveanews.com\/#organization"}},{"@type":"WebPage","@id":"https:\/\/www.gaveanews.com\/index.php\/2020\/10\/22\/jorge-jesus-comenta-publicacao-de-diego-com-direito-a-coracaozinho\/","url":"https:\/\/www.gaveanews.com\/index.php\/2020\/10\/22\/jorge-jesus-comenta-publicacao-de-diego-com-direito-a-coracaozinho\/","name":"Jorge Jesus comenta publica\u00e7\u00e3o de Diego, com direito a 'cora\u00e7\u00e3ozinho'","isPartOf":{"@id":"https:\/\/www.gaveanews.com\/#website"},"primaryImageOfPage":{"@id":"https:\/\/www.gaveanews.com\/index.php\/2020\/10\/22\/jorge-jesus-comenta-publicacao-de-diego-com-direito-a-coracaozinho\/#primaryimage"},"image":{"@id":"https:\/\/www.gaveanews.com\/index.php\/2020\/10\/22\/jorge-jesus-comenta-publicacao-de-diego-com-direito-a-coracaozinho\/#primaryimage"},"thumbnailUrl":"https:\/\/www.gaveanews.com\/wp-content\/uploads\/Diego-Ribas-com-a-bola-dominada-no-gramado-do-Maracana.webp","datePublished":"2020-10-22T19:16:36+00:00","dateModified":"2021-08-12T03:51:03+00:00","author":{"@id":"https:\/\/www.gaveanews.com\/#\/schema\/person\/714c67050b836198af2450ba1c142a67"},"description":"Ap\u00f3s a do Flamengo partida contra o Jr Barranquilla na noite de ontem, Diego Ribas fez uma publica\u00e7\u00e3o ironizando o coment\u00e1rio de um narrador.","breadcrumb":{"@id":"https:\/\/www.gaveanews.com\/index.php\/2020\/10\/22\/jorge-jesus-comenta-publicacao-de-diego-com-direito-a-coracaozinho\/#breadcrumb"},"inLanguage":"pt-BR","potentialAction":[{"@type":"ReadAction","target":["https:\/\/www.gaveanews.com\/index.php\/2020\/10\/22\/jorge-jesus-comenta-publicacao-de-diego-com-direito-a-coracaozinho\/"]}]},{"@type":"ImageObject","inLanguage":"pt-BR","@id":"https:\/\/www.gaveanews.com\/index.php\/2020\/10\/22\/jorge-jesus-comenta-publicacao-de-diego-com-direito-a-coracaozinho\/#primaryimage","url":"https:\/\/www.gaveanews.com\/wp-content\/uploads\/Diego-Ribas-com-a-bola-dominada-no-gramado-do-Maracana.webp","contentUrl":"https:\/\/www.gaveanews.com\/wp-content\/uploads\/Diego-Ribas-com-a-bola-dominada-no-gramado-do-Maracana.webp","width":799,"height":532,"caption":"Diego Ribas com a bola dominada no gramado do Maracan\u00e3 (Foto: Alexandre Vidal\/Flamengo)"},{"@type":"BreadcrumbList","@id":"https:\/\/www.gaveanews.com\/index.php\/2020\/10\/22\/jorge-jesus-comenta-publicacao-de-diego-com-direito-a-coracaozinho\/#breadcrumb","itemListElement":[{"@type":"ListItem","position":1,"name":"Home","item":"https:\/\/www.gaveanews.com\/"},{"@type":"ListItem","position":2,"name":"Jorge Jesus comenta publica\u00e7\u00e3o de Diego, com direito a &#8216;cora\u00e7\u00e3ozinho&#8217;"}]},{"@type":"WebSite","@id":"https:\/\/www.gaveanews.com\/#website","url":"https:\/\/www.gaveanews.com\/","name":"G\u00e1vea News","description":"Veja todas as not\u00edcias sobre o Flamengo: Contrata\u00e7\u00f5es, categorias de base, resultados das partidas, tabela de classifica\u00e7\u00e3o, pr\u00f3ximos jogos!","potentialAction":[{"@type":"SearchAction","target":{"@type":"EntryPoint","urlTemplate":"https:\/\/www.gaveanews.com\/?s={search_term_string}"},"query-input":{"@type":"PropertyValueSpecification","valueRequired":true,"valueName":"search_term_string"}}],"inLanguage":"pt-BR"},{"@type":"Person","@id":"https:\/\/www.gaveanews.com\/#\/schema\/person\/714c67050b836198af2450ba1c142a67","name":"Let\u00edcia Gerheim","image":{"@type":"ImageObject","inLanguage":"pt-BR","@id":"https:\/\/www.gaveanews.com\/#\/schema\/person\/image\/","url":"https:\/\/secure.gravatar.com\/avatar\/60734739c50fcebfbac509e2a826ccd0ff405c019bc73aab9354f19ecad1dcb4?s=96&d=mm&r=g","contentUrl":"https:\/\/secure.gravatar.com\/avatar\/60734739c50fcebfbac509e2a826ccd0ff405c019bc73aab9354f19ecad1dcb4?s=96&d=mm&r=g","caption":"Let\u00edcia Gerheim"}}]}},"_links":{"self":[{"href":"https:\/\/www.gaveanews.com\/index.php\/wp-json\/wp\/v2\/posts\/49816","targetHints":{"allow":["GET"]}}],"collection":[{"href":"https:\/\/www.gaveanews.com\/index.php\/wp-json\/wp\/v2\/posts"}],"about":[{"href":"https:\/\/www.gaveanews.com\/index.php\/wp-json\/wp\/v2\/types\/post"}],"author":[{"embeddable":true,"href":"https:\/\/www.gaveanews.com\/index.php\/wp-json\/wp\/v2\/users\/4"}],"replies":[{"embeddable":true,"href":"https:\/\/www.gaveanews.com\/index.php\/wp-json\/wp\/v2\/comments?post=49816"}],"version-history":[{"count":0,"href":"https:\/\/www.gaveanews.com\/index.php\/wp-json\/wp\/v2\/posts\/49816\/revisions"}],"wp:featuredmedia":[{"embeddable":true,"href":"https:\/\/www.gaveanews.com\/index.php\/wp-json\/wp\/v2\/media\/46966"}],"wp:attachment":[{"href":"https:\/\/www.gaveanews.com\/index.php\/wp-json\/wp\/v2\/media?parent=49816"}],"wp:term":[{"taxonomy":"category","embeddable":true,"href":"https:\/\/www.gaveanews.com\/index.php\/wp-json\/wp\/v2\/categories?post=49816"},{"taxonomy":"post_tag","embeddable":true,"href":"https:\/\/www.gaveanews.com\/index.php\/wp-json\/wp\/v2\/tags?post=49816"}],"curies":[{"name":"wp","href":"https:\/\/api.w.org\/{rel}","templated":true}]}}