{"id":49822,"date":"2020-10-22T17:55:31","date_gmt":"2020-10-22T20:55:31","guid":{"rendered":"https:\/\/www.gaveanews.com\/?p=49822"},"modified":"2024-04-07T09:11:59","modified_gmt":"2024-04-07T12:11:59","slug":"domenec-torrent-revela-o-papo-reto-que-teve-com-lincoln-no-flamengo","status":"publish","type":"post","link":"https:\/\/www.gaveanews.com\/index.php\/2020\/10\/22\/domenec-torrent-revela-o-papo-reto-que-teve-com-lincoln-no-flamengo\/","title":{"rendered":"Dom\u00e8nec Torrent revela o &#8216;papo reto&#8217; que teve com Lincoln no Flamengo"},"content":{"rendered":"\n<p>Na \u00faltima quarta-feira (21 de outubro), o Flamengo derrotou o Atl\u00e9tico Junior por 3 a 1 no Maracan\u00e3 e garantiu a primeira coloca\u00e7\u00e3o do Grupo A da Conmebol Libertadores.<\/p>\n\n\n\n<p>A partida teve um gosto especial para Lincoln. O atacante foi titular pela segunda vez consecutiva e, assim como contra o Independiente del Valle, deixou sua marca nas redes advers\u00e1rias.<\/p>\n\n\n\n<p>No entanto, no in\u00edcio da temporada, a situa\u00e7\u00e3o era completamente diferente. Em entrevista coletiva ap\u00f3s a partida, o t\u00e9cnico Dom\u00e8nec Torrent abriu o jogo sobre como encontrou Lincoln quando chegou ao Flamengo. O espanhol revelou o papo que teve com a cria da base rubro-negra e a iniciativa de reintegr\u00e1-lo ao grupo principal.<\/p>\n\n\n\n<figure class=\"wp-block-embed-instagram wp-block-embed is-type-rich is-provider-instagram\"><div class=\"wp-block-embed__wrapper\">\nhttps:\/\/www.instagram.com\/p\/CGoHs0ZBE-w\/\n<\/div><\/figure>\n\n\n\n<p>\u201cQuando cheguei, havia um grupo de jogadores que estava treinando \u00e0 parte. Decidi que \u00edamos trabalhar juntos. Eles me mostraram a qualidade que tem. O Lincoln foi um deles. Disse que teria que fazer mais, melhorar, focar nos treinamentos. Ele tem qualidade. \u00c9 importante dar confian\u00e7a. Eu acredito neles. A base \u00e9 fant\u00e1stica, podem jogar. Conversei muito com o Lincoln e convenci que tinha que melhorar, trabalhar sem a bola. N\u00e3o \u00e9 m\u00e9rito do t\u00e9cnico, \u00e9 do jogador\u201d, disse Dome.<\/p>\n\n\n\n<p>Sobre o desempenho do Flamengo, Dome afirmou que os jogadores \u2018est\u00e3o felizes em campo\u2019. O t\u00e9cnico disse que ele e a comiss\u00e3o t\u00e9cnica j\u00e1 compreenderam o calend\u00e1rio e que todos j\u00e1 est\u00e3o confort\u00e1veis.<\/p>\n\n\n\n<p>\u201cDepois de tr\u00eas meses, estamos melhores, compreendemos melhor o Brasileiro, as dificuldades de jogar a cada dois, tr\u00eas dias. Agora estamos mais confort\u00e1veis com o elenco, e eles conosco. Compreendem melhor. N\u00e3o \u00e9 f\u00e1cil mudar quando ganharam quase tudo. Disse que precis\u00e1vamos de tempo, principalmente sendo estrangeiro. Treinamos muitos poucos dias, mas estamos felizes porque o time est\u00e1 evoluindo, melhorando. Est\u00e3o felizes em campo\u201d, finalizou.<\/p>\n\n\n\n<p>Na pr\u00f3xima sexta-feira (23 de outubro), a Conmebol realizar\u00e1 o sorteio das oitavas de final e o chaveamento do restante do torneio continental. O evento come\u00e7ar\u00e1 \u00e0s 12h e ter\u00e1 transmiss\u00e3o do Fox Sports.<\/p>\n\n\n\n<p>Retirado de: ESPN<\/p>\n","protected":false},"excerpt":{"rendered":"<p>Na \u00faltima quarta-feira (21 de outubro), o Flamengo derrotou o Atl\u00e9tico Junior por 3 a 1 no Maracan\u00e3 e garantiu a primeira coloca\u00e7\u00e3o do Grupo A da Conmebol Libertadores. A partida teve um gosto especial para Lincoln. O atacante foi titular pela segunda vez consecutiva e, assim como contra o Independiente del Valle, deixou sua [&hellip;]<\/p>\n","protected":false},"author":1,"featured_media":49748,"comment_status":"open","ping_status":"closed","sticky":false,"template":"","format":"standard","meta":{"footnotes":""},"categories":[1],"tags":[198],"class_list":["post-49822","post","type-post","status-publish","format-standard","has-post-thumbnail","hentry","category-flamengo","tag-domenec-torrent-font"],"yoast_head":"<!-- This site is optimized with the Yoast SEO Premium plugin v24.2 (Yoast SEO v26.9) - https:\/\/yoast.com\/product\/yoast-seo-premium-wordpress\/ -->\n<title>Dom\u00e8nec Torrent revela o &#039;papo reto&#039; que teve com Lincoln no Flamengo<\/title>\n<meta name=\"description\" content=\"A partida teve um gosto especial para Lincoln. O atacante foi titular pela segunda vez consecutiva e deixou sua marca nas redes advers\u00e1rias.\" \/>\n<meta name=\"robots\" content=\"index, follow, max-snippet:-1, max-image-preview:large, max-video-preview:-1\" \/>\n<link rel=\"canonical\" href=\"https:\/\/www.gaveanews.com\/index.php\/2020\/10\/22\/domenec-torrent-revela-o-papo-reto-que-teve-com-lincoln-no-flamengo\/\" \/>\n<meta property=\"og:locale\" content=\"pt_BR\" \/>\n<meta property=\"og:type\" content=\"article\" \/>\n<meta property=\"og:title\" content=\"Dom\u00e8nec Torrent revela o &#039;papo reto&#039; que teve com Lincoln no Flamengo\" \/>\n<meta property=\"og:description\" content=\"A partida teve um gosto especial para Lincoln. O atacante foi titular pela segunda vez consecutiva e deixou sua marca nas redes advers\u00e1rias.\" \/>\n<meta property=\"og:url\" content=\"https:\/\/www.gaveanews.com\/index.php\/2020\/10\/22\/domenec-torrent-revela-o-papo-reto-que-teve-com-lincoln-no-flamengo\/\" \/>\n<meta property=\"og:site_name\" content=\"G\u00e1vea News\" \/>\n<meta property=\"article:publisher\" content=\"https:\/\/facebook.com\/gaveaNews\/\" \/>\n<meta property=\"article:published_time\" content=\"2020-10-22T20:55:31+00:00\" \/>\n<meta property=\"article:modified_time\" content=\"2024-04-07T12:11:59+00:00\" \/>\n<meta property=\"og:image\" content=\"https:\/\/www.gaveanews.com\/wp-content\/uploads\/Lincoln-e-Bruno-Henrique-em-acao-pelo-Flamengo-na-Libertadores.webp\" \/>\n\t<meta property=\"og:image:width\" content=\"800\" \/>\n\t<meta property=\"og:image:height\" content=\"534\" \/>\n\t<meta property=\"og:image:type\" content=\"image\/jpeg\" \/>\n<meta name=\"author\" content=\"Equipe G\u00e1vea News\" \/>\n<meta name=\"twitter:card\" content=\"summary_large_image\" \/>\n<meta name=\"twitter:label1\" content=\"Escrito por\" \/>\n\t<meta name=\"twitter:data1\" content=\"Equipe G\u00e1vea News\" \/>\n\t<meta name=\"twitter:label2\" content=\"Est. tempo de leitura\" \/>\n\t<meta name=\"twitter:data2\" content=\"2 minutos\" \/>\n<script type=\"application\/ld+json\" class=\"yoast-schema-graph\">{\"@context\":\"https:\/\/schema.org\",\"@graph\":[{\"@type\":\"NewsArticle\",\"@id\":\"https:\/\/www.gaveanews.com\/index.php\/2020\/10\/22\/domenec-torrent-revela-o-papo-reto-que-teve-com-lincoln-no-flamengo\/#article\",\"isPartOf\":{\"@id\":\"https:\/\/www.gaveanews.com\/index.php\/2020\/10\/22\/domenec-torrent-revela-o-papo-reto-que-teve-com-lincoln-no-flamengo\/\"},\"author\":{\"name\":\"Equipe G\u00e1vea News\",\"@id\":\"https:\/\/www.gaveanews.com\/#\/schema\/person\/2ec14f73fb96be2caf28f91afb14749d\"},\"headline\":\"Dom\u00e8nec Torrent revela o &#8216;papo reto&#8217; que teve com Lincoln no Flamengo\",\"datePublished\":\"2020-10-22T20:55:31+00:00\",\"dateModified\":\"2024-04-07T12:11:59+00:00\",\"mainEntityOfPage\":{\"@id\":\"https:\/\/www.gaveanews.com\/index.php\/2020\/10\/22\/domenec-torrent-revela-o-papo-reto-que-teve-com-lincoln-no-flamengo\/\"},\"wordCount\":368,\"commentCount\":7,\"image\":{\"@id\":\"https:\/\/www.gaveanews.com\/index.php\/2020\/10\/22\/domenec-torrent-revela-o-papo-reto-que-teve-com-lincoln-no-flamengo\/#primaryimage\"},\"thumbnailUrl\":\"https:\/\/www.gaveanews.com\/wp-content\/uploads\/Lincoln-e-Bruno-Henrique-em-acao-pelo-Flamengo-na-Libertadores.webp\",\"keywords\":[\"Dom\u00e8nec Torrent Font\"],\"articleSection\":[\"Flamengo\"],\"inLanguage\":\"pt-BR\",\"potentialAction\":[{\"@type\":\"CommentAction\",\"name\":\"Comment\",\"target\":[\"https:\/\/www.gaveanews.com\/index.php\/2020\/10\/22\/domenec-torrent-revela-o-papo-reto-que-teve-com-lincoln-no-flamengo\/#respond\"]}],\"copyrightYear\":\"2020\",\"copyrightHolder\":{\"@id\":\"https:\/\/www.gaveanews.com\/#organization\"}},{\"@type\":\"WebPage\",\"@id\":\"https:\/\/www.gaveanews.com\/index.php\/2020\/10\/22\/domenec-torrent-revela-o-papo-reto-que-teve-com-lincoln-no-flamengo\/\",\"url\":\"https:\/\/www.gaveanews.com\/index.php\/2020\/10\/22\/domenec-torrent-revela-o-papo-reto-que-teve-com-lincoln-no-flamengo\/\",\"name\":\"Dom\u00e8nec Torrent revela o 'papo reto' que teve com Lincoln no Flamengo\",\"isPartOf\":{\"@id\":\"https:\/\/www.gaveanews.com\/#website\"},\"primaryImageOfPage\":{\"@id\":\"https:\/\/www.gaveanews.com\/index.php\/2020\/10\/22\/domenec-torrent-revela-o-papo-reto-que-teve-com-lincoln-no-flamengo\/#primaryimage\"},\"image\":{\"@id\":\"https:\/\/www.gaveanews.com\/index.php\/2020\/10\/22\/domenec-torrent-revela-o-papo-reto-que-teve-com-lincoln-no-flamengo\/#primaryimage\"},\"thumbnailUrl\":\"https:\/\/www.gaveanews.com\/wp-content\/uploads\/Lincoln-e-Bruno-Henrique-em-acao-pelo-Flamengo-na-Libertadores.webp\",\"datePublished\":\"2020-10-22T20:55:31+00:00\",\"dateModified\":\"2024-04-07T12:11:59+00:00\",\"author\":{\"@id\":\"https:\/\/www.gaveanews.com\/#\/schema\/person\/2ec14f73fb96be2caf28f91afb14749d\"},\"description\":\"A partida teve um gosto especial para Lincoln. O atacante foi titular pela segunda vez consecutiva e deixou sua marca nas redes advers\u00e1rias.\",\"breadcrumb\":{\"@id\":\"https:\/\/www.gaveanews.com\/index.php\/2020\/10\/22\/domenec-torrent-revela-o-papo-reto-que-teve-com-lincoln-no-flamengo\/#breadcrumb\"},\"inLanguage\":\"pt-BR\",\"potentialAction\":[{\"@type\":\"ReadAction\",\"target\":[\"https:\/\/www.gaveanews.com\/index.php\/2020\/10\/22\/domenec-torrent-revela-o-papo-reto-que-teve-com-lincoln-no-flamengo\/\"]}]},{\"@type\":\"ImageObject\",\"inLanguage\":\"pt-BR\",\"@id\":\"https:\/\/www.gaveanews.com\/index.php\/2020\/10\/22\/domenec-torrent-revela-o-papo-reto-que-teve-com-lincoln-no-flamengo\/#primaryimage\",\"url\":\"https:\/\/www.gaveanews.com\/wp-content\/uploads\/Lincoln-e-Bruno-Henrique-em-acao-pelo-Flamengo-na-Libertadores.webp\",\"contentUrl\":\"https:\/\/www.gaveanews.com\/wp-content\/uploads\/Lincoln-e-Bruno-Henrique-em-acao-pelo-Flamengo-na-Libertadores.webp\",\"width\":800,\"height\":534,\"caption\":\"Lincoln e Bruno Henrique em a\u00e7\u00e3o pelo Flamengo na Libertadores. (Foto: Marcelo Cortes\/Flamengo)\"},{\"@type\":\"BreadcrumbList\",\"@id\":\"https:\/\/www.gaveanews.com\/index.php\/2020\/10\/22\/domenec-torrent-revela-o-papo-reto-que-teve-com-lincoln-no-flamengo\/#breadcrumb\",\"itemListElement\":[{\"@type\":\"ListItem\",\"position\":1,\"name\":\"Home\",\"item\":\"https:\/\/www.gaveanews.com\/\"},{\"@type\":\"ListItem\",\"position\":2,\"name\":\"Dom\u00e8nec Torrent revela o &#8216;papo reto&#8217; que teve com Lincoln no Flamengo\"}]},{\"@type\":\"WebSite\",\"@id\":\"https:\/\/www.gaveanews.com\/#website\",\"url\":\"https:\/\/www.gaveanews.com\/\",\"name\":\"G\u00e1vea News\",\"description\":\"Veja todas as not\u00edcias sobre o Flamengo: Contrata\u00e7\u00f5es, categorias de base, resultados das partidas, tabela de classifica\u00e7\u00e3o, pr\u00f3ximos jogos!\",\"potentialAction\":[{\"@type\":\"SearchAction\",\"target\":{\"@type\":\"EntryPoint\",\"urlTemplate\":\"https:\/\/www.gaveanews.com\/?s={search_term_string}\"},\"query-input\":{\"@type\":\"PropertyValueSpecification\",\"valueRequired\":true,\"valueName\":\"search_term_string\"}}],\"inLanguage\":\"pt-BR\"},{\"@type\":\"Person\",\"@id\":\"https:\/\/www.gaveanews.com\/#\/schema\/person\/2ec14f73fb96be2caf28f91afb14749d\",\"name\":\"Equipe G\u00e1vea News\",\"image\":{\"@type\":\"ImageObject\",\"inLanguage\":\"pt-BR\",\"@id\":\"https:\/\/www.gaveanews.com\/#\/schema\/person\/image\/\",\"url\":\"https:\/\/secure.gravatar.com\/avatar\/1e1956f1facbffd3f8fa53a326721950116b3b9dc9bd44939c01180fd4a745a9?s=96&d=mm&r=g\",\"contentUrl\":\"https:\/\/secure.gravatar.com\/avatar\/1e1956f1facbffd3f8fa53a326721950116b3b9dc9bd44939c01180fd4a745a9?s=96&d=mm&r=g\",\"caption\":\"Equipe G\u00e1vea News\"}}]}<\/script>\n<!-- \/ Yoast SEO Premium plugin. -->","yoast_head_json":{"title":"Dom\u00e8nec Torrent revela o 'papo reto' que teve com Lincoln no Flamengo","description":"A partida teve um gosto especial para Lincoln. O atacante foi titular pela segunda vez consecutiva e deixou sua marca nas redes advers\u00e1rias.","robots":{"index":"index","follow":"follow","max-snippet":"max-snippet:-1","max-image-preview":"max-image-preview:large","max-video-preview":"max-video-preview:-1"},"canonical":"https:\/\/www.gaveanews.com\/index.php\/2020\/10\/22\/domenec-torrent-revela-o-papo-reto-que-teve-com-lincoln-no-flamengo\/","og_locale":"pt_BR","og_type":"article","og_title":"Dom\u00e8nec Torrent revela o 'papo reto' que teve com Lincoln no Flamengo","og_description":"A partida teve um gosto especial para Lincoln. O atacante foi titular pela segunda vez consecutiva e deixou sua marca nas redes advers\u00e1rias.","og_url":"https:\/\/www.gaveanews.com\/index.php\/2020\/10\/22\/domenec-torrent-revela-o-papo-reto-que-teve-com-lincoln-no-flamengo\/","og_site_name":"G\u00e1vea News","article_publisher":"https:\/\/facebook.com\/gaveaNews\/","article_published_time":"2020-10-22T20:55:31+00:00","article_modified_time":"2024-04-07T12:11:59+00:00","og_image":[{"width":800,"height":534,"url":"https:\/\/www.gaveanews.com\/wp-content\/uploads\/Lincoln-e-Bruno-Henrique-em-acao-pelo-Flamengo-na-Libertadores.webp","type":"image\/jpeg"}],"author":"Equipe G\u00e1vea News","twitter_card":"summary_large_image","twitter_misc":{"Escrito por":"Equipe G\u00e1vea News","Est. tempo de leitura":"2 minutos"},"schema":{"@context":"https:\/\/schema.org","@graph":[{"@type":"NewsArticle","@id":"https:\/\/www.gaveanews.com\/index.php\/2020\/10\/22\/domenec-torrent-revela-o-papo-reto-que-teve-com-lincoln-no-flamengo\/#article","isPartOf":{"@id":"https:\/\/www.gaveanews.com\/index.php\/2020\/10\/22\/domenec-torrent-revela-o-papo-reto-que-teve-com-lincoln-no-flamengo\/"},"author":{"name":"Equipe G\u00e1vea News","@id":"https:\/\/www.gaveanews.com\/#\/schema\/person\/2ec14f73fb96be2caf28f91afb14749d"},"headline":"Dom\u00e8nec Torrent revela o &#8216;papo reto&#8217; que teve com Lincoln no Flamengo","datePublished":"2020-10-22T20:55:31+00:00","dateModified":"2024-04-07T12:11:59+00:00","mainEntityOfPage":{"@id":"https:\/\/www.gaveanews.com\/index.php\/2020\/10\/22\/domenec-torrent-revela-o-papo-reto-que-teve-com-lincoln-no-flamengo\/"},"wordCount":368,"commentCount":7,"image":{"@id":"https:\/\/www.gaveanews.com\/index.php\/2020\/10\/22\/domenec-torrent-revela-o-papo-reto-que-teve-com-lincoln-no-flamengo\/#primaryimage"},"thumbnailUrl":"https:\/\/www.gaveanews.com\/wp-content\/uploads\/Lincoln-e-Bruno-Henrique-em-acao-pelo-Flamengo-na-Libertadores.webp","keywords":["Dom\u00e8nec Torrent Font"],"articleSection":["Flamengo"],"inLanguage":"pt-BR","potentialAction":[{"@type":"CommentAction","name":"Comment","target":["https:\/\/www.gaveanews.com\/index.php\/2020\/10\/22\/domenec-torrent-revela-o-papo-reto-que-teve-com-lincoln-no-flamengo\/#respond"]}],"copyrightYear":"2020","copyrightHolder":{"@id":"https:\/\/www.gaveanews.com\/#organization"}},{"@type":"WebPage","@id":"https:\/\/www.gaveanews.com\/index.php\/2020\/10\/22\/domenec-torrent-revela-o-papo-reto-que-teve-com-lincoln-no-flamengo\/","url":"https:\/\/www.gaveanews.com\/index.php\/2020\/10\/22\/domenec-torrent-revela-o-papo-reto-que-teve-com-lincoln-no-flamengo\/","name":"Dom\u00e8nec Torrent revela o 'papo reto' que teve com Lincoln no Flamengo","isPartOf":{"@id":"https:\/\/www.gaveanews.com\/#website"},"primaryImageOfPage":{"@id":"https:\/\/www.gaveanews.com\/index.php\/2020\/10\/22\/domenec-torrent-revela-o-papo-reto-que-teve-com-lincoln-no-flamengo\/#primaryimage"},"image":{"@id":"https:\/\/www.gaveanews.com\/index.php\/2020\/10\/22\/domenec-torrent-revela-o-papo-reto-que-teve-com-lincoln-no-flamengo\/#primaryimage"},"thumbnailUrl":"https:\/\/www.gaveanews.com\/wp-content\/uploads\/Lincoln-e-Bruno-Henrique-em-acao-pelo-Flamengo-na-Libertadores.webp","datePublished":"2020-10-22T20:55:31+00:00","dateModified":"2024-04-07T12:11:59+00:00","author":{"@id":"https:\/\/www.gaveanews.com\/#\/schema\/person\/2ec14f73fb96be2caf28f91afb14749d"},"description":"A partida teve um gosto especial para Lincoln. O atacante foi titular pela segunda vez consecutiva e deixou sua marca nas redes advers\u00e1rias.","breadcrumb":{"@id":"https:\/\/www.gaveanews.com\/index.php\/2020\/10\/22\/domenec-torrent-revela-o-papo-reto-que-teve-com-lincoln-no-flamengo\/#breadcrumb"},"inLanguage":"pt-BR","potentialAction":[{"@type":"ReadAction","target":["https:\/\/www.gaveanews.com\/index.php\/2020\/10\/22\/domenec-torrent-revela-o-papo-reto-que-teve-com-lincoln-no-flamengo\/"]}]},{"@type":"ImageObject","inLanguage":"pt-BR","@id":"https:\/\/www.gaveanews.com\/index.php\/2020\/10\/22\/domenec-torrent-revela-o-papo-reto-que-teve-com-lincoln-no-flamengo\/#primaryimage","url":"https:\/\/www.gaveanews.com\/wp-content\/uploads\/Lincoln-e-Bruno-Henrique-em-acao-pelo-Flamengo-na-Libertadores.webp","contentUrl":"https:\/\/www.gaveanews.com\/wp-content\/uploads\/Lincoln-e-Bruno-Henrique-em-acao-pelo-Flamengo-na-Libertadores.webp","width":800,"height":534,"caption":"Lincoln e Bruno Henrique em a\u00e7\u00e3o pelo Flamengo na Libertadores. (Foto: Marcelo Cortes\/Flamengo)"},{"@type":"BreadcrumbList","@id":"https:\/\/www.gaveanews.com\/index.php\/2020\/10\/22\/domenec-torrent-revela-o-papo-reto-que-teve-com-lincoln-no-flamengo\/#breadcrumb","itemListElement":[{"@type":"ListItem","position":1,"name":"Home","item":"https:\/\/www.gaveanews.com\/"},{"@type":"ListItem","position":2,"name":"Dom\u00e8nec Torrent revela o &#8216;papo reto&#8217; que teve com Lincoln no Flamengo"}]},{"@type":"WebSite","@id":"https:\/\/www.gaveanews.com\/#website","url":"https:\/\/www.gaveanews.com\/","name":"G\u00e1vea News","description":"Veja todas as not\u00edcias sobre o Flamengo: Contrata\u00e7\u00f5es, categorias de base, resultados das partidas, tabela de classifica\u00e7\u00e3o, pr\u00f3ximos jogos!","potentialAction":[{"@type":"SearchAction","target":{"@type":"EntryPoint","urlTemplate":"https:\/\/www.gaveanews.com\/?s={search_term_string}"},"query-input":{"@type":"PropertyValueSpecification","valueRequired":true,"valueName":"search_term_string"}}],"inLanguage":"pt-BR"},{"@type":"Person","@id":"https:\/\/www.gaveanews.com\/#\/schema\/person\/2ec14f73fb96be2caf28f91afb14749d","name":"Equipe G\u00e1vea News","image":{"@type":"ImageObject","inLanguage":"pt-BR","@id":"https:\/\/www.gaveanews.com\/#\/schema\/person\/image\/","url":"https:\/\/secure.gravatar.com\/avatar\/1e1956f1facbffd3f8fa53a326721950116b3b9dc9bd44939c01180fd4a745a9?s=96&d=mm&r=g","contentUrl":"https:\/\/secure.gravatar.com\/avatar\/1e1956f1facbffd3f8fa53a326721950116b3b9dc9bd44939c01180fd4a745a9?s=96&d=mm&r=g","caption":"Equipe G\u00e1vea News"}}]}},"_links":{"self":[{"href":"https:\/\/www.gaveanews.com\/index.php\/wp-json\/wp\/v2\/posts\/49822","targetHints":{"allow":["GET"]}}],"collection":[{"href":"https:\/\/www.gaveanews.com\/index.php\/wp-json\/wp\/v2\/posts"}],"about":[{"href":"https:\/\/www.gaveanews.com\/index.php\/wp-json\/wp\/v2\/types\/post"}],"author":[{"embeddable":true,"href":"https:\/\/www.gaveanews.com\/index.php\/wp-json\/wp\/v2\/users\/1"}],"replies":[{"embeddable":true,"href":"https:\/\/www.gaveanews.com\/index.php\/wp-json\/wp\/v2\/comments?post=49822"}],"version-history":[{"count":1,"href":"https:\/\/www.gaveanews.com\/index.php\/wp-json\/wp\/v2\/posts\/49822\/revisions"}],"predecessor-version":[{"id":136627,"href":"https:\/\/www.gaveanews.com\/index.php\/wp-json\/wp\/v2\/posts\/49822\/revisions\/136627"}],"wp:featuredmedia":[{"embeddable":true,"href":"https:\/\/www.gaveanews.com\/index.php\/wp-json\/wp\/v2\/media\/49748"}],"wp:attachment":[{"href":"https:\/\/www.gaveanews.com\/index.php\/wp-json\/wp\/v2\/media?parent=49822"}],"wp:term":[{"taxonomy":"category","embeddable":true,"href":"https:\/\/www.gaveanews.com\/index.php\/wp-json\/wp\/v2\/categories?post=49822"},{"taxonomy":"post_tag","embeddable":true,"href":"https:\/\/www.gaveanews.com\/index.php\/wp-json\/wp\/v2\/tags?post=49822"}],"curies":[{"name":"wp","href":"https:\/\/api.w.org\/{rel}","templated":true}]}}